{"id":28125,"date":"2025-09-04T22:48:41","date_gmt":"2025-09-04T20:48:41","guid":{"rendered":"https:\/\/footdavant.fr\/actualites\/man-united-a-ruben-amorim-fear-apres-la-victoire-de-burnley-en-tant-que-alienation-etincelle-la-preoccupation-majeure\/"},"modified":"2025-09-04T22:48:42","modified_gmt":"2025-09-04T20:48:42","slug":"man-united-a-ruben-amorim-fear-apres-la-victoire-de-burnley-en-tant-que-alienation-etincelle-la-preoccupation-majeure","status":"publish","type":"post","link":"https:\/\/footdavant.fr\/actualites\/man-united-a-ruben-amorim-fear-apres-la-victoire-de-burnley-en-tant-que-alienation-etincelle-la-preoccupation-majeure\/","title":{"rendered":"Man United a Ruben Amorim &#39;Fear&#39; apr\u00e8s la victoire de Burnley en tant que \u00abAli\u00e9nation\u00bb \u00e9tincelle la pr\u00e9occupation majeure"},"content":{"rendered":"<p>Ruben Amorim &#39;Fear&#39; de Manchester United serait r\u00e9v\u00e9l\u00e9 \u00e0 la suite de la victoire 3-2 des Red Devils contre Burnley en Premier League.<\/p>\n<div id=\"article_body\" itemprop=\"articleBody\">\n<h3 class=\"firstPara\"><\/h3>\n<p><strong class=\"autotag\">Manchester United <strong class=\"autotag\">Ruben Amorim &#39;Fear&#39; a apparemment \u00e9t\u00e9 r\u00e9v\u00e9l\u00e9 \u00e0 la suite de la victoire 3-2 3-2 sur Burnley en Premier League.<\/p>\n<p>La visite des Clarets a \u00e9t\u00e9 pr\u00e9sent\u00e9e comme une bataille de faire ou de rupture pour la sous-pression Amorim, dont le mandat en tant que boss de Man United a frapp\u00e9 un nouveau creux dans leur d\u00e9faite de la Coupe EFL contre Grimsby Town.<\/p>\n<p>Amorim \u00e9tait sur le point de subir un autre r\u00e9sultat \u00e9crasant samedi apr\u00e8s-midi, alors que son \u00e9quipe menait deux fois \u00e0 Old Trafford contre l&#39;\u00e9quipe nouvellement promue, pour \u00eatre rentr\u00e9e dans les deux occasions.<\/p>\n<p>Cependant, capitaine <strong class=\"autotag\">Bruno Fernandes a trouv\u00e9 une p\u00e9nalit\u00e9 pour le dernier coup pour propulser son \u00e9quipe \u00e0 leur premi\u00e8re victoire de la saison dans toute comp\u00e9tition, tout en att\u00e9nuant une partie de la pression croissante sur les \u00e9paules de son manager.<\/p>\n<p>Plut\u00f4t que d&#39;\u00eatre limog\u00e9, Amorim avait pr\u00e9c\u00e9demment sugg\u00e9r\u00e9 qu&#39;il pouvait s&#39;\u00e9loigner d&#39;Old Trafford s&#39;il avait l&#39;impression d&#39;avoir atteint sa limite, bien qu&#39;il ait depuis coup\u00e9 une figure plus \u00e9quilibr\u00e9e dans les conf\u00e9rences de presse apr\u00e8s que les \u00e9motions aient couru \u00e0 Grimsby.<\/p>\n<h2>Man United \u00abconcern\u00e9\u00bb de la perspective de la marche Amorim<\/h2>\n<p class=\"imgI\">\n<p>N\u00e9anmoins, <em>Le miroir<\/em> affirmer que les chefs de Red Devils sont toujours \u00abeffray\u00e9s\u00bb \u00e0 la perspective d&#39;Amorim d\u00e9missionner de sa position, car ils n&#39;ont pas l&#39;intention de lui donner la botte de sit\u00f4t.<\/p>\n<p>Une salle de conf\u00e9rence \u00ab\u00a0 ferme &#39;&#39; United n&#39;a cens\u00e9 aucun doute quant \u00e0 la capacit\u00e9 d&#39;Amorim \u00e0 renverser la fortune de l&#39;\u00e9quipe, mais la pr\u00e9occupation qu&#39;il pourrait simplement quitter son poste &#8211; sans m\u00eame demander aucune compensation &#8211; n&#39;a pas disparu.<\/p>\n<p>L&#39;ancien patron de Lisbonne Sporting ne jouirait pas d&#39;une relation joviale avec tous ses joueurs, dont certains sont devenus \u00abd\u00e9sillusionn\u00e9s\u00bb \u00e0 sa loyaut\u00e9 envers le syst\u00e8me 3-4-3 et aspirent \u00e0 un changement de formation.<\/p>\n<p>En outre, Amorim se serait \u00ab\u00a0 ali\u00e9n\u00e9 &#39;&#39; de certains membres du camp en raison de ses critiques publiques \u00e0 l&#39;\u00e9gard de ses joueurs, pr\u00e9tendant notamment qu&#39;il d\u00e9testait \u00ab\u00a0parfois\u00a0\u00bb son \u00e9quipe avant de souligner qu&#39;il \u00ab\u00a0aimait\u00a0\u00bb aussi \u00ab\u00a0les\u00a0\u00bb aimait \u00ab\u00a0.<\/p>\n<p>Le Portugais a supervis\u00e9 18 victoires, neuf matchs nuls et 19 d\u00e9faites de ses 46 matchs en tant que manager de Man United, et il reste sous contrat au Theatre of Dreams jusqu&#39;\u00e0 la fin de la campagne 2026-20.<\/p>\n<h2>Qui pourrait remplacer Amorim en tant qu&#39;entra\u00eeneur-chef de Man United?<\/h2>\n<p class=\"imgI\"><img decoding=\"async\" alt=\"Oliver Glasner, directeur de Crystal Palace, le 21 ao\u00fbt 2025\" class=\"vanilla-lazyload article-image\" src=\"https:\/\/footdavant.fr\/actualites\/wp-content\/uploads\/2025\/09\/Man-United-a-Ruben-Amorim-39Fear39-apres-la-victoire-de.jpg\"><\/p>\n<p>Comme le Red Devils Board est rest\u00e9 avec Amorim \u00e0 travers \u00e9pais et mince jusqu&#39;\u00e0 pr\u00e9sent, il faudrait apparemment un d\u00e9sastre pour que les Portugais soient donn\u00e9s, si la \u00abpeur\u00bb du club ne se r\u00e9alise pas et qu&#39;il reste volontairement dans son poste.<\/p>\n<p>Cependant, il a \u00e9t\u00e9 sugg\u00e9r\u00e9 que Man United envisage d\u00e9j\u00e0 deux alternatives bas\u00e9es sur la Premier League \u00e0 Amorim, y compris l&#39;entra\u00eeneur-chef de Crystal Palace <strong class=\"autotag\">Oliver Glasner.<\/p>\n<p>L&#39;Autrichien a cess\u00e9 de prolonger son contrat des Eagles au-del\u00e0 de la fin de la saison, apr\u00e8s avoir \u00e9t\u00e9 frustr\u00e9 par l&#39;activit\u00e9 de transfert des vainqueurs de la FA Cup pendant la fen\u00eatre actuelle, et le conseil d&#39;administration pourrait br\u00fbler plus de ponts avec l&#39;entra\u00eeneur-chef s&#39;ils vendent Marc Guehi \u00e0 Liverpool.<\/p>\n<p>Bournemouth <strong class=\"autotag\">Andoni Iraola serait \u00e9galement admir\u00e9 par les chefs d&#39;Old Trafford, et il aurait fait ses perspectives de d\u00e9m\u00e9nagement possible sans mal dans la victoire 1-0 m\u00e9rit\u00e9e de samedi sur Tottenham Hotspur.<\/p>\n<div class=\"author_box\">\n<div class=\"author_box_banner\"> <img decoding=\"async\" class=\"author_img\" src=\"https:\/\/footdavant.fr\/actualites\/wp-content\/uploads\/2025\/06\/1749127685_316_Equipe-de-la-Ligue-des-champions-du-tournoi-Lamine-Yamal.jpg\"><\/div>\n<\/div>\n<\/div>\n","protected":false},"excerpt":{"rendered":"<p>Ruben Amorim &#39;Fear&#39; de Manchester United serait r\u00e9v\u00e9l\u00e9 \u00e0 la suite de la victoire 3-2 des Red Devils contre Burnley en Premier League. Manchester United<\/p>\n","protected":false},"author":1,"featured_media":28126,"comment_status":"closed","ping_status":"","sticky":false,"template":"","format":"standard","meta":{"footnotes":""},"categories":[5],"tags":[10419,10420,4477,25,541,10421,1628,24,8179,160,1124,13,26],"yoast_head":"<!-- This site is optimized with the Yoast SEO plugin v21.0 - https:\/\/yoast.com\/wordpress\/plugins\/seo\/ -->\n<title>Man United a Ruben Amorim &#039;Fear&#039; apr\u00e8s la victoire de Burnley en tant que \u00abAli\u00e9nation\u00bb \u00e9tincelle la pr\u00e9occupation majeure<\/title>\n<meta name=\"robots\" content=\"index, follow, max-snippet:-1, max-image-preview:large, max-video-preview:-1\" \/>\n<link rel=\"canonical\" href=\"https:\/\/footdavant.fr\/actualites\/man-united-a-ruben-amorim-fear-apres-la-victoire-de-burnley-en-tant-que-alienation-etincelle-la-preoccupation-majeure\/\" \/>\n<meta property=\"og:locale\" content=\"fr_FR\" \/>\n<meta property=\"og:type\" content=\"article\" \/>\n<meta property=\"og:title\" content=\"Man United a Ruben Amorim &#039;Fear&#039; apr\u00e8s la victoire de Burnley en tant que \u00abAli\u00e9nation\u00bb \u00e9tincelle la pr\u00e9occupation majeure\" \/>\n<meta property=\"og:description\" content=\"Ruben Amorim &#039;Fear&#039; de Manchester United serait r\u00e9v\u00e9l\u00e9 \u00e0 la suite de la victoire 3-2 des Red Devils contre Burnley en Premier League. Manchester United\" \/>\n<meta property=\"og:url\" content=\"https:\/\/footdavant.fr\/actualites\/man-united-a-ruben-amorim-fear-apres-la-victoire-de-burnley-en-tant-que-alienation-etincelle-la-preoccupation-majeure\/\" \/>\n<meta property=\"og:site_name\" content=\"Foot d&#039;avant\" \/>\n<meta property=\"article:publisher\" content=\"https:\/\/www.facebook.com\/Footdavant\/\" \/>\n<meta property=\"article:published_time\" content=\"2025-09-04T20:48:41+00:00\" \/>\n<meta property=\"article:modified_time\" content=\"2025-09-04T20:48:42+00:00\" \/>\n<meta property=\"og:image\" content=\"https:\/\/footdavant.fr\/actualites\/wp-content\/uploads\/2025\/09\/1757018922_Man-United-a-Ruben-Amorim-39Fear39-apres-la-victoire-de.jpg\" \/>\n\t<meta property=\"og:image:width\" content=\"640\" \/>\n\t<meta property=\"og:image:height\" content=\"480\" \/>\n\t<meta property=\"og:image:type\" content=\"image\/jpeg\" \/>\n<meta name=\"author\" content=\"Cl\u00e9ment\" \/>\n<meta name=\"twitter:card\" content=\"summary_large_image\" \/>\n<meta name=\"twitter:creator\" content=\"@FootdavantFr\" \/>\n<meta name=\"twitter:site\" content=\"@FootdavantFr\" \/>\n<meta name=\"twitter:label1\" content=\"\u00c9crit par\" \/>\n\t<meta name=\"twitter:data1\" content=\"Cl\u00e9ment\" \/>\n\t<meta name=\"twitter:label2\" content=\"Dur\u00e9e de lecture estim\u00e9e\" \/>\n\t<meta name=\"twitter:data2\" content=\"3 minutes\" \/>\n<script type=\"application\/ld+json\" class=\"yoast-schema-graph\">{\"@context\":\"https:\/\/schema.org\",\"@graph\":[{\"@type\":\"Article\",\"@id\":\"https:\/\/footdavant.fr\/actualites\/man-united-a-ruben-amorim-fear-apres-la-victoire-de-burnley-en-tant-que-alienation-etincelle-la-preoccupation-majeure\/#article\",\"isPartOf\":{\"@id\":\"https:\/\/footdavant.fr\/actualites\/man-united-a-ruben-amorim-fear-apres-la-victoire-de-burnley-en-tant-que-alienation-etincelle-la-preoccupation-majeure\/\"},\"author\":{\"name\":\"Cl\u00e9ment\",\"@id\":\"https:\/\/footdavant.fr\/actualites\/#\/schema\/person\/bc222566d95871b37e597b3ed3ba5e1d\"},\"headline\":\"Man United a Ruben Amorim &#39;Fear&#39; apr\u00e8s la victoire de Burnley en tant que \u00abAli\u00e9nation\u00bb \u00e9tincelle la pr\u00e9occupation majeure\",\"datePublished\":\"2025-09-04T20:48:41+00:00\",\"dateModified\":\"2025-09-04T20:48:42+00:00\",\"mainEntityOfPage\":{\"@id\":\"https:\/\/footdavant.fr\/actualites\/man-united-a-ruben-amorim-fear-apres-la-victoire-de-burnley-en-tant-que-alienation-etincelle-la-preoccupation-majeure\/\"},\"wordCount\":651,\"publisher\":{\"@id\":\"https:\/\/footdavant.fr\/actualites\/#organization\"},\"keywords\":[\"39Fear39\",\"Ali\u00e9nation\",\"Amorim\",\"apr\u00e8s\",\"Burnley\",\"\u00e9tincelle\",\"majeure\",\"Man\",\"pr\u00e9occupation\",\"Ruben\",\"tant\",\"United\",\"victoire\"],\"articleSection\":[\"Premier League\"],\"inLanguage\":\"fr-FR\"},{\"@type\":\"WebPage\",\"@id\":\"https:\/\/footdavant.fr\/actualites\/man-united-a-ruben-amorim-fear-apres-la-victoire-de-burnley-en-tant-que-alienation-etincelle-la-preoccupation-majeure\/\",\"url\":\"https:\/\/footdavant.fr\/actualites\/man-united-a-ruben-amorim-fear-apres-la-victoire-de-burnley-en-tant-que-alienation-etincelle-la-preoccupation-majeure\/\",\"name\":\"Man United a Ruben Amorim &#39;Fear&#39; apr\u00e8s la victoire de Burnley en tant que \u00abAli\u00e9nation\u00bb \u00e9tincelle la pr\u00e9occupation majeure\",\"isPartOf\":{\"@id\":\"https:\/\/footdavant.fr\/actualites\/#website\"},\"datePublished\":\"2025-09-04T20:48:41+00:00\",\"dateModified\":\"2025-09-04T20:48:42+00:00\",\"breadcrumb\":{\"@id\":\"https:\/\/footdavant.fr\/actualites\/man-united-a-ruben-amorim-fear-apres-la-victoire-de-burnley-en-tant-que-alienation-etincelle-la-preoccupation-majeure\/#breadcrumb\"},\"inLanguage\":\"fr-FR\",\"potentialAction\":[{\"@type\":\"ReadAction\",\"target\":[\"https:\/\/footdavant.fr\/actualites\/man-united-a-ruben-amorim-fear-apres-la-victoire-de-burnley-en-tant-que-alienation-etincelle-la-preoccupation-majeure\/\"]}]},{\"@type\":\"BreadcrumbList\",\"@id\":\"https:\/\/footdavant.fr\/actualites\/man-united-a-ruben-amorim-fear-apres-la-victoire-de-burnley-en-tant-que-alienation-etincelle-la-preoccupation-majeure\/#breadcrumb\",\"itemListElement\":[{\"@type\":\"ListItem\",\"position\":1,\"name\":\"Accueil\",\"item\":\"https:\/\/footdavant.fr\/actualites\/\"},{\"@type\":\"ListItem\",\"position\":2,\"name\":\"Man United a Ruben Amorim &#39;Fear&#39; apr\u00e8s la victoire de Burnley en tant que \u00abAli\u00e9nation\u00bb \u00e9tincelle la pr\u00e9occupation majeure\"}]},{\"@type\":\"WebSite\",\"@id\":\"https:\/\/footdavant.fr\/actualites\/#website\",\"url\":\"https:\/\/footdavant.fr\/actualites\/\",\"name\":\"Foot d'avant\",\"description\":\"\",\"publisher\":{\"@id\":\"https:\/\/footdavant.fr\/actualites\/#organization\"},\"potentialAction\":[{\"@type\":\"SearchAction\",\"target\":{\"@type\":\"EntryPoint\",\"urlTemplate\":\"https:\/\/footdavant.fr\/actualites\/?s={search_term_string}\"},\"query-input\":\"required name=search_term_string\"}],\"inLanguage\":\"fr-FR\"},{\"@type\":\"Organization\",\"@id\":\"https:\/\/footdavant.fr\/actualites\/#organization\",\"name\":\"Foot d'avant\",\"url\":\"https:\/\/footdavant.fr\/actualites\/\",\"logo\":{\"@type\":\"ImageObject\",\"inLanguage\":\"fr-FR\",\"@id\":\"https:\/\/footdavant.fr\/actualites\/#\/schema\/logo\/image\/\",\"url\":\"https:\/\/footdavant.fr\/actualites\/wp-content\/uploads\/2023\/09\/Copy-of-FootDavant-Logo.png\",\"contentUrl\":\"https:\/\/footdavant.fr\/actualites\/wp-content\/uploads\/2023\/09\/Copy-of-FootDavant-Logo.png\",\"width\":936,\"height\":549,\"caption\":\"Foot d'avant\"},\"image\":{\"@id\":\"https:\/\/footdavant.fr\/actualites\/#\/schema\/logo\/image\/\"},\"sameAs\":[\"https:\/\/www.facebook.com\/Footdavant\/\",\"https:\/\/twitter.com\/FootdavantFr\",\"https:\/\/www.instagram.com\/footdavant.fr\/\"]},{\"@type\":\"Person\",\"@id\":\"https:\/\/footdavant.fr\/actualites\/#\/schema\/person\/bc222566d95871b37e597b3ed3ba5e1d\",\"name\":\"Cl\u00e9ment\",\"image\":{\"@type\":\"ImageObject\",\"inLanguage\":\"fr-FR\",\"@id\":\"https:\/\/footdavant.fr\/actualites\/#\/schema\/person\/image\/\",\"url\":\"https:\/\/secure.gravatar.com\/avatar\/7728b29aac2719421e1a9159b2254c44?s=96&d=mm&r=g\",\"contentUrl\":\"https:\/\/secure.gravatar.com\/avatar\/7728b29aac2719421e1a9159b2254c44?s=96&d=mm&r=g\",\"caption\":\"Cl\u00e9ment\"},\"sameAs\":[\"https:\/\/footdavant.fr\/\"]}]}<\/script>\n<!-- \/ Yoast SEO plugin. -->","yoast_head_json":{"title":"Man United a Ruben Amorim &#39;Fear&#39; apr\u00e8s la victoire de Burnley en tant que \u00abAli\u00e9nation\u00bb \u00e9tincelle la pr\u00e9occupation majeure","robots":{"index":"index","follow":"follow","max-snippet":"max-snippet:-1","max-image-preview":"max-image-preview:large","max-video-preview":"max-video-preview:-1"},"canonical":"https:\/\/footdavant.fr\/actualites\/man-united-a-ruben-amorim-fear-apres-la-victoire-de-burnley-en-tant-que-alienation-etincelle-la-preoccupation-majeure\/","og_locale":"fr_FR","og_type":"article","og_title":"Man United a Ruben Amorim &#39;Fear&#39; apr\u00e8s la victoire de Burnley en tant que \u00abAli\u00e9nation\u00bb \u00e9tincelle la pr\u00e9occupation majeure","og_description":"Ruben Amorim &#39;Fear&#39; de Manchester United serait r\u00e9v\u00e9l\u00e9 \u00e0 la suite de la victoire 3-2 des Red Devils contre Burnley en Premier League. Manchester United","og_url":"https:\/\/footdavant.fr\/actualites\/man-united-a-ruben-amorim-fear-apres-la-victoire-de-burnley-en-tant-que-alienation-etincelle-la-preoccupation-majeure\/","og_site_name":"Foot d&#039;avant","article_publisher":"https:\/\/www.facebook.com\/Footdavant\/","article_published_time":"2025-09-04T20:48:41+00:00","article_modified_time":"2025-09-04T20:48:42+00:00","og_image":[{"width":640,"height":480,"url":"https:\/\/footdavant.fr\/actualites\/wp-content\/uploads\/2025\/09\/1757018922_Man-United-a-Ruben-Amorim-39Fear39-apres-la-victoire-de.jpg","type":"image\/jpeg"}],"author":"Cl\u00e9ment","twitter_card":"summary_large_image","twitter_creator":"@FootdavantFr","twitter_site":"@FootdavantFr","twitter_misc":{"\u00c9crit par":"Cl\u00e9ment","Dur\u00e9e de lecture estim\u00e9e":"3 minutes"},"schema":{"@context":"https:\/\/schema.org","@graph":[{"@type":"Article","@id":"https:\/\/footdavant.fr\/actualites\/man-united-a-ruben-amorim-fear-apres-la-victoire-de-burnley-en-tant-que-alienation-etincelle-la-preoccupation-majeure\/#article","isPartOf":{"@id":"https:\/\/footdavant.fr\/actualites\/man-united-a-ruben-amorim-fear-apres-la-victoire-de-burnley-en-tant-que-alienation-etincelle-la-preoccupation-majeure\/"},"author":{"name":"Cl\u00e9ment","@id":"https:\/\/footdavant.fr\/actualites\/#\/schema\/person\/bc222566d95871b37e597b3ed3ba5e1d"},"headline":"Man United a Ruben Amorim &#39;Fear&#39; apr\u00e8s la victoire de Burnley en tant que \u00abAli\u00e9nation\u00bb \u00e9tincelle la pr\u00e9occupation majeure","datePublished":"2025-09-04T20:48:41+00:00","dateModified":"2025-09-04T20:48:42+00:00","mainEntityOfPage":{"@id":"https:\/\/footdavant.fr\/actualites\/man-united-a-ruben-amorim-fear-apres-la-victoire-de-burnley-en-tant-que-alienation-etincelle-la-preoccupation-majeure\/"},"wordCount":651,"publisher":{"@id":"https:\/\/footdavant.fr\/actualites\/#organization"},"keywords":["39Fear39","Ali\u00e9nation","Amorim","apr\u00e8s","Burnley","\u00e9tincelle","majeure","Man","pr\u00e9occupation","Ruben","tant","United","victoire"],"articleSection":["Premier League"],"inLanguage":"fr-FR"},{"@type":"WebPage","@id":"https:\/\/footdavant.fr\/actualites\/man-united-a-ruben-amorim-fear-apres-la-victoire-de-burnley-en-tant-que-alienation-etincelle-la-preoccupation-majeure\/","url":"https:\/\/footdavant.fr\/actualites\/man-united-a-ruben-amorim-fear-apres-la-victoire-de-burnley-en-tant-que-alienation-etincelle-la-preoccupation-majeure\/","name":"Man United a Ruben Amorim &#39;Fear&#39; apr\u00e8s la victoire de Burnley en tant que \u00abAli\u00e9nation\u00bb \u00e9tincelle la pr\u00e9occupation majeure","isPartOf":{"@id":"https:\/\/footdavant.fr\/actualites\/#website"},"datePublished":"2025-09-04T20:48:41+00:00","dateModified":"2025-09-04T20:48:42+00:00","breadcrumb":{"@id":"https:\/\/footdavant.fr\/actualites\/man-united-a-ruben-amorim-fear-apres-la-victoire-de-burnley-en-tant-que-alienation-etincelle-la-preoccupation-majeure\/#breadcrumb"},"inLanguage":"fr-FR","potentialAction":[{"@type":"ReadAction","target":["https:\/\/footdavant.fr\/actualites\/man-united-a-ruben-amorim-fear-apres-la-victoire-de-burnley-en-tant-que-alienation-etincelle-la-preoccupation-majeure\/"]}]},{"@type":"BreadcrumbList","@id":"https:\/\/footdavant.fr\/actualites\/man-united-a-ruben-amorim-fear-apres-la-victoire-de-burnley-en-tant-que-alienation-etincelle-la-preoccupation-majeure\/#breadcrumb","itemListElement":[{"@type":"ListItem","position":1,"name":"Accueil","item":"https:\/\/footdavant.fr\/actualites\/"},{"@type":"ListItem","position":2,"name":"Man United a Ruben Amorim &#39;Fear&#39; apr\u00e8s la victoire de Burnley en tant que \u00abAli\u00e9nation\u00bb \u00e9tincelle la pr\u00e9occupation majeure"}]},{"@type":"WebSite","@id":"https:\/\/footdavant.fr\/actualites\/#website","url":"https:\/\/footdavant.fr\/actualites\/","name":"Foot d'avant","description":"","publisher":{"@id":"https:\/\/footdavant.fr\/actualites\/#organization"},"potentialAction":[{"@type":"SearchAction","target":{"@type":"EntryPoint","urlTemplate":"https:\/\/footdavant.fr\/actualites\/?s={search_term_string}"},"query-input":"required name=search_term_string"}],"inLanguage":"fr-FR"},{"@type":"Organization","@id":"https:\/\/footdavant.fr\/actualites\/#organization","name":"Foot d'avant","url":"https:\/\/footdavant.fr\/actualites\/","logo":{"@type":"ImageObject","inLanguage":"fr-FR","@id":"https:\/\/footdavant.fr\/actualites\/#\/schema\/logo\/image\/","url":"https:\/\/footdavant.fr\/actualites\/wp-content\/uploads\/2023\/09\/Copy-of-FootDavant-Logo.png","contentUrl":"https:\/\/footdavant.fr\/actualites\/wp-content\/uploads\/2023\/09\/Copy-of-FootDavant-Logo.png","width":936,"height":549,"caption":"Foot d'avant"},"image":{"@id":"https:\/\/footdavant.fr\/actualites\/#\/schema\/logo\/image\/"},"sameAs":["https:\/\/www.facebook.com\/Footdavant\/","https:\/\/twitter.com\/FootdavantFr","https:\/\/www.instagram.com\/footdavant.fr\/"]},{"@type":"Person","@id":"https:\/\/footdavant.fr\/actualites\/#\/schema\/person\/bc222566d95871b37e597b3ed3ba5e1d","name":"Cl\u00e9ment","image":{"@type":"ImageObject","inLanguage":"fr-FR","@id":"https:\/\/footdavant.fr\/actualites\/#\/schema\/person\/image\/","url":"https:\/\/secure.gravatar.com\/avatar\/7728b29aac2719421e1a9159b2254c44?s=96&d=mm&r=g","contentUrl":"https:\/\/secure.gravatar.com\/avatar\/7728b29aac2719421e1a9159b2254c44?s=96&d=mm&r=g","caption":"Cl\u00e9ment"},"sameAs":["https:\/\/footdavant.fr\/"]}]}},"_links":{"self":[{"href":"https:\/\/footdavant.fr\/actualites\/wp-json\/wp\/v2\/posts\/28125"}],"collection":[{"href":"https:\/\/footdavant.fr\/actualites\/wp-json\/wp\/v2\/posts"}],"about":[{"href":"https:\/\/footdavant.fr\/actualites\/wp-json\/wp\/v2\/types\/post"}],"author":[{"embeddable":true,"href":"https:\/\/footdavant.fr\/actualites\/wp-json\/wp\/v2\/users\/1"}],"replies":[{"embeddable":true,"href":"https:\/\/footdavant.fr\/actualites\/wp-json\/wp\/v2\/comments?post=28125"}],"version-history":[{"count":1,"href":"https:\/\/footdavant.fr\/actualites\/wp-json\/wp\/v2\/posts\/28125\/revisions"}],"predecessor-version":[{"id":28127,"href":"https:\/\/footdavant.fr\/actualites\/wp-json\/wp\/v2\/posts\/28125\/revisions\/28127"}],"wp:featuredmedia":[{"embeddable":true,"href":"https:\/\/footdavant.fr\/actualites\/wp-json\/wp\/v2\/media\/28126"}],"wp:attachment":[{"href":"https:\/\/footdavant.fr\/actualites\/wp-json\/wp\/v2\/media?parent=28125"}],"wp:term":[{"taxonomy":"category","embeddable":true,"href":"https:\/\/footdavant.fr\/actualites\/wp-json\/wp\/v2\/categories?post=28125"},{"taxonomy":"post_tag","embeddable":true,"href":"https:\/\/footdavant.fr\/actualites\/wp-json\/wp\/v2\/tags?post=28125"}],"curies":[{"name":"wp","href":"https:\/\/api.w.org\/{rel}","templated":true}]}}