{"id":28137,"date":"2025-09-05T06:49:17","date_gmt":"2025-09-05T04:49:17","guid":{"rendered":"https:\/\/footdavant.fr\/actualites\/liverpool-vs-arsenal-starteps-confirmed-comme-ebechi-eze-alexis-mac-alllister-decisions-prises\/"},"modified":"2025-09-05T06:49:18","modified_gmt":"2025-09-05T04:49:18","slug":"liverpool-vs-arsenal-starteps-confirmed-comme-ebechi-eze-alexis-mac-alllister-decisions-prises","status":"publish","type":"post","link":"https:\/\/footdavant.fr\/actualites\/liverpool-vs-arsenal-starteps-confirmed-comme-ebechi-eze-alexis-mac-alllister-decisions-prises\/","title":{"rendered":"Liverpool vs. Arsenal Starteps Confirmed comme Ebechi Eze, Alexis Mac Alllister Decisions prises"},"content":{"rendered":"<p>Liverpool et Arsenal confirment leurs alignements de d\u00e9part pour le blockbuster Premier League de dimanche \u00e0 Anfield.<\/p>\n<div id=\"article_body\" itemprop=\"articleBody\">\n<h3 class=\"firstPara\"><\/h3>\n<p><strong class=\"autotag\">Liverpool et <strong class=\"autotag\">Arsenal a confirm\u00e9 ses alignements de d\u00e9part pour le blockbuster Premier League Clash de dimanche \u00e0 Anfield.<\/p>\n<p>Les deux premiers de la saison derni\u00e8re mettent tous deux leurs records \u00e0 100% en jeu sur Merseyside, o\u00f9 Liverpool n&#39;a fait que le seul changement par rapport \u00e0 leur victoire 3-2 contre Newcastle United.<\/p>\n<p>Alexis Mac Allister est revenu \u00e0 Full Fitness et les partenaires Ryan Gravenberch au milieu de terrain pour la premi\u00e8re fois cette saison, for\u00e7ant Curtis Jones au banc du processus.<\/p>\n<p>Cependant, <strong class=\"autotag\">Dominik Szoboszlai garde toujours sa place dans l&#39;\u00e9quipe comme un arri\u00e8re droit de fortune, avec Conor Bradley uniquement parmi les rempla\u00e7ants, en rejoignant Joe Gomez et Rio Ngumoha sur le banc.<\/p>\n<p>Frais de signer un nouveau contrat, Cody Gakpo continue dans un quatuor attaquant inchang\u00e9 aux c\u00f4t\u00e9s de Mohamed Salah, Florian Wirtz et Hugo Ekitike, dont le premier vise \u00e0 s&#39;appuyer sur un record stellaire de 11 buts en Premier League contre les Gunners.<\/p>\n<p class=\"imgI\">\n<p>Pendant ce temps, tous les yeux auraient \u00e9t\u00e9 sur la question de savoir si Ebelechi Eze et \/ ou Martin Odegaard ont commenc\u00e9 le choc des artilleurs, mais <strong class=\"autotag\">Mikel Arteta a nomm\u00e9 les deux joueurs sur le banc pour la bataille de haut vol.<\/p>\n<p>Odegaard a subi une blessure \u00e0 l&#39;\u00e9paule lors de la victoire 5-0 du week-end dernier contre Leeds United et n&#39;a \u00e9t\u00e9 jug\u00e9 que suffisamment en forme pour les minutes de substitut, n&#39;ayant pas \u00e9t\u00e9 form\u00e9 avant la conf\u00e9rence de presse d&#39;avant-match de vendredi.<\/p>\n<p>La nouvelle signature Eze aurait \u00e9t\u00e9 un remplacement naturel pour le capitaine des Gunners, mais Arteta garde \u00e9galement sa nouvelle signature de 67,5 millions de livres sterling en r\u00e9serve, au lieu de prendre un c\u00f4t\u00e9 d&#39;une option plus s\u00fbre \u00e0 Mikel Merino pour rejoindre Martin Zubimendi et Declan Rice au milieu de terrain.<\/p>\n<p>Comme pr\u00e9vu, Noni Madueke op\u00e9rera sur le c\u00f4t\u00e9 droit en l&#39;absence de la victime des ischio-jambiers Bukayo Saka, tandis que Gabriel Martinelli revient sur le flanc gauche pour soutenir Viktor Gyokerres.<\/p>\n<p>Leandro Trossard a \u00e9t\u00e9 jug\u00e9 suffisamment en forme pour une place parmi les substituts malgr\u00e9 un coup, mais Ben White et Christian Norgaard se manquent \u00e0 nouveau aux c\u00f4t\u00e9s de Kai Havertz et Gabriel Jesus.<\/p>\n<p>Max Dowman, quinze ans, fait le banc pour la deuxi\u00e8me semaine cons\u00e9cutive apr\u00e8s ses d\u00e9buts contre Leeds, tandis que l&#39;attaquant de 17 ans Andre Harriman-Annous a fait une \u00e9quipe de match de la Premier League pour la premi\u00e8re fois.<em> <\/em><\/p>\n<p>Liverpool XI: Alisson; Szoboszlai, Konate, Van Dijk, Kerkez; Gravenberch, Mac Allister; Salah, Wirtz, Gakpo; Ekitike<\/p>\n<p>Subs: Mamardashvili, Gomez, Endo, Bradley, Chiesa, Jones, Elliott, Robertson, Ngumoha<\/p>\n<p>Arsenal Xi: Raya; Bois, Saliba, Gabriel, Calafiori; Merino, zubimendi, riz; Madueke, Gyokerres, Martinelli<\/p>\n<p>Subs: Kepa, Lewis-Skelly, Mosquera, Odegaard, Nwaneri, Dowman, Eze, Trossard, Harriman-Annous<\/p>\n<div class=\"author_box\">\n<div class=\"author_box_banner\"> <img decoding=\"async\" class=\"author_img\" src=\"https:\/\/footdavant.fr\/actualites\/wp-content\/uploads\/2025\/06\/1749127685_316_Equipe-de-la-Ligue-des-champions-du-tournoi-Lamine-Yamal.jpg\"><\/div>\n<\/div>\n<\/div>\n","protected":false},"excerpt":{"rendered":"<p>Liverpool et Arsenal confirment leurs alignements de d\u00e9part pour le blockbuster Premier League de dimanche \u00e0 Anfield. Liverpool et Arsenal a confirm\u00e9 ses alignements de<\/p>\n","protected":false},"author":1,"featured_media":28138,"comment_status":"closed","ping_status":"","sticky":false,"template":"","format":"standard","meta":{"footnotes":""},"categories":[5],"tags":[2478,10425,67,990,2946,3408,9731,5266,53,83,6311,10424],"yoast_head":"<!-- This site is optimized with the Yoast SEO plugin v21.0 - https:\/\/yoast.com\/wordpress\/plugins\/seo\/ -->\n<title>Liverpool vs. Arsenal Starteps Confirmed comme Ebechi Eze, Alexis Mac Alllister Decisions prises<\/title>\n<meta name=\"robots\" content=\"index, follow, max-snippet:-1, max-image-preview:large, max-video-preview:-1\" \/>\n<link rel=\"canonical\" href=\"https:\/\/footdavant.fr\/actualites\/liverpool-vs-arsenal-starteps-confirmed-comme-ebechi-eze-alexis-mac-alllister-decisions-prises\/\" \/>\n<meta property=\"og:locale\" content=\"fr_FR\" \/>\n<meta property=\"og:type\" content=\"article\" \/>\n<meta property=\"og:title\" content=\"Liverpool vs. Arsenal Starteps Confirmed comme Ebechi Eze, Alexis Mac Alllister Decisions prises\" \/>\n<meta property=\"og:description\" content=\"Liverpool et Arsenal confirment leurs alignements de d\u00e9part pour le blockbuster Premier League de dimanche \u00e0 Anfield. Liverpool et Arsenal a confirm\u00e9 ses alignements de\" \/>\n<meta property=\"og:url\" content=\"https:\/\/footdavant.fr\/actualites\/liverpool-vs-arsenal-starteps-confirmed-comme-ebechi-eze-alexis-mac-alllister-decisions-prises\/\" \/>\n<meta property=\"og:site_name\" content=\"Foot d&#039;avant\" \/>\n<meta property=\"article:publisher\" content=\"https:\/\/www.facebook.com\/Footdavant\/\" \/>\n<meta property=\"article:published_time\" content=\"2025-09-05T04:49:17+00:00\" \/>\n<meta property=\"article:modified_time\" content=\"2025-09-05T04:49:18+00:00\" \/>\n<meta property=\"og:image\" content=\"https:\/\/footdavant.fr\/actualites\/wp-content\/uploads\/2025\/09\/Leeds-United-Crystal-Palace-39Learn-Destination39-de-Christantus-Uche-Flight.webp\" \/>\n\t<meta property=\"og:image:width\" content=\"640\" \/>\n\t<meta property=\"og:image:height\" content=\"480\" \/>\n\t<meta property=\"og:image:type\" content=\"image\/jpeg\" \/>\n<meta name=\"author\" content=\"Cl\u00e9ment\" \/>\n<meta name=\"twitter:card\" content=\"summary_large_image\" \/>\n<meta name=\"twitter:creator\" content=\"@FootdavantFr\" \/>\n<meta name=\"twitter:site\" content=\"@FootdavantFr\" \/>\n<meta name=\"twitter:label1\" content=\"\u00c9crit par\" \/>\n\t<meta name=\"twitter:data1\" content=\"Cl\u00e9ment\" \/>\n\t<meta name=\"twitter:label2\" content=\"Dur\u00e9e de lecture estim\u00e9e\" \/>\n\t<meta name=\"twitter:data2\" content=\"2 minutes\" \/>\n<script type=\"application\/ld+json\" class=\"yoast-schema-graph\">{\"@context\":\"https:\/\/schema.org\",\"@graph\":[{\"@type\":\"Article\",\"@id\":\"https:\/\/footdavant.fr\/actualites\/liverpool-vs-arsenal-starteps-confirmed-comme-ebechi-eze-alexis-mac-alllister-decisions-prises\/#article\",\"isPartOf\":{\"@id\":\"https:\/\/footdavant.fr\/actualites\/liverpool-vs-arsenal-starteps-confirmed-comme-ebechi-eze-alexis-mac-alllister-decisions-prises\/\"},\"author\":{\"name\":\"Cl\u00e9ment\",\"@id\":\"https:\/\/footdavant.fr\/actualites\/#\/schema\/person\/bc222566d95871b37e597b3ed3ba5e1d\"},\"headline\":\"Liverpool vs. Arsenal Starteps Confirmed comme Ebechi Eze, Alexis Mac Alllister Decisions prises\",\"datePublished\":\"2025-09-05T04:49:17+00:00\",\"dateModified\":\"2025-09-05T04:49:18+00:00\",\"mainEntityOfPage\":{\"@id\":\"https:\/\/footdavant.fr\/actualites\/liverpool-vs-arsenal-starteps-confirmed-comme-ebechi-eze-alexis-mac-alllister-decisions-prises\/\"},\"wordCount\":501,\"publisher\":{\"@id\":\"https:\/\/footdavant.fr\/actualites\/#organization\"},\"keywords\":[\"Alexis\",\"Alllister\",\"Arsenal\",\"comme\",\"confirmed\",\"d\u00e9cisions\",\"Ebechi\",\"Eze\",\"Liverpool\",\"Mac\",\"prises\",\"Starteps\"],\"articleSection\":[\"Premier League\"],\"inLanguage\":\"fr-FR\"},{\"@type\":\"WebPage\",\"@id\":\"https:\/\/footdavant.fr\/actualites\/liverpool-vs-arsenal-starteps-confirmed-comme-ebechi-eze-alexis-mac-alllister-decisions-prises\/\",\"url\":\"https:\/\/footdavant.fr\/actualites\/liverpool-vs-arsenal-starteps-confirmed-comme-ebechi-eze-alexis-mac-alllister-decisions-prises\/\",\"name\":\"Liverpool vs. Arsenal Starteps Confirmed comme Ebechi Eze, Alexis Mac Alllister Decisions prises\",\"isPartOf\":{\"@id\":\"https:\/\/footdavant.fr\/actualites\/#website\"},\"datePublished\":\"2025-09-05T04:49:17+00:00\",\"dateModified\":\"2025-09-05T04:49:18+00:00\",\"breadcrumb\":{\"@id\":\"https:\/\/footdavant.fr\/actualites\/liverpool-vs-arsenal-starteps-confirmed-comme-ebechi-eze-alexis-mac-alllister-decisions-prises\/#breadcrumb\"},\"inLanguage\":\"fr-FR\",\"potentialAction\":[{\"@type\":\"ReadAction\",\"target\":[\"https:\/\/footdavant.fr\/actualites\/liverpool-vs-arsenal-starteps-confirmed-comme-ebechi-eze-alexis-mac-alllister-decisions-prises\/\"]}]},{\"@type\":\"BreadcrumbList\",\"@id\":\"https:\/\/footdavant.fr\/actualites\/liverpool-vs-arsenal-starteps-confirmed-comme-ebechi-eze-alexis-mac-alllister-decisions-prises\/#breadcrumb\",\"itemListElement\":[{\"@type\":\"ListItem\",\"position\":1,\"name\":\"Accueil\",\"item\":\"https:\/\/footdavant.fr\/actualites\/\"},{\"@type\":\"ListItem\",\"position\":2,\"name\":\"Liverpool vs. Arsenal Starteps Confirmed comme Ebechi Eze, Alexis Mac Alllister Decisions prises\"}]},{\"@type\":\"WebSite\",\"@id\":\"https:\/\/footdavant.fr\/actualites\/#website\",\"url\":\"https:\/\/footdavant.fr\/actualites\/\",\"name\":\"Foot d'avant\",\"description\":\"\",\"publisher\":{\"@id\":\"https:\/\/footdavant.fr\/actualites\/#organization\"},\"potentialAction\":[{\"@type\":\"SearchAction\",\"target\":{\"@type\":\"EntryPoint\",\"urlTemplate\":\"https:\/\/footdavant.fr\/actualites\/?s={search_term_string}\"},\"query-input\":\"required name=search_term_string\"}],\"inLanguage\":\"fr-FR\"},{\"@type\":\"Organization\",\"@id\":\"https:\/\/footdavant.fr\/actualites\/#organization\",\"name\":\"Foot d'avant\",\"url\":\"https:\/\/footdavant.fr\/actualites\/\",\"logo\":{\"@type\":\"ImageObject\",\"inLanguage\":\"fr-FR\",\"@id\":\"https:\/\/footdavant.fr\/actualites\/#\/schema\/logo\/image\/\",\"url\":\"https:\/\/footdavant.fr\/actualites\/wp-content\/uploads\/2023\/09\/Copy-of-FootDavant-Logo.png\",\"contentUrl\":\"https:\/\/footdavant.fr\/actualites\/wp-content\/uploads\/2023\/09\/Copy-of-FootDavant-Logo.png\",\"width\":936,\"height\":549,\"caption\":\"Foot d'avant\"},\"image\":{\"@id\":\"https:\/\/footdavant.fr\/actualites\/#\/schema\/logo\/image\/\"},\"sameAs\":[\"https:\/\/www.facebook.com\/Footdavant\/\",\"https:\/\/twitter.com\/FootdavantFr\",\"https:\/\/www.instagram.com\/footdavant.fr\/\"]},{\"@type\":\"Person\",\"@id\":\"https:\/\/footdavant.fr\/actualites\/#\/schema\/person\/bc222566d95871b37e597b3ed3ba5e1d\",\"name\":\"Cl\u00e9ment\",\"image\":{\"@type\":\"ImageObject\",\"inLanguage\":\"fr-FR\",\"@id\":\"https:\/\/footdavant.fr\/actualites\/#\/schema\/person\/image\/\",\"url\":\"https:\/\/secure.gravatar.com\/avatar\/7728b29aac2719421e1a9159b2254c44?s=96&d=mm&r=g\",\"contentUrl\":\"https:\/\/secure.gravatar.com\/avatar\/7728b29aac2719421e1a9159b2254c44?s=96&d=mm&r=g\",\"caption\":\"Cl\u00e9ment\"},\"sameAs\":[\"https:\/\/footdavant.fr\/\"]}]}<\/script>\n<!-- \/ Yoast SEO plugin. -->","yoast_head_json":{"title":"Liverpool vs. Arsenal Starteps Confirmed comme Ebechi Eze, Alexis Mac Alllister Decisions prises","robots":{"index":"index","follow":"follow","max-snippet":"max-snippet:-1","max-image-preview":"max-image-preview:large","max-video-preview":"max-video-preview:-1"},"canonical":"https:\/\/footdavant.fr\/actualites\/liverpool-vs-arsenal-starteps-confirmed-comme-ebechi-eze-alexis-mac-alllister-decisions-prises\/","og_locale":"fr_FR","og_type":"article","og_title":"Liverpool vs. Arsenal Starteps Confirmed comme Ebechi Eze, Alexis Mac Alllister Decisions prises","og_description":"Liverpool et Arsenal confirment leurs alignements de d\u00e9part pour le blockbuster Premier League de dimanche \u00e0 Anfield. Liverpool et Arsenal a confirm\u00e9 ses alignements de","og_url":"https:\/\/footdavant.fr\/actualites\/liverpool-vs-arsenal-starteps-confirmed-comme-ebechi-eze-alexis-mac-alllister-decisions-prises\/","og_site_name":"Foot d&#039;avant","article_publisher":"https:\/\/www.facebook.com\/Footdavant\/","article_published_time":"2025-09-05T04:49:17+00:00","article_modified_time":"2025-09-05T04:49:18+00:00","og_image":[{"width":640,"height":480,"url":"https:\/\/footdavant.fr\/actualites\/wp-content\/uploads\/2025\/09\/Leeds-United-Crystal-Palace-39Learn-Destination39-de-Christantus-Uche-Flight.webp","type":"image\/jpeg"}],"author":"Cl\u00e9ment","twitter_card":"summary_large_image","twitter_creator":"@FootdavantFr","twitter_site":"@FootdavantFr","twitter_misc":{"\u00c9crit par":"Cl\u00e9ment","Dur\u00e9e de lecture estim\u00e9e":"2 minutes"},"schema":{"@context":"https:\/\/schema.org","@graph":[{"@type":"Article","@id":"https:\/\/footdavant.fr\/actualites\/liverpool-vs-arsenal-starteps-confirmed-comme-ebechi-eze-alexis-mac-alllister-decisions-prises\/#article","isPartOf":{"@id":"https:\/\/footdavant.fr\/actualites\/liverpool-vs-arsenal-starteps-confirmed-comme-ebechi-eze-alexis-mac-alllister-decisions-prises\/"},"author":{"name":"Cl\u00e9ment","@id":"https:\/\/footdavant.fr\/actualites\/#\/schema\/person\/bc222566d95871b37e597b3ed3ba5e1d"},"headline":"Liverpool vs. Arsenal Starteps Confirmed comme Ebechi Eze, Alexis Mac Alllister Decisions prises","datePublished":"2025-09-05T04:49:17+00:00","dateModified":"2025-09-05T04:49:18+00:00","mainEntityOfPage":{"@id":"https:\/\/footdavant.fr\/actualites\/liverpool-vs-arsenal-starteps-confirmed-comme-ebechi-eze-alexis-mac-alllister-decisions-prises\/"},"wordCount":501,"publisher":{"@id":"https:\/\/footdavant.fr\/actualites\/#organization"},"keywords":["Alexis","Alllister","Arsenal","comme","confirmed","d\u00e9cisions","Ebechi","Eze","Liverpool","Mac","prises","Starteps"],"articleSection":["Premier League"],"inLanguage":"fr-FR"},{"@type":"WebPage","@id":"https:\/\/footdavant.fr\/actualites\/liverpool-vs-arsenal-starteps-confirmed-comme-ebechi-eze-alexis-mac-alllister-decisions-prises\/","url":"https:\/\/footdavant.fr\/actualites\/liverpool-vs-arsenal-starteps-confirmed-comme-ebechi-eze-alexis-mac-alllister-decisions-prises\/","name":"Liverpool vs. Arsenal Starteps Confirmed comme Ebechi Eze, Alexis Mac Alllister Decisions prises","isPartOf":{"@id":"https:\/\/footdavant.fr\/actualites\/#website"},"datePublished":"2025-09-05T04:49:17+00:00","dateModified":"2025-09-05T04:49:18+00:00","breadcrumb":{"@id":"https:\/\/footdavant.fr\/actualites\/liverpool-vs-arsenal-starteps-confirmed-comme-ebechi-eze-alexis-mac-alllister-decisions-prises\/#breadcrumb"},"inLanguage":"fr-FR","potentialAction":[{"@type":"ReadAction","target":["https:\/\/footdavant.fr\/actualites\/liverpool-vs-arsenal-starteps-confirmed-comme-ebechi-eze-alexis-mac-alllister-decisions-prises\/"]}]},{"@type":"BreadcrumbList","@id":"https:\/\/footdavant.fr\/actualites\/liverpool-vs-arsenal-starteps-confirmed-comme-ebechi-eze-alexis-mac-alllister-decisions-prises\/#breadcrumb","itemListElement":[{"@type":"ListItem","position":1,"name":"Accueil","item":"https:\/\/footdavant.fr\/actualites\/"},{"@type":"ListItem","position":2,"name":"Liverpool vs. Arsenal Starteps Confirmed comme Ebechi Eze, Alexis Mac Alllister Decisions prises"}]},{"@type":"WebSite","@id":"https:\/\/footdavant.fr\/actualites\/#website","url":"https:\/\/footdavant.fr\/actualites\/","name":"Foot d'avant","description":"","publisher":{"@id":"https:\/\/footdavant.fr\/actualites\/#organization"},"potentialAction":[{"@type":"SearchAction","target":{"@type":"EntryPoint","urlTemplate":"https:\/\/footdavant.fr\/actualites\/?s={search_term_string}"},"query-input":"required name=search_term_string"}],"inLanguage":"fr-FR"},{"@type":"Organization","@id":"https:\/\/footdavant.fr\/actualites\/#organization","name":"Foot d'avant","url":"https:\/\/footdavant.fr\/actualites\/","logo":{"@type":"ImageObject","inLanguage":"fr-FR","@id":"https:\/\/footdavant.fr\/actualites\/#\/schema\/logo\/image\/","url":"https:\/\/footdavant.fr\/actualites\/wp-content\/uploads\/2023\/09\/Copy-of-FootDavant-Logo.png","contentUrl":"https:\/\/footdavant.fr\/actualites\/wp-content\/uploads\/2023\/09\/Copy-of-FootDavant-Logo.png","width":936,"height":549,"caption":"Foot d'avant"},"image":{"@id":"https:\/\/footdavant.fr\/actualites\/#\/schema\/logo\/image\/"},"sameAs":["https:\/\/www.facebook.com\/Footdavant\/","https:\/\/twitter.com\/FootdavantFr","https:\/\/www.instagram.com\/footdavant.fr\/"]},{"@type":"Person","@id":"https:\/\/footdavant.fr\/actualites\/#\/schema\/person\/bc222566d95871b37e597b3ed3ba5e1d","name":"Cl\u00e9ment","image":{"@type":"ImageObject","inLanguage":"fr-FR","@id":"https:\/\/footdavant.fr\/actualites\/#\/schema\/person\/image\/","url":"https:\/\/secure.gravatar.com\/avatar\/7728b29aac2719421e1a9159b2254c44?s=96&d=mm&r=g","contentUrl":"https:\/\/secure.gravatar.com\/avatar\/7728b29aac2719421e1a9159b2254c44?s=96&d=mm&r=g","caption":"Cl\u00e9ment"},"sameAs":["https:\/\/footdavant.fr\/"]}]}},"_links":{"self":[{"href":"https:\/\/footdavant.fr\/actualites\/wp-json\/wp\/v2\/posts\/28137"}],"collection":[{"href":"https:\/\/footdavant.fr\/actualites\/wp-json\/wp\/v2\/posts"}],"about":[{"href":"https:\/\/footdavant.fr\/actualites\/wp-json\/wp\/v2\/types\/post"}],"author":[{"embeddable":true,"href":"https:\/\/footdavant.fr\/actualites\/wp-json\/wp\/v2\/users\/1"}],"replies":[{"embeddable":true,"href":"https:\/\/footdavant.fr\/actualites\/wp-json\/wp\/v2\/comments?post=28137"}],"version-history":[{"count":1,"href":"https:\/\/footdavant.fr\/actualites\/wp-json\/wp\/v2\/posts\/28137\/revisions"}],"predecessor-version":[{"id":28139,"href":"https:\/\/footdavant.fr\/actualites\/wp-json\/wp\/v2\/posts\/28137\/revisions\/28139"}],"wp:featuredmedia":[{"embeddable":true,"href":"https:\/\/footdavant.fr\/actualites\/wp-json\/wp\/v2\/media\/28138"}],"wp:attachment":[{"href":"https:\/\/footdavant.fr\/actualites\/wp-json\/wp\/v2\/media?parent=28137"}],"wp:term":[{"taxonomy":"category","embeddable":true,"href":"https:\/\/footdavant.fr\/actualites\/wp-json\/wp\/v2\/categories?post=28137"},{"taxonomy":"post_tag","embeddable":true,"href":"https:\/\/footdavant.fr\/actualites\/wp-json\/wp\/v2\/tags?post=28137"}],"curies":[{"name":"wp","href":"https:\/\/api.w.org\/{rel}","templated":true}]}}