{"id":28146,"date":"2025-09-05T12:48:05","date_gmt":"2025-09-05T10:48:05","guid":{"rendered":"https:\/\/footdavant.fr\/actualites\/les-legendes-de-la-boxe-annoncent-le-combat-dexposition-en-2026\/"},"modified":"2025-09-05T12:48:06","modified_gmt":"2025-09-05T10:48:06","slug":"les-legendes-de-la-boxe-annoncent-le-combat-dexposition-en-2026","status":"publish","type":"post","link":"https:\/\/footdavant.fr\/actualites\/les-legendes-de-la-boxe-annoncent-le-combat-dexposition-en-2026\/","title":{"rendered":"Les l\u00e9gendes de la boxe annoncent le combat d&#39;exposition en 2026"},"content":{"rendered":"<div>\n<p>Floyd Mayweather Jr. affrontera Mike Tyson dans un combat d&#39;exposition en 2026. <\/p>\n<p>CSI Sports a annonc\u00e9 jeudi que le Temple de la renomm\u00e9e se prolongerait, avec tous les d\u00e9tails \u00e0 confirmer.<\/p>\n<p>Mayweather a r\u00e9guli\u00e8rement particip\u00e9 \u00e0 des expositions apr\u00e8s sa retraite d&#39;une carri\u00e8re professionnelle invaincue qui l&#39;a vu remporter des titres mondiaux dans cinq classes de poids diff\u00e9rentes.<\/p>\n<p>Tyson a \u00e9t\u00e9 battu par l&#39;influenceur Jake Paul dans une d\u00e9cision unanime en novembre de l&#39;ann\u00e9e derni\u00e8re.<\/p>\n<p>\u00c0 son apog\u00e9e, Tyson \u00e9tait sans doute le poids lourd le plus redout\u00e9 de tous les temps. Cependant, sa d\u00e9cision de retourner dans le ring avec Mayweather \u00e0 l&#39;\u00e2ge de 59 ans attirera probablement de nombreuses critiques, le combat marquant un autre \u00e9pisode bizarre dans une carri\u00e8re souvent controvers\u00e9e.<\/p>\n<figure class=\"wp-block-embed is-type-rich is-provider-twitter wp-block-embed-twitter\"><\/figure>\n<h2 class=\"wp-block-heading\">Mayweather: \u00e7a va \u00eatre l\u00e9gendaire<\/h2>\n<p>Mayweather \u00e9tait g\u00e9n\u00e9ralement imp\u00e9tueux alors que lui et Tyson ont parl\u00e9 le combat comme un \u00e9v\u00e9nement sportif pour le monde \u00e0 voir.<\/p>\n<p>\u00ab\u00a0Vous savez d\u00e9j\u00e0 que si je vais faire quelque chose, \u00e7a va \u00eatre grand et \u00e7a va \u00eatre l\u00e9gendaire\u00a0\u00bb, a d\u00e9clar\u00e9 Mayweather.<\/p>\n<p>\u00abJe suis le meilleur de la boxe. Cette exposition donnera aux fans ce qu&#39;ils veulent.\u00bb<\/p>\n<p>Tyson a ajout\u00e9: \u00ab\u00a0Ce combat n&#39;est pas quelque chose que le monde ni je ne pensais jamais arriver ou pourraient se produire. Cependant, la boxe est entr\u00e9e dans une nouvelle \u00e8re de l&#39;impr\u00e9visible et ce combat est aussi impr\u00e9visible que possible.\u00a0\u00bb<\/p>\n<p>Mayweather peut au moins \u00eatre pris en compte pour une partie partiellement responsable de l&#39;annonce d&#39;une nouvelle \u00e8re de combats d&#39;expositions de haut niveau impliquant des athl\u00e8tes et des c\u00e9l\u00e9brit\u00e9s \u00e0 partir d&#39;une gamme de diff\u00e9rentes ar\u00e8nes. L&#39;homme de 48 ans a arr\u00eat\u00e9 la star de l&#39;UFC, Conor McGregor, au 10e tour de son combat final de sa carri\u00e8re professionnelle en 2017.<\/p>\n<p>Il a combattu huit fois dans des expositions depuis, bien que seulement quatre de ces combats aient \u00e9t\u00e9 marqu\u00e9s.<\/p>\n<p>Cet affrontement de deux grands de tous les temps attirera sans aucun doute beaucoup d&#39;attention, mais la vue de Mayweather affrontera un homme de Tyson est susceptible de faire un spectacle mal \u00e0 l&#39;aise. Il est au mieux discutable que les vrais fans de boxe veulent r\u00e9ellement assister \u00e0 un tel concours, ce qui, selon beaucoup, ne fera finalement que nuire au sport.<\/p>\n<\/p><\/div>\n","protected":false},"excerpt":{"rendered":"<p>Floyd Mayweather Jr. affrontera Mike Tyson dans un combat d&#39;exposition en 2026. CSI Sports a annonc\u00e9 jeudi que le Temple de la renomm\u00e9e se prolongerait,<\/p>\n","protected":false},"author":1,"featured_media":28147,"comment_status":"closed","ping_status":"","sticky":false,"template":"","format":"standard","meta":{"footnotes":""},"categories":[3],"tags":[5374,2596,1357,10429,532,93],"yoast_head":"<!-- This site is optimized with the Yoast SEO plugin v21.0 - https:\/\/yoast.com\/wordpress\/plugins\/seo\/ -->\n<title>Les l\u00e9gendes de la boxe annoncent le combat d&#039;exposition en 2026<\/title>\n<meta name=\"robots\" content=\"index, follow, max-snippet:-1, max-image-preview:large, max-video-preview:-1\" \/>\n<link rel=\"canonical\" href=\"https:\/\/footdavant.fr\/actualites\/les-legendes-de-la-boxe-annoncent-le-combat-dexposition-en-2026\/\" \/>\n<meta property=\"og:locale\" content=\"fr_FR\" \/>\n<meta property=\"og:type\" content=\"article\" \/>\n<meta property=\"og:title\" content=\"Les l\u00e9gendes de la boxe annoncent le combat d&#039;exposition en 2026\" \/>\n<meta property=\"og:description\" content=\"Floyd Mayweather Jr. affrontera Mike Tyson dans un combat d&#039;exposition en 2026. CSI Sports a annonc\u00e9 jeudi que le Temple de la renomm\u00e9e se prolongerait,\" \/>\n<meta property=\"og:url\" content=\"https:\/\/footdavant.fr\/actualites\/les-legendes-de-la-boxe-annoncent-le-combat-dexposition-en-2026\/\" \/>\n<meta property=\"og:site_name\" content=\"Foot d&#039;avant\" \/>\n<meta property=\"article:publisher\" content=\"https:\/\/www.facebook.com\/Footdavant\/\" \/>\n<meta property=\"article:published_time\" content=\"2025-09-05T10:48:05+00:00\" \/>\n<meta property=\"article:modified_time\" content=\"2025-09-05T10:48:06+00:00\" \/>\n<meta property=\"og:image\" content=\"https:\/\/footdavant.fr\/actualites\/wp-content\/uploads\/2025\/09\/Les-legendes-de-la-boxe-annoncent-le-combat-d39exposition-en.jpg\" \/>\n\t<meta property=\"og:image:width\" content=\"1200\" \/>\n\t<meta property=\"og:image:height\" content=\"800\" \/>\n\t<meta property=\"og:image:type\" content=\"image\/jpeg\" \/>\n<meta name=\"author\" content=\"Cl\u00e9ment\" \/>\n<meta name=\"twitter:card\" content=\"summary_large_image\" \/>\n<meta name=\"twitter:creator\" content=\"@FootdavantFr\" \/>\n<meta name=\"twitter:site\" content=\"@FootdavantFr\" \/>\n<meta name=\"twitter:label1\" content=\"\u00c9crit par\" \/>\n\t<meta name=\"twitter:data1\" content=\"Cl\u00e9ment\" \/>\n\t<meta name=\"twitter:label2\" content=\"Dur\u00e9e de lecture estim\u00e9e\" \/>\n\t<meta name=\"twitter:data2\" content=\"2 minutes\" \/>\n<script type=\"application\/ld+json\" class=\"yoast-schema-graph\">{\"@context\":\"https:\/\/schema.org\",\"@graph\":[{\"@type\":\"Article\",\"@id\":\"https:\/\/footdavant.fr\/actualites\/les-legendes-de-la-boxe-annoncent-le-combat-dexposition-en-2026\/#article\",\"isPartOf\":{\"@id\":\"https:\/\/footdavant.fr\/actualites\/les-legendes-de-la-boxe-annoncent-le-combat-dexposition-en-2026\/\"},\"author\":{\"name\":\"Cl\u00e9ment\",\"@id\":\"https:\/\/footdavant.fr\/actualites\/#\/schema\/person\/bc222566d95871b37e597b3ed3ba5e1d\"},\"headline\":\"Les l\u00e9gendes de la boxe annoncent le combat d&#39;exposition en 2026\",\"datePublished\":\"2025-09-05T10:48:05+00:00\",\"dateModified\":\"2025-09-05T10:48:06+00:00\",\"mainEntityOfPage\":{\"@id\":\"https:\/\/footdavant.fr\/actualites\/les-legendes-de-la-boxe-annoncent-le-combat-dexposition-en-2026\/\"},\"wordCount\":425,\"publisher\":{\"@id\":\"https:\/\/footdavant.fr\/actualites\/#organization\"},\"keywords\":[\"annoncent\",\"boxe\",\"combat\",\"d39exposition\",\"L\u00e9gendes\",\"les\"],\"articleSection\":[\"Football\"],\"inLanguage\":\"fr-FR\"},{\"@type\":\"WebPage\",\"@id\":\"https:\/\/footdavant.fr\/actualites\/les-legendes-de-la-boxe-annoncent-le-combat-dexposition-en-2026\/\",\"url\":\"https:\/\/footdavant.fr\/actualites\/les-legendes-de-la-boxe-annoncent-le-combat-dexposition-en-2026\/\",\"name\":\"Les l\u00e9gendes de la boxe annoncent le combat d&#39;exposition en 2026\",\"isPartOf\":{\"@id\":\"https:\/\/footdavant.fr\/actualites\/#website\"},\"datePublished\":\"2025-09-05T10:48:05+00:00\",\"dateModified\":\"2025-09-05T10:48:06+00:00\",\"breadcrumb\":{\"@id\":\"https:\/\/footdavant.fr\/actualites\/les-legendes-de-la-boxe-annoncent-le-combat-dexposition-en-2026\/#breadcrumb\"},\"inLanguage\":\"fr-FR\",\"potentialAction\":[{\"@type\":\"ReadAction\",\"target\":[\"https:\/\/footdavant.fr\/actualites\/les-legendes-de-la-boxe-annoncent-le-combat-dexposition-en-2026\/\"]}]},{\"@type\":\"BreadcrumbList\",\"@id\":\"https:\/\/footdavant.fr\/actualites\/les-legendes-de-la-boxe-annoncent-le-combat-dexposition-en-2026\/#breadcrumb\",\"itemListElement\":[{\"@type\":\"ListItem\",\"position\":1,\"name\":\"Accueil\",\"item\":\"https:\/\/footdavant.fr\/actualites\/\"},{\"@type\":\"ListItem\",\"position\":2,\"name\":\"Les l\u00e9gendes de la boxe annoncent le combat d&#39;exposition en 2026\"}]},{\"@type\":\"WebSite\",\"@id\":\"https:\/\/footdavant.fr\/actualites\/#website\",\"url\":\"https:\/\/footdavant.fr\/actualites\/\",\"name\":\"Foot d'avant\",\"description\":\"\",\"publisher\":{\"@id\":\"https:\/\/footdavant.fr\/actualites\/#organization\"},\"potentialAction\":[{\"@type\":\"SearchAction\",\"target\":{\"@type\":\"EntryPoint\",\"urlTemplate\":\"https:\/\/footdavant.fr\/actualites\/?s={search_term_string}\"},\"query-input\":\"required name=search_term_string\"}],\"inLanguage\":\"fr-FR\"},{\"@type\":\"Organization\",\"@id\":\"https:\/\/footdavant.fr\/actualites\/#organization\",\"name\":\"Foot d'avant\",\"url\":\"https:\/\/footdavant.fr\/actualites\/\",\"logo\":{\"@type\":\"ImageObject\",\"inLanguage\":\"fr-FR\",\"@id\":\"https:\/\/footdavant.fr\/actualites\/#\/schema\/logo\/image\/\",\"url\":\"https:\/\/footdavant.fr\/actualites\/wp-content\/uploads\/2023\/09\/Copy-of-FootDavant-Logo.png\",\"contentUrl\":\"https:\/\/footdavant.fr\/actualites\/wp-content\/uploads\/2023\/09\/Copy-of-FootDavant-Logo.png\",\"width\":936,\"height\":549,\"caption\":\"Foot d'avant\"},\"image\":{\"@id\":\"https:\/\/footdavant.fr\/actualites\/#\/schema\/logo\/image\/\"},\"sameAs\":[\"https:\/\/www.facebook.com\/Footdavant\/\",\"https:\/\/twitter.com\/FootdavantFr\",\"https:\/\/www.instagram.com\/footdavant.fr\/\"]},{\"@type\":\"Person\",\"@id\":\"https:\/\/footdavant.fr\/actualites\/#\/schema\/person\/bc222566d95871b37e597b3ed3ba5e1d\",\"name\":\"Cl\u00e9ment\",\"image\":{\"@type\":\"ImageObject\",\"inLanguage\":\"fr-FR\",\"@id\":\"https:\/\/footdavant.fr\/actualites\/#\/schema\/person\/image\/\",\"url\":\"https:\/\/secure.gravatar.com\/avatar\/7728b29aac2719421e1a9159b2254c44?s=96&d=mm&r=g\",\"contentUrl\":\"https:\/\/secure.gravatar.com\/avatar\/7728b29aac2719421e1a9159b2254c44?s=96&d=mm&r=g\",\"caption\":\"Cl\u00e9ment\"},\"sameAs\":[\"https:\/\/footdavant.fr\/\"]}]}<\/script>\n<!-- \/ Yoast SEO plugin. -->","yoast_head_json":{"title":"Les l\u00e9gendes de la boxe annoncent le combat d&#39;exposition en 2026","robots":{"index":"index","follow":"follow","max-snippet":"max-snippet:-1","max-image-preview":"max-image-preview:large","max-video-preview":"max-video-preview:-1"},"canonical":"https:\/\/footdavant.fr\/actualites\/les-legendes-de-la-boxe-annoncent-le-combat-dexposition-en-2026\/","og_locale":"fr_FR","og_type":"article","og_title":"Les l\u00e9gendes de la boxe annoncent le combat d&#39;exposition en 2026","og_description":"Floyd Mayweather Jr. affrontera Mike Tyson dans un combat d&#39;exposition en 2026. CSI Sports a annonc\u00e9 jeudi que le Temple de la renomm\u00e9e se prolongerait,","og_url":"https:\/\/footdavant.fr\/actualites\/les-legendes-de-la-boxe-annoncent-le-combat-dexposition-en-2026\/","og_site_name":"Foot d&#039;avant","article_publisher":"https:\/\/www.facebook.com\/Footdavant\/","article_published_time":"2025-09-05T10:48:05+00:00","article_modified_time":"2025-09-05T10:48:06+00:00","og_image":[{"width":1200,"height":800,"url":"https:\/\/footdavant.fr\/actualites\/wp-content\/uploads\/2025\/09\/Les-legendes-de-la-boxe-annoncent-le-combat-d39exposition-en.jpg","type":"image\/jpeg"}],"author":"Cl\u00e9ment","twitter_card":"summary_large_image","twitter_creator":"@FootdavantFr","twitter_site":"@FootdavantFr","twitter_misc":{"\u00c9crit par":"Cl\u00e9ment","Dur\u00e9e de lecture estim\u00e9e":"2 minutes"},"schema":{"@context":"https:\/\/schema.org","@graph":[{"@type":"Article","@id":"https:\/\/footdavant.fr\/actualites\/les-legendes-de-la-boxe-annoncent-le-combat-dexposition-en-2026\/#article","isPartOf":{"@id":"https:\/\/footdavant.fr\/actualites\/les-legendes-de-la-boxe-annoncent-le-combat-dexposition-en-2026\/"},"author":{"name":"Cl\u00e9ment","@id":"https:\/\/footdavant.fr\/actualites\/#\/schema\/person\/bc222566d95871b37e597b3ed3ba5e1d"},"headline":"Les l\u00e9gendes de la boxe annoncent le combat d&#39;exposition en 2026","datePublished":"2025-09-05T10:48:05+00:00","dateModified":"2025-09-05T10:48:06+00:00","mainEntityOfPage":{"@id":"https:\/\/footdavant.fr\/actualites\/les-legendes-de-la-boxe-annoncent-le-combat-dexposition-en-2026\/"},"wordCount":425,"publisher":{"@id":"https:\/\/footdavant.fr\/actualites\/#organization"},"keywords":["annoncent","boxe","combat","d39exposition","L\u00e9gendes","les"],"articleSection":["Football"],"inLanguage":"fr-FR"},{"@type":"WebPage","@id":"https:\/\/footdavant.fr\/actualites\/les-legendes-de-la-boxe-annoncent-le-combat-dexposition-en-2026\/","url":"https:\/\/footdavant.fr\/actualites\/les-legendes-de-la-boxe-annoncent-le-combat-dexposition-en-2026\/","name":"Les l\u00e9gendes de la boxe annoncent le combat d&#39;exposition en 2026","isPartOf":{"@id":"https:\/\/footdavant.fr\/actualites\/#website"},"datePublished":"2025-09-05T10:48:05+00:00","dateModified":"2025-09-05T10:48:06+00:00","breadcrumb":{"@id":"https:\/\/footdavant.fr\/actualites\/les-legendes-de-la-boxe-annoncent-le-combat-dexposition-en-2026\/#breadcrumb"},"inLanguage":"fr-FR","potentialAction":[{"@type":"ReadAction","target":["https:\/\/footdavant.fr\/actualites\/les-legendes-de-la-boxe-annoncent-le-combat-dexposition-en-2026\/"]}]},{"@type":"BreadcrumbList","@id":"https:\/\/footdavant.fr\/actualites\/les-legendes-de-la-boxe-annoncent-le-combat-dexposition-en-2026\/#breadcrumb","itemListElement":[{"@type":"ListItem","position":1,"name":"Accueil","item":"https:\/\/footdavant.fr\/actualites\/"},{"@type":"ListItem","position":2,"name":"Les l\u00e9gendes de la boxe annoncent le combat d&#39;exposition en 2026"}]},{"@type":"WebSite","@id":"https:\/\/footdavant.fr\/actualites\/#website","url":"https:\/\/footdavant.fr\/actualites\/","name":"Foot d'avant","description":"","publisher":{"@id":"https:\/\/footdavant.fr\/actualites\/#organization"},"potentialAction":[{"@type":"SearchAction","target":{"@type":"EntryPoint","urlTemplate":"https:\/\/footdavant.fr\/actualites\/?s={search_term_string}"},"query-input":"required name=search_term_string"}],"inLanguage":"fr-FR"},{"@type":"Organization","@id":"https:\/\/footdavant.fr\/actualites\/#organization","name":"Foot d'avant","url":"https:\/\/footdavant.fr\/actualites\/","logo":{"@type":"ImageObject","inLanguage":"fr-FR","@id":"https:\/\/footdavant.fr\/actualites\/#\/schema\/logo\/image\/","url":"https:\/\/footdavant.fr\/actualites\/wp-content\/uploads\/2023\/09\/Copy-of-FootDavant-Logo.png","contentUrl":"https:\/\/footdavant.fr\/actualites\/wp-content\/uploads\/2023\/09\/Copy-of-FootDavant-Logo.png","width":936,"height":549,"caption":"Foot d'avant"},"image":{"@id":"https:\/\/footdavant.fr\/actualites\/#\/schema\/logo\/image\/"},"sameAs":["https:\/\/www.facebook.com\/Footdavant\/","https:\/\/twitter.com\/FootdavantFr","https:\/\/www.instagram.com\/footdavant.fr\/"]},{"@type":"Person","@id":"https:\/\/footdavant.fr\/actualites\/#\/schema\/person\/bc222566d95871b37e597b3ed3ba5e1d","name":"Cl\u00e9ment","image":{"@type":"ImageObject","inLanguage":"fr-FR","@id":"https:\/\/footdavant.fr\/actualites\/#\/schema\/person\/image\/","url":"https:\/\/secure.gravatar.com\/avatar\/7728b29aac2719421e1a9159b2254c44?s=96&d=mm&r=g","contentUrl":"https:\/\/secure.gravatar.com\/avatar\/7728b29aac2719421e1a9159b2254c44?s=96&d=mm&r=g","caption":"Cl\u00e9ment"},"sameAs":["https:\/\/footdavant.fr\/"]}]}},"_links":{"self":[{"href":"https:\/\/footdavant.fr\/actualites\/wp-json\/wp\/v2\/posts\/28146"}],"collection":[{"href":"https:\/\/footdavant.fr\/actualites\/wp-json\/wp\/v2\/posts"}],"about":[{"href":"https:\/\/footdavant.fr\/actualites\/wp-json\/wp\/v2\/types\/post"}],"author":[{"embeddable":true,"href":"https:\/\/footdavant.fr\/actualites\/wp-json\/wp\/v2\/users\/1"}],"replies":[{"embeddable":true,"href":"https:\/\/footdavant.fr\/actualites\/wp-json\/wp\/v2\/comments?post=28146"}],"version-history":[{"count":1,"href":"https:\/\/footdavant.fr\/actualites\/wp-json\/wp\/v2\/posts\/28146\/revisions"}],"predecessor-version":[{"id":28148,"href":"https:\/\/footdavant.fr\/actualites\/wp-json\/wp\/v2\/posts\/28146\/revisions\/28148"}],"wp:featuredmedia":[{"embeddable":true,"href":"https:\/\/footdavant.fr\/actualites\/wp-json\/wp\/v2\/media\/28147"}],"wp:attachment":[{"href":"https:\/\/footdavant.fr\/actualites\/wp-json\/wp\/v2\/media?parent=28146"}],"wp:term":[{"taxonomy":"category","embeddable":true,"href":"https:\/\/footdavant.fr\/actualites\/wp-json\/wp\/v2\/categories?post=28146"},{"taxonomy":"post_tag","embeddable":true,"href":"https:\/\/footdavant.fr\/actualites\/wp-json\/wp\/v2\/tags?post=28146"}],"curies":[{"name":"wp","href":"https:\/\/api.w.org\/{rel}","templated":true}]}}