{"id":28152,"date":"2025-09-05T16:47:59","date_gmt":"2025-09-05T14:47:59","guid":{"rendered":"https:\/\/footdavant.fr\/actualites\/patrick-dorgu-reagit-a-la-sortie-man-united-de-rasmus-hojlund-man-united-news-and-transfer-news\/"},"modified":"2025-09-05T16:48:00","modified_gmt":"2025-09-05T14:48:00","slug":"patrick-dorgu-reagit-a-la-sortie-man-united-de-rasmus-hojlund-man-united-news-and-transfer-news","status":"publish","type":"post","link":"https:\/\/footdavant.fr\/actualites\/patrick-dorgu-reagit-a-la-sortie-man-united-de-rasmus-hojlund-man-united-news-and-transfer-news\/","title":{"rendered":"Patrick Dorgu r\u00e9agit \u00e0 la sortie Man United de Rasmus Hojlund &#8211; Man United News and Transfer News"},"content":{"rendered":"<div id=\"penci-post-entry-inner\">\n<p>\t\t\t<i class=\"penci-post-countview-number-check\" style=\"display:none\">1<\/i><\/p>\n<p>Manchester United a rationalis\u00e9 son \u00e9quipe au cours de l&#39;\u00e9t\u00e9. Les Red Devils ont encord\u00e9 l&#39;ancien directeur sportif Ruben Amorim pour remplacer Erik Ten Hag en novembre dernier. <\/p>\n<p>Apr\u00e8s une saison d\u00e9cevante o\u00f9 son \u00e9quipe a termin\u00e9 15e dans la table de Premier League, Amorim tenait \u00e0 rechercher des solutions sur le march\u00e9 du transfert. <\/p>\n<p>L&#39;entra\u00eeneur-chef portugais avait identifi\u00e9 l&#39;attaque comme la zone qui n\u00e9cessitait une attention urgente avant le d\u00e9but de la nouvelle campagne. United a beaucoup investi sur Matheus Cunha, Bryan Mbeumo et Benjamin Sesko, et l&#39;arriv\u00e9e de ce dernier a signal\u00e9 la fin du s\u00e9jour de Rasmus Hojlund \u00e0 Old Trafford.<\/p>\n<p>L&#39;attaquant danois est finalement parti pour rejoindre Napoli sur un pr\u00eat tout au long de la saison cet \u00e9t\u00e9. Les champions de Serie A ont apparemment l&#39;obligation de rendre l&#39;accord permanent l&#39;ann\u00e9e prochaine pour 38 millions de livres sterling s&#39;ils se qualifient pour la Ligue des champions. <\/p>\n<h3>Patrick Dorgu choqu\u00e9 par la sortie de Hojlund<\/h3>\n<p>United avait une repr\u00e9sentation danoise saine dans l&#39;\u00e9quipe au d\u00e9but de l&#39;ann\u00e9e, apr\u00e8s l&#39;arriv\u00e9e de Patrick Dorgu de Lecce. Cependant, le contingent a \u00e9t\u00e9 consid\u00e9rablement r\u00e9duit au cours de l&#39;\u00e9t\u00e9, Christian Eriksen partage \u00e9galement comme agent libre. <\/p>\n<p>S&#39;adressant \u00e0 Ekstra Bladet, cit\u00e9 par Sport Witness, Dorgu a d\u00e9clar\u00e9 qu&#39;il \u00e9tait surpris du d\u00e9part de Hojlund.<\/p>\n<p>\u00ab\u00a0C&#39;est comme \u00e7a dans le football. On ne sait jamais quand c&#39;est \u00e0 votre tour de passer \u00e0 autre chose. Nous savions que cela arriverait \u00e0 Christian, mais c&#39;\u00e9tait peut-\u00eatre un choc plus important que Rasmus a d\u00fb avancer\u00a0\u00bb, a d\u00e9clar\u00e9 Dorgu.<\/p>\n<p>\u00abJe lui ai beaucoup parl\u00e9 pendant le processus et je pouvais sentir dans quelle direction cela se passait. J&#39;esp\u00e8re que nous allons maintenant nous voir \u00e0 chaque fois dans l&#39;\u00e9quipe nationale.\u00bb<\/p>\n<p>Hojlund a rejoint les Red Devils d&#39;Atalanta \u00e0 l&#39;\u00e9t\u00e9 2023 pour des frais de 72 millions de livres sterling. Le joueur de 22 ans a marqu\u00e9 26 buts en 95 sorties pour les g\u00e9ants de la Premier League dans son s\u00e9jour de deux saisons.<\/p>\n<h3>Dorgu imparti sur le manque de pr\u00e9sence danoise<\/h3>\n<p>Alors qu&#39;il aimait avoir Eriksen et Hojlund, Dorgu a ajout\u00e9 qu&#39;il ne se sent pas isol\u00e9 par leur d\u00e9part.<\/p>\n<p>\u00abJ&#39;ai voyag\u00e9 seul en Italie \u00e0 l&#39;\u00e2ge de 17 ans. Je suis aussi seul \u00e0 Manchester et je vais bien de cette fa\u00e7on. Vous devenez incroyablement fort mentalement lorsque vous voyagez seul si t\u00f4t, parce que vous devez prendre beaucoup de d\u00e9cisions. Je suis s\u00fbr que la force mentale m&#39;a \u00e9galement aid\u00e9 sur le terrain\u00bb, a d\u00e9clar\u00e9 Dorgu. <\/p>\n<p>Dorgu n&#39;est pas le seul Dane dans l&#39;\u00e9quipe de United. Les Red Devils ont \u00e9galement Chido Obi, mais le joueur de 17 ans a enti\u00e8rement pr\u00e9sent\u00e9 pour l&#39;\u00e9quipe des jeunes jusqu&#39;\u00e0 pr\u00e9sent cette saison.<\/p>\n<\/p>\n<hr>\n<p>Suivez-nous sur bluesky: @ PeopleSerson.bsky.social<br \/><!--Article End--><\/p>\n<p><!-- CONTENT END 2 --><\/p><\/div>\n","protected":false},"excerpt":{"rendered":"<p>1 Manchester United a rationalis\u00e9 son \u00e9quipe au cours de l&#39;\u00e9t\u00e9. Les Red Devils ont encord\u00e9 l&#39;ancien directeur sportif Ruben Amorim pour remplacer Erik Ten<\/p>\n","protected":false},"author":1,"featured_media":23723,"comment_status":"closed","ping_status":"","sticky":false,"template":"","format":"standard","meta":{"footnotes":""},"categories":[3],"tags":[7665,456,24,409,3534,455,969,1263,2732,13],"yoast_head":"<!-- This site is optimized with the Yoast SEO plugin v21.0 - https:\/\/yoast.com\/wordpress\/plugins\/seo\/ -->\n<title>Patrick Dorgu r\u00e9agit \u00e0 la sortie Man United de Rasmus Hojlund - Man United News and Transfer News<\/title>\n<meta name=\"robots\" content=\"index, follow, max-snippet:-1, max-image-preview:large, max-video-preview:-1\" \/>\n<link rel=\"canonical\" href=\"https:\/\/footdavant.fr\/actualites\/patrick-dorgu-reagit-a-la-sortie-man-united-de-rasmus-hojlund-man-united-news-and-transfer-news\/\" \/>\n<meta property=\"og:locale\" content=\"fr_FR\" \/>\n<meta property=\"og:type\" content=\"article\" \/>\n<meta property=\"og:title\" content=\"Patrick Dorgu r\u00e9agit \u00e0 la sortie Man United de Rasmus Hojlund - Man United News and Transfer News\" \/>\n<meta property=\"og:description\" content=\"1 Manchester United a rationalis\u00e9 son \u00e9quipe au cours de l&#039;\u00e9t\u00e9. Les Red Devils ont encord\u00e9 l&#039;ancien directeur sportif Ruben Amorim pour remplacer Erik Ten\" \/>\n<meta property=\"og:url\" content=\"https:\/\/footdavant.fr\/actualites\/patrick-dorgu-reagit-a-la-sortie-man-united-de-rasmus-hojlund-man-united-news-and-transfer-news\/\" \/>\n<meta property=\"og:site_name\" content=\"Foot d&#039;avant\" \/>\n<meta property=\"article:publisher\" content=\"https:\/\/www.facebook.com\/Footdavant\/\" \/>\n<meta property=\"article:published_time\" content=\"2025-09-05T14:47:59+00:00\" \/>\n<meta property=\"article:modified_time\" content=\"2025-09-05T14:48:00+00:00\" \/>\n<meta property=\"og:image\" content=\"https:\/\/footdavant.fr\/actualites\/wp-content\/uploads\/2025\/05\/Amad-a-fait-un-spectacle-lors-de-son-camee-en.jpg\" \/>\n\t<meta property=\"og:image:width\" content=\"1600\" \/>\n\t<meta property=\"og:image:height\" content=\"752\" \/>\n\t<meta property=\"og:image:type\" content=\"image\/jpeg\" \/>\n<meta name=\"author\" content=\"Cl\u00e9ment\" \/>\n<meta name=\"twitter:card\" content=\"summary_large_image\" \/>\n<meta name=\"twitter:creator\" content=\"@FootdavantFr\" \/>\n<meta name=\"twitter:site\" content=\"@FootdavantFr\" \/>\n<meta name=\"twitter:label1\" content=\"\u00c9crit par\" \/>\n\t<meta name=\"twitter:data1\" content=\"Cl\u00e9ment\" \/>\n\t<meta name=\"twitter:label2\" content=\"Dur\u00e9e de lecture estim\u00e9e\" \/>\n\t<meta name=\"twitter:data2\" content=\"3 minutes\" \/>\n<script type=\"application\/ld+json\" class=\"yoast-schema-graph\">{\"@context\":\"https:\/\/schema.org\",\"@graph\":[{\"@type\":\"Article\",\"@id\":\"https:\/\/footdavant.fr\/actualites\/patrick-dorgu-reagit-a-la-sortie-man-united-de-rasmus-hojlund-man-united-news-and-transfer-news\/#article\",\"isPartOf\":{\"@id\":\"https:\/\/footdavant.fr\/actualites\/patrick-dorgu-reagit-a-la-sortie-man-united-de-rasmus-hojlund-man-united-news-and-transfer-news\/\"},\"author\":{\"name\":\"Cl\u00e9ment\",\"@id\":\"https:\/\/footdavant.fr\/actualites\/#\/schema\/person\/bc222566d95871b37e597b3ed3ba5e1d\"},\"headline\":\"Patrick Dorgu r\u00e9agit \u00e0 la sortie Man United de Rasmus Hojlund &#8211; Man United News and Transfer News\",\"datePublished\":\"2025-09-05T14:47:59+00:00\",\"dateModified\":\"2025-09-05T14:48:00+00:00\",\"mainEntityOfPage\":{\"@id\":\"https:\/\/footdavant.fr\/actualites\/patrick-dorgu-reagit-a-la-sortie-man-united-de-rasmus-hojlund-man-united-news-and-transfer-news\/\"},\"wordCount\":520,\"publisher\":{\"@id\":\"https:\/\/footdavant.fr\/actualites\/#organization\"},\"keywords\":[\"Dorgu\",\"Hojlund\",\"Man\",\"News\",\"Patrick\",\"Rasmus\",\"r\u00e9agit\",\"sortie\",\"Transfer\",\"United\"],\"articleSection\":[\"Football\"],\"inLanguage\":\"fr-FR\"},{\"@type\":\"WebPage\",\"@id\":\"https:\/\/footdavant.fr\/actualites\/patrick-dorgu-reagit-a-la-sortie-man-united-de-rasmus-hojlund-man-united-news-and-transfer-news\/\",\"url\":\"https:\/\/footdavant.fr\/actualites\/patrick-dorgu-reagit-a-la-sortie-man-united-de-rasmus-hojlund-man-united-news-and-transfer-news\/\",\"name\":\"Patrick Dorgu r\u00e9agit \u00e0 la sortie Man United de Rasmus Hojlund - Man United News and Transfer News\",\"isPartOf\":{\"@id\":\"https:\/\/footdavant.fr\/actualites\/#website\"},\"datePublished\":\"2025-09-05T14:47:59+00:00\",\"dateModified\":\"2025-09-05T14:48:00+00:00\",\"breadcrumb\":{\"@id\":\"https:\/\/footdavant.fr\/actualites\/patrick-dorgu-reagit-a-la-sortie-man-united-de-rasmus-hojlund-man-united-news-and-transfer-news\/#breadcrumb\"},\"inLanguage\":\"fr-FR\",\"potentialAction\":[{\"@type\":\"ReadAction\",\"target\":[\"https:\/\/footdavant.fr\/actualites\/patrick-dorgu-reagit-a-la-sortie-man-united-de-rasmus-hojlund-man-united-news-and-transfer-news\/\"]}]},{\"@type\":\"BreadcrumbList\",\"@id\":\"https:\/\/footdavant.fr\/actualites\/patrick-dorgu-reagit-a-la-sortie-man-united-de-rasmus-hojlund-man-united-news-and-transfer-news\/#breadcrumb\",\"itemListElement\":[{\"@type\":\"ListItem\",\"position\":1,\"name\":\"Accueil\",\"item\":\"https:\/\/footdavant.fr\/actualites\/\"},{\"@type\":\"ListItem\",\"position\":2,\"name\":\"Patrick Dorgu r\u00e9agit \u00e0 la sortie Man United de Rasmus Hojlund &#8211; Man United News and Transfer News\"}]},{\"@type\":\"WebSite\",\"@id\":\"https:\/\/footdavant.fr\/actualites\/#website\",\"url\":\"https:\/\/footdavant.fr\/actualites\/\",\"name\":\"Foot d'avant\",\"description\":\"\",\"publisher\":{\"@id\":\"https:\/\/footdavant.fr\/actualites\/#organization\"},\"potentialAction\":[{\"@type\":\"SearchAction\",\"target\":{\"@type\":\"EntryPoint\",\"urlTemplate\":\"https:\/\/footdavant.fr\/actualites\/?s={search_term_string}\"},\"query-input\":\"required name=search_term_string\"}],\"inLanguage\":\"fr-FR\"},{\"@type\":\"Organization\",\"@id\":\"https:\/\/footdavant.fr\/actualites\/#organization\",\"name\":\"Foot d'avant\",\"url\":\"https:\/\/footdavant.fr\/actualites\/\",\"logo\":{\"@type\":\"ImageObject\",\"inLanguage\":\"fr-FR\",\"@id\":\"https:\/\/footdavant.fr\/actualites\/#\/schema\/logo\/image\/\",\"url\":\"https:\/\/footdavant.fr\/actualites\/wp-content\/uploads\/2023\/09\/Copy-of-FootDavant-Logo.png\",\"contentUrl\":\"https:\/\/footdavant.fr\/actualites\/wp-content\/uploads\/2023\/09\/Copy-of-FootDavant-Logo.png\",\"width\":936,\"height\":549,\"caption\":\"Foot d'avant\"},\"image\":{\"@id\":\"https:\/\/footdavant.fr\/actualites\/#\/schema\/logo\/image\/\"},\"sameAs\":[\"https:\/\/www.facebook.com\/Footdavant\/\",\"https:\/\/twitter.com\/FootdavantFr\",\"https:\/\/www.instagram.com\/footdavant.fr\/\"]},{\"@type\":\"Person\",\"@id\":\"https:\/\/footdavant.fr\/actualites\/#\/schema\/person\/bc222566d95871b37e597b3ed3ba5e1d\",\"name\":\"Cl\u00e9ment\",\"image\":{\"@type\":\"ImageObject\",\"inLanguage\":\"fr-FR\",\"@id\":\"https:\/\/footdavant.fr\/actualites\/#\/schema\/person\/image\/\",\"url\":\"https:\/\/secure.gravatar.com\/avatar\/7728b29aac2719421e1a9159b2254c44?s=96&d=mm&r=g\",\"contentUrl\":\"https:\/\/secure.gravatar.com\/avatar\/7728b29aac2719421e1a9159b2254c44?s=96&d=mm&r=g\",\"caption\":\"Cl\u00e9ment\"},\"sameAs\":[\"https:\/\/footdavant.fr\/\"]}]}<\/script>\n<!-- \/ Yoast SEO plugin. -->","yoast_head_json":{"title":"Patrick Dorgu r\u00e9agit \u00e0 la sortie Man United de Rasmus Hojlund - Man United News and Transfer News","robots":{"index":"index","follow":"follow","max-snippet":"max-snippet:-1","max-image-preview":"max-image-preview:large","max-video-preview":"max-video-preview:-1"},"canonical":"https:\/\/footdavant.fr\/actualites\/patrick-dorgu-reagit-a-la-sortie-man-united-de-rasmus-hojlund-man-united-news-and-transfer-news\/","og_locale":"fr_FR","og_type":"article","og_title":"Patrick Dorgu r\u00e9agit \u00e0 la sortie Man United de Rasmus Hojlund - Man United News and Transfer News","og_description":"1 Manchester United a rationalis\u00e9 son \u00e9quipe au cours de l&#39;\u00e9t\u00e9. Les Red Devils ont encord\u00e9 l&#39;ancien directeur sportif Ruben Amorim pour remplacer Erik Ten","og_url":"https:\/\/footdavant.fr\/actualites\/patrick-dorgu-reagit-a-la-sortie-man-united-de-rasmus-hojlund-man-united-news-and-transfer-news\/","og_site_name":"Foot d&#039;avant","article_publisher":"https:\/\/www.facebook.com\/Footdavant\/","article_published_time":"2025-09-05T14:47:59+00:00","article_modified_time":"2025-09-05T14:48:00+00:00","og_image":[{"width":1600,"height":752,"url":"https:\/\/footdavant.fr\/actualites\/wp-content\/uploads\/2025\/05\/Amad-a-fait-un-spectacle-lors-de-son-camee-en.jpg","type":"image\/jpeg"}],"author":"Cl\u00e9ment","twitter_card":"summary_large_image","twitter_creator":"@FootdavantFr","twitter_site":"@FootdavantFr","twitter_misc":{"\u00c9crit par":"Cl\u00e9ment","Dur\u00e9e de lecture estim\u00e9e":"3 minutes"},"schema":{"@context":"https:\/\/schema.org","@graph":[{"@type":"Article","@id":"https:\/\/footdavant.fr\/actualites\/patrick-dorgu-reagit-a-la-sortie-man-united-de-rasmus-hojlund-man-united-news-and-transfer-news\/#article","isPartOf":{"@id":"https:\/\/footdavant.fr\/actualites\/patrick-dorgu-reagit-a-la-sortie-man-united-de-rasmus-hojlund-man-united-news-and-transfer-news\/"},"author":{"name":"Cl\u00e9ment","@id":"https:\/\/footdavant.fr\/actualites\/#\/schema\/person\/bc222566d95871b37e597b3ed3ba5e1d"},"headline":"Patrick Dorgu r\u00e9agit \u00e0 la sortie Man United de Rasmus Hojlund &#8211; Man United News and Transfer News","datePublished":"2025-09-05T14:47:59+00:00","dateModified":"2025-09-05T14:48:00+00:00","mainEntityOfPage":{"@id":"https:\/\/footdavant.fr\/actualites\/patrick-dorgu-reagit-a-la-sortie-man-united-de-rasmus-hojlund-man-united-news-and-transfer-news\/"},"wordCount":520,"publisher":{"@id":"https:\/\/footdavant.fr\/actualites\/#organization"},"keywords":["Dorgu","Hojlund","Man","News","Patrick","Rasmus","r\u00e9agit","sortie","Transfer","United"],"articleSection":["Football"],"inLanguage":"fr-FR"},{"@type":"WebPage","@id":"https:\/\/footdavant.fr\/actualites\/patrick-dorgu-reagit-a-la-sortie-man-united-de-rasmus-hojlund-man-united-news-and-transfer-news\/","url":"https:\/\/footdavant.fr\/actualites\/patrick-dorgu-reagit-a-la-sortie-man-united-de-rasmus-hojlund-man-united-news-and-transfer-news\/","name":"Patrick Dorgu r\u00e9agit \u00e0 la sortie Man United de Rasmus Hojlund - Man United News and Transfer News","isPartOf":{"@id":"https:\/\/footdavant.fr\/actualites\/#website"},"datePublished":"2025-09-05T14:47:59+00:00","dateModified":"2025-09-05T14:48:00+00:00","breadcrumb":{"@id":"https:\/\/footdavant.fr\/actualites\/patrick-dorgu-reagit-a-la-sortie-man-united-de-rasmus-hojlund-man-united-news-and-transfer-news\/#breadcrumb"},"inLanguage":"fr-FR","potentialAction":[{"@type":"ReadAction","target":["https:\/\/footdavant.fr\/actualites\/patrick-dorgu-reagit-a-la-sortie-man-united-de-rasmus-hojlund-man-united-news-and-transfer-news\/"]}]},{"@type":"BreadcrumbList","@id":"https:\/\/footdavant.fr\/actualites\/patrick-dorgu-reagit-a-la-sortie-man-united-de-rasmus-hojlund-man-united-news-and-transfer-news\/#breadcrumb","itemListElement":[{"@type":"ListItem","position":1,"name":"Accueil","item":"https:\/\/footdavant.fr\/actualites\/"},{"@type":"ListItem","position":2,"name":"Patrick Dorgu r\u00e9agit \u00e0 la sortie Man United de Rasmus Hojlund &#8211; Man United News and Transfer News"}]},{"@type":"WebSite","@id":"https:\/\/footdavant.fr\/actualites\/#website","url":"https:\/\/footdavant.fr\/actualites\/","name":"Foot d'avant","description":"","publisher":{"@id":"https:\/\/footdavant.fr\/actualites\/#organization"},"potentialAction":[{"@type":"SearchAction","target":{"@type":"EntryPoint","urlTemplate":"https:\/\/footdavant.fr\/actualites\/?s={search_term_string}"},"query-input":"required name=search_term_string"}],"inLanguage":"fr-FR"},{"@type":"Organization","@id":"https:\/\/footdavant.fr\/actualites\/#organization","name":"Foot d'avant","url":"https:\/\/footdavant.fr\/actualites\/","logo":{"@type":"ImageObject","inLanguage":"fr-FR","@id":"https:\/\/footdavant.fr\/actualites\/#\/schema\/logo\/image\/","url":"https:\/\/footdavant.fr\/actualites\/wp-content\/uploads\/2023\/09\/Copy-of-FootDavant-Logo.png","contentUrl":"https:\/\/footdavant.fr\/actualites\/wp-content\/uploads\/2023\/09\/Copy-of-FootDavant-Logo.png","width":936,"height":549,"caption":"Foot d'avant"},"image":{"@id":"https:\/\/footdavant.fr\/actualites\/#\/schema\/logo\/image\/"},"sameAs":["https:\/\/www.facebook.com\/Footdavant\/","https:\/\/twitter.com\/FootdavantFr","https:\/\/www.instagram.com\/footdavant.fr\/"]},{"@type":"Person","@id":"https:\/\/footdavant.fr\/actualites\/#\/schema\/person\/bc222566d95871b37e597b3ed3ba5e1d","name":"Cl\u00e9ment","image":{"@type":"ImageObject","inLanguage":"fr-FR","@id":"https:\/\/footdavant.fr\/actualites\/#\/schema\/person\/image\/","url":"https:\/\/secure.gravatar.com\/avatar\/7728b29aac2719421e1a9159b2254c44?s=96&d=mm&r=g","contentUrl":"https:\/\/secure.gravatar.com\/avatar\/7728b29aac2719421e1a9159b2254c44?s=96&d=mm&r=g","caption":"Cl\u00e9ment"},"sameAs":["https:\/\/footdavant.fr\/"]}]}},"_links":{"self":[{"href":"https:\/\/footdavant.fr\/actualites\/wp-json\/wp\/v2\/posts\/28152"}],"collection":[{"href":"https:\/\/footdavant.fr\/actualites\/wp-json\/wp\/v2\/posts"}],"about":[{"href":"https:\/\/footdavant.fr\/actualites\/wp-json\/wp\/v2\/types\/post"}],"author":[{"embeddable":true,"href":"https:\/\/footdavant.fr\/actualites\/wp-json\/wp\/v2\/users\/1"}],"replies":[{"embeddable":true,"href":"https:\/\/footdavant.fr\/actualites\/wp-json\/wp\/v2\/comments?post=28152"}],"version-history":[{"count":1,"href":"https:\/\/footdavant.fr\/actualites\/wp-json\/wp\/v2\/posts\/28152\/revisions"}],"predecessor-version":[{"id":28153,"href":"https:\/\/footdavant.fr\/actualites\/wp-json\/wp\/v2\/posts\/28152\/revisions\/28153"}],"wp:featuredmedia":[{"embeddable":true,"href":"https:\/\/footdavant.fr\/actualites\/wp-json\/wp\/v2\/media\/23723"}],"wp:attachment":[{"href":"https:\/\/footdavant.fr\/actualites\/wp-json\/wp\/v2\/media?parent=28152"}],"wp:term":[{"taxonomy":"category","embeddable":true,"href":"https:\/\/footdavant.fr\/actualites\/wp-json\/wp\/v2\/categories?post=28152"},{"taxonomy":"post_tag","embeddable":true,"href":"https:\/\/footdavant.fr\/actualites\/wp-json\/wp\/v2\/tags?post=28152"}],"curies":[{"name":"wp","href":"https:\/\/api.w.org\/{rel}","templated":true}]}}