{"id":28154,"date":"2025-09-05T18:48:14","date_gmt":"2025-09-05T16:48:14","guid":{"rendered":"https:\/\/footdavant.fr\/actualites\/barcelone-transfer-news-harry-kane-pourrait-il-rejoindre-les-geants-catalans-en-tant-que-remplacement-de-robert-lewandowski\/"},"modified":"2025-09-05T18:48:15","modified_gmt":"2025-09-05T16:48:15","slug":"barcelone-transfer-news-harry-kane-pourrait-il-rejoindre-les-geants-catalans-en-tant-que-remplacement-de-robert-lewandowski","status":"publish","type":"post","link":"https:\/\/footdavant.fr\/actualites\/barcelone-transfer-news-harry-kane-pourrait-il-rejoindre-les-geants-catalans-en-tant-que-remplacement-de-robert-lewandowski\/","title":{"rendered":"Barcelone Transfer News: Harry Kane pourrait-il rejoindre les g\u00e9ants catalans en tant que remplacement de Robert Lewandowski?"},"content":{"rendered":"<p>Barcelone aurait envisag\u00e9 de faire un pas pour l&#39;attaquant du Bayern Munich Harry Kane lors de la fen\u00eatre de transfert de l&#39;\u00e9t\u00e9 prochain.<\/p>\n<div id=\"article_body\" itemprop=\"articleBody\">\n<h3 class=\"firstPara\"><\/h3>\n<p><strong class=\"autotag\">Barcelone envisagerait un d\u00e9m\u00e9nagement pour <strong class=\"autotag\">Bayern Munich Striker <strong class=\"autotag\">Harry Kane, consid\u00e9rant le capitaine d&#39;Angleterre comme un remplacement potentiel pour <strong class=\"autotag\">Robert Lewandowski.<\/p>\n<p>Kane, 32 ans, s&#39;est av\u00e9r\u00e9 \u00eatre une signature inspir\u00e9e pour le Bayern, marquant 91 buts et enregistrant 28 passes d\u00e9cisives en 100 apparitions pour les Giants de Munich apr\u00e8s son arriv\u00e9e de Tottenham Hotspur \u00e0 l&#39;\u00e9t\u00e9 2023.<\/p>\n<p>L&#39;attaquant a encore deux ans pour courir sur son contrat \u00e0 Allianz Arena, mais il a \u00e9t\u00e9 sugg\u00e9r\u00e9 qu&#39;il serait en mouvement lors de la fen\u00eatre de transfert de l&#39;\u00e9t\u00e9 prochain.<\/p>\n<p>Kane aurait une clause de lib\u00e9ration dans son contrat qui diminue chaque ann\u00e9e, et un retour \u00e0 la Premier League serait possible l&#39;\u00e9t\u00e9 prochain.<\/p>\n<p><strong class=\"autotag\">Manchester United serait un \u0153il sur sa situation, Kane, ce qui serait ouvert \u00e0 son retour en Angleterre afin de poursuivre le record de buts d&#39;Alan Shearer en Premier League.<\/p>\n<p class=\"imgI\">\n<h2>Barcelone \u00abpourrait combattre Man United\u00bb pour Kane en d\u00e9m\u00e9nagement en 2026<\/h2>\n<p>Kane est le deuxi\u00e8me buteur le plus \u00e9lev\u00e9 de l&#39;histoire de la Premier League avec 213, avec seulement Alan Shearer (260) devant lui, et il est possible qu&#39;il puisse prendre le dossier s&#39;il revient l&#39;\u00e9t\u00e9 prochain.<\/p>\n<p>Cependant, selon <em>El Nacional<\/em>Barcelone Voir Kane comme le remplacement id\u00e9al pour Lewandowski, l&#39;international polonais quittant potentiellement Camp Nou \u00e0 la fin de la campagne 2025-26.<\/p>\n<p>Lewandowski, qui vient d&#39;avoir 37 ans, a la possibilit\u00e9 de prolonger son contrat pour une ann\u00e9e suppl\u00e9mentaire avant juin 2027, mais les indications sont qu&#39;il cherchera des p\u00e2turages nouveaux apr\u00e8s une saison de plus avec les champions de Liga de Liga.<\/p>\n<p>Barcelone aurait cru que Kane a \u00abplusieurs\u00bb des ann\u00e9es devant lui malgr\u00e9 son \u00e2ge, et il est consid\u00e9r\u00e9 comme le joueur parfait pour compl\u00e9ter Lamine Yamal et Raphinha dans le dernier tiers du terrain.<\/p>\n<p class=\"imgI\"><img decoding=\"async\" alt=\"L&#39;Angleterre Harry Kane c\u00e9l\u00e8bre le score le 10 juin 2025\" class=\"vanilla-lazyload article-image\" src=\"https:\/\/footdavant.fr\/actualites\/wp-content\/uploads\/2025\/06\/1750153691_10_Florian-Wirtz-a-Liverpool-les-transferts-les-plus-chers-a.webp\"><\/p>\n<h2>Kane serait une signature glorieuse pour Barcelone<\/h2>\n<p>Kane a \u00e9t\u00e9 en excellente forme pour le Bayern au d\u00e9but de cette saison, marquant six buts et enregistrant deux passes d\u00e9cisives en quatre apparitions, dont trois buts et deux passes d\u00e9cisives en deux apparitions en Bundesliga.<\/p>\n<p>Le capitaine d&#39;Angleterre est un buteur exceptionnel, mais sa capacit\u00e9 \u00e0 amener d&#39;autres joueurs dans le jeu est \u00e9galement brillante, et il semble parfaitement adapt\u00e9 \u00e0 Barcelone compte tenu du mouvement qu&#39;il aurait autour de lui.<\/p>\n<p>Barcelone n&#39;aurait pas \u00e0 rompre la banque pour le signer en 2026, et il pourrait \u00eatre le remplacement id\u00e9al pour Lewandowski, qui pourrait d\u00e9cider de mettre fin \u00e0 sa carri\u00e8re en Arabie saoudite ou au MLS.<\/p>\n<div class=\"author_box\">\n<div class=\"author_box_banner\"> <img decoding=\"async\" class=\"author_img\" src=\"https:\/\/footdavant.fr\/actualites\/wp-content\/uploads\/2025\/06\/1749851283_714_Man-United-Transfer-News-Antony-Dernier-revele-apres-le-spectaculaire.jpg\"><\/div>\n<\/div>\n<\/div>\n","protected":false},"excerpt":{"rendered":"<p>Barcelone aurait envisag\u00e9 de faire un pas pour l&#39;attaquant du Bayern Munich Harry Kane lors de la fen\u00eatre de transfert de l&#39;\u00e9t\u00e9 prochain. Barcelone envisagerait<\/p>\n","protected":false},"author":1,"featured_media":28155,"comment_status":"closed","ping_status":"","sticky":false,"template":"","format":"standard","meta":{"footnotes":""},"categories":[5],"tags":[130,6386,4740,32,862,93,3373,409,525,309,2147,3372,1124,2732],"yoast_head":"<!-- This site is optimized with the Yoast SEO plugin v21.0 - https:\/\/yoast.com\/wordpress\/plugins\/seo\/ -->\n<title>Barcelone Transfer News: Harry Kane pourrait-il rejoindre les g\u00e9ants catalans en tant que remplacement de Robert Lewandowski?<\/title>\n<meta name=\"robots\" content=\"index, follow, max-snippet:-1, max-image-preview:large, max-video-preview:-1\" \/>\n<link rel=\"canonical\" href=\"https:\/\/footdavant.fr\/actualites\/barcelone-transfer-news-harry-kane-pourrait-il-rejoindre-les-geants-catalans-en-tant-que-remplacement-de-robert-lewandowski\/\" \/>\n<meta property=\"og:locale\" content=\"fr_FR\" \/>\n<meta property=\"og:type\" content=\"article\" \/>\n<meta property=\"og:title\" content=\"Barcelone Transfer News: Harry Kane pourrait-il rejoindre les g\u00e9ants catalans en tant que remplacement de Robert Lewandowski?\" \/>\n<meta property=\"og:description\" content=\"Barcelone aurait envisag\u00e9 de faire un pas pour l&#039;attaquant du Bayern Munich Harry Kane lors de la fen\u00eatre de transfert de l&#039;\u00e9t\u00e9 prochain. Barcelone envisagerait\" \/>\n<meta property=\"og:url\" content=\"https:\/\/footdavant.fr\/actualites\/barcelone-transfer-news-harry-kane-pourrait-il-rejoindre-les-geants-catalans-en-tant-que-remplacement-de-robert-lewandowski\/\" \/>\n<meta property=\"og:site_name\" content=\"Foot d&#039;avant\" \/>\n<meta property=\"article:publisher\" content=\"https:\/\/www.facebook.com\/Footdavant\/\" \/>\n<meta property=\"article:published_time\" content=\"2025-09-05T16:48:14+00:00\" \/>\n<meta property=\"article:modified_time\" content=\"2025-09-05T16:48:15+00:00\" \/>\n<meta property=\"og:image\" content=\"https:\/\/footdavant.fr\/actualites\/wp-content\/uploads\/2025\/09\/Barcelone-Transfer-News-Harry-Kane-pourrait-il-rejoindre-les-geants-catalans.jpg\" \/>\n\t<meta property=\"og:image:width\" content=\"640\" \/>\n\t<meta property=\"og:image:height\" content=\"480\" \/>\n\t<meta property=\"og:image:type\" content=\"image\/jpeg\" \/>\n<meta name=\"author\" content=\"Cl\u00e9ment\" \/>\n<meta name=\"twitter:card\" content=\"summary_large_image\" \/>\n<meta name=\"twitter:creator\" content=\"@FootdavantFr\" \/>\n<meta name=\"twitter:site\" content=\"@FootdavantFr\" \/>\n<meta name=\"twitter:label1\" content=\"\u00c9crit par\" \/>\n\t<meta name=\"twitter:data1\" content=\"Cl\u00e9ment\" \/>\n\t<meta name=\"twitter:label2\" content=\"Dur\u00e9e de lecture estim\u00e9e\" \/>\n\t<meta name=\"twitter:data2\" content=\"2 minutes\" \/>\n<script type=\"application\/ld+json\" class=\"yoast-schema-graph\">{\"@context\":\"https:\/\/schema.org\",\"@graph\":[{\"@type\":\"Article\",\"@id\":\"https:\/\/footdavant.fr\/actualites\/barcelone-transfer-news-harry-kane-pourrait-il-rejoindre-les-geants-catalans-en-tant-que-remplacement-de-robert-lewandowski\/#article\",\"isPartOf\":{\"@id\":\"https:\/\/footdavant.fr\/actualites\/barcelone-transfer-news-harry-kane-pourrait-il-rejoindre-les-geants-catalans-en-tant-que-remplacement-de-robert-lewandowski\/\"},\"author\":{\"name\":\"Cl\u00e9ment\",\"@id\":\"https:\/\/footdavant.fr\/actualites\/#\/schema\/person\/bc222566d95871b37e597b3ed3ba5e1d\"},\"headline\":\"Barcelone Transfer News: Harry Kane pourrait-il rejoindre les g\u00e9ants catalans en tant que remplacement de Robert Lewandowski?\",\"datePublished\":\"2025-09-05T16:48:14+00:00\",\"dateModified\":\"2025-09-05T16:48:15+00:00\",\"mainEntityOfPage\":{\"@id\":\"https:\/\/footdavant.fr\/actualites\/barcelone-transfer-news-harry-kane-pourrait-il-rejoindre-les-geants-catalans-en-tant-que-remplacement-de-robert-lewandowski\/\"},\"wordCount\":478,\"publisher\":{\"@id\":\"https:\/\/footdavant.fr\/actualites\/#organization\"},\"keywords\":[\"Barcelone\",\"catalans\",\"g\u00e9ants\",\"Harry\",\"Kane\",\"les\",\"Lewandowski\",\"News\",\"pourraitil\",\"rejoindre\",\"remplacement\",\"Robert\",\"tant\",\"Transfer\"],\"articleSection\":[\"Premier League\"],\"inLanguage\":\"fr-FR\"},{\"@type\":\"WebPage\",\"@id\":\"https:\/\/footdavant.fr\/actualites\/barcelone-transfer-news-harry-kane-pourrait-il-rejoindre-les-geants-catalans-en-tant-que-remplacement-de-robert-lewandowski\/\",\"url\":\"https:\/\/footdavant.fr\/actualites\/barcelone-transfer-news-harry-kane-pourrait-il-rejoindre-les-geants-catalans-en-tant-que-remplacement-de-robert-lewandowski\/\",\"name\":\"Barcelone Transfer News: Harry Kane pourrait-il rejoindre les g\u00e9ants catalans en tant que remplacement de Robert Lewandowski?\",\"isPartOf\":{\"@id\":\"https:\/\/footdavant.fr\/actualites\/#website\"},\"datePublished\":\"2025-09-05T16:48:14+00:00\",\"dateModified\":\"2025-09-05T16:48:15+00:00\",\"breadcrumb\":{\"@id\":\"https:\/\/footdavant.fr\/actualites\/barcelone-transfer-news-harry-kane-pourrait-il-rejoindre-les-geants-catalans-en-tant-que-remplacement-de-robert-lewandowski\/#breadcrumb\"},\"inLanguage\":\"fr-FR\",\"potentialAction\":[{\"@type\":\"ReadAction\",\"target\":[\"https:\/\/footdavant.fr\/actualites\/barcelone-transfer-news-harry-kane-pourrait-il-rejoindre-les-geants-catalans-en-tant-que-remplacement-de-robert-lewandowski\/\"]}]},{\"@type\":\"BreadcrumbList\",\"@id\":\"https:\/\/footdavant.fr\/actualites\/barcelone-transfer-news-harry-kane-pourrait-il-rejoindre-les-geants-catalans-en-tant-que-remplacement-de-robert-lewandowski\/#breadcrumb\",\"itemListElement\":[{\"@type\":\"ListItem\",\"position\":1,\"name\":\"Accueil\",\"item\":\"https:\/\/footdavant.fr\/actualites\/\"},{\"@type\":\"ListItem\",\"position\":2,\"name\":\"Barcelone Transfer News: Harry Kane pourrait-il rejoindre les g\u00e9ants catalans en tant que remplacement de Robert Lewandowski?\"}]},{\"@type\":\"WebSite\",\"@id\":\"https:\/\/footdavant.fr\/actualites\/#website\",\"url\":\"https:\/\/footdavant.fr\/actualites\/\",\"name\":\"Foot d'avant\",\"description\":\"\",\"publisher\":{\"@id\":\"https:\/\/footdavant.fr\/actualites\/#organization\"},\"potentialAction\":[{\"@type\":\"SearchAction\",\"target\":{\"@type\":\"EntryPoint\",\"urlTemplate\":\"https:\/\/footdavant.fr\/actualites\/?s={search_term_string}\"},\"query-input\":\"required name=search_term_string\"}],\"inLanguage\":\"fr-FR\"},{\"@type\":\"Organization\",\"@id\":\"https:\/\/footdavant.fr\/actualites\/#organization\",\"name\":\"Foot d'avant\",\"url\":\"https:\/\/footdavant.fr\/actualites\/\",\"logo\":{\"@type\":\"ImageObject\",\"inLanguage\":\"fr-FR\",\"@id\":\"https:\/\/footdavant.fr\/actualites\/#\/schema\/logo\/image\/\",\"url\":\"https:\/\/footdavant.fr\/actualites\/wp-content\/uploads\/2023\/09\/Copy-of-FootDavant-Logo.png\",\"contentUrl\":\"https:\/\/footdavant.fr\/actualites\/wp-content\/uploads\/2023\/09\/Copy-of-FootDavant-Logo.png\",\"width\":936,\"height\":549,\"caption\":\"Foot d'avant\"},\"image\":{\"@id\":\"https:\/\/footdavant.fr\/actualites\/#\/schema\/logo\/image\/\"},\"sameAs\":[\"https:\/\/www.facebook.com\/Footdavant\/\",\"https:\/\/twitter.com\/FootdavantFr\",\"https:\/\/www.instagram.com\/footdavant.fr\/\"]},{\"@type\":\"Person\",\"@id\":\"https:\/\/footdavant.fr\/actualites\/#\/schema\/person\/bc222566d95871b37e597b3ed3ba5e1d\",\"name\":\"Cl\u00e9ment\",\"image\":{\"@type\":\"ImageObject\",\"inLanguage\":\"fr-FR\",\"@id\":\"https:\/\/footdavant.fr\/actualites\/#\/schema\/person\/image\/\",\"url\":\"https:\/\/secure.gravatar.com\/avatar\/7728b29aac2719421e1a9159b2254c44?s=96&d=mm&r=g\",\"contentUrl\":\"https:\/\/secure.gravatar.com\/avatar\/7728b29aac2719421e1a9159b2254c44?s=96&d=mm&r=g\",\"caption\":\"Cl\u00e9ment\"},\"sameAs\":[\"https:\/\/footdavant.fr\/\"]}]}<\/script>\n<!-- \/ Yoast SEO plugin. -->","yoast_head_json":{"title":"Barcelone Transfer News: Harry Kane pourrait-il rejoindre les g\u00e9ants catalans en tant que remplacement de Robert Lewandowski?","robots":{"index":"index","follow":"follow","max-snippet":"max-snippet:-1","max-image-preview":"max-image-preview:large","max-video-preview":"max-video-preview:-1"},"canonical":"https:\/\/footdavant.fr\/actualites\/barcelone-transfer-news-harry-kane-pourrait-il-rejoindre-les-geants-catalans-en-tant-que-remplacement-de-robert-lewandowski\/","og_locale":"fr_FR","og_type":"article","og_title":"Barcelone Transfer News: Harry Kane pourrait-il rejoindre les g\u00e9ants catalans en tant que remplacement de Robert Lewandowski?","og_description":"Barcelone aurait envisag\u00e9 de faire un pas pour l&#39;attaquant du Bayern Munich Harry Kane lors de la fen\u00eatre de transfert de l&#39;\u00e9t\u00e9 prochain. Barcelone envisagerait","og_url":"https:\/\/footdavant.fr\/actualites\/barcelone-transfer-news-harry-kane-pourrait-il-rejoindre-les-geants-catalans-en-tant-que-remplacement-de-robert-lewandowski\/","og_site_name":"Foot d&#039;avant","article_publisher":"https:\/\/www.facebook.com\/Footdavant\/","article_published_time":"2025-09-05T16:48:14+00:00","article_modified_time":"2025-09-05T16:48:15+00:00","og_image":[{"width":640,"height":480,"url":"https:\/\/footdavant.fr\/actualites\/wp-content\/uploads\/2025\/09\/Barcelone-Transfer-News-Harry-Kane-pourrait-il-rejoindre-les-geants-catalans.jpg","type":"image\/jpeg"}],"author":"Cl\u00e9ment","twitter_card":"summary_large_image","twitter_creator":"@FootdavantFr","twitter_site":"@FootdavantFr","twitter_misc":{"\u00c9crit par":"Cl\u00e9ment","Dur\u00e9e de lecture estim\u00e9e":"2 minutes"},"schema":{"@context":"https:\/\/schema.org","@graph":[{"@type":"Article","@id":"https:\/\/footdavant.fr\/actualites\/barcelone-transfer-news-harry-kane-pourrait-il-rejoindre-les-geants-catalans-en-tant-que-remplacement-de-robert-lewandowski\/#article","isPartOf":{"@id":"https:\/\/footdavant.fr\/actualites\/barcelone-transfer-news-harry-kane-pourrait-il-rejoindre-les-geants-catalans-en-tant-que-remplacement-de-robert-lewandowski\/"},"author":{"name":"Cl\u00e9ment","@id":"https:\/\/footdavant.fr\/actualites\/#\/schema\/person\/bc222566d95871b37e597b3ed3ba5e1d"},"headline":"Barcelone Transfer News: Harry Kane pourrait-il rejoindre les g\u00e9ants catalans en tant que remplacement de Robert Lewandowski?","datePublished":"2025-09-05T16:48:14+00:00","dateModified":"2025-09-05T16:48:15+00:00","mainEntityOfPage":{"@id":"https:\/\/footdavant.fr\/actualites\/barcelone-transfer-news-harry-kane-pourrait-il-rejoindre-les-geants-catalans-en-tant-que-remplacement-de-robert-lewandowski\/"},"wordCount":478,"publisher":{"@id":"https:\/\/footdavant.fr\/actualites\/#organization"},"keywords":["Barcelone","catalans","g\u00e9ants","Harry","Kane","les","Lewandowski","News","pourraitil","rejoindre","remplacement","Robert","tant","Transfer"],"articleSection":["Premier League"],"inLanguage":"fr-FR"},{"@type":"WebPage","@id":"https:\/\/footdavant.fr\/actualites\/barcelone-transfer-news-harry-kane-pourrait-il-rejoindre-les-geants-catalans-en-tant-que-remplacement-de-robert-lewandowski\/","url":"https:\/\/footdavant.fr\/actualites\/barcelone-transfer-news-harry-kane-pourrait-il-rejoindre-les-geants-catalans-en-tant-que-remplacement-de-robert-lewandowski\/","name":"Barcelone Transfer News: Harry Kane pourrait-il rejoindre les g\u00e9ants catalans en tant que remplacement de Robert Lewandowski?","isPartOf":{"@id":"https:\/\/footdavant.fr\/actualites\/#website"},"datePublished":"2025-09-05T16:48:14+00:00","dateModified":"2025-09-05T16:48:15+00:00","breadcrumb":{"@id":"https:\/\/footdavant.fr\/actualites\/barcelone-transfer-news-harry-kane-pourrait-il-rejoindre-les-geants-catalans-en-tant-que-remplacement-de-robert-lewandowski\/#breadcrumb"},"inLanguage":"fr-FR","potentialAction":[{"@type":"ReadAction","target":["https:\/\/footdavant.fr\/actualites\/barcelone-transfer-news-harry-kane-pourrait-il-rejoindre-les-geants-catalans-en-tant-que-remplacement-de-robert-lewandowski\/"]}]},{"@type":"BreadcrumbList","@id":"https:\/\/footdavant.fr\/actualites\/barcelone-transfer-news-harry-kane-pourrait-il-rejoindre-les-geants-catalans-en-tant-que-remplacement-de-robert-lewandowski\/#breadcrumb","itemListElement":[{"@type":"ListItem","position":1,"name":"Accueil","item":"https:\/\/footdavant.fr\/actualites\/"},{"@type":"ListItem","position":2,"name":"Barcelone Transfer News: Harry Kane pourrait-il rejoindre les g\u00e9ants catalans en tant que remplacement de Robert Lewandowski?"}]},{"@type":"WebSite","@id":"https:\/\/footdavant.fr\/actualites\/#website","url":"https:\/\/footdavant.fr\/actualites\/","name":"Foot d'avant","description":"","publisher":{"@id":"https:\/\/footdavant.fr\/actualites\/#organization"},"potentialAction":[{"@type":"SearchAction","target":{"@type":"EntryPoint","urlTemplate":"https:\/\/footdavant.fr\/actualites\/?s={search_term_string}"},"query-input":"required name=search_term_string"}],"inLanguage":"fr-FR"},{"@type":"Organization","@id":"https:\/\/footdavant.fr\/actualites\/#organization","name":"Foot d'avant","url":"https:\/\/footdavant.fr\/actualites\/","logo":{"@type":"ImageObject","inLanguage":"fr-FR","@id":"https:\/\/footdavant.fr\/actualites\/#\/schema\/logo\/image\/","url":"https:\/\/footdavant.fr\/actualites\/wp-content\/uploads\/2023\/09\/Copy-of-FootDavant-Logo.png","contentUrl":"https:\/\/footdavant.fr\/actualites\/wp-content\/uploads\/2023\/09\/Copy-of-FootDavant-Logo.png","width":936,"height":549,"caption":"Foot d'avant"},"image":{"@id":"https:\/\/footdavant.fr\/actualites\/#\/schema\/logo\/image\/"},"sameAs":["https:\/\/www.facebook.com\/Footdavant\/","https:\/\/twitter.com\/FootdavantFr","https:\/\/www.instagram.com\/footdavant.fr\/"]},{"@type":"Person","@id":"https:\/\/footdavant.fr\/actualites\/#\/schema\/person\/bc222566d95871b37e597b3ed3ba5e1d","name":"Cl\u00e9ment","image":{"@type":"ImageObject","inLanguage":"fr-FR","@id":"https:\/\/footdavant.fr\/actualites\/#\/schema\/person\/image\/","url":"https:\/\/secure.gravatar.com\/avatar\/7728b29aac2719421e1a9159b2254c44?s=96&d=mm&r=g","contentUrl":"https:\/\/secure.gravatar.com\/avatar\/7728b29aac2719421e1a9159b2254c44?s=96&d=mm&r=g","caption":"Cl\u00e9ment"},"sameAs":["https:\/\/footdavant.fr\/"]}]}},"_links":{"self":[{"href":"https:\/\/footdavant.fr\/actualites\/wp-json\/wp\/v2\/posts\/28154"}],"collection":[{"href":"https:\/\/footdavant.fr\/actualites\/wp-json\/wp\/v2\/posts"}],"about":[{"href":"https:\/\/footdavant.fr\/actualites\/wp-json\/wp\/v2\/types\/post"}],"author":[{"embeddable":true,"href":"https:\/\/footdavant.fr\/actualites\/wp-json\/wp\/v2\/users\/1"}],"replies":[{"embeddable":true,"href":"https:\/\/footdavant.fr\/actualites\/wp-json\/wp\/v2\/comments?post=28154"}],"version-history":[{"count":1,"href":"https:\/\/footdavant.fr\/actualites\/wp-json\/wp\/v2\/posts\/28154\/revisions"}],"predecessor-version":[{"id":28156,"href":"https:\/\/footdavant.fr\/actualites\/wp-json\/wp\/v2\/posts\/28154\/revisions\/28156"}],"wp:featuredmedia":[{"embeddable":true,"href":"https:\/\/footdavant.fr\/actualites\/wp-json\/wp\/v2\/media\/28155"}],"wp:attachment":[{"href":"https:\/\/footdavant.fr\/actualites\/wp-json\/wp\/v2\/media?parent=28154"}],"wp:term":[{"taxonomy":"category","embeddable":true,"href":"https:\/\/footdavant.fr\/actualites\/wp-json\/wp\/v2\/categories?post=28154"},{"taxonomy":"post_tag","embeddable":true,"href":"https:\/\/footdavant.fr\/actualites\/wp-json\/wp\/v2\/tags?post=28154"}],"curies":[{"name":"wp","href":"https:\/\/api.w.org\/{rel}","templated":true}]}}