{"id":28163,"date":"2025-09-06T00:48:17","date_gmt":"2025-09-05T22:48:17","guid":{"rendered":"https:\/\/footdavant.fr\/actualites\/gattuso-revele-une-conversation-avec-chiesa-sur-italie-snub\/"},"modified":"2025-09-06T00:48:19","modified_gmt":"2025-09-05T22:48:19","slug":"gattuso-revele-une-conversation-avec-chiesa-sur-italie-snub","status":"publish","type":"post","link":"https:\/\/footdavant.fr\/actualites\/gattuso-revele-une-conversation-avec-chiesa-sur-italie-snub\/","title":{"rendered":"Gattuso r\u00e9v\u00e8le une conversation avec Chiesa sur Italie Snub"},"content":{"rendered":"<div id=\"article-body\">\n<!-- Article Start --><\/p>\n<p>La profondeur d&#39;attaque de Liverpool a \u00e9t\u00e9 stimul\u00e9e cet \u00e9t\u00e9 avec les arriv\u00e9es d&#39;Alexander Isak et Hugo Ekitike, mais un homme glissant dans l&#39;ordre hi\u00e9rarchique est Federico Chiesa.<\/p>\n<p>L&#39;attaquant italien a d\u00e9j\u00e0 marqu\u00e9 pour nous cette saison, ce qui a permis au vainqueur contre Bournemouth \u00e0 Anfield, mais son r\u00f4le futur sous ARNE SLOT semble incertain.<\/p>\n<h2>Chiesa a laiss\u00e9 la ligue des champions et les \u00e9quipes d&#39;Italie<\/h2>\n<figure class=\"wp-caption alignnone\"><picture><source type=\"image\/webp\" data- data-><\/source><\/picture><\/figure>\n<p>Chiesa a figur\u00e9 dans plus de minutes dans les quatre premiers matchs de Premier League qu&#39;il n&#39;a r\u00e9ussi dans de grands sorts de la saison derni\u00e8re, mais il a \u00e9t\u00e9 omis de notre \u00e9quipe de phase de la Ligue des champions.<\/p>\n<p>Maintenant, l&#39;entra\u00eeneur italien Gennaro Gattuso a expliqu\u00e9 pourquoi le joueur de 27 ans a \u00e9galement \u00e9t\u00e9 exclu de l&#39;\u00e9quipe nationale.<\/p>\n<p>S&#39;exprimant lors d&#39;une conf\u00e9rence de presse et relay\u00e9 par le journaliste de CBS Marco Messina sur X, Gattuso a d\u00e9clar\u00e9: <\/p>\n<\/p>\n<p>Cela s&#39;aligne sur la fa\u00e7on dont notre entra\u00eeneur-chef l&#39;a utilis\u00e9, l&#39;italien \u00e9tant gard\u00e9 en option du banc tandis que les nouveaux joueurs Isak et Ekitike ont pr\u00e9f\u00e9r\u00e9 d\u00e8s le d\u00e9but.<\/p>\n<h2>Carri\u00e8re de Liverpool \u00e0 un carrefour pour Chiesa<\/h2>\n<figure class=\"wp-caption alignnone\"><picture><source type=\"image\/webp\" data- data-><img decoding=\"async\" loading=\"lazy\" width=\"1500\" height=\"1000\" src=\"https:\/\/footdavant.fr\/actualites\/wp-content\/uploads\/2025\/09\/1757112497_742_Gattuso-revele-une-conversation-avec-Chiesa-sur-Italie-Snub.jpg\" class=\"lazyload wp-image-277544 has-webp\" alt=\"Federico Chiesa apr\u00e8s avoir marqu\u00e9 contre Bournemouth\"  data- style=\"aspect-ratio:1500\/1000;max-width:1500px\"><\/source><\/picture><\/figure>\n<p>Le record de blessures de l&#39;attaquant a \u00e9t\u00e9 un facteur au cours des derni\u00e8res saisons, et Gattuso et Slot semblent m\u00e9fiants de sa capacit\u00e9 \u00e0 maintenir le football \u00e0 haute intensit\u00e9 tous les trois jours.<\/p>\n<p>Liverpool a d\u00e9j\u00e0 sign\u00e9 Florian Wirtz et Isak dans des offres d&#39;une valeur de plus de 240 millions de livres sterling, poussant Chiesa plus loin d&#39;\u00eatre un d\u00e9marreur garanti.<\/p>\n<p>Bien que sa sortie tr\u00e8s vant\u00e9e cet \u00e9t\u00e9 ne se soit jamais concr\u00e9tis\u00e9e et cela montre qu&#39;il y a clairement un d\u00e9sir de l&#39;ancien joueur de la Juventus, ou du club, pour son voyage d&#39;Anfield.<\/p>\n<p>Pour l&#39;instant, il semble qu&#39;il donnera la priorit\u00e9 \u00e0 la forme physique et jouera son r\u00f4le dans la Premier League et les Coupes domestiques, tandis que les plus grandes nuits europ\u00e9ennes sont contest\u00e9es sans lui.<\/p>\n<\/p>\n<blockquote class=\"twitter-lazy tweet-img lazyload\" data-width=\"500\" data-dnt=\"true\">\n<p lang=\"en\" dir=\"ltr\">Gattuso explique pourquoi Chiesa n&#39;est pas dans l&#39;\u00e9quipe nationale:<\/p>\n<p>\u00abCe n&#39;est pas juste d&#39;en parler avant un match, mais je sais ce que Chiesa m&#39;a dit et ce que je lui ai dit. <\/p>\n<p>Je le r\u00e9p\u00e8te, nous voulions l&#39;appeler, mais j&#39;ai vu quelqu&#39;un qui n&#39;\u00e9tait pas s\u00fbr \u00e0 100% et pour moi vous devez \u00eatre totalement\u2026 <a rel=\"nofollow\" href=\"https:\/\/t.co\/DGYn5few7C\">pic.twitter.com\/dgyn5few7c<\/a><\/p>\n<p>&#8211; Marco Messina (@iftvmarco) <a rel=\"nofollow\" href=\"https:\/\/twitter.com\/IFTVMarco\/status\/1963712827421851962?ref_src=twsrc%5Etfw\">4 septembre 2025<\/a><\/p>\n<\/blockquote>\n<p><!-- Article End -->\t\t\t\t<\/div>\n<p><script async src=\"https:\/\/platform.twitter.com\/widgets.js\" charset=\"utf-8\"><\/script><\/p>\n","protected":false},"excerpt":{"rendered":"<p>La profondeur d&#39;attaque de Liverpool a \u00e9t\u00e9 stimul\u00e9e cet \u00e9t\u00e9 avec les arriv\u00e9es d&#39;Alexander Isak et Hugo Ekitike, mais un homme glissant dans l&#39;ordre hi\u00e9rarchique<\/p>\n","protected":false},"author":1,"featured_media":28164,"comment_status":"closed","ping_status":"","sticky":false,"template":"","format":"standard","meta":{"footnotes":""},"categories":[3],"tags":[91,702,5772,10431,10432,415,9240,103,92],"yoast_head":"<!-- This site is optimized with the Yoast SEO plugin v21.0 - https:\/\/yoast.com\/wordpress\/plugins\/seo\/ -->\n<title>Gattuso r\u00e9v\u00e8le une conversation avec Chiesa sur Italie Snub<\/title>\n<meta name=\"robots\" content=\"index, follow, max-snippet:-1, max-image-preview:large, max-video-preview:-1\" \/>\n<link rel=\"canonical\" href=\"https:\/\/footdavant.fr\/actualites\/gattuso-revele-une-conversation-avec-chiesa-sur-italie-snub\/\" \/>\n<meta property=\"og:locale\" content=\"fr_FR\" \/>\n<meta property=\"og:type\" content=\"article\" \/>\n<meta property=\"og:title\" content=\"Gattuso r\u00e9v\u00e8le une conversation avec Chiesa sur Italie Snub\" \/>\n<meta property=\"og:description\" content=\"La profondeur d&#039;attaque de Liverpool a \u00e9t\u00e9 stimul\u00e9e cet \u00e9t\u00e9 avec les arriv\u00e9es d&#039;Alexander Isak et Hugo Ekitike, mais un homme glissant dans l&#039;ordre hi\u00e9rarchique\" \/>\n<meta property=\"og:url\" content=\"https:\/\/footdavant.fr\/actualites\/gattuso-revele-une-conversation-avec-chiesa-sur-italie-snub\/\" \/>\n<meta property=\"og:site_name\" content=\"Foot d&#039;avant\" \/>\n<meta property=\"article:publisher\" content=\"https:\/\/www.facebook.com\/Footdavant\/\" \/>\n<meta property=\"article:published_time\" content=\"2025-09-05T22:48:17+00:00\" \/>\n<meta property=\"article:modified_time\" content=\"2025-09-05T22:48:19+00:00\" \/>\n<meta property=\"og:image\" content=\"https:\/\/footdavant.fr\/actualites\/wp-content\/uploads\/2025\/09\/1757112498_Gattuso-revele-une-conversation-avec-Chiesa-sur-Italie-Snub.jpg\" \/>\n\t<meta property=\"og:image:width\" content=\"1200\" \/>\n\t<meta property=\"og:image:height\" content=\"675\" \/>\n\t<meta property=\"og:image:type\" content=\"image\/jpeg\" \/>\n<meta name=\"author\" content=\"Cl\u00e9ment\" \/>\n<meta name=\"twitter:card\" content=\"summary_large_image\" \/>\n<meta name=\"twitter:creator\" content=\"@FootdavantFr\" \/>\n<meta name=\"twitter:site\" content=\"@FootdavantFr\" \/>\n<meta name=\"twitter:label1\" content=\"\u00c9crit par\" \/>\n\t<meta name=\"twitter:data1\" content=\"Cl\u00e9ment\" \/>\n\t<meta name=\"twitter:label2\" content=\"Dur\u00e9e de lecture estim\u00e9e\" \/>\n\t<meta name=\"twitter:data2\" content=\"2 minutes\" \/>\n<script type=\"application\/ld+json\" class=\"yoast-schema-graph\">{\"@context\":\"https:\/\/schema.org\",\"@graph\":[{\"@type\":\"Article\",\"@id\":\"https:\/\/footdavant.fr\/actualites\/gattuso-revele-une-conversation-avec-chiesa-sur-italie-snub\/#article\",\"isPartOf\":{\"@id\":\"https:\/\/footdavant.fr\/actualites\/gattuso-revele-une-conversation-avec-chiesa-sur-italie-snub\/\"},\"author\":{\"name\":\"Cl\u00e9ment\",\"@id\":\"https:\/\/footdavant.fr\/actualites\/#\/schema\/person\/bc222566d95871b37e597b3ed3ba5e1d\"},\"headline\":\"Gattuso r\u00e9v\u00e8le une conversation avec Chiesa sur Italie Snub\",\"datePublished\":\"2025-09-05T22:48:17+00:00\",\"dateModified\":\"2025-09-05T22:48:19+00:00\",\"mainEntityOfPage\":{\"@id\":\"https:\/\/footdavant.fr\/actualites\/gattuso-revele-une-conversation-avec-chiesa-sur-italie-snub\/\"},\"wordCount\":452,\"publisher\":{\"@id\":\"https:\/\/footdavant.fr\/actualites\/#organization\"},\"keywords\":[\"avec\",\"Chiesa\",\"conversation\",\"Gattuso\",\"Italie\",\"r\u00e9v\u00e8le\",\"Snub\",\"sur\",\"une\"],\"articleSection\":[\"Football\"],\"inLanguage\":\"fr-FR\"},{\"@type\":\"WebPage\",\"@id\":\"https:\/\/footdavant.fr\/actualites\/gattuso-revele-une-conversation-avec-chiesa-sur-italie-snub\/\",\"url\":\"https:\/\/footdavant.fr\/actualites\/gattuso-revele-une-conversation-avec-chiesa-sur-italie-snub\/\",\"name\":\"Gattuso r\u00e9v\u00e8le une conversation avec Chiesa sur Italie Snub\",\"isPartOf\":{\"@id\":\"https:\/\/footdavant.fr\/actualites\/#website\"},\"datePublished\":\"2025-09-05T22:48:17+00:00\",\"dateModified\":\"2025-09-05T22:48:19+00:00\",\"breadcrumb\":{\"@id\":\"https:\/\/footdavant.fr\/actualites\/gattuso-revele-une-conversation-avec-chiesa-sur-italie-snub\/#breadcrumb\"},\"inLanguage\":\"fr-FR\",\"potentialAction\":[{\"@type\":\"ReadAction\",\"target\":[\"https:\/\/footdavant.fr\/actualites\/gattuso-revele-une-conversation-avec-chiesa-sur-italie-snub\/\"]}]},{\"@type\":\"BreadcrumbList\",\"@id\":\"https:\/\/footdavant.fr\/actualites\/gattuso-revele-une-conversation-avec-chiesa-sur-italie-snub\/#breadcrumb\",\"itemListElement\":[{\"@type\":\"ListItem\",\"position\":1,\"name\":\"Accueil\",\"item\":\"https:\/\/footdavant.fr\/actualites\/\"},{\"@type\":\"ListItem\",\"position\":2,\"name\":\"Gattuso r\u00e9v\u00e8le une conversation avec Chiesa sur Italie Snub\"}]},{\"@type\":\"WebSite\",\"@id\":\"https:\/\/footdavant.fr\/actualites\/#website\",\"url\":\"https:\/\/footdavant.fr\/actualites\/\",\"name\":\"Foot d'avant\",\"description\":\"\",\"publisher\":{\"@id\":\"https:\/\/footdavant.fr\/actualites\/#organization\"},\"potentialAction\":[{\"@type\":\"SearchAction\",\"target\":{\"@type\":\"EntryPoint\",\"urlTemplate\":\"https:\/\/footdavant.fr\/actualites\/?s={search_term_string}\"},\"query-input\":\"required name=search_term_string\"}],\"inLanguage\":\"fr-FR\"},{\"@type\":\"Organization\",\"@id\":\"https:\/\/footdavant.fr\/actualites\/#organization\",\"name\":\"Foot d'avant\",\"url\":\"https:\/\/footdavant.fr\/actualites\/\",\"logo\":{\"@type\":\"ImageObject\",\"inLanguage\":\"fr-FR\",\"@id\":\"https:\/\/footdavant.fr\/actualites\/#\/schema\/logo\/image\/\",\"url\":\"https:\/\/footdavant.fr\/actualites\/wp-content\/uploads\/2023\/09\/Copy-of-FootDavant-Logo.png\",\"contentUrl\":\"https:\/\/footdavant.fr\/actualites\/wp-content\/uploads\/2023\/09\/Copy-of-FootDavant-Logo.png\",\"width\":936,\"height\":549,\"caption\":\"Foot d'avant\"},\"image\":{\"@id\":\"https:\/\/footdavant.fr\/actualites\/#\/schema\/logo\/image\/\"},\"sameAs\":[\"https:\/\/www.facebook.com\/Footdavant\/\",\"https:\/\/twitter.com\/FootdavantFr\",\"https:\/\/www.instagram.com\/footdavant.fr\/\"]},{\"@type\":\"Person\",\"@id\":\"https:\/\/footdavant.fr\/actualites\/#\/schema\/person\/bc222566d95871b37e597b3ed3ba5e1d\",\"name\":\"Cl\u00e9ment\",\"image\":{\"@type\":\"ImageObject\",\"inLanguage\":\"fr-FR\",\"@id\":\"https:\/\/footdavant.fr\/actualites\/#\/schema\/person\/image\/\",\"url\":\"https:\/\/secure.gravatar.com\/avatar\/7728b29aac2719421e1a9159b2254c44?s=96&d=mm&r=g\",\"contentUrl\":\"https:\/\/secure.gravatar.com\/avatar\/7728b29aac2719421e1a9159b2254c44?s=96&d=mm&r=g\",\"caption\":\"Cl\u00e9ment\"},\"sameAs\":[\"https:\/\/footdavant.fr\/\"]}]}<\/script>\n<!-- \/ Yoast SEO plugin. -->","yoast_head_json":{"title":"Gattuso r\u00e9v\u00e8le une conversation avec Chiesa sur Italie Snub","robots":{"index":"index","follow":"follow","max-snippet":"max-snippet:-1","max-image-preview":"max-image-preview:large","max-video-preview":"max-video-preview:-1"},"canonical":"https:\/\/footdavant.fr\/actualites\/gattuso-revele-une-conversation-avec-chiesa-sur-italie-snub\/","og_locale":"fr_FR","og_type":"article","og_title":"Gattuso r\u00e9v\u00e8le une conversation avec Chiesa sur Italie Snub","og_description":"La profondeur d&#39;attaque de Liverpool a \u00e9t\u00e9 stimul\u00e9e cet \u00e9t\u00e9 avec les arriv\u00e9es d&#39;Alexander Isak et Hugo Ekitike, mais un homme glissant dans l&#39;ordre hi\u00e9rarchique","og_url":"https:\/\/footdavant.fr\/actualites\/gattuso-revele-une-conversation-avec-chiesa-sur-italie-snub\/","og_site_name":"Foot d&#039;avant","article_publisher":"https:\/\/www.facebook.com\/Footdavant\/","article_published_time":"2025-09-05T22:48:17+00:00","article_modified_time":"2025-09-05T22:48:19+00:00","og_image":[{"width":1200,"height":675,"url":"https:\/\/footdavant.fr\/actualites\/wp-content\/uploads\/2025\/09\/1757112498_Gattuso-revele-une-conversation-avec-Chiesa-sur-Italie-Snub.jpg","type":"image\/jpeg"}],"author":"Cl\u00e9ment","twitter_card":"summary_large_image","twitter_creator":"@FootdavantFr","twitter_site":"@FootdavantFr","twitter_misc":{"\u00c9crit par":"Cl\u00e9ment","Dur\u00e9e de lecture estim\u00e9e":"2 minutes"},"schema":{"@context":"https:\/\/schema.org","@graph":[{"@type":"Article","@id":"https:\/\/footdavant.fr\/actualites\/gattuso-revele-une-conversation-avec-chiesa-sur-italie-snub\/#article","isPartOf":{"@id":"https:\/\/footdavant.fr\/actualites\/gattuso-revele-une-conversation-avec-chiesa-sur-italie-snub\/"},"author":{"name":"Cl\u00e9ment","@id":"https:\/\/footdavant.fr\/actualites\/#\/schema\/person\/bc222566d95871b37e597b3ed3ba5e1d"},"headline":"Gattuso r\u00e9v\u00e8le une conversation avec Chiesa sur Italie Snub","datePublished":"2025-09-05T22:48:17+00:00","dateModified":"2025-09-05T22:48:19+00:00","mainEntityOfPage":{"@id":"https:\/\/footdavant.fr\/actualites\/gattuso-revele-une-conversation-avec-chiesa-sur-italie-snub\/"},"wordCount":452,"publisher":{"@id":"https:\/\/footdavant.fr\/actualites\/#organization"},"keywords":["avec","Chiesa","conversation","Gattuso","Italie","r\u00e9v\u00e8le","Snub","sur","une"],"articleSection":["Football"],"inLanguage":"fr-FR"},{"@type":"WebPage","@id":"https:\/\/footdavant.fr\/actualites\/gattuso-revele-une-conversation-avec-chiesa-sur-italie-snub\/","url":"https:\/\/footdavant.fr\/actualites\/gattuso-revele-une-conversation-avec-chiesa-sur-italie-snub\/","name":"Gattuso r\u00e9v\u00e8le une conversation avec Chiesa sur Italie Snub","isPartOf":{"@id":"https:\/\/footdavant.fr\/actualites\/#website"},"datePublished":"2025-09-05T22:48:17+00:00","dateModified":"2025-09-05T22:48:19+00:00","breadcrumb":{"@id":"https:\/\/footdavant.fr\/actualites\/gattuso-revele-une-conversation-avec-chiesa-sur-italie-snub\/#breadcrumb"},"inLanguage":"fr-FR","potentialAction":[{"@type":"ReadAction","target":["https:\/\/footdavant.fr\/actualites\/gattuso-revele-une-conversation-avec-chiesa-sur-italie-snub\/"]}]},{"@type":"BreadcrumbList","@id":"https:\/\/footdavant.fr\/actualites\/gattuso-revele-une-conversation-avec-chiesa-sur-italie-snub\/#breadcrumb","itemListElement":[{"@type":"ListItem","position":1,"name":"Accueil","item":"https:\/\/footdavant.fr\/actualites\/"},{"@type":"ListItem","position":2,"name":"Gattuso r\u00e9v\u00e8le une conversation avec Chiesa sur Italie Snub"}]},{"@type":"WebSite","@id":"https:\/\/footdavant.fr\/actualites\/#website","url":"https:\/\/footdavant.fr\/actualites\/","name":"Foot d'avant","description":"","publisher":{"@id":"https:\/\/footdavant.fr\/actualites\/#organization"},"potentialAction":[{"@type":"SearchAction","target":{"@type":"EntryPoint","urlTemplate":"https:\/\/footdavant.fr\/actualites\/?s={search_term_string}"},"query-input":"required name=search_term_string"}],"inLanguage":"fr-FR"},{"@type":"Organization","@id":"https:\/\/footdavant.fr\/actualites\/#organization","name":"Foot d'avant","url":"https:\/\/footdavant.fr\/actualites\/","logo":{"@type":"ImageObject","inLanguage":"fr-FR","@id":"https:\/\/footdavant.fr\/actualites\/#\/schema\/logo\/image\/","url":"https:\/\/footdavant.fr\/actualites\/wp-content\/uploads\/2023\/09\/Copy-of-FootDavant-Logo.png","contentUrl":"https:\/\/footdavant.fr\/actualites\/wp-content\/uploads\/2023\/09\/Copy-of-FootDavant-Logo.png","width":936,"height":549,"caption":"Foot d'avant"},"image":{"@id":"https:\/\/footdavant.fr\/actualites\/#\/schema\/logo\/image\/"},"sameAs":["https:\/\/www.facebook.com\/Footdavant\/","https:\/\/twitter.com\/FootdavantFr","https:\/\/www.instagram.com\/footdavant.fr\/"]},{"@type":"Person","@id":"https:\/\/footdavant.fr\/actualites\/#\/schema\/person\/bc222566d95871b37e597b3ed3ba5e1d","name":"Cl\u00e9ment","image":{"@type":"ImageObject","inLanguage":"fr-FR","@id":"https:\/\/footdavant.fr\/actualites\/#\/schema\/person\/image\/","url":"https:\/\/secure.gravatar.com\/avatar\/7728b29aac2719421e1a9159b2254c44?s=96&d=mm&r=g","contentUrl":"https:\/\/secure.gravatar.com\/avatar\/7728b29aac2719421e1a9159b2254c44?s=96&d=mm&r=g","caption":"Cl\u00e9ment"},"sameAs":["https:\/\/footdavant.fr\/"]}]}},"_links":{"self":[{"href":"https:\/\/footdavant.fr\/actualites\/wp-json\/wp\/v2\/posts\/28163"}],"collection":[{"href":"https:\/\/footdavant.fr\/actualites\/wp-json\/wp\/v2\/posts"}],"about":[{"href":"https:\/\/footdavant.fr\/actualites\/wp-json\/wp\/v2\/types\/post"}],"author":[{"embeddable":true,"href":"https:\/\/footdavant.fr\/actualites\/wp-json\/wp\/v2\/users\/1"}],"replies":[{"embeddable":true,"href":"https:\/\/footdavant.fr\/actualites\/wp-json\/wp\/v2\/comments?post=28163"}],"version-history":[{"count":1,"href":"https:\/\/footdavant.fr\/actualites\/wp-json\/wp\/v2\/posts\/28163\/revisions"}],"predecessor-version":[{"id":28165,"href":"https:\/\/footdavant.fr\/actualites\/wp-json\/wp\/v2\/posts\/28163\/revisions\/28165"}],"wp:featuredmedia":[{"embeddable":true,"href":"https:\/\/footdavant.fr\/actualites\/wp-json\/wp\/v2\/media\/28164"}],"wp:attachment":[{"href":"https:\/\/footdavant.fr\/actualites\/wp-json\/wp\/v2\/media?parent=28163"}],"wp:term":[{"taxonomy":"category","embeddable":true,"href":"https:\/\/footdavant.fr\/actualites\/wp-json\/wp\/v2\/categories?post=28163"},{"taxonomy":"post_tag","embeddable":true,"href":"https:\/\/footdavant.fr\/actualites\/wp-json\/wp\/v2\/tags?post=28163"}],"curies":[{"name":"wp","href":"https:\/\/api.w.org\/{rel}","templated":true}]}}