{"id":2825,"date":"2023-12-21T07:49:18","date_gmt":"2023-12-21T06:49:18","guid":{"rendered":"https:\/\/footdavant.fr\/actualites\/dejan-kulusevski-rejoint-le-groupe-delite-de-tottenham-hotspur-lors-de-la-victoire-de-nottingham-forest\/"},"modified":"2023-12-21T07:49:19","modified_gmt":"2023-12-21T06:49:19","slug":"dejan-kulusevski-rejoint-le-groupe-delite-de-tottenham-hotspur-lors-de-la-victoire-de-nottingham-forest","status":"publish","type":"post","link":"https:\/\/footdavant.fr\/actualites\/dejan-kulusevski-rejoint-le-groupe-delite-de-tottenham-hotspur-lors-de-la-victoire-de-nottingham-forest\/","title":{"rendered":"Dejan Kulusevski rejoint le groupe d\u2019\u00e9lite de Tottenham Hotspur lors de la victoire de Nottingham Forest"},"content":{"rendered":"<p>Dejan Kulusevski a rejoint une troupe d&rsquo;\u00e9lite de joueurs de Tottenham Hotspur avec son but et sa passe d\u00e9cisive lors de la victoire 2-0 en Premier League vendredi contre Nottingham Forest.<\/p>\n<div id=\"article_body\" itemprop=\"articleBody\">\n<h3 class=\"firstPara\">\n<strong class=\"autotag\">Dejan Kulusevski<\/strong> rejoint une troupe d&rsquo;\u00e9lite de <strong class=\"autotag\">Tottenham Hotspur<\/strong> joueurs avec sa performance d&rsquo;homme du match lors de la victoire 2-0 de vendredi en Premier League <strong class=\"autotag\">For\u00eat de Nottingham<\/strong>.<\/h3>\n<p>L&rsquo;attaquant su\u00e9dois a vol\u00e9 la vedette au City Ground pour diriger <strong class=\"autotag\">Ange Postecoglou<\/strong>les hommes de s&rsquo;adjugent des victoires cons\u00e9cutives dans l&rsquo;\u00e9lite, d&rsquo;abord en traversant pour <strong class=\"autotag\">Richarlison<\/strong> pour rentrer chez lui dans le temps additionnel de la premi\u00e8re mi-temps.<\/p>\n<p>Vingt minutes apr\u00e8s la reprise, Kulusevski profitait alors d&rsquo;un <strong class=\"autotag\">Matt Turner<\/strong> hurleur, frappant le premier poteau de l&rsquo;Am\u00e9ricain apr\u00e8s sa mauvaise tentative de d\u00e9gagement, alors qu&rsquo;il passait le ballon directement au Scandinave sous la pression de <strong class=\"autotag\">Fils Heung-min<\/strong>.<\/p>\n<p>Avant le triomphe de vendredi, Kulusevski avait \u00e9galement marqu\u00e9 et en avait inscrit un autre lors du match nul 3-3 de Tottenham contre Manchester City \u00e0 l&rsquo;Etihad, donnant le coup d&rsquo;envoi \u00e0 Son avant de r\u00e9cup\u00e9rer un point pour les Spurs \u00e0 la 90e minute.<\/p>\n<p>Ce faisant, l&rsquo;ancien joueur de la Juventus n&rsquo;est devenu que le quatri\u00e8me joueur de Tottenham \u00e0 inscrire un but et \u00e0 aider lors de matchs successifs \u00e0 l&rsquo;ext\u00e9rieur de Premier League, rejoignant Son, <strong class=\"autotag\">Harry Kane<\/strong> et <strong class=\"autotag\">Dimitar Berbatov<\/strong> dans ce club exclusif.<\/p>\n<p class=\"imgI\">\n<p>Une fois de plus, Kulusevski a \u00e9t\u00e9 d\u00e9ploy\u00e9 en tant que num\u00e9ro 10 des Spurs au City Ground \u00e0 la place des bless\u00e9s. <strong class=\"autotag\">James Maddison<\/strong> et <strong class=\"autotag\">Giovani Lo Celso<\/strong>comme <strong class=\"autotag\">Brennan Johnson<\/strong> et Son a soutenu Richarlison depuis les ailes.<\/p>\n<p>Cependant, Johnson a ensuite \u00e9t\u00e9 contraint de quitter le terrain en raison d&rsquo;une blessure \u00e0 la t\u00eate apr\u00e8s seulement 32 minutes, obligeant Postecoglou \u00e0 redonner \u00e0 Kulusevski un r\u00f4le central en tant que joueur. <strong class=\"autotag\">Olivier Skipp<\/strong> est venu remplacer Johnson ensanglant\u00e9.<\/p>\n<p>Le changement de position en milieu de match a eu peu d&rsquo;impact sur le niveau de menace de Kulusevski, car le joueur de 23 ans s&rsquo;est cr\u00e9\u00e9 deux grosses occasions, a compl\u00e9t\u00e9 93% de ses passes et a \u00e9galement vu ses trois longs ballons atteindre leur cible.<\/p>\n<p>Sans surprise, Postecoglou a fait l&rsquo;\u00e9loge de Kulusevski apr\u00e8s le match et a \u00e9t\u00e9 particuli\u00e8rement satisfait de la menace accrue de but de l&rsquo;ailier, apr\u00e8s avoir soulign\u00e9 cet aspect de son jeu comme un domaine sur lequel travailler.<\/p>\n<p>\u00ab\u00a0Oui, il a \u00e9t\u00e9 g\u00e9nial. Il a \u00e9t\u00e9 formidable toute l&rsquo;ann\u00e9e, pour \u00eatre honn\u00eate\u00a0\u00bb, a d\u00e9clar\u00e9 Postecoglou aux journalistes lors de sa conf\u00e9rence de presse d&rsquo;apr\u00e8s-match, cit\u00e9 par <em>football.londres<\/em>.<\/p>\n<p class=\"imgI\"><img decoding=\"async\" loading=\"lazy\" class=\"l\" src=\"https:\/\/footdavant.fr\/actualites\/wp-content\/uploads\/2023\/12\/Dejan-Kulusevski-rejoint-le-groupe-delite-de-Tottenham-Hotspur-lors.JPG\" title=\"Ange Postecoglou, manager de Tottenham Hotspur, photographi\u00e9 le 10 d\u00e9cembre 2023\" alt=\"Ange Postecoglou, manager de Tottenham Hotspur, photographi\u00e9 le 10 d\u00e9cembre 2023\" width=\"640\" height=\"480\"><\/p>\n<p>\u00ab\u00a0Nous l&rsquo;avons affront\u00e9 \u00e0 plusieurs postes. Nous l&rsquo;avons lanc\u00e9 au milieu et je pensais qu&rsquo;il \u00e9tait vraiment bon et leur causait des probl\u00e8mes. Je pensais que nous avions l&rsquo;air tr\u00e8s forts au d\u00e9but et nous avons cr\u00e9\u00e9 quelques tr\u00e8s bonnes opportunit\u00e9s. .<\/p>\n<p>\u00ab\u00a0Puis Brennan est sorti et nous avons d\u00fb le mettre \u00e0 l&rsquo;\u00e9cart. Nous savons ce qu&rsquo;il peut faire l\u00e0-bas et nous avons travaill\u00e9 dur avec lui pour devenir davantage une menace de but. Nous pensons que c&rsquo;est le seul aspect de son jeu qu&rsquo;il a encore. doit combler un foss\u00e9. <\/p>\n<p>\u00ab\u00a0Il a pris cela en compte et il arrive maintenant \u00e0 des positions o\u00f9 il peut marquer des buts. Il l&rsquo;a fait lors des derniers matchs et son rythme de travail g\u00e9n\u00e9ral est exceptionnel, mais il a la qualit\u00e9 pour le soutenir.\u00a0\u00bb<\/p>\n<p>Kulusevski compte d\u00e9sormais 12 buts et 18 passes d\u00e9cisives en 75 matches sous le maillot de Tottenham depuis son premier pr\u00eat de la Juventus en janvier 2022, qui a \u00e9t\u00e9 converti en un contrat permanent de 25,8 millions de livres sterling cet \u00e9t\u00e9.<\/p>\n<p>Le triomphe de Tottenham vendredi les a mis \u00e0 \u00e9galit\u00e9 de points avec Manchester City, quatri\u00e8me, au classement, et les Lilywhites se pr\u00e9parent maintenant \u00e0 accueillir Everton samedi prochain, mais ils seront priv\u00e9s des deux. <strong class=\"autotag\">Yves Bissouma<\/strong> et <strong class=\"autotag\">Destin Udogie<\/strong> contre les Toffees en raison d&rsquo;une suspension.<\/p>\n<\/div>\n","protected":false},"excerpt":{"rendered":"<p>Dejan Kulusevski a rejoint une troupe d&rsquo;\u00e9lite de joueurs de Tottenham Hotspur avec son but et sa passe d\u00e9cisive lors de la victoire 2-0 en<\/p>\n","protected":false},"author":1,"featured_media":2826,"comment_status":"closed","ping_status":"","sticky":false,"template":"","format":"standard","meta":{"footnotes":""},"categories":[5],"tags":[2413,1709,358,90,69,2414,64,357,1444,68,26],"yoast_head":"<!-- This site is optimized with the Yoast SEO plugin v21.0 - https:\/\/yoast.com\/wordpress\/plugins\/seo\/ -->\n<title>Dejan Kulusevski rejoint le groupe d\u2019\u00e9lite de Tottenham Hotspur lors de la victoire de Nottingham Forest<\/title>\n<meta name=\"robots\" content=\"index, follow, max-snippet:-1, max-image-preview:large, max-video-preview:-1\" \/>\n<link rel=\"canonical\" href=\"https:\/\/footdavant.fr\/actualites\/dejan-kulusevski-rejoint-le-groupe-delite-de-tottenham-hotspur-lors-de-la-victoire-de-nottingham-forest\/\" \/>\n<meta property=\"og:locale\" content=\"fr_FR\" \/>\n<meta property=\"og:type\" content=\"article\" \/>\n<meta property=\"og:title\" content=\"Dejan Kulusevski rejoint le groupe d\u2019\u00e9lite de Tottenham Hotspur lors de la victoire de Nottingham Forest\" \/>\n<meta property=\"og:description\" content=\"Dejan Kulusevski a rejoint une troupe d&rsquo;\u00e9lite de joueurs de Tottenham Hotspur avec son but et sa passe d\u00e9cisive lors de la victoire 2-0 en\" \/>\n<meta property=\"og:url\" content=\"https:\/\/footdavant.fr\/actualites\/dejan-kulusevski-rejoint-le-groupe-delite-de-tottenham-hotspur-lors-de-la-victoire-de-nottingham-forest\/\" \/>\n<meta property=\"og:site_name\" content=\"Foot d&#039;avant\" \/>\n<meta property=\"article:publisher\" content=\"https:\/\/www.facebook.com\/Footdavant\/\" \/>\n<meta property=\"article:published_time\" content=\"2023-12-21T06:49:18+00:00\" \/>\n<meta property=\"article:modified_time\" content=\"2023-12-21T06:49:19+00:00\" \/>\n<meta property=\"og:image\" content=\"https:\/\/footdavant.fr\/actualites\/wp-content\/uploads\/2023\/12\/Dejan-Kulusevski-rejoint-le-groupe-delite-de-Tottenham-Hotspur-lors.jpg\" \/>\n\t<meta property=\"og:image:width\" content=\"640\" \/>\n\t<meta property=\"og:image:height\" content=\"480\" \/>\n\t<meta property=\"og:image:type\" content=\"image\/jpeg\" \/>\n<meta name=\"author\" content=\"Cl\u00e9ment\" \/>\n<meta name=\"twitter:card\" content=\"summary_large_image\" \/>\n<meta name=\"twitter:creator\" content=\"@FootdavantFr\" \/>\n<meta name=\"twitter:site\" content=\"@FootdavantFr\" \/>\n<meta name=\"twitter:label1\" content=\"\u00c9crit par\" \/>\n\t<meta name=\"twitter:data1\" content=\"Cl\u00e9ment\" \/>\n\t<meta name=\"twitter:label2\" content=\"Dur\u00e9e de lecture estim\u00e9e\" \/>\n\t<meta name=\"twitter:data2\" content=\"3 minutes\" \/>\n<script type=\"application\/ld+json\" class=\"yoast-schema-graph\">{\"@context\":\"https:\/\/schema.org\",\"@graph\":[{\"@type\":\"Article\",\"@id\":\"https:\/\/footdavant.fr\/actualites\/dejan-kulusevski-rejoint-le-groupe-delite-de-tottenham-hotspur-lors-de-la-victoire-de-nottingham-forest\/#article\",\"isPartOf\":{\"@id\":\"https:\/\/footdavant.fr\/actualites\/dejan-kulusevski-rejoint-le-groupe-delite-de-tottenham-hotspur-lors-de-la-victoire-de-nottingham-forest\/\"},\"author\":{\"name\":\"Cl\u00e9ment\",\"@id\":\"https:\/\/footdavant.fr\/actualites\/#\/schema\/person\/bc222566d95871b37e597b3ed3ba5e1d\"},\"headline\":\"Dejan Kulusevski rejoint le groupe d\u2019\u00e9lite de Tottenham Hotspur lors de la victoire de Nottingham Forest\",\"datePublished\":\"2023-12-21T06:49:18+00:00\",\"dateModified\":\"2023-12-21T06:49:19+00:00\",\"mainEntityOfPage\":{\"@id\":\"https:\/\/footdavant.fr\/actualites\/dejan-kulusevski-rejoint-le-groupe-delite-de-tottenham-hotspur-lors-de-la-victoire-de-nottingham-forest\/\"},\"wordCount\":682,\"publisher\":{\"@id\":\"https:\/\/footdavant.fr\/actualites\/#organization\"},\"keywords\":[\"Dejan\",\"d\u00e9lite\",\"Forest\",\"Groupe\",\"Hotspur\",\"Kulusevski\",\"lors\",\"Nottingham\",\"rejoint\",\"Tottenham\",\"victoire\"],\"articleSection\":[\"Premier League\"],\"inLanguage\":\"fr-FR\"},{\"@type\":\"WebPage\",\"@id\":\"https:\/\/footdavant.fr\/actualites\/dejan-kulusevski-rejoint-le-groupe-delite-de-tottenham-hotspur-lors-de-la-victoire-de-nottingham-forest\/\",\"url\":\"https:\/\/footdavant.fr\/actualites\/dejan-kulusevski-rejoint-le-groupe-delite-de-tottenham-hotspur-lors-de-la-victoire-de-nottingham-forest\/\",\"name\":\"Dejan Kulusevski rejoint le groupe d\u2019\u00e9lite de Tottenham Hotspur lors de la victoire de Nottingham Forest\",\"isPartOf\":{\"@id\":\"https:\/\/footdavant.fr\/actualites\/#website\"},\"datePublished\":\"2023-12-21T06:49:18+00:00\",\"dateModified\":\"2023-12-21T06:49:19+00:00\",\"breadcrumb\":{\"@id\":\"https:\/\/footdavant.fr\/actualites\/dejan-kulusevski-rejoint-le-groupe-delite-de-tottenham-hotspur-lors-de-la-victoire-de-nottingham-forest\/#breadcrumb\"},\"inLanguage\":\"fr-FR\",\"potentialAction\":[{\"@type\":\"ReadAction\",\"target\":[\"https:\/\/footdavant.fr\/actualites\/dejan-kulusevski-rejoint-le-groupe-delite-de-tottenham-hotspur-lors-de-la-victoire-de-nottingham-forest\/\"]}]},{\"@type\":\"BreadcrumbList\",\"@id\":\"https:\/\/footdavant.fr\/actualites\/dejan-kulusevski-rejoint-le-groupe-delite-de-tottenham-hotspur-lors-de-la-victoire-de-nottingham-forest\/#breadcrumb\",\"itemListElement\":[{\"@type\":\"ListItem\",\"position\":1,\"name\":\"Accueil\",\"item\":\"https:\/\/footdavant.fr\/actualites\/\"},{\"@type\":\"ListItem\",\"position\":2,\"name\":\"Dejan Kulusevski rejoint le groupe d\u2019\u00e9lite de Tottenham Hotspur lors de la victoire de Nottingham Forest\"}]},{\"@type\":\"WebSite\",\"@id\":\"https:\/\/footdavant.fr\/actualites\/#website\",\"url\":\"https:\/\/footdavant.fr\/actualites\/\",\"name\":\"Foot d'avant\",\"description\":\"\",\"publisher\":{\"@id\":\"https:\/\/footdavant.fr\/actualites\/#organization\"},\"potentialAction\":[{\"@type\":\"SearchAction\",\"target\":{\"@type\":\"EntryPoint\",\"urlTemplate\":\"https:\/\/footdavant.fr\/actualites\/?s={search_term_string}\"},\"query-input\":\"required name=search_term_string\"}],\"inLanguage\":\"fr-FR\"},{\"@type\":\"Organization\",\"@id\":\"https:\/\/footdavant.fr\/actualites\/#organization\",\"name\":\"Foot d'avant\",\"url\":\"https:\/\/footdavant.fr\/actualites\/\",\"logo\":{\"@type\":\"ImageObject\",\"inLanguage\":\"fr-FR\",\"@id\":\"https:\/\/footdavant.fr\/actualites\/#\/schema\/logo\/image\/\",\"url\":\"https:\/\/footdavant.fr\/actualites\/wp-content\/uploads\/2023\/09\/Copy-of-FootDavant-Logo.png\",\"contentUrl\":\"https:\/\/footdavant.fr\/actualites\/wp-content\/uploads\/2023\/09\/Copy-of-FootDavant-Logo.png\",\"width\":936,\"height\":549,\"caption\":\"Foot d'avant\"},\"image\":{\"@id\":\"https:\/\/footdavant.fr\/actualites\/#\/schema\/logo\/image\/\"},\"sameAs\":[\"https:\/\/www.facebook.com\/Footdavant\/\",\"https:\/\/twitter.com\/FootdavantFr\",\"https:\/\/www.instagram.com\/footdavant.fr\/\"]},{\"@type\":\"Person\",\"@id\":\"https:\/\/footdavant.fr\/actualites\/#\/schema\/person\/bc222566d95871b37e597b3ed3ba5e1d\",\"name\":\"Cl\u00e9ment\",\"image\":{\"@type\":\"ImageObject\",\"inLanguage\":\"fr-FR\",\"@id\":\"https:\/\/footdavant.fr\/actualites\/#\/schema\/person\/image\/\",\"url\":\"https:\/\/secure.gravatar.com\/avatar\/7728b29aac2719421e1a9159b2254c44?s=96&d=mm&r=g\",\"contentUrl\":\"https:\/\/secure.gravatar.com\/avatar\/7728b29aac2719421e1a9159b2254c44?s=96&d=mm&r=g\",\"caption\":\"Cl\u00e9ment\"},\"sameAs\":[\"https:\/\/footdavant.fr\/\"]}]}<\/script>\n<!-- \/ Yoast SEO plugin. -->","yoast_head_json":{"title":"Dejan Kulusevski rejoint le groupe d\u2019\u00e9lite de Tottenham Hotspur lors de la victoire de Nottingham Forest","robots":{"index":"index","follow":"follow","max-snippet":"max-snippet:-1","max-image-preview":"max-image-preview:large","max-video-preview":"max-video-preview:-1"},"canonical":"https:\/\/footdavant.fr\/actualites\/dejan-kulusevski-rejoint-le-groupe-delite-de-tottenham-hotspur-lors-de-la-victoire-de-nottingham-forest\/","og_locale":"fr_FR","og_type":"article","og_title":"Dejan Kulusevski rejoint le groupe d\u2019\u00e9lite de Tottenham Hotspur lors de la victoire de Nottingham Forest","og_description":"Dejan Kulusevski a rejoint une troupe d&rsquo;\u00e9lite de joueurs de Tottenham Hotspur avec son but et sa passe d\u00e9cisive lors de la victoire 2-0 en","og_url":"https:\/\/footdavant.fr\/actualites\/dejan-kulusevski-rejoint-le-groupe-delite-de-tottenham-hotspur-lors-de-la-victoire-de-nottingham-forest\/","og_site_name":"Foot d&#039;avant","article_publisher":"https:\/\/www.facebook.com\/Footdavant\/","article_published_time":"2023-12-21T06:49:18+00:00","article_modified_time":"2023-12-21T06:49:19+00:00","og_image":[{"width":640,"height":480,"url":"https:\/\/footdavant.fr\/actualites\/wp-content\/uploads\/2023\/12\/Dejan-Kulusevski-rejoint-le-groupe-delite-de-Tottenham-Hotspur-lors.jpg","type":"image\/jpeg"}],"author":"Cl\u00e9ment","twitter_card":"summary_large_image","twitter_creator":"@FootdavantFr","twitter_site":"@FootdavantFr","twitter_misc":{"\u00c9crit par":"Cl\u00e9ment","Dur\u00e9e de lecture estim\u00e9e":"3 minutes"},"schema":{"@context":"https:\/\/schema.org","@graph":[{"@type":"Article","@id":"https:\/\/footdavant.fr\/actualites\/dejan-kulusevski-rejoint-le-groupe-delite-de-tottenham-hotspur-lors-de-la-victoire-de-nottingham-forest\/#article","isPartOf":{"@id":"https:\/\/footdavant.fr\/actualites\/dejan-kulusevski-rejoint-le-groupe-delite-de-tottenham-hotspur-lors-de-la-victoire-de-nottingham-forest\/"},"author":{"name":"Cl\u00e9ment","@id":"https:\/\/footdavant.fr\/actualites\/#\/schema\/person\/bc222566d95871b37e597b3ed3ba5e1d"},"headline":"Dejan Kulusevski rejoint le groupe d\u2019\u00e9lite de Tottenham Hotspur lors de la victoire de Nottingham Forest","datePublished":"2023-12-21T06:49:18+00:00","dateModified":"2023-12-21T06:49:19+00:00","mainEntityOfPage":{"@id":"https:\/\/footdavant.fr\/actualites\/dejan-kulusevski-rejoint-le-groupe-delite-de-tottenham-hotspur-lors-de-la-victoire-de-nottingham-forest\/"},"wordCount":682,"publisher":{"@id":"https:\/\/footdavant.fr\/actualites\/#organization"},"keywords":["Dejan","d\u00e9lite","Forest","Groupe","Hotspur","Kulusevski","lors","Nottingham","rejoint","Tottenham","victoire"],"articleSection":["Premier League"],"inLanguage":"fr-FR"},{"@type":"WebPage","@id":"https:\/\/footdavant.fr\/actualites\/dejan-kulusevski-rejoint-le-groupe-delite-de-tottenham-hotspur-lors-de-la-victoire-de-nottingham-forest\/","url":"https:\/\/footdavant.fr\/actualites\/dejan-kulusevski-rejoint-le-groupe-delite-de-tottenham-hotspur-lors-de-la-victoire-de-nottingham-forest\/","name":"Dejan Kulusevski rejoint le groupe d\u2019\u00e9lite de Tottenham Hotspur lors de la victoire de Nottingham Forest","isPartOf":{"@id":"https:\/\/footdavant.fr\/actualites\/#website"},"datePublished":"2023-12-21T06:49:18+00:00","dateModified":"2023-12-21T06:49:19+00:00","breadcrumb":{"@id":"https:\/\/footdavant.fr\/actualites\/dejan-kulusevski-rejoint-le-groupe-delite-de-tottenham-hotspur-lors-de-la-victoire-de-nottingham-forest\/#breadcrumb"},"inLanguage":"fr-FR","potentialAction":[{"@type":"ReadAction","target":["https:\/\/footdavant.fr\/actualites\/dejan-kulusevski-rejoint-le-groupe-delite-de-tottenham-hotspur-lors-de-la-victoire-de-nottingham-forest\/"]}]},{"@type":"BreadcrumbList","@id":"https:\/\/footdavant.fr\/actualites\/dejan-kulusevski-rejoint-le-groupe-delite-de-tottenham-hotspur-lors-de-la-victoire-de-nottingham-forest\/#breadcrumb","itemListElement":[{"@type":"ListItem","position":1,"name":"Accueil","item":"https:\/\/footdavant.fr\/actualites\/"},{"@type":"ListItem","position":2,"name":"Dejan Kulusevski rejoint le groupe d\u2019\u00e9lite de Tottenham Hotspur lors de la victoire de Nottingham Forest"}]},{"@type":"WebSite","@id":"https:\/\/footdavant.fr\/actualites\/#website","url":"https:\/\/footdavant.fr\/actualites\/","name":"Foot d'avant","description":"","publisher":{"@id":"https:\/\/footdavant.fr\/actualites\/#organization"},"potentialAction":[{"@type":"SearchAction","target":{"@type":"EntryPoint","urlTemplate":"https:\/\/footdavant.fr\/actualites\/?s={search_term_string}"},"query-input":"required name=search_term_string"}],"inLanguage":"fr-FR"},{"@type":"Organization","@id":"https:\/\/footdavant.fr\/actualites\/#organization","name":"Foot d'avant","url":"https:\/\/footdavant.fr\/actualites\/","logo":{"@type":"ImageObject","inLanguage":"fr-FR","@id":"https:\/\/footdavant.fr\/actualites\/#\/schema\/logo\/image\/","url":"https:\/\/footdavant.fr\/actualites\/wp-content\/uploads\/2023\/09\/Copy-of-FootDavant-Logo.png","contentUrl":"https:\/\/footdavant.fr\/actualites\/wp-content\/uploads\/2023\/09\/Copy-of-FootDavant-Logo.png","width":936,"height":549,"caption":"Foot d'avant"},"image":{"@id":"https:\/\/footdavant.fr\/actualites\/#\/schema\/logo\/image\/"},"sameAs":["https:\/\/www.facebook.com\/Footdavant\/","https:\/\/twitter.com\/FootdavantFr","https:\/\/www.instagram.com\/footdavant.fr\/"]},{"@type":"Person","@id":"https:\/\/footdavant.fr\/actualites\/#\/schema\/person\/bc222566d95871b37e597b3ed3ba5e1d","name":"Cl\u00e9ment","image":{"@type":"ImageObject","inLanguage":"fr-FR","@id":"https:\/\/footdavant.fr\/actualites\/#\/schema\/person\/image\/","url":"https:\/\/secure.gravatar.com\/avatar\/7728b29aac2719421e1a9159b2254c44?s=96&d=mm&r=g","contentUrl":"https:\/\/secure.gravatar.com\/avatar\/7728b29aac2719421e1a9159b2254c44?s=96&d=mm&r=g","caption":"Cl\u00e9ment"},"sameAs":["https:\/\/footdavant.fr\/"]}]}},"_links":{"self":[{"href":"https:\/\/footdavant.fr\/actualites\/wp-json\/wp\/v2\/posts\/2825"}],"collection":[{"href":"https:\/\/footdavant.fr\/actualites\/wp-json\/wp\/v2\/posts"}],"about":[{"href":"https:\/\/footdavant.fr\/actualites\/wp-json\/wp\/v2\/types\/post"}],"author":[{"embeddable":true,"href":"https:\/\/footdavant.fr\/actualites\/wp-json\/wp\/v2\/users\/1"}],"replies":[{"embeddable":true,"href":"https:\/\/footdavant.fr\/actualites\/wp-json\/wp\/v2\/comments?post=2825"}],"version-history":[{"count":1,"href":"https:\/\/footdavant.fr\/actualites\/wp-json\/wp\/v2\/posts\/2825\/revisions"}],"predecessor-version":[{"id":2827,"href":"https:\/\/footdavant.fr\/actualites\/wp-json\/wp\/v2\/posts\/2825\/revisions\/2827"}],"wp:featuredmedia":[{"embeddable":true,"href":"https:\/\/footdavant.fr\/actualites\/wp-json\/wp\/v2\/media\/2826"}],"wp:attachment":[{"href":"https:\/\/footdavant.fr\/actualites\/wp-json\/wp\/v2\/media?parent=2825"}],"wp:term":[{"taxonomy":"category","embeddable":true,"href":"https:\/\/footdavant.fr\/actualites\/wp-json\/wp\/v2\/categories?post=2825"},{"taxonomy":"post_tag","embeddable":true,"href":"https:\/\/footdavant.fr\/actualites\/wp-json\/wp\/v2\/tags?post=2825"}],"curies":[{"name":"wp","href":"https:\/\/api.w.org\/{rel}","templated":true}]}}