{"id":28287,"date":"2025-09-10T00:48:17","date_gmt":"2025-09-09T22:48:17","guid":{"rendered":"https:\/\/footdavant.fr\/actualites\/lappel-brutal-de-sir-jim-ratcliffe-a-attrape-andre-onana-par-surprise-man-united-news-and-transfer-news\/"},"modified":"2025-09-10T00:48:41","modified_gmt":"2025-09-09T22:48:41","slug":"lappel-brutal-de-sir-jim-ratcliffe-a-attrape-andre-onana-par-surprise-man-united-news-and-transfer-news","status":"publish","type":"post","link":"https:\/\/footdavant.fr\/actualites\/lappel-brutal-de-sir-jim-ratcliffe-a-attrape-andre-onana-par-surprise-man-united-news-and-transfer-news\/","title":{"rendered":"L&#39;appel brutal de Sir Jim Ratcliffe a attrap\u00e9 Andre Onana par surprise &#8211; Man United News and Transfer News"},"content":{"rendered":"<div id=\"penci-post-entry-inner\">\n<p>\t\t\t<i class=\"penci-post-countview-number-check\" style=\"display:none\">1<\/i><\/p>\n<p><!--Article Start--><br \/>Manchester United a finalement d\u00e9cid\u00e9 assez, et a choisi d&#39;envoyer Andr\u00e9 Onana en pr\u00eat \u00e0 Trabzonspor pour le reste de la saison.<\/p>\n<p>Le Camerounien \u00e9tait en faute pour la sortie humiliante des Red Devils aux mains de la ville de la Ligue deux Grimsby il y a quelques semaines, tandis que la saison derni\u00e8re, il a co\u00fbt\u00e9 l&#39;\u00e9quipe de Ruben Amorim, le troph\u00e9e de la Ligue Europa.<\/p>\n<p>Initialement, tout le bruit sortant du club semblait sugg\u00e9rer que l&#39;ancien as-Ajax allait rester, \u00e0 la grande d\u00e9ception des fans qui exigeaient un changement de but.<\/p>\n<p>Monaco et plusieurs \u00e9quipes saoudiennes de la Saudi Pro League ont \u00e9t\u00e9 refus\u00e9es, mais \u00e0 la fin, c&#39;est Sir Jim Ratcliffe qui est intervenu pour s&#39;assurer que l&#39;international du Cameroun est parti, selon le Daily Mail.<\/p>\n<h5>Sir Jim n&#39;a pas hach\u00e9 ses mots<\/h5>\n<p>Andre Onana a \u00e9t\u00e9 surpris par l&#39;appel impitoyable, mais c&#39;\u00e9tait certainement le bon, Ineos faisant appel \u00e0 Senne Lammens le jour de la date limite comme son remplacement.<\/p>\n<p>Amorim a clairement indiqu\u00e9 \u00e0 la hi\u00e9rarchie que les performances de la signature d&#39;Erik Ten sur le terrain et qu&#39;il revenait \u00e0 l&#39;entra\u00eenement de pr\u00e9-saison avec une blessure ne l&#39;ont pas un peu impressionn\u00e9.<\/p>\n<p>Ajoutez \u00e0 cela l&#39;influence n\u00e9gative qu&#39;il pourrait avoir sur le Belge nouvellement sign\u00e9, et il \u00e9tait clair qu&#39;un d\u00e9part \u00e9tait la meilleure ligne de conduite.<\/p>\n<p>\u00abSir Jim Ratcliffe a soutenu la d\u00e9cision d&#39;abandonner Andre Onana en tant que gardien de but n \u00b0 1 de Manchester United, qui a surpris l&#39;international du Cameroun par surprise.<\/p>\n<h5>Bye bye onana<\/h5>\n<p>\u00abConfidential comprend qu&#39;Amorim \u00e9tait m\u00e9content qu&#39;Onana ait subi une larme aux ischio-jambiers lors de son deuxi\u00e8me jour de pr\u00e9-saison apr\u00e8s son retour du Cameroun, o\u00f9 une vid\u00e9o a \u00e9merg\u00e9 de lui jouant sur le terrain sur un terrain de fortune boueux avec des amis.<\/p>\n<p>\u00abLe patron uni, qui se m\u00e9fiait \u00e9galement de l&#39;omission d&#39;Onana devenant une distraction pour Lammens alors que le Belge s&#39;installe, est arriv\u00e9 \u00e0 la d\u00e9cision de le d\u00e9placer avec le directeur du football Jason Wilcox.<\/p>\n<p>\u00abIl a \u00e9t\u00e9 soutenu par le propri\u00e9taire de la minorit\u00e9, Ratcliffe, qui a rendu ses r\u00e9flexions sur Onana claire en mars lorsqu&#39;il a parl\u00e9 publiquement des joueurs qui co\u00fbtaient toujours de l&#39;argent uni dans des versements dus \u00e0 leurs anciens clubs, suivant son investissement \u00e0 United.\u00bb<\/p>\n<p>United n&#39;a aucune intention de r\u00e9int\u00e9grer le tir une fois que son contrat de pr\u00eat se termine, Ineos esp\u00e9rant qu&#39;il puisse red\u00e9couvrir un semblant de son ancienne forme afin qu&#39;ils puissent vendre au plus offrant.<\/p>\n<\/p>\n<hr>\n<p>Suivez-nous sur bluesky: @ PeopleSerson.bsky.social<br \/><!--Article End--><\/p>\n<p><!-- CONTENT END 2 --><\/p><\/div>\n","protected":false},"excerpt":{"rendered":"<p>1 Manchester United a finalement d\u00e9cid\u00e9 assez, et a choisi d&#39;envoyer Andr\u00e9 Onana en pr\u00eat \u00e0 Trabzonspor pour le reste de la saison. Le Camerounien<\/p>\n","protected":false},"author":1,"featured_media":28288,"comment_status":"closed","ping_status":"","sticky":false,"template":"","format":"standard","meta":{"footnotes":""},"categories":[3],"tags":[194,8107,10164,691,5399,24,409,195,75,692,690,2666,2732,13],"yoast_head":"<!-- This site is optimized with the Yoast SEO plugin v21.0 - https:\/\/yoast.com\/wordpress\/plugins\/seo\/ -->\n<title>L&#039;appel brutal de Sir Jim Ratcliffe a attrap\u00e9 Andre Onana par surprise - Man United News and Transfer News<\/title>\n<meta name=\"robots\" content=\"index, follow, max-snippet:-1, max-image-preview:large, max-video-preview:-1\" \/>\n<link rel=\"canonical\" href=\"https:\/\/footdavant.fr\/actualites\/lappel-brutal-de-sir-jim-ratcliffe-a-attrape-andre-onana-par-surprise-man-united-news-and-transfer-news\/\" \/>\n<meta property=\"og:locale\" content=\"fr_FR\" \/>\n<meta property=\"og:type\" content=\"article\" \/>\n<meta property=\"og:title\" content=\"L&#039;appel brutal de Sir Jim Ratcliffe a attrap\u00e9 Andre Onana par surprise - Man United News and Transfer News\" \/>\n<meta property=\"og:description\" content=\"1 Manchester United a finalement d\u00e9cid\u00e9 assez, et a choisi d&#039;envoyer Andr\u00e9 Onana en pr\u00eat \u00e0 Trabzonspor pour le reste de la saison. Le Camerounien\" \/>\n<meta property=\"og:url\" content=\"https:\/\/footdavant.fr\/actualites\/lappel-brutal-de-sir-jim-ratcliffe-a-attrape-andre-onana-par-surprise-man-united-news-and-transfer-news\/\" \/>\n<meta property=\"og:site_name\" content=\"Foot d&#039;avant\" \/>\n<meta property=\"article:publisher\" content=\"https:\/\/www.facebook.com\/Footdavant\/\" \/>\n<meta property=\"article:published_time\" content=\"2025-09-09T22:48:17+00:00\" \/>\n<meta property=\"article:modified_time\" content=\"2025-09-09T22:48:41+00:00\" \/>\n<meta property=\"og:image\" content=\"https:\/\/footdavant.fr\/actualites\/wp-content\/uploads\/2025\/09\/L39appel-brutal-de-Sir-Jim-Ratcliffe-a-attrape-Andre-Onana.jpg\" \/>\n\t<meta property=\"og:image:width\" content=\"1600\" \/>\n\t<meta property=\"og:image:height\" content=\"711\" \/>\n\t<meta property=\"og:image:type\" content=\"image\/jpeg\" \/>\n<meta name=\"author\" content=\"Cl\u00e9ment\" \/>\n<meta name=\"twitter:card\" content=\"summary_large_image\" \/>\n<meta name=\"twitter:creator\" content=\"@FootdavantFr\" \/>\n<meta name=\"twitter:site\" content=\"@FootdavantFr\" \/>\n<meta name=\"twitter:label1\" content=\"\u00c9crit par\" \/>\n\t<meta name=\"twitter:data1\" content=\"Cl\u00e9ment\" \/>\n\t<meta name=\"twitter:label2\" content=\"Dur\u00e9e de lecture estim\u00e9e\" \/>\n\t<meta name=\"twitter:data2\" content=\"2 minutes\" \/>\n<script type=\"application\/ld+json\" class=\"yoast-schema-graph\">{\"@context\":\"https:\/\/schema.org\",\"@graph\":[{\"@type\":\"Article\",\"@id\":\"https:\/\/footdavant.fr\/actualites\/lappel-brutal-de-sir-jim-ratcliffe-a-attrape-andre-onana-par-surprise-man-united-news-and-transfer-news\/#article\",\"isPartOf\":{\"@id\":\"https:\/\/footdavant.fr\/actualites\/lappel-brutal-de-sir-jim-ratcliffe-a-attrape-andre-onana-par-surprise-man-united-news-and-transfer-news\/\"},\"author\":{\"name\":\"Cl\u00e9ment\",\"@id\":\"https:\/\/footdavant.fr\/actualites\/#\/schema\/person\/bc222566d95871b37e597b3ed3ba5e1d\"},\"headline\":\"L&#39;appel brutal de Sir Jim Ratcliffe a attrap\u00e9 Andre Onana par surprise &#8211; Man United News and Transfer News\",\"datePublished\":\"2025-09-09T22:48:17+00:00\",\"dateModified\":\"2025-09-09T22:48:41+00:00\",\"mainEntityOfPage\":{\"@id\":\"https:\/\/footdavant.fr\/actualites\/lappel-brutal-de-sir-jim-ratcliffe-a-attrape-andre-onana-par-surprise-man-united-news-and-transfer-news\/\"},\"wordCount\":488,\"publisher\":{\"@id\":\"https:\/\/footdavant.fr\/actualites\/#organization\"},\"keywords\":[\"Andre\",\"attrape\",\"Brutal\",\"Jim\",\"l39appel\",\"Man\",\"News\",\"Onana\",\"par\",\"Ratcliffe\",\"Sir\",\"surprise\",\"Transfer\",\"United\"],\"articleSection\":[\"Football\"],\"inLanguage\":\"fr-FR\"},{\"@type\":\"WebPage\",\"@id\":\"https:\/\/footdavant.fr\/actualites\/lappel-brutal-de-sir-jim-ratcliffe-a-attrape-andre-onana-par-surprise-man-united-news-and-transfer-news\/\",\"url\":\"https:\/\/footdavant.fr\/actualites\/lappel-brutal-de-sir-jim-ratcliffe-a-attrape-andre-onana-par-surprise-man-united-news-and-transfer-news\/\",\"name\":\"L&#39;appel brutal de Sir Jim Ratcliffe a attrap\u00e9 Andre Onana par surprise - Man United News and Transfer News\",\"isPartOf\":{\"@id\":\"https:\/\/footdavant.fr\/actualites\/#website\"},\"datePublished\":\"2025-09-09T22:48:17+00:00\",\"dateModified\":\"2025-09-09T22:48:41+00:00\",\"breadcrumb\":{\"@id\":\"https:\/\/footdavant.fr\/actualites\/lappel-brutal-de-sir-jim-ratcliffe-a-attrape-andre-onana-par-surprise-man-united-news-and-transfer-news\/#breadcrumb\"},\"inLanguage\":\"fr-FR\",\"potentialAction\":[{\"@type\":\"ReadAction\",\"target\":[\"https:\/\/footdavant.fr\/actualites\/lappel-brutal-de-sir-jim-ratcliffe-a-attrape-andre-onana-par-surprise-man-united-news-and-transfer-news\/\"]}]},{\"@type\":\"BreadcrumbList\",\"@id\":\"https:\/\/footdavant.fr\/actualites\/lappel-brutal-de-sir-jim-ratcliffe-a-attrape-andre-onana-par-surprise-man-united-news-and-transfer-news\/#breadcrumb\",\"itemListElement\":[{\"@type\":\"ListItem\",\"position\":1,\"name\":\"Accueil\",\"item\":\"https:\/\/footdavant.fr\/actualites\/\"},{\"@type\":\"ListItem\",\"position\":2,\"name\":\"L&#39;appel brutal de Sir Jim Ratcliffe a attrap\u00e9 Andre Onana par surprise &#8211; Man United News and Transfer News\"}]},{\"@type\":\"WebSite\",\"@id\":\"https:\/\/footdavant.fr\/actualites\/#website\",\"url\":\"https:\/\/footdavant.fr\/actualites\/\",\"name\":\"Foot d'avant\",\"description\":\"\",\"publisher\":{\"@id\":\"https:\/\/footdavant.fr\/actualites\/#organization\"},\"potentialAction\":[{\"@type\":\"SearchAction\",\"target\":{\"@type\":\"EntryPoint\",\"urlTemplate\":\"https:\/\/footdavant.fr\/actualites\/?s={search_term_string}\"},\"query-input\":\"required name=search_term_string\"}],\"inLanguage\":\"fr-FR\"},{\"@type\":\"Organization\",\"@id\":\"https:\/\/footdavant.fr\/actualites\/#organization\",\"name\":\"Foot d'avant\",\"url\":\"https:\/\/footdavant.fr\/actualites\/\",\"logo\":{\"@type\":\"ImageObject\",\"inLanguage\":\"fr-FR\",\"@id\":\"https:\/\/footdavant.fr\/actualites\/#\/schema\/logo\/image\/\",\"url\":\"https:\/\/footdavant.fr\/actualites\/wp-content\/uploads\/2023\/09\/Copy-of-FootDavant-Logo.png\",\"contentUrl\":\"https:\/\/footdavant.fr\/actualites\/wp-content\/uploads\/2023\/09\/Copy-of-FootDavant-Logo.png\",\"width\":936,\"height\":549,\"caption\":\"Foot d'avant\"},\"image\":{\"@id\":\"https:\/\/footdavant.fr\/actualites\/#\/schema\/logo\/image\/\"},\"sameAs\":[\"https:\/\/www.facebook.com\/Footdavant\/\",\"https:\/\/twitter.com\/FootdavantFr\",\"https:\/\/www.instagram.com\/footdavant.fr\/\"]},{\"@type\":\"Person\",\"@id\":\"https:\/\/footdavant.fr\/actualites\/#\/schema\/person\/bc222566d95871b37e597b3ed3ba5e1d\",\"name\":\"Cl\u00e9ment\",\"image\":{\"@type\":\"ImageObject\",\"inLanguage\":\"fr-FR\",\"@id\":\"https:\/\/footdavant.fr\/actualites\/#\/schema\/person\/image\/\",\"url\":\"https:\/\/secure.gravatar.com\/avatar\/7728b29aac2719421e1a9159b2254c44?s=96&d=mm&r=g\",\"contentUrl\":\"https:\/\/secure.gravatar.com\/avatar\/7728b29aac2719421e1a9159b2254c44?s=96&d=mm&r=g\",\"caption\":\"Cl\u00e9ment\"},\"sameAs\":[\"https:\/\/footdavant.fr\/\"]}]}<\/script>\n<!-- \/ Yoast SEO plugin. -->","yoast_head_json":{"title":"L&#39;appel brutal de Sir Jim Ratcliffe a attrap\u00e9 Andre Onana par surprise - Man United News and Transfer News","robots":{"index":"index","follow":"follow","max-snippet":"max-snippet:-1","max-image-preview":"max-image-preview:large","max-video-preview":"max-video-preview:-1"},"canonical":"https:\/\/footdavant.fr\/actualites\/lappel-brutal-de-sir-jim-ratcliffe-a-attrape-andre-onana-par-surprise-man-united-news-and-transfer-news\/","og_locale":"fr_FR","og_type":"article","og_title":"L&#39;appel brutal de Sir Jim Ratcliffe a attrap\u00e9 Andre Onana par surprise - Man United News and Transfer News","og_description":"1 Manchester United a finalement d\u00e9cid\u00e9 assez, et a choisi d&#39;envoyer Andr\u00e9 Onana en pr\u00eat \u00e0 Trabzonspor pour le reste de la saison. Le Camerounien","og_url":"https:\/\/footdavant.fr\/actualites\/lappel-brutal-de-sir-jim-ratcliffe-a-attrape-andre-onana-par-surprise-man-united-news-and-transfer-news\/","og_site_name":"Foot d&#039;avant","article_publisher":"https:\/\/www.facebook.com\/Footdavant\/","article_published_time":"2025-09-09T22:48:17+00:00","article_modified_time":"2025-09-09T22:48:41+00:00","og_image":[{"width":1600,"height":711,"url":"https:\/\/footdavant.fr\/actualites\/wp-content\/uploads\/2025\/09\/L39appel-brutal-de-Sir-Jim-Ratcliffe-a-attrape-Andre-Onana.jpg","type":"image\/jpeg"}],"author":"Cl\u00e9ment","twitter_card":"summary_large_image","twitter_creator":"@FootdavantFr","twitter_site":"@FootdavantFr","twitter_misc":{"\u00c9crit par":"Cl\u00e9ment","Dur\u00e9e de lecture estim\u00e9e":"2 minutes"},"schema":{"@context":"https:\/\/schema.org","@graph":[{"@type":"Article","@id":"https:\/\/footdavant.fr\/actualites\/lappel-brutal-de-sir-jim-ratcliffe-a-attrape-andre-onana-par-surprise-man-united-news-and-transfer-news\/#article","isPartOf":{"@id":"https:\/\/footdavant.fr\/actualites\/lappel-brutal-de-sir-jim-ratcliffe-a-attrape-andre-onana-par-surprise-man-united-news-and-transfer-news\/"},"author":{"name":"Cl\u00e9ment","@id":"https:\/\/footdavant.fr\/actualites\/#\/schema\/person\/bc222566d95871b37e597b3ed3ba5e1d"},"headline":"L&#39;appel brutal de Sir Jim Ratcliffe a attrap\u00e9 Andre Onana par surprise &#8211; Man United News and Transfer News","datePublished":"2025-09-09T22:48:17+00:00","dateModified":"2025-09-09T22:48:41+00:00","mainEntityOfPage":{"@id":"https:\/\/footdavant.fr\/actualites\/lappel-brutal-de-sir-jim-ratcliffe-a-attrape-andre-onana-par-surprise-man-united-news-and-transfer-news\/"},"wordCount":488,"publisher":{"@id":"https:\/\/footdavant.fr\/actualites\/#organization"},"keywords":["Andre","attrape","Brutal","Jim","l39appel","Man","News","Onana","par","Ratcliffe","Sir","surprise","Transfer","United"],"articleSection":["Football"],"inLanguage":"fr-FR"},{"@type":"WebPage","@id":"https:\/\/footdavant.fr\/actualites\/lappel-brutal-de-sir-jim-ratcliffe-a-attrape-andre-onana-par-surprise-man-united-news-and-transfer-news\/","url":"https:\/\/footdavant.fr\/actualites\/lappel-brutal-de-sir-jim-ratcliffe-a-attrape-andre-onana-par-surprise-man-united-news-and-transfer-news\/","name":"L&#39;appel brutal de Sir Jim Ratcliffe a attrap\u00e9 Andre Onana par surprise - Man United News and Transfer News","isPartOf":{"@id":"https:\/\/footdavant.fr\/actualites\/#website"},"datePublished":"2025-09-09T22:48:17+00:00","dateModified":"2025-09-09T22:48:41+00:00","breadcrumb":{"@id":"https:\/\/footdavant.fr\/actualites\/lappel-brutal-de-sir-jim-ratcliffe-a-attrape-andre-onana-par-surprise-man-united-news-and-transfer-news\/#breadcrumb"},"inLanguage":"fr-FR","potentialAction":[{"@type":"ReadAction","target":["https:\/\/footdavant.fr\/actualites\/lappel-brutal-de-sir-jim-ratcliffe-a-attrape-andre-onana-par-surprise-man-united-news-and-transfer-news\/"]}]},{"@type":"BreadcrumbList","@id":"https:\/\/footdavant.fr\/actualites\/lappel-brutal-de-sir-jim-ratcliffe-a-attrape-andre-onana-par-surprise-man-united-news-and-transfer-news\/#breadcrumb","itemListElement":[{"@type":"ListItem","position":1,"name":"Accueil","item":"https:\/\/footdavant.fr\/actualites\/"},{"@type":"ListItem","position":2,"name":"L&#39;appel brutal de Sir Jim Ratcliffe a attrap\u00e9 Andre Onana par surprise &#8211; Man United News and Transfer News"}]},{"@type":"WebSite","@id":"https:\/\/footdavant.fr\/actualites\/#website","url":"https:\/\/footdavant.fr\/actualites\/","name":"Foot d'avant","description":"","publisher":{"@id":"https:\/\/footdavant.fr\/actualites\/#organization"},"potentialAction":[{"@type":"SearchAction","target":{"@type":"EntryPoint","urlTemplate":"https:\/\/footdavant.fr\/actualites\/?s={search_term_string}"},"query-input":"required name=search_term_string"}],"inLanguage":"fr-FR"},{"@type":"Organization","@id":"https:\/\/footdavant.fr\/actualites\/#organization","name":"Foot d'avant","url":"https:\/\/footdavant.fr\/actualites\/","logo":{"@type":"ImageObject","inLanguage":"fr-FR","@id":"https:\/\/footdavant.fr\/actualites\/#\/schema\/logo\/image\/","url":"https:\/\/footdavant.fr\/actualites\/wp-content\/uploads\/2023\/09\/Copy-of-FootDavant-Logo.png","contentUrl":"https:\/\/footdavant.fr\/actualites\/wp-content\/uploads\/2023\/09\/Copy-of-FootDavant-Logo.png","width":936,"height":549,"caption":"Foot d'avant"},"image":{"@id":"https:\/\/footdavant.fr\/actualites\/#\/schema\/logo\/image\/"},"sameAs":["https:\/\/www.facebook.com\/Footdavant\/","https:\/\/twitter.com\/FootdavantFr","https:\/\/www.instagram.com\/footdavant.fr\/"]},{"@type":"Person","@id":"https:\/\/footdavant.fr\/actualites\/#\/schema\/person\/bc222566d95871b37e597b3ed3ba5e1d","name":"Cl\u00e9ment","image":{"@type":"ImageObject","inLanguage":"fr-FR","@id":"https:\/\/footdavant.fr\/actualites\/#\/schema\/person\/image\/","url":"https:\/\/secure.gravatar.com\/avatar\/7728b29aac2719421e1a9159b2254c44?s=96&d=mm&r=g","contentUrl":"https:\/\/secure.gravatar.com\/avatar\/7728b29aac2719421e1a9159b2254c44?s=96&d=mm&r=g","caption":"Cl\u00e9ment"},"sameAs":["https:\/\/footdavant.fr\/"]}]}},"_links":{"self":[{"href":"https:\/\/footdavant.fr\/actualites\/wp-json\/wp\/v2\/posts\/28287"}],"collection":[{"href":"https:\/\/footdavant.fr\/actualites\/wp-json\/wp\/v2\/posts"}],"about":[{"href":"https:\/\/footdavant.fr\/actualites\/wp-json\/wp\/v2\/types\/post"}],"author":[{"embeddable":true,"href":"https:\/\/footdavant.fr\/actualites\/wp-json\/wp\/v2\/users\/1"}],"replies":[{"embeddable":true,"href":"https:\/\/footdavant.fr\/actualites\/wp-json\/wp\/v2\/comments?post=28287"}],"version-history":[{"count":1,"href":"https:\/\/footdavant.fr\/actualites\/wp-json\/wp\/v2\/posts\/28287\/revisions"}],"predecessor-version":[{"id":28289,"href":"https:\/\/footdavant.fr\/actualites\/wp-json\/wp\/v2\/posts\/28287\/revisions\/28289"}],"wp:featuredmedia":[{"embeddable":true,"href":"https:\/\/footdavant.fr\/actualites\/wp-json\/wp\/v2\/media\/28288"}],"wp:attachment":[{"href":"https:\/\/footdavant.fr\/actualites\/wp-json\/wp\/v2\/media?parent=28287"}],"wp:term":[{"taxonomy":"category","embeddable":true,"href":"https:\/\/footdavant.fr\/actualites\/wp-json\/wp\/v2\/categories?post=28287"},{"taxonomy":"post_tag","embeddable":true,"href":"https:\/\/footdavant.fr\/actualites\/wp-json\/wp\/v2\/tags?post=28287"}],"curies":[{"name":"wp","href":"https:\/\/api.w.org\/{rel}","templated":true}]}}