{"id":28294,"date":"2025-09-10T06:48:28","date_gmt":"2025-09-10T04:48:28","guid":{"rendered":"https:\/\/footdavant.fr\/actualites\/man-united-blessury-news-ruben-amorim-recoit-un-coup-de-pouce-avec-les-red-devils-plein-despoir-sur-la-condition-physique-de-matheus-cunha-devant-manchester-derby\/"},"modified":"2025-09-10T06:48:30","modified_gmt":"2025-09-10T04:48:30","slug":"man-united-blessury-news-ruben-amorim-recoit-un-coup-de-pouce-avec-les-red-devils-plein-despoir-sur-la-condition-physique-de-matheus-cunha-devant-manchester-derby","status":"publish","type":"post","link":"https:\/\/footdavant.fr\/actualites\/man-united-blessury-news-ruben-amorim-recoit-un-coup-de-pouce-avec-les-red-devils-plein-despoir-sur-la-condition-physique-de-matheus-cunha-devant-manchester-derby\/","title":{"rendered":"Man United Blessury News: Ruben Amorim re\u00e7oit un coup de pouce avec les Red Devils \u00ab\u00a0 plein d&#39;espoir &#39;&#39; sur la condition physique de Matheus Cunha devant Manchester Derby"},"content":{"rendered":"<p>Manchester United aurait \u00abplein d&#39;espoir\u00bb que Matheus Cunha se remettra d&#39;une blessure \u00e0 temps pour le Derby de Manchester de dimanche prochain.<\/p>\n<div id=\"article_body\" itemprop=\"articleBody\">\n<h3 class=\"firstPara\"><\/h3>\n<p><strong class=\"autotag\">Manchester United est \u00abplein d&#39;espoir\u00bb que <strong class=\"autotag\">Matheus Cunha sera pr\u00eat pour le conflit Derby avec Manchester City le 14 septembre.<\/p>\n<p>Cunha a commenc\u00e9 les quatre matchs comp\u00e9titifs de Man United cette saison apr\u00e8s son arriv\u00e9e dans un d\u00e9m\u00e9nagement de 62,5 millions de livres sterling de Wolverhampton Wanderers en \u00e9t\u00e9.<\/p>\n<p>Cependant, contrairement \u00e0 ses trois premiers matchs, Cunha n&#39;a pas pu jouer toute la dur\u00e9e de son apparition la plus r\u00e9cente en raison d&#39;une blessure.<\/p>\n<p>Cunha a sembl\u00e9 subir une blessure aux ischio-jambiers lors de la victoire 3-2 du week-end dernier sur Burnley, ce qui lui a fait remplacer <strong class=\"autotag\">Joshua Zirkzee juste apr\u00e8s la demi-heure. <\/p>\n<p class=\"imgI\">\n<h2>Man United re\u00e7oit un coup de pouce Cunha<\/h2>\n<p>Cunha a \u00e9t\u00e9 vu \u00absouriant et marche sans aide\u00bb apr\u00e8s la victoire en Premier League \u00e0 Old Trafford, mais la blessure l&#39;a forc\u00e9 \u00e0 se retirer de <strong class=\"autotag\">L&#39;\u00e9quipe du Br\u00e9sil de Carlo Ancelotti pour deux \u00e9liminatoires de la Coupe du monde contre le Chili et la Bolivie, augmentant la pr\u00e9occupation concernant l&#39;\u00e9tendue de sa blessure. <\/p>\n<p>Bien qu&#39;il ne soit pas en mesure de jouer pour son pays, il semble y avoir un optimisme \u00e0 Man United que Cunha pourrait se r\u00e9tablir rapidement.<\/p>\n<p>Selon <em>Le soleil<\/em>il y a un sentiment que la blessure de Cunha n&#39;est pas aussi mauvaise que le craignait initialement, ce qui fait esp\u00e9rer qu&#39;il pourrait figurer dans le prochain Manchester Derby.<\/p>\n<p>Le club a \u00abespoir\u00bb qu&#39;il fera partie de l&#39;\u00e9quipe pour le choc de dimanche prochain avec Man City au stade Etihad. <\/p>\n<p class=\"imgI\"><img decoding=\"async\" alt=\"Kobbie Mainoo de Manchester United le 27 ao\u00fbt 2025\" class=\"vanilla-lazyload article-image\" src=\"https:\/\/footdavant.fr\/actualites\/wp-content\/uploads\/2025\/09\/1757479708_441_Man-United-Blessury-News-Ruben-Amorim-recoit-un-coup-de.webp\"><\/p>\n<h2>La blessure au mont pourrait-elle signifier une opportunit\u00e9 pour Mainoo?<\/h2>\n<p>Comme cunha, <strong class=\"autotag\">Mason Mount a \u00e9galement \u00e9t\u00e9 contraint lors de la r\u00e9cente victoire sur Burnley, faisant la mi-temps pour le produit de l&#39;Acad\u00e9mie <strong class=\"autotag\">Kobbie Mainoo. <\/p>\n<p><em>Le soleil <\/em>Le rapport affirme que Mainoo pourrait faire son premier d\u00e9but de Premier League de la saison le week-end prochain si Mount n&#39;est pas en mesure de prouver sa forme physique.<\/p>\n<p>Le joueur de vingt ans \u00e9tait impatient de quitter Man United en pr\u00eat dans les derni\u00e8res \u00e9tapes de la fen\u00eatre de transfert d&#39;\u00e9t\u00e9 apr\u00e8s avoir chut\u00e9 de l&#39;ordre hi\u00e9rarchique <strong class=\"autotag\">L&#39;\u00e9quipe de Ruben Amorim.<\/p>\n<p>Cependant, il pouvait d\u00e9sormais avoir l&#39;occasion de montrer \u00e0 son entra\u00eeneur-chef qu&#39;il m\u00e9rite d&#39;\u00eatre un d\u00e9marreur r\u00e9gulier \u00e0 l&#39;\u00e9quipe de Man United.<\/p>\n<\/div>\n","protected":false},"excerpt":{"rendered":"<p>Manchester United aurait \u00abplein d&#39;espoir\u00bb que Matheus Cunha se remettra d&#39;une blessure \u00e0 temps pour le Derby de Manchester de dimanche prochain. Manchester United est<\/p>\n","protected":false},"author":1,"featured_media":28295,"comment_status":"closed","ping_status":"","sticky":false,"template":"","format":"standard","meta":{"footnotes":""},"categories":[5],"tags":[4477,91,7759,1001,489,2092,9916,203,913,265,93,24,11,769,409,1002,1384,490,488,536,160,103,13],"yoast_head":"<!-- This site is optimized with the Yoast SEO plugin v21.0 - https:\/\/yoast.com\/wordpress\/plugins\/seo\/ -->\n<title>Man United Blessury News: Ruben Amorim re\u00e7oit un coup de pouce avec les Red Devils `` plein d&#039;espoir &#039;&#039; sur la condition physique de Matheus Cunha devant Manchester Derby<\/title>\n<meta name=\"robots\" content=\"index, follow, max-snippet:-1, max-image-preview:large, max-video-preview:-1\" \/>\n<link rel=\"canonical\" href=\"https:\/\/footdavant.fr\/actualites\/man-united-blessury-news-ruben-amorim-recoit-un-coup-de-pouce-avec-les-red-devils-plein-despoir-sur-la-condition-physique-de-matheus-cunha-devant-manchester-derby\/\" \/>\n<meta property=\"og:locale\" content=\"fr_FR\" \/>\n<meta property=\"og:type\" content=\"article\" \/>\n<meta property=\"og:title\" content=\"Man United Blessury News: Ruben Amorim re\u00e7oit un coup de pouce avec les Red Devils `` plein d&#039;espoir &#039;&#039; sur la condition physique de Matheus Cunha devant Manchester Derby\" \/>\n<meta property=\"og:description\" content=\"Manchester United aurait \u00abplein d&#039;espoir\u00bb que Matheus Cunha se remettra d&#039;une blessure \u00e0 temps pour le Derby de Manchester de dimanche prochain. Manchester United est\" \/>\n<meta property=\"og:url\" content=\"https:\/\/footdavant.fr\/actualites\/man-united-blessury-news-ruben-amorim-recoit-un-coup-de-pouce-avec-les-red-devils-plein-despoir-sur-la-condition-physique-de-matheus-cunha-devant-manchester-derby\/\" \/>\n<meta property=\"og:site_name\" content=\"Foot d&#039;avant\" \/>\n<meta property=\"article:publisher\" content=\"https:\/\/www.facebook.com\/Footdavant\/\" \/>\n<meta property=\"article:published_time\" content=\"2025-09-10T04:48:28+00:00\" \/>\n<meta property=\"article:modified_time\" content=\"2025-09-10T04:48:30+00:00\" \/>\n<meta property=\"og:image\" content=\"https:\/\/footdavant.fr\/actualites\/wp-content\/uploads\/2025\/09\/Man-United-Blessury-News-Ruben-Amorim-recoit-un-coup-de.jpg\" \/>\n\t<meta property=\"og:image:width\" content=\"640\" \/>\n\t<meta property=\"og:image:height\" content=\"480\" \/>\n\t<meta property=\"og:image:type\" content=\"image\/jpeg\" \/>\n<meta name=\"author\" content=\"Cl\u00e9ment\" \/>\n<meta name=\"twitter:card\" content=\"summary_large_image\" \/>\n<meta name=\"twitter:creator\" content=\"@FootdavantFr\" \/>\n<meta name=\"twitter:site\" content=\"@FootdavantFr\" \/>\n<meta name=\"twitter:label1\" content=\"\u00c9crit par\" \/>\n\t<meta name=\"twitter:data1\" content=\"Cl\u00e9ment\" \/>\n\t<meta name=\"twitter:label2\" content=\"Dur\u00e9e de lecture estim\u00e9e\" \/>\n\t<meta name=\"twitter:data2\" content=\"2 minutes\" \/>\n<script type=\"application\/ld+json\" class=\"yoast-schema-graph\">{\"@context\":\"https:\/\/schema.org\",\"@graph\":[{\"@type\":\"Article\",\"@id\":\"https:\/\/footdavant.fr\/actualites\/man-united-blessury-news-ruben-amorim-recoit-un-coup-de-pouce-avec-les-red-devils-plein-despoir-sur-la-condition-physique-de-matheus-cunha-devant-manchester-derby\/#article\",\"isPartOf\":{\"@id\":\"https:\/\/footdavant.fr\/actualites\/man-united-blessury-news-ruben-amorim-recoit-un-coup-de-pouce-avec-les-red-devils-plein-despoir-sur-la-condition-physique-de-matheus-cunha-devant-manchester-derby\/\"},\"author\":{\"name\":\"Cl\u00e9ment\",\"@id\":\"https:\/\/footdavant.fr\/actualites\/#\/schema\/person\/bc222566d95871b37e597b3ed3ba5e1d\"},\"headline\":\"Man United Blessury News: Ruben Amorim re\u00e7oit un coup de pouce avec les Red Devils \u00ab\u00a0 plein d&#39;espoir &#39;&#39; sur la condition physique de Matheus Cunha devant Manchester Derby\",\"datePublished\":\"2025-09-10T04:48:28+00:00\",\"dateModified\":\"2025-09-10T04:48:30+00:00\",\"mainEntityOfPage\":{\"@id\":\"https:\/\/footdavant.fr\/actualites\/man-united-blessury-news-ruben-amorim-recoit-un-coup-de-pouce-avec-les-red-devils-plein-despoir-sur-la-condition-physique-de-matheus-cunha-devant-manchester-derby\/\"},\"wordCount\":461,\"publisher\":{\"@id\":\"https:\/\/footdavant.fr\/actualites\/#organization\"},\"keywords\":[\"Amorim\",\"avec\",\"Blessury\",\"condition\",\"coup\",\"Cunha\",\"d39espoir\",\"derby\",\"devant\",\"Devils\",\"les\",\"Man\",\"Manchester\",\"Matheus\",\"News\",\"physique\",\"plein\",\"pouce\",\"re\u00e7oit\",\"Red\",\"Ruben\",\"sur\",\"United\"],\"articleSection\":[\"Premier League\"],\"inLanguage\":\"fr-FR\"},{\"@type\":\"WebPage\",\"@id\":\"https:\/\/footdavant.fr\/actualites\/man-united-blessury-news-ruben-amorim-recoit-un-coup-de-pouce-avec-les-red-devils-plein-despoir-sur-la-condition-physique-de-matheus-cunha-devant-manchester-derby\/\",\"url\":\"https:\/\/footdavant.fr\/actualites\/man-united-blessury-news-ruben-amorim-recoit-un-coup-de-pouce-avec-les-red-devils-plein-despoir-sur-la-condition-physique-de-matheus-cunha-devant-manchester-derby\/\",\"name\":\"Man United Blessury News: Ruben Amorim re\u00e7oit un coup de pouce avec les Red Devils `` plein d&#39;espoir &#39;&#39; sur la condition physique de Matheus Cunha devant Manchester Derby\",\"isPartOf\":{\"@id\":\"https:\/\/footdavant.fr\/actualites\/#website\"},\"datePublished\":\"2025-09-10T04:48:28+00:00\",\"dateModified\":\"2025-09-10T04:48:30+00:00\",\"breadcrumb\":{\"@id\":\"https:\/\/footdavant.fr\/actualites\/man-united-blessury-news-ruben-amorim-recoit-un-coup-de-pouce-avec-les-red-devils-plein-despoir-sur-la-condition-physique-de-matheus-cunha-devant-manchester-derby\/#breadcrumb\"},\"inLanguage\":\"fr-FR\",\"potentialAction\":[{\"@type\":\"ReadAction\",\"target\":[\"https:\/\/footdavant.fr\/actualites\/man-united-blessury-news-ruben-amorim-recoit-un-coup-de-pouce-avec-les-red-devils-plein-despoir-sur-la-condition-physique-de-matheus-cunha-devant-manchester-derby\/\"]}]},{\"@type\":\"BreadcrumbList\",\"@id\":\"https:\/\/footdavant.fr\/actualites\/man-united-blessury-news-ruben-amorim-recoit-un-coup-de-pouce-avec-les-red-devils-plein-despoir-sur-la-condition-physique-de-matheus-cunha-devant-manchester-derby\/#breadcrumb\",\"itemListElement\":[{\"@type\":\"ListItem\",\"position\":1,\"name\":\"Accueil\",\"item\":\"https:\/\/footdavant.fr\/actualites\/\"},{\"@type\":\"ListItem\",\"position\":2,\"name\":\"Man United Blessury News: Ruben Amorim re\u00e7oit un coup de pouce avec les Red Devils \u00ab\u00a0 plein d&#39;espoir &#39;&#39; sur la condition physique de Matheus Cunha devant Manchester Derby\"}]},{\"@type\":\"WebSite\",\"@id\":\"https:\/\/footdavant.fr\/actualites\/#website\",\"url\":\"https:\/\/footdavant.fr\/actualites\/\",\"name\":\"Foot d'avant\",\"description\":\"\",\"publisher\":{\"@id\":\"https:\/\/footdavant.fr\/actualites\/#organization\"},\"potentialAction\":[{\"@type\":\"SearchAction\",\"target\":{\"@type\":\"EntryPoint\",\"urlTemplate\":\"https:\/\/footdavant.fr\/actualites\/?s={search_term_string}\"},\"query-input\":\"required name=search_term_string\"}],\"inLanguage\":\"fr-FR\"},{\"@type\":\"Organization\",\"@id\":\"https:\/\/footdavant.fr\/actualites\/#organization\",\"name\":\"Foot d'avant\",\"url\":\"https:\/\/footdavant.fr\/actualites\/\",\"logo\":{\"@type\":\"ImageObject\",\"inLanguage\":\"fr-FR\",\"@id\":\"https:\/\/footdavant.fr\/actualites\/#\/schema\/logo\/image\/\",\"url\":\"https:\/\/footdavant.fr\/actualites\/wp-content\/uploads\/2023\/09\/Copy-of-FootDavant-Logo.png\",\"contentUrl\":\"https:\/\/footdavant.fr\/actualites\/wp-content\/uploads\/2023\/09\/Copy-of-FootDavant-Logo.png\",\"width\":936,\"height\":549,\"caption\":\"Foot d'avant\"},\"image\":{\"@id\":\"https:\/\/footdavant.fr\/actualites\/#\/schema\/logo\/image\/\"},\"sameAs\":[\"https:\/\/www.facebook.com\/Footdavant\/\",\"https:\/\/twitter.com\/FootdavantFr\",\"https:\/\/www.instagram.com\/footdavant.fr\/\"]},{\"@type\":\"Person\",\"@id\":\"https:\/\/footdavant.fr\/actualites\/#\/schema\/person\/bc222566d95871b37e597b3ed3ba5e1d\",\"name\":\"Cl\u00e9ment\",\"image\":{\"@type\":\"ImageObject\",\"inLanguage\":\"fr-FR\",\"@id\":\"https:\/\/footdavant.fr\/actualites\/#\/schema\/person\/image\/\",\"url\":\"https:\/\/secure.gravatar.com\/avatar\/7728b29aac2719421e1a9159b2254c44?s=96&d=mm&r=g\",\"contentUrl\":\"https:\/\/secure.gravatar.com\/avatar\/7728b29aac2719421e1a9159b2254c44?s=96&d=mm&r=g\",\"caption\":\"Cl\u00e9ment\"},\"sameAs\":[\"https:\/\/footdavant.fr\/\"]}]}<\/script>\n<!-- \/ Yoast SEO plugin. -->","yoast_head_json":{"title":"Man United Blessury News: Ruben Amorim re\u00e7oit un coup de pouce avec les Red Devils `` plein d&#39;espoir &#39;&#39; sur la condition physique de Matheus Cunha devant Manchester Derby","robots":{"index":"index","follow":"follow","max-snippet":"max-snippet:-1","max-image-preview":"max-image-preview:large","max-video-preview":"max-video-preview:-1"},"canonical":"https:\/\/footdavant.fr\/actualites\/man-united-blessury-news-ruben-amorim-recoit-un-coup-de-pouce-avec-les-red-devils-plein-despoir-sur-la-condition-physique-de-matheus-cunha-devant-manchester-derby\/","og_locale":"fr_FR","og_type":"article","og_title":"Man United Blessury News: Ruben Amorim re\u00e7oit un coup de pouce avec les Red Devils `` plein d&#39;espoir &#39;&#39; sur la condition physique de Matheus Cunha devant Manchester Derby","og_description":"Manchester United aurait \u00abplein d&#39;espoir\u00bb que Matheus Cunha se remettra d&#39;une blessure \u00e0 temps pour le Derby de Manchester de dimanche prochain. Manchester United est","og_url":"https:\/\/footdavant.fr\/actualites\/man-united-blessury-news-ruben-amorim-recoit-un-coup-de-pouce-avec-les-red-devils-plein-despoir-sur-la-condition-physique-de-matheus-cunha-devant-manchester-derby\/","og_site_name":"Foot d&#039;avant","article_publisher":"https:\/\/www.facebook.com\/Footdavant\/","article_published_time":"2025-09-10T04:48:28+00:00","article_modified_time":"2025-09-10T04:48:30+00:00","og_image":[{"width":640,"height":480,"url":"https:\/\/footdavant.fr\/actualites\/wp-content\/uploads\/2025\/09\/Man-United-Blessury-News-Ruben-Amorim-recoit-un-coup-de.jpg","type":"image\/jpeg"}],"author":"Cl\u00e9ment","twitter_card":"summary_large_image","twitter_creator":"@FootdavantFr","twitter_site":"@FootdavantFr","twitter_misc":{"\u00c9crit par":"Cl\u00e9ment","Dur\u00e9e de lecture estim\u00e9e":"2 minutes"},"schema":{"@context":"https:\/\/schema.org","@graph":[{"@type":"Article","@id":"https:\/\/footdavant.fr\/actualites\/man-united-blessury-news-ruben-amorim-recoit-un-coup-de-pouce-avec-les-red-devils-plein-despoir-sur-la-condition-physique-de-matheus-cunha-devant-manchester-derby\/#article","isPartOf":{"@id":"https:\/\/footdavant.fr\/actualites\/man-united-blessury-news-ruben-amorim-recoit-un-coup-de-pouce-avec-les-red-devils-plein-despoir-sur-la-condition-physique-de-matheus-cunha-devant-manchester-derby\/"},"author":{"name":"Cl\u00e9ment","@id":"https:\/\/footdavant.fr\/actualites\/#\/schema\/person\/bc222566d95871b37e597b3ed3ba5e1d"},"headline":"Man United Blessury News: Ruben Amorim re\u00e7oit un coup de pouce avec les Red Devils \u00ab\u00a0 plein d&#39;espoir &#39;&#39; sur la condition physique de Matheus Cunha devant Manchester Derby","datePublished":"2025-09-10T04:48:28+00:00","dateModified":"2025-09-10T04:48:30+00:00","mainEntityOfPage":{"@id":"https:\/\/footdavant.fr\/actualites\/man-united-blessury-news-ruben-amorim-recoit-un-coup-de-pouce-avec-les-red-devils-plein-despoir-sur-la-condition-physique-de-matheus-cunha-devant-manchester-derby\/"},"wordCount":461,"publisher":{"@id":"https:\/\/footdavant.fr\/actualites\/#organization"},"keywords":["Amorim","avec","Blessury","condition","coup","Cunha","d39espoir","derby","devant","Devils","les","Man","Manchester","Matheus","News","physique","plein","pouce","re\u00e7oit","Red","Ruben","sur","United"],"articleSection":["Premier League"],"inLanguage":"fr-FR"},{"@type":"WebPage","@id":"https:\/\/footdavant.fr\/actualites\/man-united-blessury-news-ruben-amorim-recoit-un-coup-de-pouce-avec-les-red-devils-plein-despoir-sur-la-condition-physique-de-matheus-cunha-devant-manchester-derby\/","url":"https:\/\/footdavant.fr\/actualites\/man-united-blessury-news-ruben-amorim-recoit-un-coup-de-pouce-avec-les-red-devils-plein-despoir-sur-la-condition-physique-de-matheus-cunha-devant-manchester-derby\/","name":"Man United Blessury News: Ruben Amorim re\u00e7oit un coup de pouce avec les Red Devils `` plein d&#39;espoir &#39;&#39; sur la condition physique de Matheus Cunha devant Manchester Derby","isPartOf":{"@id":"https:\/\/footdavant.fr\/actualites\/#website"},"datePublished":"2025-09-10T04:48:28+00:00","dateModified":"2025-09-10T04:48:30+00:00","breadcrumb":{"@id":"https:\/\/footdavant.fr\/actualites\/man-united-blessury-news-ruben-amorim-recoit-un-coup-de-pouce-avec-les-red-devils-plein-despoir-sur-la-condition-physique-de-matheus-cunha-devant-manchester-derby\/#breadcrumb"},"inLanguage":"fr-FR","potentialAction":[{"@type":"ReadAction","target":["https:\/\/footdavant.fr\/actualites\/man-united-blessury-news-ruben-amorim-recoit-un-coup-de-pouce-avec-les-red-devils-plein-despoir-sur-la-condition-physique-de-matheus-cunha-devant-manchester-derby\/"]}]},{"@type":"BreadcrumbList","@id":"https:\/\/footdavant.fr\/actualites\/man-united-blessury-news-ruben-amorim-recoit-un-coup-de-pouce-avec-les-red-devils-plein-despoir-sur-la-condition-physique-de-matheus-cunha-devant-manchester-derby\/#breadcrumb","itemListElement":[{"@type":"ListItem","position":1,"name":"Accueil","item":"https:\/\/footdavant.fr\/actualites\/"},{"@type":"ListItem","position":2,"name":"Man United Blessury News: Ruben Amorim re\u00e7oit un coup de pouce avec les Red Devils \u00ab\u00a0 plein d&#39;espoir &#39;&#39; sur la condition physique de Matheus Cunha devant Manchester Derby"}]},{"@type":"WebSite","@id":"https:\/\/footdavant.fr\/actualites\/#website","url":"https:\/\/footdavant.fr\/actualites\/","name":"Foot d'avant","description":"","publisher":{"@id":"https:\/\/footdavant.fr\/actualites\/#organization"},"potentialAction":[{"@type":"SearchAction","target":{"@type":"EntryPoint","urlTemplate":"https:\/\/footdavant.fr\/actualites\/?s={search_term_string}"},"query-input":"required name=search_term_string"}],"inLanguage":"fr-FR"},{"@type":"Organization","@id":"https:\/\/footdavant.fr\/actualites\/#organization","name":"Foot d'avant","url":"https:\/\/footdavant.fr\/actualites\/","logo":{"@type":"ImageObject","inLanguage":"fr-FR","@id":"https:\/\/footdavant.fr\/actualites\/#\/schema\/logo\/image\/","url":"https:\/\/footdavant.fr\/actualites\/wp-content\/uploads\/2023\/09\/Copy-of-FootDavant-Logo.png","contentUrl":"https:\/\/footdavant.fr\/actualites\/wp-content\/uploads\/2023\/09\/Copy-of-FootDavant-Logo.png","width":936,"height":549,"caption":"Foot d'avant"},"image":{"@id":"https:\/\/footdavant.fr\/actualites\/#\/schema\/logo\/image\/"},"sameAs":["https:\/\/www.facebook.com\/Footdavant\/","https:\/\/twitter.com\/FootdavantFr","https:\/\/www.instagram.com\/footdavant.fr\/"]},{"@type":"Person","@id":"https:\/\/footdavant.fr\/actualites\/#\/schema\/person\/bc222566d95871b37e597b3ed3ba5e1d","name":"Cl\u00e9ment","image":{"@type":"ImageObject","inLanguage":"fr-FR","@id":"https:\/\/footdavant.fr\/actualites\/#\/schema\/person\/image\/","url":"https:\/\/secure.gravatar.com\/avatar\/7728b29aac2719421e1a9159b2254c44?s=96&d=mm&r=g","contentUrl":"https:\/\/secure.gravatar.com\/avatar\/7728b29aac2719421e1a9159b2254c44?s=96&d=mm&r=g","caption":"Cl\u00e9ment"},"sameAs":["https:\/\/footdavant.fr\/"]}]}},"_links":{"self":[{"href":"https:\/\/footdavant.fr\/actualites\/wp-json\/wp\/v2\/posts\/28294"}],"collection":[{"href":"https:\/\/footdavant.fr\/actualites\/wp-json\/wp\/v2\/posts"}],"about":[{"href":"https:\/\/footdavant.fr\/actualites\/wp-json\/wp\/v2\/types\/post"}],"author":[{"embeddable":true,"href":"https:\/\/footdavant.fr\/actualites\/wp-json\/wp\/v2\/users\/1"}],"replies":[{"embeddable":true,"href":"https:\/\/footdavant.fr\/actualites\/wp-json\/wp\/v2\/comments?post=28294"}],"version-history":[{"count":1,"href":"https:\/\/footdavant.fr\/actualites\/wp-json\/wp\/v2\/posts\/28294\/revisions"}],"predecessor-version":[{"id":28296,"href":"https:\/\/footdavant.fr\/actualites\/wp-json\/wp\/v2\/posts\/28294\/revisions\/28296"}],"wp:featuredmedia":[{"embeddable":true,"href":"https:\/\/footdavant.fr\/actualites\/wp-json\/wp\/v2\/media\/28295"}],"wp:attachment":[{"href":"https:\/\/footdavant.fr\/actualites\/wp-json\/wp\/v2\/media?parent=28294"}],"wp:term":[{"taxonomy":"category","embeddable":true,"href":"https:\/\/footdavant.fr\/actualites\/wp-json\/wp\/v2\/categories?post=28294"},{"taxonomy":"post_tag","embeddable":true,"href":"https:\/\/footdavant.fr\/actualites\/wp-json\/wp\/v2\/tags?post=28294"}],"curies":[{"name":"wp","href":"https:\/\/api.w.org\/{rel}","templated":true}]}}