{"id":28297,"date":"2025-09-10T08:48:17","date_gmt":"2025-09-10T06:48:17","guid":{"rendered":"https:\/\/footdavant.fr\/actualites\/une-bonne-nuit-pour-les-artilleurs-internationaux\/"},"modified":"2025-09-10T08:48:21","modified_gmt":"2025-09-10T06:48:21","slug":"une-bonne-nuit-pour-les-artilleurs-internationaux","status":"publish","type":"post","link":"https:\/\/footdavant.fr\/actualites\/une-bonne-nuit-pour-les-artilleurs-internationaux\/","title":{"rendered":"Une bonne nuit pour les artilleurs internationaux"},"content":{"rendered":"<div>\n<p>Matin.<\/p>\n<p>Ce fut une nuit productive pour certains acteurs d&#39;Arsenal en action pour leur pays hier soir. Commen\u00e7ons par la Norv\u00e8ge o\u00f9 Martin Odegaard est mont\u00e9 sur la feuille de match et a fourni quelques passes d\u00e9cisives en battant la Moldavie 11-1. Deux suppositions quant \u00e0 qui a marqu\u00e9 4 buts. C&#39;est vrai, c&#39;\u00e9tait Thelo Aasgaard, le cousin scandinave d&#39;Ayden Heaven. Oh, et Erling Haaland l&#39;a fait aussi. Odegaard a r\u00e9ussi 8 passes cl\u00e9s dans le jeu et semble avoir vraiment trouv\u00e9 sa port\u00e9e de pass. Lorsqu&#39;il a sign\u00e9, Viktor Gyokerres a dit que la seule chose qu&#39;il voulait du capitaine \u00e9tait des passes d\u00e9cisives, et ce dont Odegaard a besoin en retour, c&#39;est un mouvement net et de bonnes courses du Su\u00e9dois.<\/p>\n<p>Pourtant, comme un moyen de se pr\u00e9parer \u00e0 une s\u00e9rie de matchs charg\u00e9s dans les prochaines semaines, ce n&#39;est pas mal du tout. La nouvelle coupe de cheveux est \u00e9videmment la principale raison pour laquelle il a si bien jou\u00e9, et je suis s\u00fbr que Mikel Arteta \u00e9tait ravi un joueur cl\u00e9 qui est entr\u00e9 dans cet interlell avec un peu de blessure a fait 90 enti\u00e8rement dans un jeu qui \u00e9tait termin\u00e9 \u00e0 la mi-temps, mais quand m\u00eame. C&#39;est peut-\u00eatre juste une preuve que nous n&#39;avons pas besoin de trop nous soucier de sa forme physique.<\/p>\n<p>Pendant ce temps, Noni Madueke a marqu\u00e9 son tout premier but pour l&#39;Angleterre dans une victoire 5-0 contre la Serbie. Il a \u00e9galement \u00e9t\u00e9 tr\u00e8s bien pris, et au cours des prochaines semaines, esp\u00e9rons que nous voyons ce genre de produit final d\u00e9cisif de lui en l&#39;absence de Bukayo Saka. Il va jouer beaucoup \u00e0 droite, et nous avons besoin de lui &#8211; avec tout le monde \u00e9videmment &#8211; pour livrer les marchandises dont nous avons besoin pour gagner des matchs et gagner des points en Premier League et en Europe.<\/p>\n<p>Declan Rice a termin\u00e9 le match avec deux passes d\u00e9cisives, toutes deux de Balls. Le premier pour le but d&#39;ouverture de l&#39;Angleterre, et le second d&#39;un coup franc qui a vu Marc Guehi inaugurer le quatri\u00e8me but de la soir\u00e9e. Ebelechi Eze n&#39;est pas sorti du banc, mais une bonne nuit de travail pour les deux joueurs d&#39;Arsenal qui ont commenc\u00e9 celui-ci, et j&#39;esp\u00e8re &#8211; comme Odegaard &#8211; ils peuvent porter cela dans les prochaines semaines pour nous.<\/p>\n<p>De la nuit, de l&#39;autre c\u00f4t\u00e9 de l&#39;Atlantique, ce n&#39;\u00e9tait pas une bonne nuit pour le Br\u00e9sil car ils ont \u00e9t\u00e9 battus 1-0 par la Bolivie. Du point de vue de l&#39;Arsenal, ce fut une bonne nouvelle car ni Gabriel ni Gabriel Martinelli ne figuraient du tout dans un jeu jou\u00e9 \u00e0 une altitude importante (4 150 m\u00e8tres apparemment), donc malgr\u00e9 une bonne quantit\u00e9 de voyage pendant cette pause, ils pourraient revenir dans la pire forme.<\/p>\n<p>Ce fut une bonne nuit pour l&#39;\u00c9quateur, car ils battaient l&#39;Argentine 1-0 avec Piero Hincapie jouant le 90 de ce qui semble avoir \u00e9t\u00e9 un jeu mouvement\u00e9 qui a vu les deux c\u00f4t\u00e9s terminer avec 10 hommes. Il reviendra maintenant \u00e0 Londres, et il sera int\u00e9ressant de voir s&#39;il fait l&#39;\u00e9quipe pour le match de samedi. Il est arriv\u00e9 le jour de la date limite avant de s&#39;envoler en service international, donc il a probablement beaucoup \u00e0 r\u00e9gler. Tel que:<\/p>\n<ul>\n<li>Quelque part pour vivre<\/li>\n<li>Tous ses affaires<\/li>\n<li>Sa collection de bandes dessin\u00e9es Spiderman en \u00e9dition pr\u00e9coce<\/li>\n<li>Steve, son chinchilla<\/li>\n<\/ul>\n<p>Je suis s\u00fbr qu&#39;il a des gens autour de lui qui peuvent aider, et sans aucun doute, le club l&#39;a r\u00e9gl\u00e9 une belle pi\u00e8ce dans le Premier Inn sur Euston Road, mais il y a beaucoup \u00e0 passer \u00e0 son retour. Mikel Arteta est g\u00e9n\u00e9ralement un peu prudente \u00e0 l&#39;id\u00e9e de jeter de nouveaux joueurs dans le m\u00e9lange trop rapidement, alors voyons ce qui se passe avec lui. J&#39;esp\u00e8re qu&#39;il y a une place sur le banc, mais nous le saurons en temps voulu.<\/p>\n<p>Ok, laissons-le l\u00e0 pour le moment. Les doigts crois\u00e9s, nous avons travers\u00e9 cette p\u00e9riode sans aucune inqui\u00e9tude, et nous pouvons maintenant nous concentrer sur l&#39;arsenal\u2026 jusqu&#39;\u00e0 l&#39;interlulle du mois prochain.<\/p>\n<p>Jusqu&#39;\u00e0 demain.<\/p>\n<\/div>\n","protected":false},"excerpt":{"rendered":"<p>Matin. Ce fut une nuit productive pour certains acteurs d&#39;Arsenal en action pour leur pays hier soir. Commen\u00e7ons par la Norv\u00e8ge o\u00f9 Martin Odegaard est<\/p>\n","protected":false},"author":1,"featured_media":28298,"comment_status":"closed","ping_status":"","sticky":false,"template":"","format":"standard","meta":{"footnotes":""},"categories":[3],"tags":[6958,1646,4200,93,3388,51,92],"yoast_head":"<!-- This site is optimized with the Yoast SEO plugin v21.0 - https:\/\/yoast.com\/wordpress\/plugins\/seo\/ -->\n<title>Une bonne nuit pour les artilleurs internationaux<\/title>\n<meta name=\"robots\" content=\"index, follow, max-snippet:-1, max-image-preview:large, max-video-preview:-1\" \/>\n<link rel=\"canonical\" href=\"https:\/\/footdavant.fr\/actualites\/une-bonne-nuit-pour-les-artilleurs-internationaux\/\" \/>\n<meta property=\"og:locale\" content=\"fr_FR\" \/>\n<meta property=\"og:type\" content=\"article\" \/>\n<meta property=\"og:title\" content=\"Une bonne nuit pour les artilleurs internationaux\" \/>\n<meta property=\"og:description\" content=\"Matin. Ce fut une nuit productive pour certains acteurs d&#039;Arsenal en action pour leur pays hier soir. Commen\u00e7ons par la Norv\u00e8ge o\u00f9 Martin Odegaard est\" \/>\n<meta property=\"og:url\" content=\"https:\/\/footdavant.fr\/actualites\/une-bonne-nuit-pour-les-artilleurs-internationaux\/\" \/>\n<meta property=\"og:site_name\" content=\"Foot d&#039;avant\" \/>\n<meta property=\"article:publisher\" content=\"https:\/\/www.facebook.com\/Footdavant\/\" \/>\n<meta property=\"article:published_time\" content=\"2025-09-10T06:48:17+00:00\" \/>\n<meta property=\"article:modified_time\" content=\"2025-09-10T06:48:21+00:00\" \/>\n<meta property=\"og:image\" content=\"https:\/\/footdavant.fr\/actualites\/wp-content\/uploads\/2025\/09\/Une-bonne-nuit-pour-les-artilleurs-internationaux.jpg\" \/>\n\t<meta property=\"og:image:width\" content=\"1500\" \/>\n\t<meta property=\"og:image:height\" content=\"750\" \/>\n\t<meta property=\"og:image:type\" content=\"image\/jpeg\" \/>\n<meta name=\"author\" content=\"Cl\u00e9ment\" \/>\n<meta name=\"twitter:card\" content=\"summary_large_image\" \/>\n<meta name=\"twitter:creator\" content=\"@FootdavantFr\" \/>\n<meta name=\"twitter:site\" content=\"@FootdavantFr\" \/>\n<meta name=\"twitter:label1\" content=\"\u00c9crit par\" \/>\n\t<meta name=\"twitter:data1\" content=\"Cl\u00e9ment\" \/>\n\t<meta name=\"twitter:label2\" content=\"Dur\u00e9e de lecture estim\u00e9e\" \/>\n\t<meta name=\"twitter:data2\" content=\"4 minutes\" \/>\n<script type=\"application\/ld+json\" class=\"yoast-schema-graph\">{\"@context\":\"https:\/\/schema.org\",\"@graph\":[{\"@type\":\"Article\",\"@id\":\"https:\/\/footdavant.fr\/actualites\/une-bonne-nuit-pour-les-artilleurs-internationaux\/#article\",\"isPartOf\":{\"@id\":\"https:\/\/footdavant.fr\/actualites\/une-bonne-nuit-pour-les-artilleurs-internationaux\/\"},\"author\":{\"name\":\"Cl\u00e9ment\",\"@id\":\"https:\/\/footdavant.fr\/actualites\/#\/schema\/person\/bc222566d95871b37e597b3ed3ba5e1d\"},\"headline\":\"Une bonne nuit pour les artilleurs internationaux\",\"datePublished\":\"2025-09-10T06:48:17+00:00\",\"dateModified\":\"2025-09-10T06:48:21+00:00\",\"mainEntityOfPage\":{\"@id\":\"https:\/\/footdavant.fr\/actualites\/une-bonne-nuit-pour-les-artilleurs-internationaux\/\"},\"wordCount\":747,\"publisher\":{\"@id\":\"https:\/\/footdavant.fr\/actualites\/#organization\"},\"keywords\":[\"artilleurs\",\"bonne\",\"internationaux\",\"les\",\"nuit\",\"pour\",\"une\"],\"articleSection\":[\"Football\"],\"inLanguage\":\"fr-FR\"},{\"@type\":\"WebPage\",\"@id\":\"https:\/\/footdavant.fr\/actualites\/une-bonne-nuit-pour-les-artilleurs-internationaux\/\",\"url\":\"https:\/\/footdavant.fr\/actualites\/une-bonne-nuit-pour-les-artilleurs-internationaux\/\",\"name\":\"Une bonne nuit pour les artilleurs internationaux\",\"isPartOf\":{\"@id\":\"https:\/\/footdavant.fr\/actualites\/#website\"},\"datePublished\":\"2025-09-10T06:48:17+00:00\",\"dateModified\":\"2025-09-10T06:48:21+00:00\",\"breadcrumb\":{\"@id\":\"https:\/\/footdavant.fr\/actualites\/une-bonne-nuit-pour-les-artilleurs-internationaux\/#breadcrumb\"},\"inLanguage\":\"fr-FR\",\"potentialAction\":[{\"@type\":\"ReadAction\",\"target\":[\"https:\/\/footdavant.fr\/actualites\/une-bonne-nuit-pour-les-artilleurs-internationaux\/\"]}]},{\"@type\":\"BreadcrumbList\",\"@id\":\"https:\/\/footdavant.fr\/actualites\/une-bonne-nuit-pour-les-artilleurs-internationaux\/#breadcrumb\",\"itemListElement\":[{\"@type\":\"ListItem\",\"position\":1,\"name\":\"Accueil\",\"item\":\"https:\/\/footdavant.fr\/actualites\/\"},{\"@type\":\"ListItem\",\"position\":2,\"name\":\"Une bonne nuit pour les artilleurs internationaux\"}]},{\"@type\":\"WebSite\",\"@id\":\"https:\/\/footdavant.fr\/actualites\/#website\",\"url\":\"https:\/\/footdavant.fr\/actualites\/\",\"name\":\"Foot d'avant\",\"description\":\"\",\"publisher\":{\"@id\":\"https:\/\/footdavant.fr\/actualites\/#organization\"},\"potentialAction\":[{\"@type\":\"SearchAction\",\"target\":{\"@type\":\"EntryPoint\",\"urlTemplate\":\"https:\/\/footdavant.fr\/actualites\/?s={search_term_string}\"},\"query-input\":\"required name=search_term_string\"}],\"inLanguage\":\"fr-FR\"},{\"@type\":\"Organization\",\"@id\":\"https:\/\/footdavant.fr\/actualites\/#organization\",\"name\":\"Foot d'avant\",\"url\":\"https:\/\/footdavant.fr\/actualites\/\",\"logo\":{\"@type\":\"ImageObject\",\"inLanguage\":\"fr-FR\",\"@id\":\"https:\/\/footdavant.fr\/actualites\/#\/schema\/logo\/image\/\",\"url\":\"https:\/\/footdavant.fr\/actualites\/wp-content\/uploads\/2023\/09\/Copy-of-FootDavant-Logo.png\",\"contentUrl\":\"https:\/\/footdavant.fr\/actualites\/wp-content\/uploads\/2023\/09\/Copy-of-FootDavant-Logo.png\",\"width\":936,\"height\":549,\"caption\":\"Foot d'avant\"},\"image\":{\"@id\":\"https:\/\/footdavant.fr\/actualites\/#\/schema\/logo\/image\/\"},\"sameAs\":[\"https:\/\/www.facebook.com\/Footdavant\/\",\"https:\/\/twitter.com\/FootdavantFr\",\"https:\/\/www.instagram.com\/footdavant.fr\/\"]},{\"@type\":\"Person\",\"@id\":\"https:\/\/footdavant.fr\/actualites\/#\/schema\/person\/bc222566d95871b37e597b3ed3ba5e1d\",\"name\":\"Cl\u00e9ment\",\"image\":{\"@type\":\"ImageObject\",\"inLanguage\":\"fr-FR\",\"@id\":\"https:\/\/footdavant.fr\/actualites\/#\/schema\/person\/image\/\",\"url\":\"https:\/\/secure.gravatar.com\/avatar\/7728b29aac2719421e1a9159b2254c44?s=96&d=mm&r=g\",\"contentUrl\":\"https:\/\/secure.gravatar.com\/avatar\/7728b29aac2719421e1a9159b2254c44?s=96&d=mm&r=g\",\"caption\":\"Cl\u00e9ment\"},\"sameAs\":[\"https:\/\/footdavant.fr\/\"]}]}<\/script>\n<!-- \/ Yoast SEO plugin. -->","yoast_head_json":{"title":"Une bonne nuit pour les artilleurs internationaux","robots":{"index":"index","follow":"follow","max-snippet":"max-snippet:-1","max-image-preview":"max-image-preview:large","max-video-preview":"max-video-preview:-1"},"canonical":"https:\/\/footdavant.fr\/actualites\/une-bonne-nuit-pour-les-artilleurs-internationaux\/","og_locale":"fr_FR","og_type":"article","og_title":"Une bonne nuit pour les artilleurs internationaux","og_description":"Matin. Ce fut une nuit productive pour certains acteurs d&#39;Arsenal en action pour leur pays hier soir. Commen\u00e7ons par la Norv\u00e8ge o\u00f9 Martin Odegaard est","og_url":"https:\/\/footdavant.fr\/actualites\/une-bonne-nuit-pour-les-artilleurs-internationaux\/","og_site_name":"Foot d&#039;avant","article_publisher":"https:\/\/www.facebook.com\/Footdavant\/","article_published_time":"2025-09-10T06:48:17+00:00","article_modified_time":"2025-09-10T06:48:21+00:00","og_image":[{"width":1500,"height":750,"url":"https:\/\/footdavant.fr\/actualites\/wp-content\/uploads\/2025\/09\/Une-bonne-nuit-pour-les-artilleurs-internationaux.jpg","type":"image\/jpeg"}],"author":"Cl\u00e9ment","twitter_card":"summary_large_image","twitter_creator":"@FootdavantFr","twitter_site":"@FootdavantFr","twitter_misc":{"\u00c9crit par":"Cl\u00e9ment","Dur\u00e9e de lecture estim\u00e9e":"4 minutes"},"schema":{"@context":"https:\/\/schema.org","@graph":[{"@type":"Article","@id":"https:\/\/footdavant.fr\/actualites\/une-bonne-nuit-pour-les-artilleurs-internationaux\/#article","isPartOf":{"@id":"https:\/\/footdavant.fr\/actualites\/une-bonne-nuit-pour-les-artilleurs-internationaux\/"},"author":{"name":"Cl\u00e9ment","@id":"https:\/\/footdavant.fr\/actualites\/#\/schema\/person\/bc222566d95871b37e597b3ed3ba5e1d"},"headline":"Une bonne nuit pour les artilleurs internationaux","datePublished":"2025-09-10T06:48:17+00:00","dateModified":"2025-09-10T06:48:21+00:00","mainEntityOfPage":{"@id":"https:\/\/footdavant.fr\/actualites\/une-bonne-nuit-pour-les-artilleurs-internationaux\/"},"wordCount":747,"publisher":{"@id":"https:\/\/footdavant.fr\/actualites\/#organization"},"keywords":["artilleurs","bonne","internationaux","les","nuit","pour","une"],"articleSection":["Football"],"inLanguage":"fr-FR"},{"@type":"WebPage","@id":"https:\/\/footdavant.fr\/actualites\/une-bonne-nuit-pour-les-artilleurs-internationaux\/","url":"https:\/\/footdavant.fr\/actualites\/une-bonne-nuit-pour-les-artilleurs-internationaux\/","name":"Une bonne nuit pour les artilleurs internationaux","isPartOf":{"@id":"https:\/\/footdavant.fr\/actualites\/#website"},"datePublished":"2025-09-10T06:48:17+00:00","dateModified":"2025-09-10T06:48:21+00:00","breadcrumb":{"@id":"https:\/\/footdavant.fr\/actualites\/une-bonne-nuit-pour-les-artilleurs-internationaux\/#breadcrumb"},"inLanguage":"fr-FR","potentialAction":[{"@type":"ReadAction","target":["https:\/\/footdavant.fr\/actualites\/une-bonne-nuit-pour-les-artilleurs-internationaux\/"]}]},{"@type":"BreadcrumbList","@id":"https:\/\/footdavant.fr\/actualites\/une-bonne-nuit-pour-les-artilleurs-internationaux\/#breadcrumb","itemListElement":[{"@type":"ListItem","position":1,"name":"Accueil","item":"https:\/\/footdavant.fr\/actualites\/"},{"@type":"ListItem","position":2,"name":"Une bonne nuit pour les artilleurs internationaux"}]},{"@type":"WebSite","@id":"https:\/\/footdavant.fr\/actualites\/#website","url":"https:\/\/footdavant.fr\/actualites\/","name":"Foot d'avant","description":"","publisher":{"@id":"https:\/\/footdavant.fr\/actualites\/#organization"},"potentialAction":[{"@type":"SearchAction","target":{"@type":"EntryPoint","urlTemplate":"https:\/\/footdavant.fr\/actualites\/?s={search_term_string}"},"query-input":"required name=search_term_string"}],"inLanguage":"fr-FR"},{"@type":"Organization","@id":"https:\/\/footdavant.fr\/actualites\/#organization","name":"Foot d'avant","url":"https:\/\/footdavant.fr\/actualites\/","logo":{"@type":"ImageObject","inLanguage":"fr-FR","@id":"https:\/\/footdavant.fr\/actualites\/#\/schema\/logo\/image\/","url":"https:\/\/footdavant.fr\/actualites\/wp-content\/uploads\/2023\/09\/Copy-of-FootDavant-Logo.png","contentUrl":"https:\/\/footdavant.fr\/actualites\/wp-content\/uploads\/2023\/09\/Copy-of-FootDavant-Logo.png","width":936,"height":549,"caption":"Foot d'avant"},"image":{"@id":"https:\/\/footdavant.fr\/actualites\/#\/schema\/logo\/image\/"},"sameAs":["https:\/\/www.facebook.com\/Footdavant\/","https:\/\/twitter.com\/FootdavantFr","https:\/\/www.instagram.com\/footdavant.fr\/"]},{"@type":"Person","@id":"https:\/\/footdavant.fr\/actualites\/#\/schema\/person\/bc222566d95871b37e597b3ed3ba5e1d","name":"Cl\u00e9ment","image":{"@type":"ImageObject","inLanguage":"fr-FR","@id":"https:\/\/footdavant.fr\/actualites\/#\/schema\/person\/image\/","url":"https:\/\/secure.gravatar.com\/avatar\/7728b29aac2719421e1a9159b2254c44?s=96&d=mm&r=g","contentUrl":"https:\/\/secure.gravatar.com\/avatar\/7728b29aac2719421e1a9159b2254c44?s=96&d=mm&r=g","caption":"Cl\u00e9ment"},"sameAs":["https:\/\/footdavant.fr\/"]}]}},"_links":{"self":[{"href":"https:\/\/footdavant.fr\/actualites\/wp-json\/wp\/v2\/posts\/28297"}],"collection":[{"href":"https:\/\/footdavant.fr\/actualites\/wp-json\/wp\/v2\/posts"}],"about":[{"href":"https:\/\/footdavant.fr\/actualites\/wp-json\/wp\/v2\/types\/post"}],"author":[{"embeddable":true,"href":"https:\/\/footdavant.fr\/actualites\/wp-json\/wp\/v2\/users\/1"}],"replies":[{"embeddable":true,"href":"https:\/\/footdavant.fr\/actualites\/wp-json\/wp\/v2\/comments?post=28297"}],"version-history":[{"count":1,"href":"https:\/\/footdavant.fr\/actualites\/wp-json\/wp\/v2\/posts\/28297\/revisions"}],"predecessor-version":[{"id":28299,"href":"https:\/\/footdavant.fr\/actualites\/wp-json\/wp\/v2\/posts\/28297\/revisions\/28299"}],"wp:featuredmedia":[{"embeddable":true,"href":"https:\/\/footdavant.fr\/actualites\/wp-json\/wp\/v2\/media\/28298"}],"wp:attachment":[{"href":"https:\/\/footdavant.fr\/actualites\/wp-json\/wp\/v2\/media?parent=28297"}],"wp:term":[{"taxonomy":"category","embeddable":true,"href":"https:\/\/footdavant.fr\/actualites\/wp-json\/wp\/v2\/categories?post=28297"},{"taxonomy":"post_tag","embeddable":true,"href":"https:\/\/footdavant.fr\/actualites\/wp-json\/wp\/v2\/tags?post=28297"}],"curies":[{"name":"wp","href":"https:\/\/api.w.org\/{rel}","templated":true}]}}