{"id":28302,"date":"2025-09-10T12:48:14","date_gmt":"2025-09-10T10:48:14","guid":{"rendered":"https:\/\/footdavant.fr\/actualites\/les-cameras-de-television-capturent-szoboszlai-en-larmes-apres-la-defaite-du-portugal\/"},"modified":"2025-09-10T12:48:18","modified_gmt":"2025-09-10T10:48:18","slug":"les-cameras-de-television-capturent-szoboszlai-en-larmes-apres-la-defaite-du-portugal","status":"publish","type":"post","link":"https:\/\/footdavant.fr\/actualites\/les-cameras-de-television-capturent-szoboszlai-en-larmes-apres-la-defaite-du-portugal\/","title":{"rendered":"Les cam\u00e9ras de t\u00e9l\u00e9vision capturent Szoboszlai en larmes apr\u00e8s la d\u00e9faite du Portugal"},"content":{"rendered":"<div id=\"article-body\">\n<!-- Article Start --><\/p>\n<p>La Dominik Szoboszlai de Liverpool a endur\u00e9 des sc\u00e8nes d\u00e9chirantes en service international alors qu&#39;il a fondu en larmes apr\u00e8s la d\u00e9faite de la Coupe du monde 3-2 de la Hongrie contre le Portugal.<\/p>\n<p>Le capitaine hongrois a \u00e9t\u00e9 pris \u00e0 la t\u00e9l\u00e9vision en sanglotant et en s&#39;excusant aupr\u00e8s des supporters apr\u00e8s que sa passe d\u00e9plac\u00e9e a conduit Joao \u00e0 marquer le but d\u00e9cisif \u00e0 Budapest, comme l&#39;a rapport\u00e9 Origo Sport.<\/p>\n<h2>Szoboszlai tombe en panne apr\u00e8s une erreur tardive<\/h2>\n<figure class=\"wp-caption alignnone\"><picture><source type=\"image\/webp\" data- data-><\/source><\/picture><\/figure>\n<p>Avec le match \u00e0 \u00e9galit\u00e9 \u00e0 2-2 dans les derni\u00e8res \u00e9tapes, le milieu de terrain a tent\u00e9 de trouver son co\u00e9quipier d&#39;Anfield Milos Kerkez, seulement pour que son laissez-passer soit intercept\u00e9.<\/p>\n<p>Le Portugal a imm\u00e9diatement puni l&#39;erreur, Cancelo tirant \u00e0 la maison pour assurer la victoire et laisser Szoboszlai inconsolable au coup de sifflet final.<\/p>\n<p>Selon le point de vente hongrois, le joueur de 24 ans a enterr\u00e9 son visage dans sa chemise et n&#39;a pas pu se r\u00e9soudre \u00e0 s&#39;adresser aux m\u00e9dias par la suite, un moment rare pour un joueur g\u00e9n\u00e9ralement pour parler d&#39;apr\u00e8s-match.<\/p>\n<p>Les cam\u00e9ras de t\u00e9l\u00e9vision l&#39;ont plut\u00f4t montr\u00e9 r\u00e9confort\u00e9 par le gardien de but Balazs Toth, tandis qu&#39;il a mis les excuses aux fans dans les tribunes.<\/p>\n<p>Pour nous, c&#39;est un rappel de la pression que notre n \u00b0 8 porte lors de la repr\u00e9sentation de son pays, o\u00f9 il est capitaine et point focal de leur \u00e9quipe.<\/p>\n<p>Liverpool a d\u00e9j\u00e0 sign\u00e9 Florian Wirtz pour des frais record pour partager une partie de cette responsabilit\u00e9 cr\u00e9ative \u00e0 Anfield, mais Szoboszlai reste au c\u0153ur de nos plans dans le cadre d&#39;Arne.<\/p>\n<h2>Pourquoi c&#39;est important pour la saison de Liverpool<\/h2>\n<figure class=\"wp-caption alignnone\"><picture><source type=\"image\/webp\" data- data-><img decoding=\"async\" loading=\"lazy\" width=\"1500\" height=\"1000\" src=\"https:\/\/footdavant.fr\/actualites\/wp-content\/uploads\/2025\/09\/1757256503_687_L39entraineur-insiste-sur-le-fait-que-Szoboszlai-pourrait-etre-le.jpg\" class=\"lazyload wp-image-277281 has-webp\" alt=\"Le superbe coup franc de Dominik Szoboszlai a donn\u00e9 \u00e0 Liverpool la victoire sur Arsenal\"  data- style=\"aspect-ratio:1500\/1000;max-width:1500px\"><\/source><\/picture><\/figure>\n<p>Ce n&#39;est pas la premi\u00e8re fois que notre \u00e9quipe est test\u00e9e \u00e9motionnellement pendant la pause. Plus t\u00f4t cette semaine, Virgil Van Dijk a \u00e9t\u00e9 tr\u00e8s critique envers ses co\u00e9quipiers n\u00e9erlandais apr\u00e8s leur victoire sur la Lituanie.<\/p>\n<p>L&#39;espoir sera que l&#39;angoisse de Szoboszlai ne s&#39;attarde pas, Liverpool ayant besoin de son \u00e9nergie et de son leadership alors que nous continuons notre d\u00e9fense du titre.<\/p>\n<p>Il a excell\u00e9 \u00e0 l&#39;arri\u00e8re dans les performances r\u00e9centes et son manager international l&#39;a soutenu pour prosp\u00e9rer dans un r\u00f4le de milieu de terrain d\u00e9fensif.<\/p>\n<p>Partout o\u00f9 la machine \u00e0 sous choisit notre n \u00b0 8 \u00e0 jouer, il doit obtenir ce revers derri\u00e8re lui et se concentrer sur l&#39;aide \u00e0 Liverpool \u00e0 maintenir notre place en haut de la table.<\/p>\n<p><!-- Article End -->\t\t\t\t<\/div>\n","protected":false},"excerpt":{"rendered":"<p>La Dominik Szoboszlai de Liverpool a endur\u00e9 des sc\u00e8nes d\u00e9chirantes en service international alors qu&#39;il a fondu en larmes apr\u00e8s la d\u00e9faite de la Coupe<\/p>\n","protected":false},"author":1,"featured_media":28303,"comment_status":"closed","ping_status":"","sticky":false,"template":"","format":"standard","meta":{"footnotes":""},"categories":[3],"tags":[25,10466,2058,425,10467,93,4389,531,5084],"yoast_head":"<!-- This site is optimized with the Yoast SEO plugin v21.0 - https:\/\/yoast.com\/wordpress\/plugins\/seo\/ -->\n<title>Les cam\u00e9ras de t\u00e9l\u00e9vision capturent Szoboszlai en larmes apr\u00e8s la d\u00e9faite du Portugal<\/title>\n<meta name=\"robots\" content=\"index, follow, max-snippet:-1, max-image-preview:large, max-video-preview:-1\" \/>\n<link rel=\"canonical\" href=\"https:\/\/footdavant.fr\/actualites\/les-cameras-de-television-capturent-szoboszlai-en-larmes-apres-la-defaite-du-portugal\/\" \/>\n<meta property=\"og:locale\" content=\"fr_FR\" \/>\n<meta property=\"og:type\" content=\"article\" \/>\n<meta property=\"og:title\" content=\"Les cam\u00e9ras de t\u00e9l\u00e9vision capturent Szoboszlai en larmes apr\u00e8s la d\u00e9faite du Portugal\" \/>\n<meta property=\"og:description\" content=\"La Dominik Szoboszlai de Liverpool a endur\u00e9 des sc\u00e8nes d\u00e9chirantes en service international alors qu&#039;il a fondu en larmes apr\u00e8s la d\u00e9faite de la Coupe\" \/>\n<meta property=\"og:url\" content=\"https:\/\/footdavant.fr\/actualites\/les-cameras-de-television-capturent-szoboszlai-en-larmes-apres-la-defaite-du-portugal\/\" \/>\n<meta property=\"og:site_name\" content=\"Foot d&#039;avant\" \/>\n<meta property=\"article:publisher\" content=\"https:\/\/www.facebook.com\/Footdavant\/\" \/>\n<meta property=\"article:published_time\" content=\"2025-09-10T10:48:14+00:00\" \/>\n<meta property=\"article:modified_time\" content=\"2025-09-10T10:48:18+00:00\" \/>\n<meta property=\"og:image\" content=\"https:\/\/footdavant.fr\/actualites\/wp-content\/uploads\/2025\/09\/1757501295_Les-cameras-de-television-capturent-Szoboszlai-en-larmes-apres-la.jpg\" \/>\n\t<meta property=\"og:image:width\" content=\"1200\" \/>\n\t<meta property=\"og:image:height\" content=\"675\" \/>\n\t<meta property=\"og:image:type\" content=\"image\/jpeg\" \/>\n<meta name=\"author\" content=\"Cl\u00e9ment\" \/>\n<meta name=\"twitter:card\" content=\"summary_large_image\" \/>\n<meta name=\"twitter:creator\" content=\"@FootdavantFr\" \/>\n<meta name=\"twitter:site\" content=\"@FootdavantFr\" \/>\n<meta name=\"twitter:label1\" content=\"\u00c9crit par\" \/>\n\t<meta name=\"twitter:data1\" content=\"Cl\u00e9ment\" \/>\n\t<meta name=\"twitter:label2\" content=\"Dur\u00e9e de lecture estim\u00e9e\" \/>\n\t<meta name=\"twitter:data2\" content=\"2 minutes\" \/>\n<script type=\"application\/ld+json\" class=\"yoast-schema-graph\">{\"@context\":\"https:\/\/schema.org\",\"@graph\":[{\"@type\":\"Article\",\"@id\":\"https:\/\/footdavant.fr\/actualites\/les-cameras-de-television-capturent-szoboszlai-en-larmes-apres-la-defaite-du-portugal\/#article\",\"isPartOf\":{\"@id\":\"https:\/\/footdavant.fr\/actualites\/les-cameras-de-television-capturent-szoboszlai-en-larmes-apres-la-defaite-du-portugal\/\"},\"author\":{\"name\":\"Cl\u00e9ment\",\"@id\":\"https:\/\/footdavant.fr\/actualites\/#\/schema\/person\/bc222566d95871b37e597b3ed3ba5e1d\"},\"headline\":\"Les cam\u00e9ras de t\u00e9l\u00e9vision capturent Szoboszlai en larmes apr\u00e8s la d\u00e9faite du Portugal\",\"datePublished\":\"2025-09-10T10:48:14+00:00\",\"dateModified\":\"2025-09-10T10:48:18+00:00\",\"mainEntityOfPage\":{\"@id\":\"https:\/\/footdavant.fr\/actualites\/les-cameras-de-television-capturent-szoboszlai-en-larmes-apres-la-defaite-du-portugal\/\"},\"wordCount\":459,\"publisher\":{\"@id\":\"https:\/\/footdavant.fr\/actualites\/#organization\"},\"keywords\":[\"apr\u00e8s\",\"cam\u00e9ras\",\"capturent\",\"d\u00e9faite\",\"larmes\",\"les\",\"Portugal\",\"Szoboszlai\",\"t\u00e9l\u00e9vision\"],\"articleSection\":[\"Football\"],\"inLanguage\":\"fr-FR\"},{\"@type\":\"WebPage\",\"@id\":\"https:\/\/footdavant.fr\/actualites\/les-cameras-de-television-capturent-szoboszlai-en-larmes-apres-la-defaite-du-portugal\/\",\"url\":\"https:\/\/footdavant.fr\/actualites\/les-cameras-de-television-capturent-szoboszlai-en-larmes-apres-la-defaite-du-portugal\/\",\"name\":\"Les cam\u00e9ras de t\u00e9l\u00e9vision capturent Szoboszlai en larmes apr\u00e8s la d\u00e9faite du Portugal\",\"isPartOf\":{\"@id\":\"https:\/\/footdavant.fr\/actualites\/#website\"},\"datePublished\":\"2025-09-10T10:48:14+00:00\",\"dateModified\":\"2025-09-10T10:48:18+00:00\",\"breadcrumb\":{\"@id\":\"https:\/\/footdavant.fr\/actualites\/les-cameras-de-television-capturent-szoboszlai-en-larmes-apres-la-defaite-du-portugal\/#breadcrumb\"},\"inLanguage\":\"fr-FR\",\"potentialAction\":[{\"@type\":\"ReadAction\",\"target\":[\"https:\/\/footdavant.fr\/actualites\/les-cameras-de-television-capturent-szoboszlai-en-larmes-apres-la-defaite-du-portugal\/\"]}]},{\"@type\":\"BreadcrumbList\",\"@id\":\"https:\/\/footdavant.fr\/actualites\/les-cameras-de-television-capturent-szoboszlai-en-larmes-apres-la-defaite-du-portugal\/#breadcrumb\",\"itemListElement\":[{\"@type\":\"ListItem\",\"position\":1,\"name\":\"Accueil\",\"item\":\"https:\/\/footdavant.fr\/actualites\/\"},{\"@type\":\"ListItem\",\"position\":2,\"name\":\"Les cam\u00e9ras de t\u00e9l\u00e9vision capturent Szoboszlai en larmes apr\u00e8s la d\u00e9faite du Portugal\"}]},{\"@type\":\"WebSite\",\"@id\":\"https:\/\/footdavant.fr\/actualites\/#website\",\"url\":\"https:\/\/footdavant.fr\/actualites\/\",\"name\":\"Foot d'avant\",\"description\":\"\",\"publisher\":{\"@id\":\"https:\/\/footdavant.fr\/actualites\/#organization\"},\"potentialAction\":[{\"@type\":\"SearchAction\",\"target\":{\"@type\":\"EntryPoint\",\"urlTemplate\":\"https:\/\/footdavant.fr\/actualites\/?s={search_term_string}\"},\"query-input\":\"required name=search_term_string\"}],\"inLanguage\":\"fr-FR\"},{\"@type\":\"Organization\",\"@id\":\"https:\/\/footdavant.fr\/actualites\/#organization\",\"name\":\"Foot d'avant\",\"url\":\"https:\/\/footdavant.fr\/actualites\/\",\"logo\":{\"@type\":\"ImageObject\",\"inLanguage\":\"fr-FR\",\"@id\":\"https:\/\/footdavant.fr\/actualites\/#\/schema\/logo\/image\/\",\"url\":\"https:\/\/footdavant.fr\/actualites\/wp-content\/uploads\/2023\/09\/Copy-of-FootDavant-Logo.png\",\"contentUrl\":\"https:\/\/footdavant.fr\/actualites\/wp-content\/uploads\/2023\/09\/Copy-of-FootDavant-Logo.png\",\"width\":936,\"height\":549,\"caption\":\"Foot d'avant\"},\"image\":{\"@id\":\"https:\/\/footdavant.fr\/actualites\/#\/schema\/logo\/image\/\"},\"sameAs\":[\"https:\/\/www.facebook.com\/Footdavant\/\",\"https:\/\/twitter.com\/FootdavantFr\",\"https:\/\/www.instagram.com\/footdavant.fr\/\"]},{\"@type\":\"Person\",\"@id\":\"https:\/\/footdavant.fr\/actualites\/#\/schema\/person\/bc222566d95871b37e597b3ed3ba5e1d\",\"name\":\"Cl\u00e9ment\",\"image\":{\"@type\":\"ImageObject\",\"inLanguage\":\"fr-FR\",\"@id\":\"https:\/\/footdavant.fr\/actualites\/#\/schema\/person\/image\/\",\"url\":\"https:\/\/secure.gravatar.com\/avatar\/7728b29aac2719421e1a9159b2254c44?s=96&d=mm&r=g\",\"contentUrl\":\"https:\/\/secure.gravatar.com\/avatar\/7728b29aac2719421e1a9159b2254c44?s=96&d=mm&r=g\",\"caption\":\"Cl\u00e9ment\"},\"sameAs\":[\"https:\/\/footdavant.fr\/\"]}]}<\/script>\n<!-- \/ Yoast SEO plugin. -->","yoast_head_json":{"title":"Les cam\u00e9ras de t\u00e9l\u00e9vision capturent Szoboszlai en larmes apr\u00e8s la d\u00e9faite du Portugal","robots":{"index":"index","follow":"follow","max-snippet":"max-snippet:-1","max-image-preview":"max-image-preview:large","max-video-preview":"max-video-preview:-1"},"canonical":"https:\/\/footdavant.fr\/actualites\/les-cameras-de-television-capturent-szoboszlai-en-larmes-apres-la-defaite-du-portugal\/","og_locale":"fr_FR","og_type":"article","og_title":"Les cam\u00e9ras de t\u00e9l\u00e9vision capturent Szoboszlai en larmes apr\u00e8s la d\u00e9faite du Portugal","og_description":"La Dominik Szoboszlai de Liverpool a endur\u00e9 des sc\u00e8nes d\u00e9chirantes en service international alors qu&#39;il a fondu en larmes apr\u00e8s la d\u00e9faite de la Coupe","og_url":"https:\/\/footdavant.fr\/actualites\/les-cameras-de-television-capturent-szoboszlai-en-larmes-apres-la-defaite-du-portugal\/","og_site_name":"Foot d&#039;avant","article_publisher":"https:\/\/www.facebook.com\/Footdavant\/","article_published_time":"2025-09-10T10:48:14+00:00","article_modified_time":"2025-09-10T10:48:18+00:00","og_image":[{"width":1200,"height":675,"url":"https:\/\/footdavant.fr\/actualites\/wp-content\/uploads\/2025\/09\/1757501295_Les-cameras-de-television-capturent-Szoboszlai-en-larmes-apres-la.jpg","type":"image\/jpeg"}],"author":"Cl\u00e9ment","twitter_card":"summary_large_image","twitter_creator":"@FootdavantFr","twitter_site":"@FootdavantFr","twitter_misc":{"\u00c9crit par":"Cl\u00e9ment","Dur\u00e9e de lecture estim\u00e9e":"2 minutes"},"schema":{"@context":"https:\/\/schema.org","@graph":[{"@type":"Article","@id":"https:\/\/footdavant.fr\/actualites\/les-cameras-de-television-capturent-szoboszlai-en-larmes-apres-la-defaite-du-portugal\/#article","isPartOf":{"@id":"https:\/\/footdavant.fr\/actualites\/les-cameras-de-television-capturent-szoboszlai-en-larmes-apres-la-defaite-du-portugal\/"},"author":{"name":"Cl\u00e9ment","@id":"https:\/\/footdavant.fr\/actualites\/#\/schema\/person\/bc222566d95871b37e597b3ed3ba5e1d"},"headline":"Les cam\u00e9ras de t\u00e9l\u00e9vision capturent Szoboszlai en larmes apr\u00e8s la d\u00e9faite du Portugal","datePublished":"2025-09-10T10:48:14+00:00","dateModified":"2025-09-10T10:48:18+00:00","mainEntityOfPage":{"@id":"https:\/\/footdavant.fr\/actualites\/les-cameras-de-television-capturent-szoboszlai-en-larmes-apres-la-defaite-du-portugal\/"},"wordCount":459,"publisher":{"@id":"https:\/\/footdavant.fr\/actualites\/#organization"},"keywords":["apr\u00e8s","cam\u00e9ras","capturent","d\u00e9faite","larmes","les","Portugal","Szoboszlai","t\u00e9l\u00e9vision"],"articleSection":["Football"],"inLanguage":"fr-FR"},{"@type":"WebPage","@id":"https:\/\/footdavant.fr\/actualites\/les-cameras-de-television-capturent-szoboszlai-en-larmes-apres-la-defaite-du-portugal\/","url":"https:\/\/footdavant.fr\/actualites\/les-cameras-de-television-capturent-szoboszlai-en-larmes-apres-la-defaite-du-portugal\/","name":"Les cam\u00e9ras de t\u00e9l\u00e9vision capturent Szoboszlai en larmes apr\u00e8s la d\u00e9faite du Portugal","isPartOf":{"@id":"https:\/\/footdavant.fr\/actualites\/#website"},"datePublished":"2025-09-10T10:48:14+00:00","dateModified":"2025-09-10T10:48:18+00:00","breadcrumb":{"@id":"https:\/\/footdavant.fr\/actualites\/les-cameras-de-television-capturent-szoboszlai-en-larmes-apres-la-defaite-du-portugal\/#breadcrumb"},"inLanguage":"fr-FR","potentialAction":[{"@type":"ReadAction","target":["https:\/\/footdavant.fr\/actualites\/les-cameras-de-television-capturent-szoboszlai-en-larmes-apres-la-defaite-du-portugal\/"]}]},{"@type":"BreadcrumbList","@id":"https:\/\/footdavant.fr\/actualites\/les-cameras-de-television-capturent-szoboszlai-en-larmes-apres-la-defaite-du-portugal\/#breadcrumb","itemListElement":[{"@type":"ListItem","position":1,"name":"Accueil","item":"https:\/\/footdavant.fr\/actualites\/"},{"@type":"ListItem","position":2,"name":"Les cam\u00e9ras de t\u00e9l\u00e9vision capturent Szoboszlai en larmes apr\u00e8s la d\u00e9faite du Portugal"}]},{"@type":"WebSite","@id":"https:\/\/footdavant.fr\/actualites\/#website","url":"https:\/\/footdavant.fr\/actualites\/","name":"Foot d'avant","description":"","publisher":{"@id":"https:\/\/footdavant.fr\/actualites\/#organization"},"potentialAction":[{"@type":"SearchAction","target":{"@type":"EntryPoint","urlTemplate":"https:\/\/footdavant.fr\/actualites\/?s={search_term_string}"},"query-input":"required name=search_term_string"}],"inLanguage":"fr-FR"},{"@type":"Organization","@id":"https:\/\/footdavant.fr\/actualites\/#organization","name":"Foot d'avant","url":"https:\/\/footdavant.fr\/actualites\/","logo":{"@type":"ImageObject","inLanguage":"fr-FR","@id":"https:\/\/footdavant.fr\/actualites\/#\/schema\/logo\/image\/","url":"https:\/\/footdavant.fr\/actualites\/wp-content\/uploads\/2023\/09\/Copy-of-FootDavant-Logo.png","contentUrl":"https:\/\/footdavant.fr\/actualites\/wp-content\/uploads\/2023\/09\/Copy-of-FootDavant-Logo.png","width":936,"height":549,"caption":"Foot d'avant"},"image":{"@id":"https:\/\/footdavant.fr\/actualites\/#\/schema\/logo\/image\/"},"sameAs":["https:\/\/www.facebook.com\/Footdavant\/","https:\/\/twitter.com\/FootdavantFr","https:\/\/www.instagram.com\/footdavant.fr\/"]},{"@type":"Person","@id":"https:\/\/footdavant.fr\/actualites\/#\/schema\/person\/bc222566d95871b37e597b3ed3ba5e1d","name":"Cl\u00e9ment","image":{"@type":"ImageObject","inLanguage":"fr-FR","@id":"https:\/\/footdavant.fr\/actualites\/#\/schema\/person\/image\/","url":"https:\/\/secure.gravatar.com\/avatar\/7728b29aac2719421e1a9159b2254c44?s=96&d=mm&r=g","contentUrl":"https:\/\/secure.gravatar.com\/avatar\/7728b29aac2719421e1a9159b2254c44?s=96&d=mm&r=g","caption":"Cl\u00e9ment"},"sameAs":["https:\/\/footdavant.fr\/"]}]}},"_links":{"self":[{"href":"https:\/\/footdavant.fr\/actualites\/wp-json\/wp\/v2\/posts\/28302"}],"collection":[{"href":"https:\/\/footdavant.fr\/actualites\/wp-json\/wp\/v2\/posts"}],"about":[{"href":"https:\/\/footdavant.fr\/actualites\/wp-json\/wp\/v2\/types\/post"}],"author":[{"embeddable":true,"href":"https:\/\/footdavant.fr\/actualites\/wp-json\/wp\/v2\/users\/1"}],"replies":[{"embeddable":true,"href":"https:\/\/footdavant.fr\/actualites\/wp-json\/wp\/v2\/comments?post=28302"}],"version-history":[{"count":1,"href":"https:\/\/footdavant.fr\/actualites\/wp-json\/wp\/v2\/posts\/28302\/revisions"}],"predecessor-version":[{"id":28304,"href":"https:\/\/footdavant.fr\/actualites\/wp-json\/wp\/v2\/posts\/28302\/revisions\/28304"}],"wp:featuredmedia":[{"embeddable":true,"href":"https:\/\/footdavant.fr\/actualites\/wp-json\/wp\/v2\/media\/28303"}],"wp:attachment":[{"href":"https:\/\/footdavant.fr\/actualites\/wp-json\/wp\/v2\/media?parent=28302"}],"wp:term":[{"taxonomy":"category","embeddable":true,"href":"https:\/\/footdavant.fr\/actualites\/wp-json\/wp\/v2\/categories?post=28302"},{"taxonomy":"post_tag","embeddable":true,"href":"https:\/\/footdavant.fr\/actualites\/wp-json\/wp\/v2\/tags?post=28302"}],"curies":[{"name":"wp","href":"https:\/\/api.w.org\/{rel}","templated":true}]}}