{"id":2834,"date":"2023-12-21T13:51:04","date_gmt":"2023-12-21T12:51:04","guid":{"rendered":"https:\/\/footdavant.fr\/actualites\/le-real-madrid-interesse-par-les-retrouvailles-de-raphael-varane-au-milieu-dune-crise-de-blessures\/"},"modified":"2023-12-21T13:51:05","modified_gmt":"2023-12-21T12:51:05","slug":"le-real-madrid-interesse-par-les-retrouvailles-de-raphael-varane-au-milieu-dune-crise-de-blessures","status":"publish","type":"post","link":"https:\/\/footdavant.fr\/actualites\/le-real-madrid-interesse-par-les-retrouvailles-de-raphael-varane-au-milieu-dune-crise-de-blessures\/","title":{"rendered":"Le Real Madrid int\u00e9ress\u00e9 par les retrouvailles de Raphael Varane au milieu d&rsquo;une crise de blessures ?"},"content":{"rendered":"<p>Le Real Madrid aurait int\u00e9r\u00eat \u00e0 retrouver le d\u00e9fenseur de Manchester United Raphael Varane au milieu de sa crise de blessures \u00e0 l&rsquo;arri\u00e8re.<\/p>\n<div id=\"article_body\" itemprop=\"articleBody\">\n<h3 class=\"firstPara\">\n<strong class=\"autotag\">Real Madrid<\/strong> envisageraient apparemment d&rsquo;essayer d&rsquo;obtenir des retrouvailles avec <strong class=\"autotag\">Manchester United<\/strong> d\u00e9fenseur <strong class=\"autotag\">Rapha\u00ebl Varane<\/strong>.<\/h3>\n<p>Entre 2011 et 2021, l&rsquo;international fran\u00e7ais a connu un passage l\u00e9gendaire au Bernabeu, r\u00e9alisant un total de 360 \u200b\u200bapparitions au cours de cette p\u00e9riode.<\/p>\n<p>Trois titres de Liga et quatre couronnes de Ligue des champions ont \u00e9t\u00e9 remport\u00e9s au cours de cette p\u00e9riode, mais ce succ\u00e8s a donn\u00e9 \u00e0 Varane l&rsquo;envie de relever un nouveau d\u00e9fi \u00e0 Man United.<\/p>\n<p>Bien que le vainqueur de la Coupe du monde 2018 ait r\u00e9ussi \u00e0 ajouter une Coupe EFL \u00e0 sa liste d&rsquo;argenterie, il n&rsquo;a pas \u00e9t\u00e9 \u00e0 la hauteur de sa r\u00e9putation lors de son s\u00e9jour \u00e0 Old Trafford.<\/p>\n<p>Sous <strong class=\"autotag\">Erik Ten Hag<\/strong>Varane a pass\u00e9 du temps hors du premier XI en 2023-24 avant de revenir pour d\u00e9buter les r\u00e9cents matches contre le Bayern Munich et Liverpool.<\/p>\n<p class=\"imgI\">\n<p>Ayant contribu\u00e9 \u00e0 la cage inviol\u00e9e conserv\u00e9e lors d&rsquo;un match nul et vierge contre ce dernier, il est plausible que Varane ait retrouv\u00e9 sa place dans l&rsquo;\u00e9quipe \u00e0 long terme.<\/p>\n<p>De plus, le joueur lui-m\u00eame serait d\u00e9sireux de se battre pour sa place au Th\u00e9\u00e2tre des R\u00eaves plut\u00f4t que d\u2019envisager un transfert vers un autre grand club europ\u00e9en ou en Arabie Saoudite.<\/p>\n<p>N\u00e9anmoins, selon <em>IMAGE<\/em> journaliste <strong class=\"autotag\">Christian Falk<\/strong>le Real a identifi\u00e9 son ancien d\u00e9fenseur comme un ajout potentiel en janvier.<\/p>\n<p>Los Blancos ont \u00e9t\u00e9 laiss\u00e9s dans un \u00e9tat de d\u00e9sarroi \u00e0 l&rsquo;arri\u00e8re apr\u00e8s <strong class=\"autotag\">David Alaba<\/strong> rejoint <strong class=\"autotag\">Eder Militao<\/strong> en souffrant d&rsquo;une grave blessure au genou, qui le maintiendra \u00e0 l&rsquo;\u00e9cart pour le reste de la saison.<\/p>\n<p class=\"imgI\"><img decoding=\"async\" loading=\"lazy\" class=\"l\" src=\"https:\/\/footdavant.fr\/actualites\/wp-content\/uploads\/2023\/12\/1703163064_746_Le-Real-Madrid-interesse-par-les-retrouvailles-de-Raphael-Varane.JPG\" title=\"David Alaba du Real Madrid est aid\u00e9 \u00e0 quitter le terrain apr\u00e8s s'\u00eatre bless\u00e9 le 17 d\u00e9cembre 2023.\" alt=\"David Alaba du Real Madrid est aid\u00e9 \u00e0 quitter le terrain apr\u00e8s s'\u00eatre bless\u00e9 le 17 d\u00e9cembre 2023.\" width=\"640\" height=\"480\"><\/p>\n<p><strong class=\"autotag\">Carlo Ancelotti<\/strong> n&rsquo;a actuellement que <strong class=\"autotag\">Antonio R\u00fcdiger<\/strong> et <strong class=\"autotag\">Nachos<\/strong> comme des d\u00e9fenseurs centraux en forme, laissant d\u00e9j\u00e0 entendre que le milieu de terrain <strong class=\"autotag\">Aur\u00e9lien Tchouameni<\/strong> remplacerait au milieu de la ligne arri\u00e8re lorsque cela \u00e9tait n\u00e9cessaire.<\/p>\n<p>Plus t\u00f4t cette semaine, Ancelotti a reconnu que lui et les responsables du club \u00e9valuaient leurs options, la possibilit\u00e9 restant qu&rsquo;ils optent pour des renforts en janvier.<\/p>\n<p>Cependant, il semblerait que des contacts pourraient \u00eatre pris avec United dans le but de n\u00e9gocier un accord pour Varane, qui n&rsquo;a plus que 18 mois de contrat, peut-\u00eatre moins selon un rapport r\u00e9cent.<\/p>\n<p>Bien qu&rsquo;on ne sache pas exactement quel type de frais United pourrait exiger, il est n\u00e9cessaire de r\u00e9duire sa masse salariale et de g\u00e9n\u00e9rer des revenus s&rsquo;ils veulent faire des ajouts significatifs le mois prochain.<\/p>\n<\/div>\n","protected":false},"excerpt":{"rendered":"<p>Le Real Madrid aurait int\u00e9r\u00eat \u00e0 retrouver le d\u00e9fenseur de Manchester United Raphael Varane au milieu de sa crise de blessures \u00e0 l&rsquo;arri\u00e8re. Real Madrid<\/p>\n","protected":false},"author":1,"featured_media":2835,"comment_status":"closed","ping_status":"","sticky":false,"template":"","format":"standard","meta":{"footnotes":""},"categories":[5],"tags":[155,2150,183,94,93,303,441,75,1076,302,2417,1077],"yoast_head":"<!-- This site is optimized with the Yoast SEO plugin v21.0 - https:\/\/yoast.com\/wordpress\/plugins\/seo\/ -->\n<title>Le Real Madrid int\u00e9ress\u00e9 par les retrouvailles de Raphael Varane au milieu d&#039;une crise de blessures ?<\/title>\n<meta name=\"robots\" content=\"index, follow, max-snippet:-1, max-image-preview:large, max-video-preview:-1\" \/>\n<link rel=\"canonical\" href=\"https:\/\/footdavant.fr\/actualites\/le-real-madrid-interesse-par-les-retrouvailles-de-raphael-varane-au-milieu-dune-crise-de-blessures\/\" \/>\n<meta property=\"og:locale\" content=\"fr_FR\" \/>\n<meta property=\"og:type\" content=\"article\" \/>\n<meta property=\"og:title\" content=\"Le Real Madrid int\u00e9ress\u00e9 par les retrouvailles de Raphael Varane au milieu d&#039;une crise de blessures ?\" \/>\n<meta property=\"og:description\" content=\"Le Real Madrid aurait int\u00e9r\u00eat \u00e0 retrouver le d\u00e9fenseur de Manchester United Raphael Varane au milieu de sa crise de blessures \u00e0 l&rsquo;arri\u00e8re. Real Madrid\" \/>\n<meta property=\"og:url\" content=\"https:\/\/footdavant.fr\/actualites\/le-real-madrid-interesse-par-les-retrouvailles-de-raphael-varane-au-milieu-dune-crise-de-blessures\/\" \/>\n<meta property=\"og:site_name\" content=\"Foot d&#039;avant\" \/>\n<meta property=\"article:publisher\" content=\"https:\/\/www.facebook.com\/Footdavant\/\" \/>\n<meta property=\"article:published_time\" content=\"2023-12-21T12:51:04+00:00\" \/>\n<meta property=\"article:modified_time\" content=\"2023-12-21T12:51:05+00:00\" \/>\n<meta property=\"og:image\" content=\"https:\/\/footdavant.fr\/actualites\/wp-content\/uploads\/2023\/12\/Le-Real-Madrid-interesse-par-les-retrouvailles-de-Raphael-Varane.JPG\" \/>\n\t<meta property=\"og:image:width\" content=\"640\" \/>\n\t<meta property=\"og:image:height\" content=\"480\" \/>\n\t<meta property=\"og:image:type\" content=\"image\/jpeg\" \/>\n<meta name=\"author\" content=\"Cl\u00e9ment\" \/>\n<meta name=\"twitter:card\" content=\"summary_large_image\" \/>\n<meta name=\"twitter:creator\" content=\"@FootdavantFr\" \/>\n<meta name=\"twitter:site\" content=\"@FootdavantFr\" \/>\n<meta name=\"twitter:label1\" content=\"\u00c9crit par\" \/>\n\t<meta name=\"twitter:data1\" content=\"Cl\u00e9ment\" \/>\n\t<meta name=\"twitter:label2\" content=\"Dur\u00e9e de lecture estim\u00e9e\" \/>\n\t<meta name=\"twitter:data2\" content=\"2 minutes\" \/>\n<script type=\"application\/ld+json\" class=\"yoast-schema-graph\">{\"@context\":\"https:\/\/schema.org\",\"@graph\":[{\"@type\":\"Article\",\"@id\":\"https:\/\/footdavant.fr\/actualites\/le-real-madrid-interesse-par-les-retrouvailles-de-raphael-varane-au-milieu-dune-crise-de-blessures\/#article\",\"isPartOf\":{\"@id\":\"https:\/\/footdavant.fr\/actualites\/le-real-madrid-interesse-par-les-retrouvailles-de-raphael-varane-au-milieu-dune-crise-de-blessures\/\"},\"author\":{\"name\":\"Cl\u00e9ment\",\"@id\":\"https:\/\/footdavant.fr\/actualites\/#\/schema\/person\/bc222566d95871b37e597b3ed3ba5e1d\"},\"headline\":\"Le Real Madrid int\u00e9ress\u00e9 par les retrouvailles de Raphael Varane au milieu d&rsquo;une crise de blessures ?\",\"datePublished\":\"2023-12-21T12:51:04+00:00\",\"dateModified\":\"2023-12-21T12:51:05+00:00\",\"mainEntityOfPage\":{\"@id\":\"https:\/\/footdavant.fr\/actualites\/le-real-madrid-interesse-par-les-retrouvailles-de-raphael-varane-au-milieu-dune-crise-de-blessures\/\"},\"wordCount\":460,\"publisher\":{\"@id\":\"https:\/\/footdavant.fr\/actualites\/#organization\"},\"keywords\":[\"blessures\",\"crise\",\"dune\",\"int\u00e9ress\u00e9\",\"les\",\"Madrid\",\"milieu\",\"par\",\"Raphael\",\"Real\",\"retrouvailles\",\"Varane\"],\"articleSection\":[\"Premier League\"],\"inLanguage\":\"fr-FR\"},{\"@type\":\"WebPage\",\"@id\":\"https:\/\/footdavant.fr\/actualites\/le-real-madrid-interesse-par-les-retrouvailles-de-raphael-varane-au-milieu-dune-crise-de-blessures\/\",\"url\":\"https:\/\/footdavant.fr\/actualites\/le-real-madrid-interesse-par-les-retrouvailles-de-raphael-varane-au-milieu-dune-crise-de-blessures\/\",\"name\":\"Le Real Madrid int\u00e9ress\u00e9 par les retrouvailles de Raphael Varane au milieu d'une crise de blessures ?\",\"isPartOf\":{\"@id\":\"https:\/\/footdavant.fr\/actualites\/#website\"},\"datePublished\":\"2023-12-21T12:51:04+00:00\",\"dateModified\":\"2023-12-21T12:51:05+00:00\",\"breadcrumb\":{\"@id\":\"https:\/\/footdavant.fr\/actualites\/le-real-madrid-interesse-par-les-retrouvailles-de-raphael-varane-au-milieu-dune-crise-de-blessures\/#breadcrumb\"},\"inLanguage\":\"fr-FR\",\"potentialAction\":[{\"@type\":\"ReadAction\",\"target\":[\"https:\/\/footdavant.fr\/actualites\/le-real-madrid-interesse-par-les-retrouvailles-de-raphael-varane-au-milieu-dune-crise-de-blessures\/\"]}]},{\"@type\":\"BreadcrumbList\",\"@id\":\"https:\/\/footdavant.fr\/actualites\/le-real-madrid-interesse-par-les-retrouvailles-de-raphael-varane-au-milieu-dune-crise-de-blessures\/#breadcrumb\",\"itemListElement\":[{\"@type\":\"ListItem\",\"position\":1,\"name\":\"Accueil\",\"item\":\"https:\/\/footdavant.fr\/actualites\/\"},{\"@type\":\"ListItem\",\"position\":2,\"name\":\"Le Real Madrid int\u00e9ress\u00e9 par les retrouvailles de Raphael Varane au milieu d&rsquo;une crise de blessures ?\"}]},{\"@type\":\"WebSite\",\"@id\":\"https:\/\/footdavant.fr\/actualites\/#website\",\"url\":\"https:\/\/footdavant.fr\/actualites\/\",\"name\":\"Foot d'avant\",\"description\":\"\",\"publisher\":{\"@id\":\"https:\/\/footdavant.fr\/actualites\/#organization\"},\"potentialAction\":[{\"@type\":\"SearchAction\",\"target\":{\"@type\":\"EntryPoint\",\"urlTemplate\":\"https:\/\/footdavant.fr\/actualites\/?s={search_term_string}\"},\"query-input\":\"required name=search_term_string\"}],\"inLanguage\":\"fr-FR\"},{\"@type\":\"Organization\",\"@id\":\"https:\/\/footdavant.fr\/actualites\/#organization\",\"name\":\"Foot d'avant\",\"url\":\"https:\/\/footdavant.fr\/actualites\/\",\"logo\":{\"@type\":\"ImageObject\",\"inLanguage\":\"fr-FR\",\"@id\":\"https:\/\/footdavant.fr\/actualites\/#\/schema\/logo\/image\/\",\"url\":\"https:\/\/footdavant.fr\/actualites\/wp-content\/uploads\/2023\/09\/Copy-of-FootDavant-Logo.png\",\"contentUrl\":\"https:\/\/footdavant.fr\/actualites\/wp-content\/uploads\/2023\/09\/Copy-of-FootDavant-Logo.png\",\"width\":936,\"height\":549,\"caption\":\"Foot d'avant\"},\"image\":{\"@id\":\"https:\/\/footdavant.fr\/actualites\/#\/schema\/logo\/image\/\"},\"sameAs\":[\"https:\/\/www.facebook.com\/Footdavant\/\",\"https:\/\/twitter.com\/FootdavantFr\",\"https:\/\/www.instagram.com\/footdavant.fr\/\"]},{\"@type\":\"Person\",\"@id\":\"https:\/\/footdavant.fr\/actualites\/#\/schema\/person\/bc222566d95871b37e597b3ed3ba5e1d\",\"name\":\"Cl\u00e9ment\",\"image\":{\"@type\":\"ImageObject\",\"inLanguage\":\"fr-FR\",\"@id\":\"https:\/\/footdavant.fr\/actualites\/#\/schema\/person\/image\/\",\"url\":\"https:\/\/secure.gravatar.com\/avatar\/7728b29aac2719421e1a9159b2254c44?s=96&d=mm&r=g\",\"contentUrl\":\"https:\/\/secure.gravatar.com\/avatar\/7728b29aac2719421e1a9159b2254c44?s=96&d=mm&r=g\",\"caption\":\"Cl\u00e9ment\"},\"sameAs\":[\"https:\/\/footdavant.fr\/\"]}]}<\/script>\n<!-- \/ Yoast SEO plugin. -->","yoast_head_json":{"title":"Le Real Madrid int\u00e9ress\u00e9 par les retrouvailles de Raphael Varane au milieu d'une crise de blessures ?","robots":{"index":"index","follow":"follow","max-snippet":"max-snippet:-1","max-image-preview":"max-image-preview:large","max-video-preview":"max-video-preview:-1"},"canonical":"https:\/\/footdavant.fr\/actualites\/le-real-madrid-interesse-par-les-retrouvailles-de-raphael-varane-au-milieu-dune-crise-de-blessures\/","og_locale":"fr_FR","og_type":"article","og_title":"Le Real Madrid int\u00e9ress\u00e9 par les retrouvailles de Raphael Varane au milieu d'une crise de blessures ?","og_description":"Le Real Madrid aurait int\u00e9r\u00eat \u00e0 retrouver le d\u00e9fenseur de Manchester United Raphael Varane au milieu de sa crise de blessures \u00e0 l&rsquo;arri\u00e8re. Real Madrid","og_url":"https:\/\/footdavant.fr\/actualites\/le-real-madrid-interesse-par-les-retrouvailles-de-raphael-varane-au-milieu-dune-crise-de-blessures\/","og_site_name":"Foot d&#039;avant","article_publisher":"https:\/\/www.facebook.com\/Footdavant\/","article_published_time":"2023-12-21T12:51:04+00:00","article_modified_time":"2023-12-21T12:51:05+00:00","og_image":[{"width":640,"height":480,"url":"https:\/\/footdavant.fr\/actualites\/wp-content\/uploads\/2023\/12\/Le-Real-Madrid-interesse-par-les-retrouvailles-de-Raphael-Varane.JPG","type":"image\/jpeg"}],"author":"Cl\u00e9ment","twitter_card":"summary_large_image","twitter_creator":"@FootdavantFr","twitter_site":"@FootdavantFr","twitter_misc":{"\u00c9crit par":"Cl\u00e9ment","Dur\u00e9e de lecture estim\u00e9e":"2 minutes"},"schema":{"@context":"https:\/\/schema.org","@graph":[{"@type":"Article","@id":"https:\/\/footdavant.fr\/actualites\/le-real-madrid-interesse-par-les-retrouvailles-de-raphael-varane-au-milieu-dune-crise-de-blessures\/#article","isPartOf":{"@id":"https:\/\/footdavant.fr\/actualites\/le-real-madrid-interesse-par-les-retrouvailles-de-raphael-varane-au-milieu-dune-crise-de-blessures\/"},"author":{"name":"Cl\u00e9ment","@id":"https:\/\/footdavant.fr\/actualites\/#\/schema\/person\/bc222566d95871b37e597b3ed3ba5e1d"},"headline":"Le Real Madrid int\u00e9ress\u00e9 par les retrouvailles de Raphael Varane au milieu d&rsquo;une crise de blessures ?","datePublished":"2023-12-21T12:51:04+00:00","dateModified":"2023-12-21T12:51:05+00:00","mainEntityOfPage":{"@id":"https:\/\/footdavant.fr\/actualites\/le-real-madrid-interesse-par-les-retrouvailles-de-raphael-varane-au-milieu-dune-crise-de-blessures\/"},"wordCount":460,"publisher":{"@id":"https:\/\/footdavant.fr\/actualites\/#organization"},"keywords":["blessures","crise","dune","int\u00e9ress\u00e9","les","Madrid","milieu","par","Raphael","Real","retrouvailles","Varane"],"articleSection":["Premier League"],"inLanguage":"fr-FR"},{"@type":"WebPage","@id":"https:\/\/footdavant.fr\/actualites\/le-real-madrid-interesse-par-les-retrouvailles-de-raphael-varane-au-milieu-dune-crise-de-blessures\/","url":"https:\/\/footdavant.fr\/actualites\/le-real-madrid-interesse-par-les-retrouvailles-de-raphael-varane-au-milieu-dune-crise-de-blessures\/","name":"Le Real Madrid int\u00e9ress\u00e9 par les retrouvailles de Raphael Varane au milieu d'une crise de blessures ?","isPartOf":{"@id":"https:\/\/footdavant.fr\/actualites\/#website"},"datePublished":"2023-12-21T12:51:04+00:00","dateModified":"2023-12-21T12:51:05+00:00","breadcrumb":{"@id":"https:\/\/footdavant.fr\/actualites\/le-real-madrid-interesse-par-les-retrouvailles-de-raphael-varane-au-milieu-dune-crise-de-blessures\/#breadcrumb"},"inLanguage":"fr-FR","potentialAction":[{"@type":"ReadAction","target":["https:\/\/footdavant.fr\/actualites\/le-real-madrid-interesse-par-les-retrouvailles-de-raphael-varane-au-milieu-dune-crise-de-blessures\/"]}]},{"@type":"BreadcrumbList","@id":"https:\/\/footdavant.fr\/actualites\/le-real-madrid-interesse-par-les-retrouvailles-de-raphael-varane-au-milieu-dune-crise-de-blessures\/#breadcrumb","itemListElement":[{"@type":"ListItem","position":1,"name":"Accueil","item":"https:\/\/footdavant.fr\/actualites\/"},{"@type":"ListItem","position":2,"name":"Le Real Madrid int\u00e9ress\u00e9 par les retrouvailles de Raphael Varane au milieu d&rsquo;une crise de blessures ?"}]},{"@type":"WebSite","@id":"https:\/\/footdavant.fr\/actualites\/#website","url":"https:\/\/footdavant.fr\/actualites\/","name":"Foot d'avant","description":"","publisher":{"@id":"https:\/\/footdavant.fr\/actualites\/#organization"},"potentialAction":[{"@type":"SearchAction","target":{"@type":"EntryPoint","urlTemplate":"https:\/\/footdavant.fr\/actualites\/?s={search_term_string}"},"query-input":"required name=search_term_string"}],"inLanguage":"fr-FR"},{"@type":"Organization","@id":"https:\/\/footdavant.fr\/actualites\/#organization","name":"Foot d'avant","url":"https:\/\/footdavant.fr\/actualites\/","logo":{"@type":"ImageObject","inLanguage":"fr-FR","@id":"https:\/\/footdavant.fr\/actualites\/#\/schema\/logo\/image\/","url":"https:\/\/footdavant.fr\/actualites\/wp-content\/uploads\/2023\/09\/Copy-of-FootDavant-Logo.png","contentUrl":"https:\/\/footdavant.fr\/actualites\/wp-content\/uploads\/2023\/09\/Copy-of-FootDavant-Logo.png","width":936,"height":549,"caption":"Foot d'avant"},"image":{"@id":"https:\/\/footdavant.fr\/actualites\/#\/schema\/logo\/image\/"},"sameAs":["https:\/\/www.facebook.com\/Footdavant\/","https:\/\/twitter.com\/FootdavantFr","https:\/\/www.instagram.com\/footdavant.fr\/"]},{"@type":"Person","@id":"https:\/\/footdavant.fr\/actualites\/#\/schema\/person\/bc222566d95871b37e597b3ed3ba5e1d","name":"Cl\u00e9ment","image":{"@type":"ImageObject","inLanguage":"fr-FR","@id":"https:\/\/footdavant.fr\/actualites\/#\/schema\/person\/image\/","url":"https:\/\/secure.gravatar.com\/avatar\/7728b29aac2719421e1a9159b2254c44?s=96&d=mm&r=g","contentUrl":"https:\/\/secure.gravatar.com\/avatar\/7728b29aac2719421e1a9159b2254c44?s=96&d=mm&r=g","caption":"Cl\u00e9ment"},"sameAs":["https:\/\/footdavant.fr\/"]}]}},"_links":{"self":[{"href":"https:\/\/footdavant.fr\/actualites\/wp-json\/wp\/v2\/posts\/2834"}],"collection":[{"href":"https:\/\/footdavant.fr\/actualites\/wp-json\/wp\/v2\/posts"}],"about":[{"href":"https:\/\/footdavant.fr\/actualites\/wp-json\/wp\/v2\/types\/post"}],"author":[{"embeddable":true,"href":"https:\/\/footdavant.fr\/actualites\/wp-json\/wp\/v2\/users\/1"}],"replies":[{"embeddable":true,"href":"https:\/\/footdavant.fr\/actualites\/wp-json\/wp\/v2\/comments?post=2834"}],"version-history":[{"count":1,"href":"https:\/\/footdavant.fr\/actualites\/wp-json\/wp\/v2\/posts\/2834\/revisions"}],"predecessor-version":[{"id":2836,"href":"https:\/\/footdavant.fr\/actualites\/wp-json\/wp\/v2\/posts\/2834\/revisions\/2836"}],"wp:featuredmedia":[{"embeddable":true,"href":"https:\/\/footdavant.fr\/actualites\/wp-json\/wp\/v2\/media\/2835"}],"wp:attachment":[{"href":"https:\/\/footdavant.fr\/actualites\/wp-json\/wp\/v2\/media?parent=2834"}],"wp:term":[{"taxonomy":"category","embeddable":true,"href":"https:\/\/footdavant.fr\/actualites\/wp-json\/wp\/v2\/categories?post=2834"},{"taxonomy":"post_tag","embeddable":true,"href":"https:\/\/footdavant.fr\/actualites\/wp-json\/wp\/v2\/tags?post=2834"}],"curies":[{"name":"wp","href":"https:\/\/api.w.org\/{rel}","templated":true}]}}