{"id":284,"date":"2023-11-04T15:59:32","date_gmt":"2023-11-04T14:59:32","guid":{"rendered":"https:\/\/footdavant.fr\/actualites\/nouvelles-de-lequipe-de-chelsea-blessure-liste-de-suspension-contre-blackburn-rovers\/"},"modified":"2023-11-04T15:59:33","modified_gmt":"2023-11-04T14:59:33","slug":"nouvelles-de-lequipe-de-chelsea-blessure-liste-de-suspension-contre-blackburn-rovers","status":"publish","type":"post","link":"https:\/\/footdavant.fr\/actualites\/nouvelles-de-lequipe-de-chelsea-blessure-liste-de-suspension-contre-blackburn-rovers\/","title":{"rendered":"Nouvelles de l\u2019\u00e9quipe de Chelsea\u00a0: blessure, liste de suspension contre Blackburn Rovers"},"content":{"rendered":"<p>Sports Mole fait le point sur les nouvelles sur les blessures et les suspensions de Chelsea avant leur affrontement en Coupe EFL avec les Blackburn Rovers.<\/p>\n<div id=\"article_body\" itemprop=\"articleBody\">\n<p class=\"firstPara\"><strong class=\"autotag\">Chelsea<\/strong> viseront \u00e0 revenir sur le chemin de la victoire lorsqu&rsquo;ils accueilleront <strong class=\"autotag\">Blackburn Rovers<\/strong> en huiti\u00e8mes de finale du <strong class=\"autotag\">Coupe EFL<\/strong> mercredi soir.<\/p>\n<p>Les Blues ont subi une d\u00e9faite 2-0 \u00e0 domicile contre Brentford en Premier League samedi apr\u00e8s-midi, le r\u00e9sultat les laissant \u00e0 la 11e position du classement.<\/p>\n<p><strong class=\"autotag\">Mauricio Pochettino<\/strong>L&rsquo;\u00e9quipe de Wimbledon a battu l&rsquo;AFC Wimbledon et Brighton &#038; Hove Albion en Coupe de la Ligue cette saison et visera d\u00e9sormais \u00e0 se qualifier pour les quarts de finale du tournoi.<\/p>\n<p>Ici, <strong>Taupe de sport<\/strong> r\u00e9sume les derni\u00e8res nouvelles sur les blessures et les suspensions de Chelsea avant leur affrontement avec Blackburn, qui est actuellement 12e au classement du championnat.<\/p>\n<hr>\n<p class=\"imgI\">\n<p><strong>Statut:<\/strong> Dehors<br \/><strong>Type de blessure :<\/strong> Tendon<br \/><strong>Date de retour possible :<\/strong> Inconnu<\/p>\n<p>Chilwell reste \u00e0 l&rsquo;\u00e9cart de Chelsea en raison d&rsquo;un probl\u00e8me aux ischio-jambiers, et il est peu probable que l&rsquo;international anglais soit de retour sur le terrain avant d\u00e9cembre.<\/p>\n<hr>\n<p class=\"imgI\"><img decoding=\"async\" loading=\"lazy\" class=\"l\" src=\"https:\/\/footdavant.fr\/actualites\/wp-content\/uploads\/2023\/11\/1699109972_171_Nouvelles-de-lequipe-de-Chelsea-blessure-liste-de-suspension-contre.jpg\" title=\"L'attaquant de Chelsea Christopher Nkunku le 3 ao\u00fbt 2023\" alt=\"L'attaquant de Chelsea Christopher Nkunku le 3 ao\u00fbt 2023\" width=\"640\" height=\"480\"><\/p>\n<p><strong>Statut:<\/strong> Dehors<br \/><strong>Type de blessure :<\/strong> Genou<br \/><strong>Date de retour possible :<\/strong> Inconnu<\/p>\n<p>Nkunku n&rsquo;a pas encore fait ses d\u00e9buts avec les Bleus en raison d&rsquo;une grave blessure au genou, mais il devrait \u00eatre de retour sur le terrain avant la fin de l&rsquo;ann\u00e9e.<\/p>\n<hr>\n<p class=\"imgI\"><img decoding=\"async\" loading=\"lazy\" class=\"l\" src=\"https:\/\/footdavant.fr\/actualites\/wp-content\/uploads\/2023\/11\/Nouvelles-de-lequipe-de-Chelsea-blessure-liste-de-suspension-contre.JPG\" title=\"Le d\u00e9fenseur de Chelsea Wesley Fofana apr\u00e8s s'\u00eatre bless\u00e9 au genou contre l'AC Milan le 5 octobre 2022.\" alt=\"Le d\u00e9fenseur de Chelsea Wesley Fofana apr\u00e8s s'\u00eatre bless\u00e9 au genou contre l'AC Milan le 5 octobre 2022.\" width=\"640\" height=\"480\"><\/p>\n<p><strong>Statut:<\/strong> Dehors<br \/><strong>Type de blessure :<\/strong> Genou<br \/><strong>Date de retour possible :<\/strong> Inconnu<\/p>\n<p>Fofana fait face \u00e0 une bataille pour revenir avant la fin de la campagne 2023-24, le Fran\u00e7ais ayant subi une op\u00e9ration au genou \u00e0 la mi-juillet.<\/p>\n<hr>\n<p class=\"imgI\"><img decoding=\"async\" loading=\"lazy\" class=\"l\" src=\"https:\/\/footdavant.fr\/actualites\/wp-content\/uploads\/2023\/11\/1699109972_855_Nouvelles-de-lequipe-de-Chelsea-blessure-liste-de-suspension-contre.jpg\" title=\"Trevoh Chalobah en action pour Chelsea en juillet 2023\" alt=\"Trevoh Chalobah en action pour Chelsea en juillet 2023\" width=\"640\" height=\"480\"><\/p>\n<p><strong>Statut:<\/strong> Dehors<br \/><strong>Type de blessure :<\/strong> Cuisse<br \/><strong>Date de retour possible :<\/strong> Inconnu<\/p>\n<p>Chalobah n&rsquo;a pas encore figur\u00e9 cette saison en raison d&rsquo;un probl\u00e8me g\u00eanant \u00e0 la cuisse, et le d\u00e9fenseur sera de nouveau indisponible pour la s\u00e9lection contre Blackburn en Coupe EFL.<\/p>\n<hr>\n<p class=\"imgI\"><img decoding=\"async\" loading=\"lazy\" class=\"l\" src=\"https:\/\/footdavant.fr\/actualites\/wp-content\/uploads\/2023\/11\/1699109972_891_Nouvelles-de-lequipe-de-Chelsea-blessure-liste-de-suspension-contre.JPG\" title=\"Carney Chukwuemeka de Chelsea quitte le terrain apr\u00e8s avoir re\u00e7u des soins m\u00e9dicaux le 20 ao\u00fbt 2023\" alt=\"Carney Chukwuemeka de Chelsea quitte le terrain apr\u00e8s avoir re\u00e7u des soins m\u00e9dicaux le 20 ao\u00fbt 2023\" width=\"640\" height=\"480\"><\/p>\n<p><strong>Statut:<\/strong> Dehors<br \/><strong>Type de blessure :<\/strong> Genou<br \/><strong>Date de retour possible :<\/strong> Inconnu<\/p>\n<p>Chukwuemeka a subi une r\u00e9cidive d&rsquo;une blessure au genou ant\u00e9rieure, et le milieu de terrain devrait d\u00e9sormais \u00eatre sur la touche au moins jusqu&rsquo;\u00e0 la tr\u00eave internationale de novembre.<\/p>\n<hr>\n<p class=\"imgI\"><img decoding=\"async\" loading=\"lazy\" class=\"l\" src=\"https:\/\/footdavant.fr\/actualites\/wp-content\/uploads\/2023\/11\/1699109972_863_Nouvelles-de-lequipe-de-Chelsea-blessure-liste-de-suspension-contre.jpg\" title=\"Rom\u00e9o Lavia de Southampton le 26 juillet 2023\" alt=\"Rom\u00e9o Lavia de Southampton le 26 juillet 2023\" width=\"640\" height=\"480\"><\/p>\n<p><strong>Statut:<\/strong> Dehors<br \/><strong>Type de blessure :<\/strong> Cheville<br \/><strong>Date de retour possible :<\/strong> Inconnu<\/p>\n<p>Lavia n&rsquo;a pas encore fait ses d\u00e9buts \u00e0 Chelsea en raison d&rsquo;un manque de forme physique et d&rsquo;un probl\u00e8me \u00e0 la cheville, et le milieu de terrain sera \u00e0 nouveau d\u00e9finitivement mis \u00e0 l&rsquo;\u00e9cart pour la comp\u00e9tition avec Blackburn.<\/p>\n<hr>\n<p class=\"imgI\"><img decoding=\"async\" loading=\"lazy\" class=\"l\" src=\"https:\/\/footdavant.fr\/actualites\/wp-content\/uploads\/2023\/11\/1699109972_264_Nouvelles-de-lequipe-de-Chelsea-blessure-liste-de-suspension-contre.jpg\" title=\"Marcus Bettinelli de Chelsea en action alors qu'il fait ses d\u00e9buts le 8 janvier 2022\" alt=\"Marcus Bettinelli de Chelsea en action alors qu'il fait ses d\u00e9buts le 8 janvier 2022\" width=\"640\" height=\"480\"><\/p>\n<p><strong>Statut:<\/strong> Dehors<br \/><strong>Type de blessure :<\/strong> Non sp\u00e9cifi\u00e9 <br \/><strong>Date de retour possible :<\/strong> Inconnu<\/p>\n<p>Bettinelli n&rsquo;a pas fait partie de l&rsquo;\u00e9quipe cette saison en raison d&rsquo;une blessure non pr\u00e9cis\u00e9e, et on ne sait pas quand le gardien exp\u00e9riment\u00e9 pourrait \u00eatre \u00e0 nouveau disponible pour la s\u00e9lection.<\/p>\n<hr>\n<p class=\"imgI\"><img decoding=\"async\" loading=\"lazy\" class=\"l\" src=\"https:\/\/footdavant.fr\/actualites\/wp-content\/uploads\/2023\/11\/1699109972_845_Nouvelles-de-lequipe-de-Chelsea-blessure-liste-de-suspension-contre.jpg\" title=\"Armando Broja en action pour Chelsea en septembre 2023\" alt=\"Armando Broja en action pour Chelsea en septembre 2023\" width=\"640\" height=\"480\"><\/p>\n<p><strong>Statut:<\/strong> Dehors<br \/><strong>Type de blessure :<\/strong> Genou<br \/><strong>Date de retour possible :<\/strong> Inconnu<\/p>\n<p>Broja \u00e9tait de nouveau absent contre Brentford en raison d&rsquo;une nouvelle plainte, et l&rsquo;attaquant exp\u00e9riment\u00e9 devrait \u00e9galement \u00eatre sur la touche pour le choc de la Coupe EFL.<\/p>\n<hr>\n<p><strong><\/p>\n<h2>LISTE DE SUSPENSION DE CHELSEA<\/h2>\n<p><\/strong><\/p>\n<p>Chelsea n&rsquo;a aucun probl\u00e8me de suspension pour ce match.<\/p>\n<hr>\n<\/div>\n","protected":false},"excerpt":{"rendered":"<p>Sports Mole fait le point sur les nouvelles sur les blessures et les suspensions de Chelsea avant leur affrontement en Coupe EFL avec les Blackburn<\/p>\n","protected":false},"author":1,"featured_media":285,"comment_status":"closed","ping_status":"","sticky":false,"template":"","format":"standard","meta":{"footnotes":""},"categories":[5],"tags":[462,15,171,20,9,17,461,463,18],"yoast_head":"<!-- This site is optimized with the Yoast SEO plugin v21.0 - https:\/\/yoast.com\/wordpress\/plugins\/seo\/ -->\n<title>Nouvelles de l\u2019\u00e9quipe de Chelsea\u00a0: blessure, liste de suspension contre Blackburn Rovers<\/title>\n<meta name=\"robots\" content=\"index, follow, max-snippet:-1, max-image-preview:large, max-video-preview:-1\" \/>\n<link rel=\"canonical\" href=\"https:\/\/footdavant.fr\/actualites\/nouvelles-de-lequipe-de-chelsea-blessure-liste-de-suspension-contre-blackburn-rovers\/\" \/>\n<meta property=\"og:locale\" content=\"fr_FR\" \/>\n<meta property=\"og:type\" content=\"article\" \/>\n<meta property=\"og:title\" content=\"Nouvelles de l\u2019\u00e9quipe de Chelsea\u00a0: blessure, liste de suspension contre Blackburn Rovers\" \/>\n<meta property=\"og:description\" content=\"Sports Mole fait le point sur les nouvelles sur les blessures et les suspensions de Chelsea avant leur affrontement en Coupe EFL avec les Blackburn\" \/>\n<meta property=\"og:url\" content=\"https:\/\/footdavant.fr\/actualites\/nouvelles-de-lequipe-de-chelsea-blessure-liste-de-suspension-contre-blackburn-rovers\/\" \/>\n<meta property=\"og:site_name\" content=\"Foot d&#039;avant\" \/>\n<meta property=\"article:publisher\" content=\"https:\/\/www.facebook.com\/Footdavant\/\" \/>\n<meta property=\"article:published_time\" content=\"2023-11-04T14:59:32+00:00\" \/>\n<meta property=\"article:modified_time\" content=\"2023-11-04T14:59:33+00:00\" \/>\n<meta property=\"og:image\" content=\"https:\/\/footdavant.fr\/actualites\/wp-content\/uploads\/2023\/11\/Nouvelles-de-lequipe-de-Chelsea-blessure-liste-de-suspension-contre.jpg\" \/>\n\t<meta property=\"og:image:width\" content=\"640\" \/>\n\t<meta property=\"og:image:height\" content=\"480\" \/>\n\t<meta property=\"og:image:type\" content=\"image\/jpeg\" \/>\n<meta name=\"author\" content=\"Cl\u00e9ment\" \/>\n<meta name=\"twitter:card\" content=\"summary_large_image\" \/>\n<meta name=\"twitter:creator\" content=\"@FootdavantFr\" \/>\n<meta name=\"twitter:site\" content=\"@FootdavantFr\" \/>\n<meta name=\"twitter:label1\" content=\"\u00c9crit par\" \/>\n\t<meta name=\"twitter:data1\" content=\"Cl\u00e9ment\" \/>\n\t<meta name=\"twitter:label2\" content=\"Dur\u00e9e de lecture estim\u00e9e\" \/>\n\t<meta name=\"twitter:data2\" content=\"2 minutes\" \/>\n<script type=\"application\/ld+json\" class=\"yoast-schema-graph\">{\"@context\":\"https:\/\/schema.org\",\"@graph\":[{\"@type\":\"Article\",\"@id\":\"https:\/\/footdavant.fr\/actualites\/nouvelles-de-lequipe-de-chelsea-blessure-liste-de-suspension-contre-blackburn-rovers\/#article\",\"isPartOf\":{\"@id\":\"https:\/\/footdavant.fr\/actualites\/nouvelles-de-lequipe-de-chelsea-blessure-liste-de-suspension-contre-blackburn-rovers\/\"},\"author\":{\"name\":\"Cl\u00e9ment\",\"@id\":\"https:\/\/footdavant.fr\/actualites\/#\/schema\/person\/bc222566d95871b37e597b3ed3ba5e1d\"},\"headline\":\"Nouvelles de l\u2019\u00e9quipe de Chelsea\u00a0: blessure, liste de suspension contre Blackburn Rovers\",\"datePublished\":\"2023-11-04T14:59:32+00:00\",\"dateModified\":\"2023-11-04T14:59:33+00:00\",\"mainEntityOfPage\":{\"@id\":\"https:\/\/footdavant.fr\/actualites\/nouvelles-de-lequipe-de-chelsea-blessure-liste-de-suspension-contre-blackburn-rovers\/\"},\"wordCount\":518,\"publisher\":{\"@id\":\"https:\/\/footdavant.fr\/actualites\/#organization\"},\"keywords\":[\"Blackburn\",\"Blessure\",\"Chelsea\",\"contre\",\"l\u00e9quipe\",\"liste\",\"Nouvelles\",\"Rovers\",\"suspension\"],\"articleSection\":[\"Premier League\"],\"inLanguage\":\"fr-FR\"},{\"@type\":\"WebPage\",\"@id\":\"https:\/\/footdavant.fr\/actualites\/nouvelles-de-lequipe-de-chelsea-blessure-liste-de-suspension-contre-blackburn-rovers\/\",\"url\":\"https:\/\/footdavant.fr\/actualites\/nouvelles-de-lequipe-de-chelsea-blessure-liste-de-suspension-contre-blackburn-rovers\/\",\"name\":\"Nouvelles de l\u2019\u00e9quipe de Chelsea\u00a0: blessure, liste de suspension contre Blackburn Rovers\",\"isPartOf\":{\"@id\":\"https:\/\/footdavant.fr\/actualites\/#website\"},\"datePublished\":\"2023-11-04T14:59:32+00:00\",\"dateModified\":\"2023-11-04T14:59:33+00:00\",\"breadcrumb\":{\"@id\":\"https:\/\/footdavant.fr\/actualites\/nouvelles-de-lequipe-de-chelsea-blessure-liste-de-suspension-contre-blackburn-rovers\/#breadcrumb\"},\"inLanguage\":\"fr-FR\",\"potentialAction\":[{\"@type\":\"ReadAction\",\"target\":[\"https:\/\/footdavant.fr\/actualites\/nouvelles-de-lequipe-de-chelsea-blessure-liste-de-suspension-contre-blackburn-rovers\/\"]}]},{\"@type\":\"BreadcrumbList\",\"@id\":\"https:\/\/footdavant.fr\/actualites\/nouvelles-de-lequipe-de-chelsea-blessure-liste-de-suspension-contre-blackburn-rovers\/#breadcrumb\",\"itemListElement\":[{\"@type\":\"ListItem\",\"position\":1,\"name\":\"Accueil\",\"item\":\"https:\/\/footdavant.fr\/actualites\/\"},{\"@type\":\"ListItem\",\"position\":2,\"name\":\"Nouvelles de l\u2019\u00e9quipe de Chelsea\u00a0: blessure, liste de suspension contre Blackburn Rovers\"}]},{\"@type\":\"WebSite\",\"@id\":\"https:\/\/footdavant.fr\/actualites\/#website\",\"url\":\"https:\/\/footdavant.fr\/actualites\/\",\"name\":\"Foot d'avant\",\"description\":\"\",\"publisher\":{\"@id\":\"https:\/\/footdavant.fr\/actualites\/#organization\"},\"potentialAction\":[{\"@type\":\"SearchAction\",\"target\":{\"@type\":\"EntryPoint\",\"urlTemplate\":\"https:\/\/footdavant.fr\/actualites\/?s={search_term_string}\"},\"query-input\":\"required name=search_term_string\"}],\"inLanguage\":\"fr-FR\"},{\"@type\":\"Organization\",\"@id\":\"https:\/\/footdavant.fr\/actualites\/#organization\",\"name\":\"Foot d'avant\",\"url\":\"https:\/\/footdavant.fr\/actualites\/\",\"logo\":{\"@type\":\"ImageObject\",\"inLanguage\":\"fr-FR\",\"@id\":\"https:\/\/footdavant.fr\/actualites\/#\/schema\/logo\/image\/\",\"url\":\"https:\/\/footdavant.fr\/actualites\/wp-content\/uploads\/2023\/09\/Copy-of-FootDavant-Logo.png\",\"contentUrl\":\"https:\/\/footdavant.fr\/actualites\/wp-content\/uploads\/2023\/09\/Copy-of-FootDavant-Logo.png\",\"width\":936,\"height\":549,\"caption\":\"Foot d'avant\"},\"image\":{\"@id\":\"https:\/\/footdavant.fr\/actualites\/#\/schema\/logo\/image\/\"},\"sameAs\":[\"https:\/\/www.facebook.com\/Footdavant\/\",\"https:\/\/twitter.com\/FootdavantFr\",\"https:\/\/www.instagram.com\/footdavant.fr\/\"]},{\"@type\":\"Person\",\"@id\":\"https:\/\/footdavant.fr\/actualites\/#\/schema\/person\/bc222566d95871b37e597b3ed3ba5e1d\",\"name\":\"Cl\u00e9ment\",\"image\":{\"@type\":\"ImageObject\",\"inLanguage\":\"fr-FR\",\"@id\":\"https:\/\/footdavant.fr\/actualites\/#\/schema\/person\/image\/\",\"url\":\"https:\/\/secure.gravatar.com\/avatar\/7728b29aac2719421e1a9159b2254c44?s=96&d=mm&r=g\",\"contentUrl\":\"https:\/\/secure.gravatar.com\/avatar\/7728b29aac2719421e1a9159b2254c44?s=96&d=mm&r=g\",\"caption\":\"Cl\u00e9ment\"},\"sameAs\":[\"https:\/\/footdavant.fr\/\"]}]}<\/script>\n<!-- \/ Yoast SEO plugin. -->","yoast_head_json":{"title":"Nouvelles de l\u2019\u00e9quipe de Chelsea\u00a0: blessure, liste de suspension contre Blackburn Rovers","robots":{"index":"index","follow":"follow","max-snippet":"max-snippet:-1","max-image-preview":"max-image-preview:large","max-video-preview":"max-video-preview:-1"},"canonical":"https:\/\/footdavant.fr\/actualites\/nouvelles-de-lequipe-de-chelsea-blessure-liste-de-suspension-contre-blackburn-rovers\/","og_locale":"fr_FR","og_type":"article","og_title":"Nouvelles de l\u2019\u00e9quipe de Chelsea\u00a0: blessure, liste de suspension contre Blackburn Rovers","og_description":"Sports Mole fait le point sur les nouvelles sur les blessures et les suspensions de Chelsea avant leur affrontement en Coupe EFL avec les Blackburn","og_url":"https:\/\/footdavant.fr\/actualites\/nouvelles-de-lequipe-de-chelsea-blessure-liste-de-suspension-contre-blackburn-rovers\/","og_site_name":"Foot d&#039;avant","article_publisher":"https:\/\/www.facebook.com\/Footdavant\/","article_published_time":"2023-11-04T14:59:32+00:00","article_modified_time":"2023-11-04T14:59:33+00:00","og_image":[{"width":640,"height":480,"url":"https:\/\/footdavant.fr\/actualites\/wp-content\/uploads\/2023\/11\/Nouvelles-de-lequipe-de-Chelsea-blessure-liste-de-suspension-contre.jpg","type":"image\/jpeg"}],"author":"Cl\u00e9ment","twitter_card":"summary_large_image","twitter_creator":"@FootdavantFr","twitter_site":"@FootdavantFr","twitter_misc":{"\u00c9crit par":"Cl\u00e9ment","Dur\u00e9e de lecture estim\u00e9e":"2 minutes"},"schema":{"@context":"https:\/\/schema.org","@graph":[{"@type":"Article","@id":"https:\/\/footdavant.fr\/actualites\/nouvelles-de-lequipe-de-chelsea-blessure-liste-de-suspension-contre-blackburn-rovers\/#article","isPartOf":{"@id":"https:\/\/footdavant.fr\/actualites\/nouvelles-de-lequipe-de-chelsea-blessure-liste-de-suspension-contre-blackburn-rovers\/"},"author":{"name":"Cl\u00e9ment","@id":"https:\/\/footdavant.fr\/actualites\/#\/schema\/person\/bc222566d95871b37e597b3ed3ba5e1d"},"headline":"Nouvelles de l\u2019\u00e9quipe de Chelsea\u00a0: blessure, liste de suspension contre Blackburn Rovers","datePublished":"2023-11-04T14:59:32+00:00","dateModified":"2023-11-04T14:59:33+00:00","mainEntityOfPage":{"@id":"https:\/\/footdavant.fr\/actualites\/nouvelles-de-lequipe-de-chelsea-blessure-liste-de-suspension-contre-blackburn-rovers\/"},"wordCount":518,"publisher":{"@id":"https:\/\/footdavant.fr\/actualites\/#organization"},"keywords":["Blackburn","Blessure","Chelsea","contre","l\u00e9quipe","liste","Nouvelles","Rovers","suspension"],"articleSection":["Premier League"],"inLanguage":"fr-FR"},{"@type":"WebPage","@id":"https:\/\/footdavant.fr\/actualites\/nouvelles-de-lequipe-de-chelsea-blessure-liste-de-suspension-contre-blackburn-rovers\/","url":"https:\/\/footdavant.fr\/actualites\/nouvelles-de-lequipe-de-chelsea-blessure-liste-de-suspension-contre-blackburn-rovers\/","name":"Nouvelles de l\u2019\u00e9quipe de Chelsea\u00a0: blessure, liste de suspension contre Blackburn Rovers","isPartOf":{"@id":"https:\/\/footdavant.fr\/actualites\/#website"},"datePublished":"2023-11-04T14:59:32+00:00","dateModified":"2023-11-04T14:59:33+00:00","breadcrumb":{"@id":"https:\/\/footdavant.fr\/actualites\/nouvelles-de-lequipe-de-chelsea-blessure-liste-de-suspension-contre-blackburn-rovers\/#breadcrumb"},"inLanguage":"fr-FR","potentialAction":[{"@type":"ReadAction","target":["https:\/\/footdavant.fr\/actualites\/nouvelles-de-lequipe-de-chelsea-blessure-liste-de-suspension-contre-blackburn-rovers\/"]}]},{"@type":"BreadcrumbList","@id":"https:\/\/footdavant.fr\/actualites\/nouvelles-de-lequipe-de-chelsea-blessure-liste-de-suspension-contre-blackburn-rovers\/#breadcrumb","itemListElement":[{"@type":"ListItem","position":1,"name":"Accueil","item":"https:\/\/footdavant.fr\/actualites\/"},{"@type":"ListItem","position":2,"name":"Nouvelles de l\u2019\u00e9quipe de Chelsea\u00a0: blessure, liste de suspension contre Blackburn Rovers"}]},{"@type":"WebSite","@id":"https:\/\/footdavant.fr\/actualites\/#website","url":"https:\/\/footdavant.fr\/actualites\/","name":"Foot d'avant","description":"","publisher":{"@id":"https:\/\/footdavant.fr\/actualites\/#organization"},"potentialAction":[{"@type":"SearchAction","target":{"@type":"EntryPoint","urlTemplate":"https:\/\/footdavant.fr\/actualites\/?s={search_term_string}"},"query-input":"required name=search_term_string"}],"inLanguage":"fr-FR"},{"@type":"Organization","@id":"https:\/\/footdavant.fr\/actualites\/#organization","name":"Foot d'avant","url":"https:\/\/footdavant.fr\/actualites\/","logo":{"@type":"ImageObject","inLanguage":"fr-FR","@id":"https:\/\/footdavant.fr\/actualites\/#\/schema\/logo\/image\/","url":"https:\/\/footdavant.fr\/actualites\/wp-content\/uploads\/2023\/09\/Copy-of-FootDavant-Logo.png","contentUrl":"https:\/\/footdavant.fr\/actualites\/wp-content\/uploads\/2023\/09\/Copy-of-FootDavant-Logo.png","width":936,"height":549,"caption":"Foot d'avant"},"image":{"@id":"https:\/\/footdavant.fr\/actualites\/#\/schema\/logo\/image\/"},"sameAs":["https:\/\/www.facebook.com\/Footdavant\/","https:\/\/twitter.com\/FootdavantFr","https:\/\/www.instagram.com\/footdavant.fr\/"]},{"@type":"Person","@id":"https:\/\/footdavant.fr\/actualites\/#\/schema\/person\/bc222566d95871b37e597b3ed3ba5e1d","name":"Cl\u00e9ment","image":{"@type":"ImageObject","inLanguage":"fr-FR","@id":"https:\/\/footdavant.fr\/actualites\/#\/schema\/person\/image\/","url":"https:\/\/secure.gravatar.com\/avatar\/7728b29aac2719421e1a9159b2254c44?s=96&d=mm&r=g","contentUrl":"https:\/\/secure.gravatar.com\/avatar\/7728b29aac2719421e1a9159b2254c44?s=96&d=mm&r=g","caption":"Cl\u00e9ment"},"sameAs":["https:\/\/footdavant.fr\/"]}]}},"_links":{"self":[{"href":"https:\/\/footdavant.fr\/actualites\/wp-json\/wp\/v2\/posts\/284"}],"collection":[{"href":"https:\/\/footdavant.fr\/actualites\/wp-json\/wp\/v2\/posts"}],"about":[{"href":"https:\/\/footdavant.fr\/actualites\/wp-json\/wp\/v2\/types\/post"}],"author":[{"embeddable":true,"href":"https:\/\/footdavant.fr\/actualites\/wp-json\/wp\/v2\/users\/1"}],"replies":[{"embeddable":true,"href":"https:\/\/footdavant.fr\/actualites\/wp-json\/wp\/v2\/comments?post=284"}],"version-history":[{"count":1,"href":"https:\/\/footdavant.fr\/actualites\/wp-json\/wp\/v2\/posts\/284\/revisions"}],"predecessor-version":[{"id":286,"href":"https:\/\/footdavant.fr\/actualites\/wp-json\/wp\/v2\/posts\/284\/revisions\/286"}],"wp:featuredmedia":[{"embeddable":true,"href":"https:\/\/footdavant.fr\/actualites\/wp-json\/wp\/v2\/media\/285"}],"wp:attachment":[{"href":"https:\/\/footdavant.fr\/actualites\/wp-json\/wp\/v2\/media?parent=284"}],"wp:term":[{"taxonomy":"category","embeddable":true,"href":"https:\/\/footdavant.fr\/actualites\/wp-json\/wp\/v2\/categories?post=284"},{"taxonomy":"post_tag","embeddable":true,"href":"https:\/\/footdavant.fr\/actualites\/wp-json\/wp\/v2\/tags?post=284"}],"curies":[{"name":"wp","href":"https:\/\/api.w.org\/{rel}","templated":true}]}}