{"id":2846,"date":"2023-12-21T19:48:04","date_gmt":"2023-12-21T18:48:04","guid":{"rendered":"https:\/\/footdavant.fr\/actualites\/jurgen-klopp-deplore-le-manque-dambiance-lors-de-la-victoire-de-liverpool-contre-west-ham-united\/"},"modified":"2023-12-21T19:48:04","modified_gmt":"2023-12-21T18:48:04","slug":"jurgen-klopp-deplore-le-manque-dambiance-lors-de-la-victoire-de-liverpool-contre-west-ham-united","status":"publish","type":"post","link":"https:\/\/footdavant.fr\/actualites\/jurgen-klopp-deplore-le-manque-dambiance-lors-de-la-victoire-de-liverpool-contre-west-ham-united\/","title":{"rendered":"Jurgen Klopp d\u00e9plore le manque d\u2019ambiance lors de la victoire de Liverpool contre West Ham United"},"content":{"rendered":"<p>L&rsquo;entra\u00eeneur de Liverpool, Jurgen Klopp, d\u00e9plore le manque d&rsquo;ambiance \u00e0 Anfield lors de la victoire 5-1 des Reds en quart de finale de la Coupe EFL contre West Ham United mercredi.<\/p>\n<div id=\"article_body\" itemprop=\"articleBody\">\n<h3 class=\"firstPara\">\n<strong class=\"autotag\">Liverpool<\/strong> l&rsquo;entra\u00eeneur-chef <strong class=\"autotag\">J\u00fcrgen Klopp<\/strong> a admis qu&rsquo;il n&rsquo;\u00e9tait \u00ab\u00a0pas tr\u00e8s satisfait\u00a0\u00bb de l&rsquo;atmosph\u00e8re d&rsquo;Anfield lors de la d\u00e9faite 5-1 de la Coupe EFL par les Reds. <strong class=\"autotag\">West Ham United<\/strong> mercredi.<\/h3>\n<p>Avec une place en demi-finale en jeu, un onze de Liverpool fort a impitoyablement balay\u00e9 une \u00e9quipe de deuxi\u00e8me corde de West Ham, qui s&rsquo;est inclin\u00e9e 1-0 \u00e0 la 28e minute gr\u00e2ce \u00e0 un vicieux match. <strong class=\"autotag\">Dominik Szoboszlai<\/strong> gr\u00e8ve.<\/p>\n<p><strong class=\"autotag\">Curtis Jones<\/strong> et <strong class=\"autotag\">Cody Gakpo<\/strong> mettre le match hors de vue des Reds avant <strong class=\"autotag\">Jarrod Bowen<\/strong> en a retir\u00e9 un pour les Irons, dont les espoirs de retour \u00e9ph\u00e9m\u00e8re ont \u00e9t\u00e9 an\u00e9antis lorsque <strong class=\"autotag\">Mohamed Salah<\/strong> est entr\u00e9 en sc\u00e8ne et Jones a compl\u00e9t\u00e9 son doubl\u00e9 dans les 10 derni\u00e8res minutes.<\/p>\n<p>La d\u00e9route de mercredi \u00e9tait la r\u00e9ponse parfaite au nul 0-0 de dimanche contre Manchester United, o\u00f9 les Reds ont \u00e9tabli un nouveau record ind\u00e9sirable en tirant 34 tirs sans marquer dans un seul match de Premier League.<\/p>\n<p>L&rsquo;\u00e9quipe de Klopp va d\u00e9sormais affronter Fulham pour le droit de se battre pour la gloire contre Chelsea ou Middlesbrough, mais l&rsquo;attention se tourne d\u00e9sormais vers la bataille cruciale de samedi en Premier League avec le leader Arsenal, et le patron de Liverpool a d\u00e9plor\u00e9 le manque d&rsquo;ambiance \u00e0 Anfield avant le sommet. confrontation de la table.<\/p>\n<p class=\"imgI\">\n<p>\u00ab\u00a0Je l&rsquo;ai un peu pens\u00e9 en premi\u00e8re mi-temps lorsque les gar\u00e7ons ont jou\u00e9 de mani\u00e8re vraiment exceptionnelle. Je n&rsquo;\u00e9tais pas tr\u00e8s content, je dois le dire maintenant, avec l&rsquo;ambiance derri\u00e8re moi\u00a0\u00bb, a d\u00e9clar\u00e9 Klopp aux m\u00e9dias lors de sa conf\u00e9rence de presse d&rsquo;apr\u00e8s-match.<\/p>\n<p>\u00ab\u00a0J&rsquo;ai demand\u00e9 aux gens : &lsquo;Que voulez-vous ?&rsquo;  Donc, nous avons chang\u00e9 beaucoup de choses, nous avons domin\u00e9 West Ham comme des fous, nous avons rat\u00e9 des occasions. Si j&rsquo;\u00e9tais dans la tribune, je serais sur mes gardes, \u00e0 1 000 pour cent. Je ne sais pas si le match contre Man United \u00e9tait \u00e0 tel point que nous devons dire : \u00ab Oh, d\u00e9sol\u00e9 de ne pas les avoir bris\u00e9s \u00bb.  Nous avons besoin d&rsquo;Anfield samedi.\u00a0\u00bb<\/p>\n<p>La foule d&rsquo;Anfield est rest\u00e9e silencieuse lors de la rencontre de l&rsquo;ann\u00e9e derni\u00e8re dans le Merseyside avec Arsenal, qui a pris une avance de 2-0 en premi\u00e8re mi-temps gr\u00e2ce \u00e0 <strong class=\"autotag\">Gabriel Martinelli<\/strong> et <strong class=\"autotag\">Gabriel J\u00e9sus<\/strong> avant une bagarre entre <strong class=\"autotag\">Granit Xhaka<\/strong> et <strong class=\"autotag\">Trent Alexander-Arnold<\/strong> a \u00e9nerv\u00e9 la base de fans des Reds.<\/p>\n<p>Les h\u00f4tes galvanis\u00e9s ont ensuite r\u00e9duit le d\u00e9ficit de moiti\u00e9 avant la perc\u00e9e de Salah, avant <strong class=\"autotag\">Roberto Firmino<\/strong>La t\u00eate de &lsquo;s \u00e0 la 87e minute a arrach\u00e9 un point aux m\u00e2choires de la d\u00e9faite pour Liverpool, qui a gaspill\u00e9 quelques occasions de prendre le maximum de butin dans les braises mourantes.<\/p>\n<p>De plus, Arteta et Klopp se sont livr\u00e9s \u00e0 une vive dispute sur la ligne de touche \u00e0 Anfield lors de la saison 2021-22, o\u00f9 Liverpool a gagn\u00e9 4-0 devant une atmosph\u00e8re fervente, mais l&rsquo;entra\u00eeneur des Reds veut voir le public local \u00ab\u00a0sur leurs gardes\u00a0\u00bb quoi qu&rsquo;il en soit. de savoir s&rsquo;il sera \u00e0 nouveau \u00e0 la hauteur de son homologue.<\/p>\n<p class=\"imgI\"><img decoding=\"async\" loading=\"lazy\" class=\"l\" src=\"https:\/\/footdavant.fr\/actualites\/wp-content\/uploads\/2023\/12\/Jurgen-Klopp-deplore-le-manque-dambiance-lors-de-la-victoire.JPG\" title=\"Le manager de Liverpool, Jurgen Klopp, r\u00e9agit le 17 d\u00e9cembre 2023\" alt=\"Le manager de Liverpool, Jurgen Klopp, r\u00e9agit le 17 d\u00e9cembre 2023\" width=\"640\" height=\"480\"><\/p>\n<p>\u00ab\u00a0Sans Anfield, je dirais&#8230; qu&rsquo;ils n&rsquo;ont pas jou\u00e9 cette semaine. Juste pour \u00eatre s\u00fbr \u2013 je sais, d\u00e9sol\u00e9 \u2013 qu&rsquo;ils n&rsquo;ont pas jou\u00e9. Ils se sont pr\u00e9par\u00e9s pour ce match et [those] qui les connaissent un peu, ils seront pr\u00e9par\u00e9s.  Nous avons donc besoin d&rsquo;Anfield sur leurs gardes d\u00e8s la premi\u00e8re seconde \u2013 sans que je me dispute avec l&rsquo;entra\u00eeneur adverse, quoi qu&rsquo;il en soit\u00a0\u00bb, a ajout\u00e9 Klopp.<\/p>\n<p>\u00ab\u00a0Nous avons besoin de vous d\u00e8s la premi\u00e8re seconde. Si vous le voulez vraiment, s&rsquo;il y a trop de football en d\u00e9cembre, je ne sais pas, d\u00e9sol\u00e9, nous devons le jouer aussi. Mais si vous n&rsquo;\u00eates pas en forme, donnez votre billet \u00e0 quelqu&rsquo;un d&rsquo;autre.<\/p>\n<p>\u00ab\u00a0Non, la n\u00e9gativit\u00e9 \u00e9tait autour de nous et pas du stade. Mais pas l&rsquo;excitation que j&rsquo;ai ressentie \u00e0 propos de la performance. Je pensais que c&rsquo;\u00e9tait une performance que l&rsquo;on pouvait vraiment appr\u00e9cier.<\/p>\n<p>\u00ab\u00a0Tant de bonnes performances, tant de bonnes performances individuelles, tant de d\u00e9fis \u00e0 c\u00e9l\u00e9brer, des trucs comme \u00e7a. Mais nous n&rsquo;avions qu&rsquo;une avance de 1-0 et avons fait un match o\u00f9 nous avons r\u00e9ussi beaucoup de tirs et n&rsquo;avons pas marqu\u00e9. Mais si c&rsquo;est le cas, Je m&rsquo;\u00e9chauffe pour samedi, je suis content.\u00a0\u00bb<\/p>\n<p>Klopp pourrait r\u00e9cup\u00e9rer <strong class=\"autotag\">Ryan Gravenberch<\/strong> de fatigue musculaire \u00e0 temps pour la visite des leaders de la ligue, mais <strong class=\"autotag\">Diogo Jota<\/strong>, <strong class=\"autotag\">Alexis MacAllister<\/strong>, <strong class=\"autotag\">Stefan Bajcetic<\/strong>, <strong class=\"autotag\">Thiago Alc\u00e1ntara<\/strong>, <strong class=\"autotag\">Jo\u00ebl Matip<\/strong>, <strong class=\"autotag\">Ben Doak<\/strong> et <strong class=\"autotag\">Andrew Robertson<\/strong> devraient tous rater le concours.<\/p>\n<\/div>\n","protected":false},"excerpt":{"rendered":"<p>L&rsquo;entra\u00eeneur de Liverpool, Jurgen Klopp, d\u00e9plore le manque d&rsquo;ambiance \u00e0 Anfield lors de la victoire 5-1 des Reds en quart de finale de la Coupe<\/p>\n","protected":false},"author":1,"featured_media":2847,"comment_status":"closed","ping_status":"","sticky":false,"template":"","format":"standard","meta":{"footnotes":""},"categories":[5],"tags":[20,2422,863,286,237,238,53,64,476,13,26,285],"yoast_head":"<!-- This site is optimized with the Yoast SEO plugin v21.0 - https:\/\/yoast.com\/wordpress\/plugins\/seo\/ -->\n<title>Jurgen Klopp d\u00e9plore le manque d\u2019ambiance lors de la victoire de Liverpool contre West Ham United<\/title>\n<meta name=\"robots\" content=\"index, follow, max-snippet:-1, max-image-preview:large, max-video-preview:-1\" \/>\n<link rel=\"canonical\" href=\"https:\/\/footdavant.fr\/actualites\/jurgen-klopp-deplore-le-manque-dambiance-lors-de-la-victoire-de-liverpool-contre-west-ham-united\/\" \/>\n<meta property=\"og:locale\" content=\"fr_FR\" \/>\n<meta property=\"og:type\" content=\"article\" \/>\n<meta property=\"og:title\" content=\"Jurgen Klopp d\u00e9plore le manque d\u2019ambiance lors de la victoire de Liverpool contre West Ham United\" \/>\n<meta property=\"og:description\" content=\"L&rsquo;entra\u00eeneur de Liverpool, Jurgen Klopp, d\u00e9plore le manque d&rsquo;ambiance \u00e0 Anfield lors de la victoire 5-1 des Reds en quart de finale de la Coupe\" \/>\n<meta property=\"og:url\" content=\"https:\/\/footdavant.fr\/actualites\/jurgen-klopp-deplore-le-manque-dambiance-lors-de-la-victoire-de-liverpool-contre-west-ham-united\/\" \/>\n<meta property=\"og:site_name\" content=\"Foot d&#039;avant\" \/>\n<meta property=\"article:publisher\" content=\"https:\/\/www.facebook.com\/Footdavant\/\" \/>\n<meta property=\"article:published_time\" content=\"2023-12-21T18:48:04+00:00\" \/>\n<meta property=\"og:image\" content=\"https:\/\/footdavant.fr\/actualites\/wp-content\/uploads\/2023\/12\/Jurgen-Klopp-deplore-le-manque-dambiance-lors-de-la-victoire.jpg\" \/>\n\t<meta property=\"og:image:width\" content=\"640\" \/>\n\t<meta property=\"og:image:height\" content=\"480\" \/>\n\t<meta property=\"og:image:type\" content=\"image\/jpeg\" \/>\n<meta name=\"author\" content=\"Cl\u00e9ment\" \/>\n<meta name=\"twitter:card\" content=\"summary_large_image\" \/>\n<meta name=\"twitter:creator\" content=\"@FootdavantFr\" \/>\n<meta name=\"twitter:site\" content=\"@FootdavantFr\" \/>\n<meta name=\"twitter:label1\" content=\"\u00c9crit par\" \/>\n\t<meta name=\"twitter:data1\" content=\"Cl\u00e9ment\" \/>\n\t<meta name=\"twitter:label2\" content=\"Dur\u00e9e de lecture estim\u00e9e\" \/>\n\t<meta name=\"twitter:data2\" content=\"4 minutes\" \/>\n<script type=\"application\/ld+json\" class=\"yoast-schema-graph\">{\"@context\":\"https:\/\/schema.org\",\"@graph\":[{\"@type\":\"Article\",\"@id\":\"https:\/\/footdavant.fr\/actualites\/jurgen-klopp-deplore-le-manque-dambiance-lors-de-la-victoire-de-liverpool-contre-west-ham-united\/#article\",\"isPartOf\":{\"@id\":\"https:\/\/footdavant.fr\/actualites\/jurgen-klopp-deplore-le-manque-dambiance-lors-de-la-victoire-de-liverpool-contre-west-ham-united\/\"},\"author\":{\"name\":\"Cl\u00e9ment\",\"@id\":\"https:\/\/footdavant.fr\/actualites\/#\/schema\/person\/bc222566d95871b37e597b3ed3ba5e1d\"},\"headline\":\"Jurgen Klopp d\u00e9plore le manque d\u2019ambiance lors de la victoire de Liverpool contre West Ham United\",\"datePublished\":\"2023-12-21T18:48:04+00:00\",\"dateModified\":\"2023-12-21T18:48:04+00:00\",\"mainEntityOfPage\":{\"@id\":\"https:\/\/footdavant.fr\/actualites\/jurgen-klopp-deplore-le-manque-dambiance-lors-de-la-victoire-de-liverpool-contre-west-ham-united\/\"},\"wordCount\":839,\"publisher\":{\"@id\":\"https:\/\/footdavant.fr\/actualites\/#organization\"},\"keywords\":[\"contre\",\"dambiance\",\"d\u00e9plore\",\"Ham\",\"Jurgen\",\"Klopp\",\"Liverpool\",\"lors\",\"manque\",\"United\",\"victoire\",\"West\"],\"articleSection\":[\"Premier League\"],\"inLanguage\":\"fr-FR\"},{\"@type\":\"WebPage\",\"@id\":\"https:\/\/footdavant.fr\/actualites\/jurgen-klopp-deplore-le-manque-dambiance-lors-de-la-victoire-de-liverpool-contre-west-ham-united\/\",\"url\":\"https:\/\/footdavant.fr\/actualites\/jurgen-klopp-deplore-le-manque-dambiance-lors-de-la-victoire-de-liverpool-contre-west-ham-united\/\",\"name\":\"Jurgen Klopp d\u00e9plore le manque d\u2019ambiance lors de la victoire de Liverpool contre West Ham United\",\"isPartOf\":{\"@id\":\"https:\/\/footdavant.fr\/actualites\/#website\"},\"datePublished\":\"2023-12-21T18:48:04+00:00\",\"dateModified\":\"2023-12-21T18:48:04+00:00\",\"breadcrumb\":{\"@id\":\"https:\/\/footdavant.fr\/actualites\/jurgen-klopp-deplore-le-manque-dambiance-lors-de-la-victoire-de-liverpool-contre-west-ham-united\/#breadcrumb\"},\"inLanguage\":\"fr-FR\",\"potentialAction\":[{\"@type\":\"ReadAction\",\"target\":[\"https:\/\/footdavant.fr\/actualites\/jurgen-klopp-deplore-le-manque-dambiance-lors-de-la-victoire-de-liverpool-contre-west-ham-united\/\"]}]},{\"@type\":\"BreadcrumbList\",\"@id\":\"https:\/\/footdavant.fr\/actualites\/jurgen-klopp-deplore-le-manque-dambiance-lors-de-la-victoire-de-liverpool-contre-west-ham-united\/#breadcrumb\",\"itemListElement\":[{\"@type\":\"ListItem\",\"position\":1,\"name\":\"Accueil\",\"item\":\"https:\/\/footdavant.fr\/actualites\/\"},{\"@type\":\"ListItem\",\"position\":2,\"name\":\"Jurgen Klopp d\u00e9plore le manque d\u2019ambiance lors de la victoire de Liverpool contre West Ham United\"}]},{\"@type\":\"WebSite\",\"@id\":\"https:\/\/footdavant.fr\/actualites\/#website\",\"url\":\"https:\/\/footdavant.fr\/actualites\/\",\"name\":\"Foot d'avant\",\"description\":\"\",\"publisher\":{\"@id\":\"https:\/\/footdavant.fr\/actualites\/#organization\"},\"potentialAction\":[{\"@type\":\"SearchAction\",\"target\":{\"@type\":\"EntryPoint\",\"urlTemplate\":\"https:\/\/footdavant.fr\/actualites\/?s={search_term_string}\"},\"query-input\":\"required name=search_term_string\"}],\"inLanguage\":\"fr-FR\"},{\"@type\":\"Organization\",\"@id\":\"https:\/\/footdavant.fr\/actualites\/#organization\",\"name\":\"Foot d'avant\",\"url\":\"https:\/\/footdavant.fr\/actualites\/\",\"logo\":{\"@type\":\"ImageObject\",\"inLanguage\":\"fr-FR\",\"@id\":\"https:\/\/footdavant.fr\/actualites\/#\/schema\/logo\/image\/\",\"url\":\"https:\/\/footdavant.fr\/actualites\/wp-content\/uploads\/2023\/09\/Copy-of-FootDavant-Logo.png\",\"contentUrl\":\"https:\/\/footdavant.fr\/actualites\/wp-content\/uploads\/2023\/09\/Copy-of-FootDavant-Logo.png\",\"width\":936,\"height\":549,\"caption\":\"Foot d'avant\"},\"image\":{\"@id\":\"https:\/\/footdavant.fr\/actualites\/#\/schema\/logo\/image\/\"},\"sameAs\":[\"https:\/\/www.facebook.com\/Footdavant\/\",\"https:\/\/twitter.com\/FootdavantFr\",\"https:\/\/www.instagram.com\/footdavant.fr\/\"]},{\"@type\":\"Person\",\"@id\":\"https:\/\/footdavant.fr\/actualites\/#\/schema\/person\/bc222566d95871b37e597b3ed3ba5e1d\",\"name\":\"Cl\u00e9ment\",\"image\":{\"@type\":\"ImageObject\",\"inLanguage\":\"fr-FR\",\"@id\":\"https:\/\/footdavant.fr\/actualites\/#\/schema\/person\/image\/\",\"url\":\"https:\/\/secure.gravatar.com\/avatar\/7728b29aac2719421e1a9159b2254c44?s=96&d=mm&r=g\",\"contentUrl\":\"https:\/\/secure.gravatar.com\/avatar\/7728b29aac2719421e1a9159b2254c44?s=96&d=mm&r=g\",\"caption\":\"Cl\u00e9ment\"},\"sameAs\":[\"https:\/\/footdavant.fr\/\"]}]}<\/script>\n<!-- \/ Yoast SEO plugin. -->","yoast_head_json":{"title":"Jurgen Klopp d\u00e9plore le manque d\u2019ambiance lors de la victoire de Liverpool contre West Ham United","robots":{"index":"index","follow":"follow","max-snippet":"max-snippet:-1","max-image-preview":"max-image-preview:large","max-video-preview":"max-video-preview:-1"},"canonical":"https:\/\/footdavant.fr\/actualites\/jurgen-klopp-deplore-le-manque-dambiance-lors-de-la-victoire-de-liverpool-contre-west-ham-united\/","og_locale":"fr_FR","og_type":"article","og_title":"Jurgen Klopp d\u00e9plore le manque d\u2019ambiance lors de la victoire de Liverpool contre West Ham United","og_description":"L&rsquo;entra\u00eeneur de Liverpool, Jurgen Klopp, d\u00e9plore le manque d&rsquo;ambiance \u00e0 Anfield lors de la victoire 5-1 des Reds en quart de finale de la Coupe","og_url":"https:\/\/footdavant.fr\/actualites\/jurgen-klopp-deplore-le-manque-dambiance-lors-de-la-victoire-de-liverpool-contre-west-ham-united\/","og_site_name":"Foot d&#039;avant","article_publisher":"https:\/\/www.facebook.com\/Footdavant\/","article_published_time":"2023-12-21T18:48:04+00:00","og_image":[{"width":640,"height":480,"url":"https:\/\/footdavant.fr\/actualites\/wp-content\/uploads\/2023\/12\/Jurgen-Klopp-deplore-le-manque-dambiance-lors-de-la-victoire.jpg","type":"image\/jpeg"}],"author":"Cl\u00e9ment","twitter_card":"summary_large_image","twitter_creator":"@FootdavantFr","twitter_site":"@FootdavantFr","twitter_misc":{"\u00c9crit par":"Cl\u00e9ment","Dur\u00e9e de lecture estim\u00e9e":"4 minutes"},"schema":{"@context":"https:\/\/schema.org","@graph":[{"@type":"Article","@id":"https:\/\/footdavant.fr\/actualites\/jurgen-klopp-deplore-le-manque-dambiance-lors-de-la-victoire-de-liverpool-contre-west-ham-united\/#article","isPartOf":{"@id":"https:\/\/footdavant.fr\/actualites\/jurgen-klopp-deplore-le-manque-dambiance-lors-de-la-victoire-de-liverpool-contre-west-ham-united\/"},"author":{"name":"Cl\u00e9ment","@id":"https:\/\/footdavant.fr\/actualites\/#\/schema\/person\/bc222566d95871b37e597b3ed3ba5e1d"},"headline":"Jurgen Klopp d\u00e9plore le manque d\u2019ambiance lors de la victoire de Liverpool contre West Ham United","datePublished":"2023-12-21T18:48:04+00:00","dateModified":"2023-12-21T18:48:04+00:00","mainEntityOfPage":{"@id":"https:\/\/footdavant.fr\/actualites\/jurgen-klopp-deplore-le-manque-dambiance-lors-de-la-victoire-de-liverpool-contre-west-ham-united\/"},"wordCount":839,"publisher":{"@id":"https:\/\/footdavant.fr\/actualites\/#organization"},"keywords":["contre","dambiance","d\u00e9plore","Ham","Jurgen","Klopp","Liverpool","lors","manque","United","victoire","West"],"articleSection":["Premier League"],"inLanguage":"fr-FR"},{"@type":"WebPage","@id":"https:\/\/footdavant.fr\/actualites\/jurgen-klopp-deplore-le-manque-dambiance-lors-de-la-victoire-de-liverpool-contre-west-ham-united\/","url":"https:\/\/footdavant.fr\/actualites\/jurgen-klopp-deplore-le-manque-dambiance-lors-de-la-victoire-de-liverpool-contre-west-ham-united\/","name":"Jurgen Klopp d\u00e9plore le manque d\u2019ambiance lors de la victoire de Liverpool contre West Ham United","isPartOf":{"@id":"https:\/\/footdavant.fr\/actualites\/#website"},"datePublished":"2023-12-21T18:48:04+00:00","dateModified":"2023-12-21T18:48:04+00:00","breadcrumb":{"@id":"https:\/\/footdavant.fr\/actualites\/jurgen-klopp-deplore-le-manque-dambiance-lors-de-la-victoire-de-liverpool-contre-west-ham-united\/#breadcrumb"},"inLanguage":"fr-FR","potentialAction":[{"@type":"ReadAction","target":["https:\/\/footdavant.fr\/actualites\/jurgen-klopp-deplore-le-manque-dambiance-lors-de-la-victoire-de-liverpool-contre-west-ham-united\/"]}]},{"@type":"BreadcrumbList","@id":"https:\/\/footdavant.fr\/actualites\/jurgen-klopp-deplore-le-manque-dambiance-lors-de-la-victoire-de-liverpool-contre-west-ham-united\/#breadcrumb","itemListElement":[{"@type":"ListItem","position":1,"name":"Accueil","item":"https:\/\/footdavant.fr\/actualites\/"},{"@type":"ListItem","position":2,"name":"Jurgen Klopp d\u00e9plore le manque d\u2019ambiance lors de la victoire de Liverpool contre West Ham United"}]},{"@type":"WebSite","@id":"https:\/\/footdavant.fr\/actualites\/#website","url":"https:\/\/footdavant.fr\/actualites\/","name":"Foot d'avant","description":"","publisher":{"@id":"https:\/\/footdavant.fr\/actualites\/#organization"},"potentialAction":[{"@type":"SearchAction","target":{"@type":"EntryPoint","urlTemplate":"https:\/\/footdavant.fr\/actualites\/?s={search_term_string}"},"query-input":"required name=search_term_string"}],"inLanguage":"fr-FR"},{"@type":"Organization","@id":"https:\/\/footdavant.fr\/actualites\/#organization","name":"Foot d'avant","url":"https:\/\/footdavant.fr\/actualites\/","logo":{"@type":"ImageObject","inLanguage":"fr-FR","@id":"https:\/\/footdavant.fr\/actualites\/#\/schema\/logo\/image\/","url":"https:\/\/footdavant.fr\/actualites\/wp-content\/uploads\/2023\/09\/Copy-of-FootDavant-Logo.png","contentUrl":"https:\/\/footdavant.fr\/actualites\/wp-content\/uploads\/2023\/09\/Copy-of-FootDavant-Logo.png","width":936,"height":549,"caption":"Foot d'avant"},"image":{"@id":"https:\/\/footdavant.fr\/actualites\/#\/schema\/logo\/image\/"},"sameAs":["https:\/\/www.facebook.com\/Footdavant\/","https:\/\/twitter.com\/FootdavantFr","https:\/\/www.instagram.com\/footdavant.fr\/"]},{"@type":"Person","@id":"https:\/\/footdavant.fr\/actualites\/#\/schema\/person\/bc222566d95871b37e597b3ed3ba5e1d","name":"Cl\u00e9ment","image":{"@type":"ImageObject","inLanguage":"fr-FR","@id":"https:\/\/footdavant.fr\/actualites\/#\/schema\/person\/image\/","url":"https:\/\/secure.gravatar.com\/avatar\/7728b29aac2719421e1a9159b2254c44?s=96&d=mm&r=g","contentUrl":"https:\/\/secure.gravatar.com\/avatar\/7728b29aac2719421e1a9159b2254c44?s=96&d=mm&r=g","caption":"Cl\u00e9ment"},"sameAs":["https:\/\/footdavant.fr\/"]}]}},"_links":{"self":[{"href":"https:\/\/footdavant.fr\/actualites\/wp-json\/wp\/v2\/posts\/2846"}],"collection":[{"href":"https:\/\/footdavant.fr\/actualites\/wp-json\/wp\/v2\/posts"}],"about":[{"href":"https:\/\/footdavant.fr\/actualites\/wp-json\/wp\/v2\/types\/post"}],"author":[{"embeddable":true,"href":"https:\/\/footdavant.fr\/actualites\/wp-json\/wp\/v2\/users\/1"}],"replies":[{"embeddable":true,"href":"https:\/\/footdavant.fr\/actualites\/wp-json\/wp\/v2\/comments?post=2846"}],"version-history":[{"count":1,"href":"https:\/\/footdavant.fr\/actualites\/wp-json\/wp\/v2\/posts\/2846\/revisions"}],"predecessor-version":[{"id":2848,"href":"https:\/\/footdavant.fr\/actualites\/wp-json\/wp\/v2\/posts\/2846\/revisions\/2848"}],"wp:featuredmedia":[{"embeddable":true,"href":"https:\/\/footdavant.fr\/actualites\/wp-json\/wp\/v2\/media\/2847"}],"wp:attachment":[{"href":"https:\/\/footdavant.fr\/actualites\/wp-json\/wp\/v2\/media?parent=2846"}],"wp:term":[{"taxonomy":"category","embeddable":true,"href":"https:\/\/footdavant.fr\/actualites\/wp-json\/wp\/v2\/categories?post=2846"},{"taxonomy":"post_tag","embeddable":true,"href":"https:\/\/footdavant.fr\/actualites\/wp-json\/wp\/v2\/tags?post=2846"}],"curies":[{"name":"wp","href":"https:\/\/api.w.org\/{rel}","templated":true}]}}