{"id":2849,"date":"2023-12-21T20:50:02","date_gmt":"2023-12-21T19:50:02","guid":{"rendered":"https:\/\/footdavant.fr\/actualites\/un-blog-darsenal\/"},"modified":"2023-12-21T20:50:03","modified_gmt":"2023-12-21T19:50:03","slug":"un-blog-darsenal","status":"publish","type":"post","link":"https:\/\/footdavant.fr\/actualites\/un-blog-darsenal\/","title":{"rendered":"&#8230;un blog d&rsquo;Arsenal"},"content":{"rendered":"<div>\n<p>Ce jour-l\u00e0 (en supposant que vous lisez ceci jeudi), il y a quatre ans, j&rsquo;\u00e9tais assis dans un train pour le Merseyside avec des wagons remplis de fans excit\u00e9s d&rsquo;Arsenal.  Nous \u00e9tions en route vers Goodison Park pour assister \u00e0 l&rsquo;un des matchs nuls 0-0 les plus ennuyeux de l&rsquo;histoire du club &#8211; et j&rsquo;en ai vu de mauvais \u00e0 la fin de l&rsquo;\u00e8re George Graham.  Ce jour-l\u00e0, Freddie Ljungberg prend la t\u00eate d&rsquo;une \u00e9quipe et d&rsquo;un club qui paraissent totalement assi\u00e9g\u00e9s.<\/p>\n<p>Dans ce match, Ljungberg a lanc\u00e9 Emile Smith Rowe (19 ans), Bukayo Saka (18 ans), Gabriel Martinelli (18 ans) et Reiss Nelson (19 ans).  Joe Willock (20 ans) a \u00e9t\u00e9 le premier rempla\u00e7ant utilis\u00e9 depuis le banc.  Nicolas Pepe et Alex Lacazette ont \u00e9t\u00e9 laiss\u00e9s sur le banc (Pepe est rest\u00e9 inutilis\u00e9) et Mesut \u00d6zil a \u00e9t\u00e9 exclu de l&rsquo;\u00e9quipe pour raisons disciplinaires.  Mikel Arteta a regard\u00e9 le match depuis les tribunes et aurait le contr\u00f4le du prochain match \u00e0 Bournemouth.<\/p>\n<p>Apr\u00e8s le match, Ljungberg a clairement d\u00e9clar\u00e9 : \u00ab\u00a0Nous avons exclu beaucoup de jeunes joueurs parce que je voulais r\u00e9compenser les joueurs qui s&rsquo;\u00e9taient bien entra\u00een\u00e9s.\u00a0\u00bb  Il aurait tout aussi bien pu ponctuer ce sentiment par : \u00ab Bonne chance avec tout \u00e7a, Mikel. \u00bb  Arsenal \u00e9tait dans une p\u00e9riode de crise comparable \u00e0 celle du d\u00e9but des ann\u00e9es 1980 et du milieu des ann\u00e9es 1960.  L\u2019\u00e8re Wenger a dur\u00e9 trop longtemps, l\u2019\u00e8re Emery a dur\u00e9 trop longtemps.  Arsenal \u00e9tait un ensemble de c\u00e2bles tr\u00e8s emm\u00eal\u00e9s.<\/p>\n<p>Alors pourquoi cette liesse dans le train pour le Merseyside ce matin de d\u00e9cembre 2019 ?  Eh bien, Mikel Arteta avait tenu sa conf\u00e9rence de presse de d\u00e9voilement la veille.  Les voitures \u00e9taient anim\u00e9es de conversations.  Cela n&rsquo;\u00e9tait plus le cas lors des voyages depuis un certain temps, il \u00e9tait beaucoup plus courant d&rsquo;assister \u00e0 des disputes, parfois mises en sc\u00e8ne physiquement, en raison de d\u00e9saccords.<\/p>\n<p>La salve d\u2019ouverture d\u2019Arteta \u00e9tait vitale et \u00e9nergique.  De nombreux fans s&rsquo;\u00e9taient d\u00e9tourn\u00e9s des offres de Wenger au cours des derni\u00e8res ann\u00e9es de son r\u00e8gne et Emery n&rsquo;avait pas les comp\u00e9tences linguistiques n\u00e9cessaires pour communiquer sa vision aux fans ou aux joueurs.  En v\u00e9rit\u00e9, lire les transcriptions des conf\u00e9rences de presse d&rsquo;Emery ressemblait \u00e0 un exercice de d\u00e9codage et son \u00e9quipe semblait confuse et confuse.<\/p>\n<p>Il s&rsquo;\u00e9tait heurt\u00e9 \u00e0 Mesut \u00d6zil, mais on n&rsquo;a jamais senti qu&rsquo;il avait tout \u00e0 fait les moyens de gagner cette bataille.  Sa gestion de la d\u00e9b\u00e2cle du poste de capitaine de Granit Xhaka a v\u00e9ritablement mis l&rsquo;un des joueurs seniors d&rsquo;Arsenal dans une position si vuln\u00e9rable qu&rsquo;il a publiquement protest\u00e9 aupr\u00e8s de ses propres fans.  Lors de la conf\u00e9rence de presse d&rsquo;ouverture d&rsquo;Arteta, on avait l&rsquo;impression que quelqu&rsquo;un avait finalement enfonc\u00e9 les portes du salon et promis de nettoyer une fois pour toutes.<\/p>\n<p>\u00ab La premi\u00e8re chose est de changer d\u2019\u00e9nergie.  La semaine derni\u00e8re, j&rsquo;\u00e9tais ici avec Manchester City et j&rsquo;\u00e9tais un peu d\u00e9prim\u00e9 apr\u00e8s le match quand j&rsquo;ai senti ce qui se passait.  Nous devons donc essayer d\u2019impliquer tout le monde, je dois essayer de convaincre les joueurs sur ce que je veux faire, comment je veux le faire.  Bien s\u00fbr, d\u2019habitude, nommer un novice comme Arteta aurait sembl\u00e9 une d\u00e9cision ridicule pour un club comme Arsenal.<\/p>\n<p>Les fans ont cependant eu le temps de se familiariser avec l\u2019id\u00e9e.  Arteta avait longtemps \u00e9t\u00e9 \u00e9voqu\u00e9e comme futur entra\u00eeneur des Gunners et interview\u00e9e pour le poste en 2018 \u2013 avec beaucoup de succ\u00e8s.  Le club \u00e9tait \u00e9galement dans une position o\u00f9 il n\u2019avait que peu d\u2019autres choix \u00e9vidents.  \u00c9galement dans les tribunes ce jour-l\u00e0 \u00e0 Goodison se trouvait Carlo Ancelotti, qui \u00e9tait sur le point d&rsquo;accepter le poste d&rsquo;Everton.  Il existe quelque part un univers parall\u00e8le o\u00f9 Ancelotti reprend Arsenal et Arteta Everton en d\u00e9cembre 2019.<\/p>\n<p>Historiquement, les meilleures nominations manag\u00e9riales du club ont \u00e9t\u00e9 l\u00e9g\u00e8rement \u00e0 l\u2019\u00e9cart.  Bertie Mee \u00e9tait le physio du club et un homme, selon la hi\u00e9rarchie du club, capable d&rsquo;introduire de la discipline dans une \u00e9quipe talentueuse mais capricieuse.  George Graham avait fait un excellent travail \u00e0 Millwall, mais Arsenal \u00e9tait une tout autre affaire.  La nomination d&rsquo;Ars\u00e8ne Wenger en 1996 a \u00e9t\u00e9 accueillie avec un m\u00e9lange de ridicule et de perplexit\u00e9.<\/p>\n<p>Dans tous ces sc\u00e9narios, Arsenal d\u00e9rivait, un peu malchanceux et se lan\u00e7ait dans un rendez-vous risqu\u00e9.  Quatre ans plus tard, la d\u00e9cision de confier \u00e0 Mikel Arteta les cl\u00e9s du club semble inspir\u00e9e.  Arteta \u00e9tait un ancien capitaine de club mais pas vraiment une l\u00e9gende du club, en fait, il divisait un peu les opinions en tant que joueur.<\/p>\n<p>Ce qui a toujours \u00e9t\u00e9 clair, c&rsquo;est sa profonde estime pour Arsenal.  Ma th\u00e9orie de travail a toujours \u00e9t\u00e9 que le transfert \u00e0 Arsenal est intervenu tard dans sa carri\u00e8re, \u00e0 l&rsquo;\u00e2ge de 29 ans, \u00e0 un moment o\u00f9 il avait probablement l&rsquo;impression que le grand transfert d&rsquo;Everton lui avait \u00e9chapp\u00e9.  Ainsi, \u00e0 son arriv\u00e9e, il voulait ch\u00e9rir tous les aspects de la repr\u00e9sentation d\u2019un club comme Arsenal.<\/p>\n<p>Il n\u2019a jamais \u00e9t\u00e9 s\u00e9rieusement li\u00e9 \u00e0 un autre poste de direction car il n\u2019en a jamais postul\u00e9.  Il a postul\u00e9 pour le poste d&rsquo;Arsenal \u00e0 l&rsquo;\u00e9t\u00e9 2018 et \u00e0 nouveau en d\u00e9cembre 2019. Il a depuis admis qu&rsquo;il avait d\u00e9cid\u00e9 d&rsquo;aller \u00e0 Manchester City et de travailler sous Pep Guardiola apr\u00e8s sa retraite en tant que joueur, comme une sorte d&rsquo;apprentissage afin de pouvoir revenir. \u00e0 N5.<\/p>\n<p>\u00ab\u00a0Je me pr\u00e9pare depuis quelques ann\u00e9es \u00e0 relever ce d\u00e9fi\u00a0\u00bb, a-t-il d\u00e9clar\u00e9 lors de la conf\u00e9rence de presse d&rsquo;inauguration.  \u00ab Je connais les attentes, je connais le niveau et je connais la stature de ce club et ce qu&rsquo;il m\u00e9rite.  Je suis donc pr\u00eat \u00e0 relever ce d\u00e9fi.  Il n\u2019avait d\u2019yeux que pour Arsenal.  Il y a eu des moments o\u00f9, encore une fois, pour reprendre ses paroles de ce jour de d\u00e9cembre 2019, l\u2019arbre a trembl\u00e9.<\/p>\n<p>Il n\u2019a pas tout bien compris, le contrat d\u2019Aubameyang et la signature de Willian en 2020 ont \u00e9t\u00e9 \u00e0 la limite d\u00e9sastreux.  Il aurait pu perdre son emploi \u00e0 l\u2019hiver 2020 et il n\u2019aurait pas pu se plaindre.  Il a affront\u00e9 des joueurs comme \u00d6zil, Guendouzi et Aubameyang d\u2019une main ferme et a surv\u00e9cu pour raconter son histoire.  Confortablement.  Aucun de ces joueurs n\u2019a excell\u00e9 en partant.<\/p>\n<p>Cela semble facile de simplement adopter une ligne dure et de ne pas faire de compromis avec les grands joueurs (et les jeunes joueurs courageux), mais ce n&rsquo;est pas le cas.  Pour y parvenir, il faut avoir l\u2019autorit\u00e9 et le soutien des supporters et du reste de l\u2019\u00e9quipe.  Erik Ten Hag a utilis\u00e9 une main de fer avec Jadon Sancho et maintenant Raphael Varane et moi n&rsquo;avons plus le m\u00eame sentiment d&rsquo;autorit\u00e9 et d&rsquo;unit\u00e9.  La fronti\u00e8re est mince entre \u00eatre un leader fort que les gens respectent et dont ils ont peur et quelqu&rsquo;un que les gens n&rsquo;aiment tout simplement pas.<\/p>\n<p>Arteta n\u2019a pas \u00e9t\u00e9 une pr\u00e9sence chaleureuse et c\u00e2line et je pense que c\u2019est pourquoi certaines sections des m\u00e9dias ont du mal avec lui.  Il n&rsquo;est ni avunculaire ni spirituel lors des conf\u00e9rences de presse, il sourit rarement et ses yeux semblent parfois pouvoir couper \u00e0 travers des briques et du mortier.  Arsenal n&rsquo;avait pas besoin de chaleur et de c\u00e2lins, en fait, c&rsquo;\u00e9tait la derni\u00e8re chose dont ils avaient besoin en d\u00e9cembre 2019.<\/p>\n<p>Son intensit\u00e9 fait que, honn\u00eatement, je ne suis pas s\u00fbr d&rsquo;appr\u00e9cier un verre avec lui (imaginez le regard fl\u00e9tri quand c&rsquo;est sa tourn\u00e9e et que vous demandez un sachet de r\u00f4ti \u00e0 sec ainsi que votre boisson).  Mais il a une fermet\u00e9 et une clart\u00e9 qu\u2019on voit sur le terrain avec son \u00e9quipe.  Le football, l&rsquo;ambiance, le recrutement (surtout depuis l&rsquo;\u00e9t\u00e9 2021) et le club tout entier se sont enti\u00e8rement transform\u00e9s sous son regard.<\/p>\n<p>Samedi, Arsenal se rendra \u00e0 nouveau dans le Merseyside, cette fois \u00e0 Anfield, et les discussions dans les wagons porteront sur le d\u00e9fi pour le titre des Gunners.  Cela n\u2019a pas \u00e9t\u00e9 un voyage totalement lin\u00e9aire, mais Arteta a \u00e9loign\u00e9 le club de l\u2019endroit o\u00f9 il les avait trouv\u00e9s lors de ce morne apr\u00e8s-midi \u00e0 Goodison il y a quatre ans.  Il lutte peut-\u00eatre pour l&rsquo;amour et l&rsquo;affection en dehors de la bulle d&rsquo;Arsenal, mais le travail qu&rsquo;il a accompli au cours des quatre derni\u00e8res ann\u00e9es a \u00e9t\u00e9 v\u00e9ritablement remarquable.<\/p>\n<p>Suis moi sur Twitter <a rel=\"nofollow noopener\" href=\"https:\/\/twitter.com\/Stillmanator\" target=\"_blank\">@Stillmanator<\/a><\/p>\n<\/div>\n<p><script async src=\"https:\/\/platform.twitter.com\/widgets.js\" charset=\"utf-8\"><\/script><\/p>\n","protected":false},"excerpt":{"rendered":"<p>Ce jour-l\u00e0 (en supposant que vous lisez ceci jeudi), il y a quatre ans, j&rsquo;\u00e9tais assis dans un train pour le Merseyside avec des wagons<\/p>\n","protected":false},"author":1,"featured_media":2850,"comment_status":"closed","ping_status":"","sticky":false,"template":"","format":"standard","meta":{"footnotes":""},"categories":[3],"tags":[57,58,59],"yoast_head":"<!-- This site is optimized with the Yoast SEO plugin v21.0 - https:\/\/yoast.com\/wordpress\/plugins\/seo\/ -->\n<title>...un blog d&#039;Arsenal<\/title>\n<meta name=\"robots\" content=\"index, follow, max-snippet:-1, max-image-preview:large, max-video-preview:-1\" \/>\n<link rel=\"canonical\" href=\"https:\/\/footdavant.fr\/actualites\/un-blog-darsenal\/\" \/>\n<meta property=\"og:locale\" content=\"fr_FR\" \/>\n<meta property=\"og:type\" content=\"article\" \/>\n<meta property=\"og:title\" content=\"...un blog d&#039;Arsenal\" \/>\n<meta property=\"og:description\" content=\"Ce jour-l\u00e0 (en supposant que vous lisez ceci jeudi), il y a quatre ans, j&rsquo;\u00e9tais assis dans un train pour le Merseyside avec des wagons\" \/>\n<meta property=\"og:url\" content=\"https:\/\/footdavant.fr\/actualites\/un-blog-darsenal\/\" \/>\n<meta property=\"og:site_name\" content=\"Foot d&#039;avant\" \/>\n<meta property=\"article:publisher\" content=\"https:\/\/www.facebook.com\/Footdavant\/\" \/>\n<meta property=\"article:published_time\" content=\"2023-12-21T19:50:02+00:00\" \/>\n<meta property=\"article:modified_time\" content=\"2023-12-21T19:50:03+00:00\" \/>\n<meta property=\"og:image\" content=\"https:\/\/footdavant.fr\/actualites\/wp-content\/uploads\/2023\/12\/un-blog-dArsenal.jpg\" \/>\n\t<meta property=\"og:image:width\" content=\"1500\" \/>\n\t<meta property=\"og:image:height\" content=\"800\" \/>\n\t<meta property=\"og:image:type\" content=\"image\/jpeg\" \/>\n<meta name=\"author\" content=\"Cl\u00e9ment\" \/>\n<meta name=\"twitter:card\" content=\"summary_large_image\" \/>\n<meta name=\"twitter:creator\" content=\"@FootdavantFr\" \/>\n<meta name=\"twitter:site\" content=\"@FootdavantFr\" \/>\n<meta name=\"twitter:label1\" content=\"\u00c9crit par\" \/>\n\t<meta name=\"twitter:data1\" content=\"Cl\u00e9ment\" \/>\n\t<meta name=\"twitter:label2\" content=\"Dur\u00e9e de lecture estim\u00e9e\" \/>\n\t<meta name=\"twitter:data2\" content=\"7 minutes\" \/>\n<script type=\"application\/ld+json\" class=\"yoast-schema-graph\">{\"@context\":\"https:\/\/schema.org\",\"@graph\":[{\"@type\":\"Article\",\"@id\":\"https:\/\/footdavant.fr\/actualites\/un-blog-darsenal\/#article\",\"isPartOf\":{\"@id\":\"https:\/\/footdavant.fr\/actualites\/un-blog-darsenal\/\"},\"author\":{\"name\":\"Cl\u00e9ment\",\"@id\":\"https:\/\/footdavant.fr\/actualites\/#\/schema\/person\/bc222566d95871b37e597b3ed3ba5e1d\"},\"headline\":\"&#8230;un blog d&rsquo;Arsenal\",\"datePublished\":\"2023-12-21T19:50:02+00:00\",\"dateModified\":\"2023-12-21T19:50:03+00:00\",\"mainEntityOfPage\":{\"@id\":\"https:\/\/footdavant.fr\/actualites\/un-blog-darsenal\/\"},\"wordCount\":1482,\"publisher\":{\"@id\":\"https:\/\/footdavant.fr\/actualites\/#organization\"},\"keywords\":[\"...un\",\"blog\",\"dArsenal\"],\"articleSection\":[\"Football\"],\"inLanguage\":\"fr-FR\"},{\"@type\":\"WebPage\",\"@id\":\"https:\/\/footdavant.fr\/actualites\/un-blog-darsenal\/\",\"url\":\"https:\/\/footdavant.fr\/actualites\/un-blog-darsenal\/\",\"name\":\"...un blog d'Arsenal\",\"isPartOf\":{\"@id\":\"https:\/\/footdavant.fr\/actualites\/#website\"},\"datePublished\":\"2023-12-21T19:50:02+00:00\",\"dateModified\":\"2023-12-21T19:50:03+00:00\",\"breadcrumb\":{\"@id\":\"https:\/\/footdavant.fr\/actualites\/un-blog-darsenal\/#breadcrumb\"},\"inLanguage\":\"fr-FR\",\"potentialAction\":[{\"@type\":\"ReadAction\",\"target\":[\"https:\/\/footdavant.fr\/actualites\/un-blog-darsenal\/\"]}]},{\"@type\":\"BreadcrumbList\",\"@id\":\"https:\/\/footdavant.fr\/actualites\/un-blog-darsenal\/#breadcrumb\",\"itemListElement\":[{\"@type\":\"ListItem\",\"position\":1,\"name\":\"Accueil\",\"item\":\"https:\/\/footdavant.fr\/actualites\/\"},{\"@type\":\"ListItem\",\"position\":2,\"name\":\"&#8230;un blog d&rsquo;Arsenal\"}]},{\"@type\":\"WebSite\",\"@id\":\"https:\/\/footdavant.fr\/actualites\/#website\",\"url\":\"https:\/\/footdavant.fr\/actualites\/\",\"name\":\"Foot d'avant\",\"description\":\"\",\"publisher\":{\"@id\":\"https:\/\/footdavant.fr\/actualites\/#organization\"},\"potentialAction\":[{\"@type\":\"SearchAction\",\"target\":{\"@type\":\"EntryPoint\",\"urlTemplate\":\"https:\/\/footdavant.fr\/actualites\/?s={search_term_string}\"},\"query-input\":\"required name=search_term_string\"}],\"inLanguage\":\"fr-FR\"},{\"@type\":\"Organization\",\"@id\":\"https:\/\/footdavant.fr\/actualites\/#organization\",\"name\":\"Foot d'avant\",\"url\":\"https:\/\/footdavant.fr\/actualites\/\",\"logo\":{\"@type\":\"ImageObject\",\"inLanguage\":\"fr-FR\",\"@id\":\"https:\/\/footdavant.fr\/actualites\/#\/schema\/logo\/image\/\",\"url\":\"https:\/\/footdavant.fr\/actualites\/wp-content\/uploads\/2023\/09\/Copy-of-FootDavant-Logo.png\",\"contentUrl\":\"https:\/\/footdavant.fr\/actualites\/wp-content\/uploads\/2023\/09\/Copy-of-FootDavant-Logo.png\",\"width\":936,\"height\":549,\"caption\":\"Foot d'avant\"},\"image\":{\"@id\":\"https:\/\/footdavant.fr\/actualites\/#\/schema\/logo\/image\/\"},\"sameAs\":[\"https:\/\/www.facebook.com\/Footdavant\/\",\"https:\/\/twitter.com\/FootdavantFr\",\"https:\/\/www.instagram.com\/footdavant.fr\/\"]},{\"@type\":\"Person\",\"@id\":\"https:\/\/footdavant.fr\/actualites\/#\/schema\/person\/bc222566d95871b37e597b3ed3ba5e1d\",\"name\":\"Cl\u00e9ment\",\"image\":{\"@type\":\"ImageObject\",\"inLanguage\":\"fr-FR\",\"@id\":\"https:\/\/footdavant.fr\/actualites\/#\/schema\/person\/image\/\",\"url\":\"https:\/\/secure.gravatar.com\/avatar\/7728b29aac2719421e1a9159b2254c44?s=96&d=mm&r=g\",\"contentUrl\":\"https:\/\/secure.gravatar.com\/avatar\/7728b29aac2719421e1a9159b2254c44?s=96&d=mm&r=g\",\"caption\":\"Cl\u00e9ment\"},\"sameAs\":[\"https:\/\/footdavant.fr\/\"]}]}<\/script>\n<!-- \/ Yoast SEO plugin. -->","yoast_head_json":{"title":"...un blog d'Arsenal","robots":{"index":"index","follow":"follow","max-snippet":"max-snippet:-1","max-image-preview":"max-image-preview:large","max-video-preview":"max-video-preview:-1"},"canonical":"https:\/\/footdavant.fr\/actualites\/un-blog-darsenal\/","og_locale":"fr_FR","og_type":"article","og_title":"...un blog d'Arsenal","og_description":"Ce jour-l\u00e0 (en supposant que vous lisez ceci jeudi), il y a quatre ans, j&rsquo;\u00e9tais assis dans un train pour le Merseyside avec des wagons","og_url":"https:\/\/footdavant.fr\/actualites\/un-blog-darsenal\/","og_site_name":"Foot d&#039;avant","article_publisher":"https:\/\/www.facebook.com\/Footdavant\/","article_published_time":"2023-12-21T19:50:02+00:00","article_modified_time":"2023-12-21T19:50:03+00:00","og_image":[{"width":1500,"height":800,"url":"https:\/\/footdavant.fr\/actualites\/wp-content\/uploads\/2023\/12\/un-blog-dArsenal.jpg","type":"image\/jpeg"}],"author":"Cl\u00e9ment","twitter_card":"summary_large_image","twitter_creator":"@FootdavantFr","twitter_site":"@FootdavantFr","twitter_misc":{"\u00c9crit par":"Cl\u00e9ment","Dur\u00e9e de lecture estim\u00e9e":"7 minutes"},"schema":{"@context":"https:\/\/schema.org","@graph":[{"@type":"Article","@id":"https:\/\/footdavant.fr\/actualites\/un-blog-darsenal\/#article","isPartOf":{"@id":"https:\/\/footdavant.fr\/actualites\/un-blog-darsenal\/"},"author":{"name":"Cl\u00e9ment","@id":"https:\/\/footdavant.fr\/actualites\/#\/schema\/person\/bc222566d95871b37e597b3ed3ba5e1d"},"headline":"&#8230;un blog d&rsquo;Arsenal","datePublished":"2023-12-21T19:50:02+00:00","dateModified":"2023-12-21T19:50:03+00:00","mainEntityOfPage":{"@id":"https:\/\/footdavant.fr\/actualites\/un-blog-darsenal\/"},"wordCount":1482,"publisher":{"@id":"https:\/\/footdavant.fr\/actualites\/#organization"},"keywords":["...un","blog","dArsenal"],"articleSection":["Football"],"inLanguage":"fr-FR"},{"@type":"WebPage","@id":"https:\/\/footdavant.fr\/actualites\/un-blog-darsenal\/","url":"https:\/\/footdavant.fr\/actualites\/un-blog-darsenal\/","name":"...un blog d'Arsenal","isPartOf":{"@id":"https:\/\/footdavant.fr\/actualites\/#website"},"datePublished":"2023-12-21T19:50:02+00:00","dateModified":"2023-12-21T19:50:03+00:00","breadcrumb":{"@id":"https:\/\/footdavant.fr\/actualites\/un-blog-darsenal\/#breadcrumb"},"inLanguage":"fr-FR","potentialAction":[{"@type":"ReadAction","target":["https:\/\/footdavant.fr\/actualites\/un-blog-darsenal\/"]}]},{"@type":"BreadcrumbList","@id":"https:\/\/footdavant.fr\/actualites\/un-blog-darsenal\/#breadcrumb","itemListElement":[{"@type":"ListItem","position":1,"name":"Accueil","item":"https:\/\/footdavant.fr\/actualites\/"},{"@type":"ListItem","position":2,"name":"&#8230;un blog d&rsquo;Arsenal"}]},{"@type":"WebSite","@id":"https:\/\/footdavant.fr\/actualites\/#website","url":"https:\/\/footdavant.fr\/actualites\/","name":"Foot d'avant","description":"","publisher":{"@id":"https:\/\/footdavant.fr\/actualites\/#organization"},"potentialAction":[{"@type":"SearchAction","target":{"@type":"EntryPoint","urlTemplate":"https:\/\/footdavant.fr\/actualites\/?s={search_term_string}"},"query-input":"required name=search_term_string"}],"inLanguage":"fr-FR"},{"@type":"Organization","@id":"https:\/\/footdavant.fr\/actualites\/#organization","name":"Foot d'avant","url":"https:\/\/footdavant.fr\/actualites\/","logo":{"@type":"ImageObject","inLanguage":"fr-FR","@id":"https:\/\/footdavant.fr\/actualites\/#\/schema\/logo\/image\/","url":"https:\/\/footdavant.fr\/actualites\/wp-content\/uploads\/2023\/09\/Copy-of-FootDavant-Logo.png","contentUrl":"https:\/\/footdavant.fr\/actualites\/wp-content\/uploads\/2023\/09\/Copy-of-FootDavant-Logo.png","width":936,"height":549,"caption":"Foot d'avant"},"image":{"@id":"https:\/\/footdavant.fr\/actualites\/#\/schema\/logo\/image\/"},"sameAs":["https:\/\/www.facebook.com\/Footdavant\/","https:\/\/twitter.com\/FootdavantFr","https:\/\/www.instagram.com\/footdavant.fr\/"]},{"@type":"Person","@id":"https:\/\/footdavant.fr\/actualites\/#\/schema\/person\/bc222566d95871b37e597b3ed3ba5e1d","name":"Cl\u00e9ment","image":{"@type":"ImageObject","inLanguage":"fr-FR","@id":"https:\/\/footdavant.fr\/actualites\/#\/schema\/person\/image\/","url":"https:\/\/secure.gravatar.com\/avatar\/7728b29aac2719421e1a9159b2254c44?s=96&d=mm&r=g","contentUrl":"https:\/\/secure.gravatar.com\/avatar\/7728b29aac2719421e1a9159b2254c44?s=96&d=mm&r=g","caption":"Cl\u00e9ment"},"sameAs":["https:\/\/footdavant.fr\/"]}]}},"_links":{"self":[{"href":"https:\/\/footdavant.fr\/actualites\/wp-json\/wp\/v2\/posts\/2849"}],"collection":[{"href":"https:\/\/footdavant.fr\/actualites\/wp-json\/wp\/v2\/posts"}],"about":[{"href":"https:\/\/footdavant.fr\/actualites\/wp-json\/wp\/v2\/types\/post"}],"author":[{"embeddable":true,"href":"https:\/\/footdavant.fr\/actualites\/wp-json\/wp\/v2\/users\/1"}],"replies":[{"embeddable":true,"href":"https:\/\/footdavant.fr\/actualites\/wp-json\/wp\/v2\/comments?post=2849"}],"version-history":[{"count":1,"href":"https:\/\/footdavant.fr\/actualites\/wp-json\/wp\/v2\/posts\/2849\/revisions"}],"predecessor-version":[{"id":2851,"href":"https:\/\/footdavant.fr\/actualites\/wp-json\/wp\/v2\/posts\/2849\/revisions\/2851"}],"wp:featuredmedia":[{"embeddable":true,"href":"https:\/\/footdavant.fr\/actualites\/wp-json\/wp\/v2\/media\/2850"}],"wp:attachment":[{"href":"https:\/\/footdavant.fr\/actualites\/wp-json\/wp\/v2\/media?parent=2849"}],"wp:term":[{"taxonomy":"category","embeddable":true,"href":"https:\/\/footdavant.fr\/actualites\/wp-json\/wp\/v2\/categories?post=2849"},{"taxonomy":"post_tag","embeddable":true,"href":"https:\/\/footdavant.fr\/actualites\/wp-json\/wp\/v2\/tags?post=2849"}],"curies":[{"name":"wp","href":"https:\/\/api.w.org\/{rel}","templated":true}]}}