{"id":2852,"date":"2023-12-21T22:48:19","date_gmt":"2023-12-21T21:48:19","guid":{"rendered":"https:\/\/footdavant.fr\/actualites\/actualites-de-lequipe-de-liverpool-blessure-liste-de-suspension-contre-arsenal\/"},"modified":"2023-12-21T22:48:19","modified_gmt":"2023-12-21T21:48:19","slug":"actualites-de-lequipe-de-liverpool-blessure-liste-de-suspension-contre-arsenal","status":"publish","type":"post","link":"https:\/\/footdavant.fr\/actualites\/actualites-de-lequipe-de-liverpool-blessure-liste-de-suspension-contre-arsenal\/","title":{"rendered":"Actualit\u00e9s de l&rsquo;\u00e9quipe de Liverpool : Blessure, liste de suspension contre Arsenal"},"content":{"rendered":"<p>Sports Mole rassemble toutes les derni\u00e8res nouvelles sur les blessures et les suspensions de Liverpool avant le choc de samedi en Premier League avec Arsenal.<\/p>\n<div id=\"article_body\" itemprop=\"articleBody\">\n<p class=\"firstPara\">Ayant retrouv\u00e9 leur excellence offensive au moment id\u00e9al, <strong class=\"autotag\">Liverpool<\/strong> bienvenue aux rivaux du titre <strong class=\"autotag\">Arsenal<\/strong> \u00e0 Anfield pour le choc all\u00e9chant de Premier League de samedi soir.<\/p>\n<p><strong class=\"autotag\">J\u00fcrgen Klopp<\/strong>Les hommes de &lsquo;s ont \u00e9t\u00e9 frustr\u00e9s lors du match nul 0-0 contre Manchester United ce week-end, ce qui les laisse \u00e0 un point des Gunners, en t\u00eate du classement, \u00e0 la deuxi\u00e8me place du classement.<\/p>\n<p>Cependant, les Reds se sont remis de ce petit incident en battant West Ham United 5-1 en quarts de finale de la Coupe EFL, organisant ainsi une demi-finale avec Fulham.<\/p>\n<p>Ici, <strong>Taupe de sport<\/strong> r\u00e9sume les derni\u00e8res nouvelles sur les blessures et les suspensions de Liverpool avant leur affrontement avec Arsenal, qui est revenu \u00e0 sa place au sommet du classement avec une victoire 2-0 contre Brighton &#038; Hove Albion ce week-end.<\/p>\n<hr>\n<p class=\"imgI\">\n<p><strong>Statut:<\/strong> Dehors<br \/><strong>Type de blessure :<\/strong> Genou<br \/><strong>Date de retour possible :<\/strong> Inconnu<\/p>\n<p>Le week-end dernier, Ben Doak s&rsquo;est d\u00e9chir\u00e9 le m\u00e9nisque alors qu&rsquo;il jouait pour les moins de 21 ans de Liverpool contre Chelsea, et le joueur de 18 ans sera mis \u00e0 l&rsquo;\u00e9cart dans un avenir pr\u00e9visible alors qu&rsquo;il se pr\u00e9pare \u00e0 subir une intervention chirurgicale.<\/p>\n<hr>\n<p class=\"imgI\"><img decoding=\"async\" loading=\"lazy\" class=\"l\" src=\"https:\/\/footdavant.fr\/actualites\/wp-content\/uploads\/2023\/12\/Actualites-de-lequipe-de-Liverpool-Blessure-liste-de-suspension.JPG\" title=\"Le milieu de terrain de Liverpool Ryan Gravenberch quitte le terrain apr\u00e8s s'\u00eatre bless\u00e9 le 17 d\u00e9cembre 2023.\" alt=\"Le milieu de terrain de Liverpool Ryan Gravenberch quitte le terrain apr\u00e8s s'\u00eatre bless\u00e9 le 17 d\u00e9cembre 2023.\" width=\"640\" height=\"480\"><\/p>\n<p><strong>Statut:<\/strong> Petit doute<br \/><strong>Type de blessure :<\/strong> Fatigue<br \/><strong>Date de retour possible :<\/strong> 23 d\u00e9cembre (contre Arsenal)<\/p>\n<p>On craignait que Ryan Gravenberch ne se soit bless\u00e9 aux ischio-jambiers lors du match nul contre Man United, mais les scanners ont montr\u00e9 qu&rsquo;il ne souffrait que de douleurs musculaires.  Le N\u00e9erlandais n&rsquo;\u00e9tait pas risqu\u00e9 en milieu de semaine, mais Klopp devrait le disposer pour le choc de haut de tableau.<\/p>\n<hr>\n<p class=\"imgI\"><img decoding=\"async\" loading=\"lazy\" class=\"l\" src=\"https:\/\/footdavant.fr\/actualites\/wp-content\/uploads\/2023\/12\/1703195298_49_Actualites-de-lequipe-de-Liverpool-Blessure-liste-de-suspension.jpg\" title=\"Alexis Mac Allister de Liverpool quitte le terrain pour \u00eatre remplac\u00e9 apr\u00e8s avoir \u00e9t\u00e9 bless\u00e9 le 6 d\u00e9cembre 2023\" alt=\"Alexis Mac Allister de Liverpool quitte le terrain pour \u00eatre remplac\u00e9 apr\u00e8s avoir \u00e9t\u00e9 bless\u00e9 le 6 d\u00e9cembre 2023\" width=\"640\" height=\"480\"><\/p>\n<p><strong>Statut:<\/strong> Dehors<br \/><strong>Type de blessure :<\/strong> Genou<br \/><strong>Date de retour possible :<\/strong> 1er janvier (contre Newcastle United)<\/p>\n<p>Alexis Mac Allister ne ressent plus de douleur au genou apr\u00e8s avoir subi une vilaine blessure contre Sheffield United plus t\u00f4t ce mois-ci, mais l&rsquo;Argentin ne devrait pas revenir \u00e0 l&rsquo;action avant d\u00e9but janvier.<\/p>\n<hr>\n<p class=\"imgI\"><img decoding=\"async\" loading=\"lazy\" class=\"l\" src=\"https:\/\/footdavant.fr\/actualites\/wp-content\/uploads\/2023\/12\/1703195298_281_Actualites-de-lequipe-de-Liverpool-Blessure-liste-de-suspension.jpg\" title=\"Joel Matip de Liverpool re\u00e7oit des soins m\u00e9dicaux apr\u00e8s s'\u00eatre bless\u00e9 le 3 d\u00e9cembre 2023\" alt=\"Joel Matip de Liverpool re\u00e7oit des soins m\u00e9dicaux apr\u00e8s s'\u00eatre bless\u00e9 le 3 d\u00e9cembre 2023\" width=\"640\" height=\"480\"><\/p>\n<p><strong>Statut:<\/strong> Dehors<br \/><strong>Type de blessure :<\/strong> Genou<br \/><strong>Date de retour possible :<\/strong> Inconnu<\/p>\n<p>L&rsquo;arri\u00e8re central Joel Matip a subi une rupture atroce du ligament crois\u00e9 ant\u00e9rieur lors de la palpitante victoire 4-3 de Liverpool contre Fulham le 3 d\u00e9cembre, ce qui devrait rendre le Camerounais indisponible pour le reste de la saison.<\/p>\n<hr>\n<p class=\"imgI\"><img decoding=\"async\" loading=\"lazy\" class=\"l\" src=\"https:\/\/footdavant.fr\/actualites\/wp-content\/uploads\/2023\/12\/1703195299_420_Actualites-de-lequipe-de-Liverpool-Blessure-liste-de-suspension.jpg\" title=\"Diogo Jota de Liverpool s'\u00e9chauffe en ao\u00fbt 2023\" alt=\"Diogo Jota de Liverpool s'\u00e9chauffe en ao\u00fbt 2023\" width=\"640\" height=\"480\"><\/p>\n<p><strong>Statut:<\/strong> Dehors<br \/><strong>Type de blessure :<\/strong> Muscl\u00e9<br \/><strong>Date de retour possible :<\/strong> 26 d\u00e9cembre (contre Burnley)<\/p>\n<p>Diogo Jota travaille ballon aux pieds sur les terrains de Kirkby alors qu&rsquo;il acc\u00e9l\u00e8re sa convalescence suite \u00e0 un probl\u00e8me aux ischio-jambiers, mais il restera absent pour la visite d&rsquo;Arsenal et n&rsquo;aurait que peu de chances de revenir avant la fin. de l\u2019ann\u00e9e civile.<\/p>\n<hr>\n<p class=\"imgI\"><img decoding=\"async\" loading=\"lazy\" class=\"l\" src=\"https:\/\/footdavant.fr\/actualites\/wp-content\/uploads\/2023\/12\/1703195299_772_Actualites-de-lequipe-de-Liverpool-Blessure-liste-de-suspension.jpg\" title=\"Andy Robertson, de l'\u00c9cosse, quitte le terrain apr\u00e8s s'\u00eatre bless\u00e9, le 12 octobre 2023.\" alt=\"Andy Robertson, de l'\u00c9cosse, quitte le terrain apr\u00e8s s'\u00eatre bless\u00e9, le 12 octobre 2023.\" width=\"640\" height=\"480\"><\/p>\n<p><strong>Statut:<\/strong> Dehors<br \/><strong>Type de blessure :<\/strong> \u00c9paule<br \/><strong>Date de retour possible :<\/strong> 1er janvier (contre Newcastle United)<\/p>\n<p>Andrew Robertson \u00e9tait de bonne humeur lorsqu&rsquo;il a assist\u00e9 aux r\u00e9cents prix de la personnalit\u00e9 sportive de l&rsquo;ann\u00e9e de la BBC, mais l&rsquo;arri\u00e8re gauche est toujours en convalescence apr\u00e8s une op\u00e9ration \u00e0 l&rsquo;\u00e9paule et il lui faudra encore au moins deux semaines pour gu\u00e9rir compl\u00e8tement.<\/p>\n<hr>\n<p class=\"imgI\"><img decoding=\"async\" loading=\"lazy\" class=\"l\" src=\"https:\/\/footdavant.fr\/actualites\/wp-content\/uploads\/2023\/12\/1703195299_806_Actualites-de-lequipe-de-Liverpool-Blessure-liste-de-suspension.jpg\" title=\"Thiago Alcantara de Liverpool s'\u00e9chauffe le 22 avril 2023\" alt=\"Thiago Alcantara de Liverpool s'\u00e9chauffe le 22 avril 2023\" width=\"640\" height=\"480\"><\/p>\n<p><strong>Statut:<\/strong> Dehors<br \/><strong>Type de blessure :<\/strong> Hanche<br \/><strong>Date de retour possible :<\/strong> 1er janvier (contre Newcastle United)<\/p>\n<p>Thiago Alcantara a maintenant pass\u00e9 huit mois hors de combat en raison d&rsquo;une blessure tenace \u00e0 la hanche, mais il est sur le point de revenir \u00e0 un moment donn\u00e9 en janvier, \u00e0 moins qu&rsquo;il ne subisse d&rsquo;autres revers.<\/p>\n<hr>\n<p class=\"imgI\"><img decoding=\"async\" loading=\"lazy\" class=\"l\" src=\"https:\/\/footdavant.fr\/actualites\/wp-content\/uploads\/2023\/12\/1703195299_290_Actualites-de-lequipe-de-Liverpool-Blessure-liste-de-suspension.jpg\" title=\"Stefan Bajcetic s'\u00e9chauffe pour Liverpool le 21 janvier 2023\" alt=\"Stefan Bajcetic s'\u00e9chauffe pour Liverpool le 21 janvier 2023\" width=\"640\" height=\"480\"><\/p>\n<p><strong>Statut:<\/strong> Dehors<br \/><strong>Type de blessure :<\/strong> Veau<br \/><strong>Date de retour possible :<\/strong> Inconnu<\/p>\n<p>En revanche, Stefan Bajcetic est toujours envelopp\u00e9 dans du coton alors qu&rsquo;il se remet d&rsquo;une blessure au mollet, et rien n&rsquo;indique toujours quand il pourrait \u00eatre de retour en action.<\/p>\n<hr>\n<p><strong><\/p>\n<h2>LISTE DES SUSPENSIONS DE LIVERPOOL<\/h2>\n<p><\/strong><\/p>\n<p>Liverpool n\u2019a aucun joueur suspendu pour ce match.<\/p>\n<\/div>\n","protected":false},"excerpt":{"rendered":"<p>Sports Mole rassemble toutes les derni\u00e8res nouvelles sur les blessures et les suspensions de Liverpool avant le choc de samedi en Premier League avec Arsenal.<\/p>\n","protected":false},"author":1,"featured_media":2853,"comment_status":"closed","ping_status":"","sticky":false,"template":"","format":"standard","meta":{"footnotes":""},"categories":[5],"tags":[7,67,15,20,9,17,53,18],"yoast_head":"<!-- This site is optimized with the Yoast SEO plugin v21.0 - https:\/\/yoast.com\/wordpress\/plugins\/seo\/ -->\n<title>Actualit\u00e9s de l&#039;\u00e9quipe de Liverpool : Blessure, liste de suspension contre Arsenal<\/title>\n<meta name=\"robots\" content=\"index, follow, max-snippet:-1, max-image-preview:large, max-video-preview:-1\" \/>\n<link rel=\"canonical\" href=\"https:\/\/footdavant.fr\/actualites\/actualites-de-lequipe-de-liverpool-blessure-liste-de-suspension-contre-arsenal\/\" \/>\n<meta property=\"og:locale\" content=\"fr_FR\" \/>\n<meta property=\"og:type\" content=\"article\" \/>\n<meta property=\"og:title\" content=\"Actualit\u00e9s de l&#039;\u00e9quipe de Liverpool : Blessure, liste de suspension contre Arsenal\" \/>\n<meta property=\"og:description\" content=\"Sports Mole rassemble toutes les derni\u00e8res nouvelles sur les blessures et les suspensions de Liverpool avant le choc de samedi en Premier League avec Arsenal.\" \/>\n<meta property=\"og:url\" content=\"https:\/\/footdavant.fr\/actualites\/actualites-de-lequipe-de-liverpool-blessure-liste-de-suspension-contre-arsenal\/\" \/>\n<meta property=\"og:site_name\" content=\"Foot d&#039;avant\" \/>\n<meta property=\"article:publisher\" content=\"https:\/\/www.facebook.com\/Footdavant\/\" \/>\n<meta property=\"article:published_time\" content=\"2023-12-21T21:48:19+00:00\" \/>\n<meta property=\"og:image\" content=\"https:\/\/footdavant.fr\/actualites\/wp-content\/uploads\/2023\/12\/Actualites-de-lequipe-de-Liverpool-Blessure-liste-de-suspension.jpg\" \/>\n\t<meta property=\"og:image:width\" content=\"640\" \/>\n\t<meta property=\"og:image:height\" content=\"480\" \/>\n\t<meta property=\"og:image:type\" content=\"image\/jpeg\" \/>\n<meta name=\"author\" content=\"Cl\u00e9ment\" \/>\n<meta name=\"twitter:card\" content=\"summary_large_image\" \/>\n<meta name=\"twitter:creator\" content=\"@FootdavantFr\" \/>\n<meta name=\"twitter:site\" content=\"@FootdavantFr\" \/>\n<meta name=\"twitter:label1\" content=\"\u00c9crit par\" \/>\n\t<meta name=\"twitter:data1\" content=\"Cl\u00e9ment\" \/>\n\t<meta name=\"twitter:label2\" content=\"Dur\u00e9e de lecture estim\u00e9e\" \/>\n\t<meta name=\"twitter:data2\" content=\"3 minutes\" \/>\n<script type=\"application\/ld+json\" class=\"yoast-schema-graph\">{\"@context\":\"https:\/\/schema.org\",\"@graph\":[{\"@type\":\"Article\",\"@id\":\"https:\/\/footdavant.fr\/actualites\/actualites-de-lequipe-de-liverpool-blessure-liste-de-suspension-contre-arsenal\/#article\",\"isPartOf\":{\"@id\":\"https:\/\/footdavant.fr\/actualites\/actualites-de-lequipe-de-liverpool-blessure-liste-de-suspension-contre-arsenal\/\"},\"author\":{\"name\":\"Cl\u00e9ment\",\"@id\":\"https:\/\/footdavant.fr\/actualites\/#\/schema\/person\/bc222566d95871b37e597b3ed3ba5e1d\"},\"headline\":\"Actualit\u00e9s de l&rsquo;\u00e9quipe de Liverpool : Blessure, liste de suspension contre Arsenal\",\"datePublished\":\"2023-12-21T21:48:19+00:00\",\"dateModified\":\"2023-12-21T21:48:19+00:00\",\"mainEntityOfPage\":{\"@id\":\"https:\/\/footdavant.fr\/actualites\/actualites-de-lequipe-de-liverpool-blessure-liste-de-suspension-contre-arsenal\/\"},\"wordCount\":641,\"publisher\":{\"@id\":\"https:\/\/footdavant.fr\/actualites\/#organization\"},\"keywords\":[\"Actualit\u00e9s\",\"Arsenal\",\"Blessure\",\"contre\",\"l\u00e9quipe\",\"liste\",\"Liverpool\",\"suspension\"],\"articleSection\":[\"Premier League\"],\"inLanguage\":\"fr-FR\"},{\"@type\":\"WebPage\",\"@id\":\"https:\/\/footdavant.fr\/actualites\/actualites-de-lequipe-de-liverpool-blessure-liste-de-suspension-contre-arsenal\/\",\"url\":\"https:\/\/footdavant.fr\/actualites\/actualites-de-lequipe-de-liverpool-blessure-liste-de-suspension-contre-arsenal\/\",\"name\":\"Actualit\u00e9s de l'\u00e9quipe de Liverpool : Blessure, liste de suspension contre Arsenal\",\"isPartOf\":{\"@id\":\"https:\/\/footdavant.fr\/actualites\/#website\"},\"datePublished\":\"2023-12-21T21:48:19+00:00\",\"dateModified\":\"2023-12-21T21:48:19+00:00\",\"breadcrumb\":{\"@id\":\"https:\/\/footdavant.fr\/actualites\/actualites-de-lequipe-de-liverpool-blessure-liste-de-suspension-contre-arsenal\/#breadcrumb\"},\"inLanguage\":\"fr-FR\",\"potentialAction\":[{\"@type\":\"ReadAction\",\"target\":[\"https:\/\/footdavant.fr\/actualites\/actualites-de-lequipe-de-liverpool-blessure-liste-de-suspension-contre-arsenal\/\"]}]},{\"@type\":\"BreadcrumbList\",\"@id\":\"https:\/\/footdavant.fr\/actualites\/actualites-de-lequipe-de-liverpool-blessure-liste-de-suspension-contre-arsenal\/#breadcrumb\",\"itemListElement\":[{\"@type\":\"ListItem\",\"position\":1,\"name\":\"Accueil\",\"item\":\"https:\/\/footdavant.fr\/actualites\/\"},{\"@type\":\"ListItem\",\"position\":2,\"name\":\"Actualit\u00e9s de l&rsquo;\u00e9quipe de Liverpool : Blessure, liste de suspension contre Arsenal\"}]},{\"@type\":\"WebSite\",\"@id\":\"https:\/\/footdavant.fr\/actualites\/#website\",\"url\":\"https:\/\/footdavant.fr\/actualites\/\",\"name\":\"Foot d'avant\",\"description\":\"\",\"publisher\":{\"@id\":\"https:\/\/footdavant.fr\/actualites\/#organization\"},\"potentialAction\":[{\"@type\":\"SearchAction\",\"target\":{\"@type\":\"EntryPoint\",\"urlTemplate\":\"https:\/\/footdavant.fr\/actualites\/?s={search_term_string}\"},\"query-input\":\"required name=search_term_string\"}],\"inLanguage\":\"fr-FR\"},{\"@type\":\"Organization\",\"@id\":\"https:\/\/footdavant.fr\/actualites\/#organization\",\"name\":\"Foot d'avant\",\"url\":\"https:\/\/footdavant.fr\/actualites\/\",\"logo\":{\"@type\":\"ImageObject\",\"inLanguage\":\"fr-FR\",\"@id\":\"https:\/\/footdavant.fr\/actualites\/#\/schema\/logo\/image\/\",\"url\":\"https:\/\/footdavant.fr\/actualites\/wp-content\/uploads\/2023\/09\/Copy-of-FootDavant-Logo.png\",\"contentUrl\":\"https:\/\/footdavant.fr\/actualites\/wp-content\/uploads\/2023\/09\/Copy-of-FootDavant-Logo.png\",\"width\":936,\"height\":549,\"caption\":\"Foot d'avant\"},\"image\":{\"@id\":\"https:\/\/footdavant.fr\/actualites\/#\/schema\/logo\/image\/\"},\"sameAs\":[\"https:\/\/www.facebook.com\/Footdavant\/\",\"https:\/\/twitter.com\/FootdavantFr\",\"https:\/\/www.instagram.com\/footdavant.fr\/\"]},{\"@type\":\"Person\",\"@id\":\"https:\/\/footdavant.fr\/actualites\/#\/schema\/person\/bc222566d95871b37e597b3ed3ba5e1d\",\"name\":\"Cl\u00e9ment\",\"image\":{\"@type\":\"ImageObject\",\"inLanguage\":\"fr-FR\",\"@id\":\"https:\/\/footdavant.fr\/actualites\/#\/schema\/person\/image\/\",\"url\":\"https:\/\/secure.gravatar.com\/avatar\/7728b29aac2719421e1a9159b2254c44?s=96&d=mm&r=g\",\"contentUrl\":\"https:\/\/secure.gravatar.com\/avatar\/7728b29aac2719421e1a9159b2254c44?s=96&d=mm&r=g\",\"caption\":\"Cl\u00e9ment\"},\"sameAs\":[\"https:\/\/footdavant.fr\/\"]}]}<\/script>\n<!-- \/ Yoast SEO plugin. -->","yoast_head_json":{"title":"Actualit\u00e9s de l'\u00e9quipe de Liverpool : Blessure, liste de suspension contre Arsenal","robots":{"index":"index","follow":"follow","max-snippet":"max-snippet:-1","max-image-preview":"max-image-preview:large","max-video-preview":"max-video-preview:-1"},"canonical":"https:\/\/footdavant.fr\/actualites\/actualites-de-lequipe-de-liverpool-blessure-liste-de-suspension-contre-arsenal\/","og_locale":"fr_FR","og_type":"article","og_title":"Actualit\u00e9s de l'\u00e9quipe de Liverpool : Blessure, liste de suspension contre Arsenal","og_description":"Sports Mole rassemble toutes les derni\u00e8res nouvelles sur les blessures et les suspensions de Liverpool avant le choc de samedi en Premier League avec Arsenal.","og_url":"https:\/\/footdavant.fr\/actualites\/actualites-de-lequipe-de-liverpool-blessure-liste-de-suspension-contre-arsenal\/","og_site_name":"Foot d&#039;avant","article_publisher":"https:\/\/www.facebook.com\/Footdavant\/","article_published_time":"2023-12-21T21:48:19+00:00","og_image":[{"width":640,"height":480,"url":"https:\/\/footdavant.fr\/actualites\/wp-content\/uploads\/2023\/12\/Actualites-de-lequipe-de-Liverpool-Blessure-liste-de-suspension.jpg","type":"image\/jpeg"}],"author":"Cl\u00e9ment","twitter_card":"summary_large_image","twitter_creator":"@FootdavantFr","twitter_site":"@FootdavantFr","twitter_misc":{"\u00c9crit par":"Cl\u00e9ment","Dur\u00e9e de lecture estim\u00e9e":"3 minutes"},"schema":{"@context":"https:\/\/schema.org","@graph":[{"@type":"Article","@id":"https:\/\/footdavant.fr\/actualites\/actualites-de-lequipe-de-liverpool-blessure-liste-de-suspension-contre-arsenal\/#article","isPartOf":{"@id":"https:\/\/footdavant.fr\/actualites\/actualites-de-lequipe-de-liverpool-blessure-liste-de-suspension-contre-arsenal\/"},"author":{"name":"Cl\u00e9ment","@id":"https:\/\/footdavant.fr\/actualites\/#\/schema\/person\/bc222566d95871b37e597b3ed3ba5e1d"},"headline":"Actualit\u00e9s de l&rsquo;\u00e9quipe de Liverpool : Blessure, liste de suspension contre Arsenal","datePublished":"2023-12-21T21:48:19+00:00","dateModified":"2023-12-21T21:48:19+00:00","mainEntityOfPage":{"@id":"https:\/\/footdavant.fr\/actualites\/actualites-de-lequipe-de-liverpool-blessure-liste-de-suspension-contre-arsenal\/"},"wordCount":641,"publisher":{"@id":"https:\/\/footdavant.fr\/actualites\/#organization"},"keywords":["Actualit\u00e9s","Arsenal","Blessure","contre","l\u00e9quipe","liste","Liverpool","suspension"],"articleSection":["Premier League"],"inLanguage":"fr-FR"},{"@type":"WebPage","@id":"https:\/\/footdavant.fr\/actualites\/actualites-de-lequipe-de-liverpool-blessure-liste-de-suspension-contre-arsenal\/","url":"https:\/\/footdavant.fr\/actualites\/actualites-de-lequipe-de-liverpool-blessure-liste-de-suspension-contre-arsenal\/","name":"Actualit\u00e9s de l'\u00e9quipe de Liverpool : Blessure, liste de suspension contre Arsenal","isPartOf":{"@id":"https:\/\/footdavant.fr\/actualites\/#website"},"datePublished":"2023-12-21T21:48:19+00:00","dateModified":"2023-12-21T21:48:19+00:00","breadcrumb":{"@id":"https:\/\/footdavant.fr\/actualites\/actualites-de-lequipe-de-liverpool-blessure-liste-de-suspension-contre-arsenal\/#breadcrumb"},"inLanguage":"fr-FR","potentialAction":[{"@type":"ReadAction","target":["https:\/\/footdavant.fr\/actualites\/actualites-de-lequipe-de-liverpool-blessure-liste-de-suspension-contre-arsenal\/"]}]},{"@type":"BreadcrumbList","@id":"https:\/\/footdavant.fr\/actualites\/actualites-de-lequipe-de-liverpool-blessure-liste-de-suspension-contre-arsenal\/#breadcrumb","itemListElement":[{"@type":"ListItem","position":1,"name":"Accueil","item":"https:\/\/footdavant.fr\/actualites\/"},{"@type":"ListItem","position":2,"name":"Actualit\u00e9s de l&rsquo;\u00e9quipe de Liverpool : Blessure, liste de suspension contre Arsenal"}]},{"@type":"WebSite","@id":"https:\/\/footdavant.fr\/actualites\/#website","url":"https:\/\/footdavant.fr\/actualites\/","name":"Foot d'avant","description":"","publisher":{"@id":"https:\/\/footdavant.fr\/actualites\/#organization"},"potentialAction":[{"@type":"SearchAction","target":{"@type":"EntryPoint","urlTemplate":"https:\/\/footdavant.fr\/actualites\/?s={search_term_string}"},"query-input":"required name=search_term_string"}],"inLanguage":"fr-FR"},{"@type":"Organization","@id":"https:\/\/footdavant.fr\/actualites\/#organization","name":"Foot d'avant","url":"https:\/\/footdavant.fr\/actualites\/","logo":{"@type":"ImageObject","inLanguage":"fr-FR","@id":"https:\/\/footdavant.fr\/actualites\/#\/schema\/logo\/image\/","url":"https:\/\/footdavant.fr\/actualites\/wp-content\/uploads\/2023\/09\/Copy-of-FootDavant-Logo.png","contentUrl":"https:\/\/footdavant.fr\/actualites\/wp-content\/uploads\/2023\/09\/Copy-of-FootDavant-Logo.png","width":936,"height":549,"caption":"Foot d'avant"},"image":{"@id":"https:\/\/footdavant.fr\/actualites\/#\/schema\/logo\/image\/"},"sameAs":["https:\/\/www.facebook.com\/Footdavant\/","https:\/\/twitter.com\/FootdavantFr","https:\/\/www.instagram.com\/footdavant.fr\/"]},{"@type":"Person","@id":"https:\/\/footdavant.fr\/actualites\/#\/schema\/person\/bc222566d95871b37e597b3ed3ba5e1d","name":"Cl\u00e9ment","image":{"@type":"ImageObject","inLanguage":"fr-FR","@id":"https:\/\/footdavant.fr\/actualites\/#\/schema\/person\/image\/","url":"https:\/\/secure.gravatar.com\/avatar\/7728b29aac2719421e1a9159b2254c44?s=96&d=mm&r=g","contentUrl":"https:\/\/secure.gravatar.com\/avatar\/7728b29aac2719421e1a9159b2254c44?s=96&d=mm&r=g","caption":"Cl\u00e9ment"},"sameAs":["https:\/\/footdavant.fr\/"]}]}},"_links":{"self":[{"href":"https:\/\/footdavant.fr\/actualites\/wp-json\/wp\/v2\/posts\/2852"}],"collection":[{"href":"https:\/\/footdavant.fr\/actualites\/wp-json\/wp\/v2\/posts"}],"about":[{"href":"https:\/\/footdavant.fr\/actualites\/wp-json\/wp\/v2\/types\/post"}],"author":[{"embeddable":true,"href":"https:\/\/footdavant.fr\/actualites\/wp-json\/wp\/v2\/users\/1"}],"replies":[{"embeddable":true,"href":"https:\/\/footdavant.fr\/actualites\/wp-json\/wp\/v2\/comments?post=2852"}],"version-history":[{"count":1,"href":"https:\/\/footdavant.fr\/actualites\/wp-json\/wp\/v2\/posts\/2852\/revisions"}],"predecessor-version":[{"id":2854,"href":"https:\/\/footdavant.fr\/actualites\/wp-json\/wp\/v2\/posts\/2852\/revisions\/2854"}],"wp:featuredmedia":[{"embeddable":true,"href":"https:\/\/footdavant.fr\/actualites\/wp-json\/wp\/v2\/media\/2853"}],"wp:attachment":[{"href":"https:\/\/footdavant.fr\/actualites\/wp-json\/wp\/v2\/media?parent=2852"}],"wp:term":[{"taxonomy":"category","embeddable":true,"href":"https:\/\/footdavant.fr\/actualites\/wp-json\/wp\/v2\/categories?post=2852"},{"taxonomy":"post_tag","embeddable":true,"href":"https:\/\/footdavant.fr\/actualites\/wp-json\/wp\/v2\/tags?post=2852"}],"curies":[{"name":"wp","href":"https:\/\/api.w.org\/{rel}","templated":true}]}}