{"id":28611,"date":"2025-09-17T17:48:23","date_gmt":"2025-09-17T15:48:23","guid":{"rendered":"https:\/\/footdavant.fr\/actualites\/martin-odegaard-les-mises-a-jour-de-blessures-de-william-saliba-revelees-comme-arsenal-release-training-photos-avant-athletic-bilbao-clash\/"},"modified":"2025-09-17T17:48:24","modified_gmt":"2025-09-17T15:48:24","slug":"martin-odegaard-les-mises-a-jour-de-blessures-de-william-saliba-revelees-comme-arsenal-release-training-photos-avant-athletic-bilbao-clash","status":"publish","type":"post","link":"https:\/\/footdavant.fr\/actualites\/martin-odegaard-les-mises-a-jour-de-blessures-de-william-saliba-revelees-comme-arsenal-release-training-photos-avant-athletic-bilbao-clash\/","title":{"rendered":"Martin Odegaard, les mises \u00e0 jour de blessures de William Saliba r\u00e9v\u00e9l\u00e9es comme Arsenal Release Training Photos Avant Athletic Bilbao Clash"},"content":{"rendered":"<p>Arsenal re\u00e7oit des nouvelles mitig\u00e9es sur le front des blessures avant son match d&#39;ouverture de la Ligue des champions avec Athletic Bilbao mardi soir.<\/p>\n<div id=\"article_body\" itemprop=\"articleBody\">\n<h3 class=\"firstPara\"><\/h3>\n<p><strong class=\"autotag\">Arsenal a re\u00e7u des nouvelles mitig\u00e9es sur le front des blessures avant leur <strong class=\"autotag\">La Ligue des champions s&#39;affronte avec <strong class=\"autotag\">Bilbao athl\u00e9tique mardi soir.<\/p>\n<p>Les Gunners se dirigent vers le stade de San Mames pour une r\u00e9union rapide avec l&#39;\u00e9quipe d&#39;Ernesto Valverde, qu&#39;ils ont pass\u00e9 apr\u00e8s 3-0 lors de la sympathique affrontement de la Coupe Emirates de l&#39;\u00e9t\u00e9.<\/p>\n<p><strong class=\"autotag\">Les hommes de Mikel Arteta ont fait un travail l\u00e9ger de Nottingham Forest par le m\u00eame score lors du choc de la Premier League de samedi, bien que le r\u00e9sultat ait \u00e9t\u00e9 l\u00e9g\u00e8rement \u00e9clips\u00e9 par une autre blessure \u00e0 l&#39;\u00e9paule \u00e0 <strong class=\"autotag\">Martin Odegaard.<\/p>\n<p>Le capitaine de la Norv\u00e8ge avait d\u00e9j\u00e0 subi un probl\u00e8me similaire lors de la victoire de 5-0 ao\u00fbt sur Leeds United, et il a d&#39;abord tent\u00e9 de jouer \u00e0 travers la douleur samedi avant de faire place <strong class=\"autotag\">Ethan Nwaneri.<\/p>\n<p>Arteta n&#39;a pas pu donner une r\u00e9ponse d\u00e9finitive lorsqu&#39;on lui a pos\u00e9 des questions sur l&#39;\u00e9tat d&#39;Odegaard apr\u00e8s la victoire sur Forest, mais le skipper d&#39;Arsenal n&#39;a pas \u00e9t\u00e9 vu dans le dernier lot d&#39;images d&#39;entra\u00eenement des Gunners, publi\u00e9 lundi apr\u00e8s-midi.<\/p>\n<h2>Odegaard manquant dans les photos d&#39;entra\u00eenement d&#39;Arsenal avant le choc sportif<\/h2>\n<blockquote class=\"twitter-tweet\">\n<p dir=\"ltr\" lang=\"en\">Mode ucl?<\/p>\n<p>Consultez la galerie de formation du Sobha Realty Training Center?<\/p>\n<p>&#8211; Arsenal (@arsenal) <a rel=\"nofollow\" href=\"https:\/\/twitter.com\/Arsenal\/status\/1967588548917313966?ref_src=twsrc%5Etfw\">15 septembre 2025<\/a><\/p><\/blockquote>\n<p>Arteta sera sans aucun doute press\u00e9e pour une mise \u00e0 jour sur l&#39;\u00e9tat d&#39;Odegaard dans la conf\u00e9rence de presse d&#39;avant-match de ce soir, mais les signes ne sont pas prometteurs pour l&#39;ancien prot\u00e9g\u00e9 du Real Madrid.<\/p>\n<p>Dans des nouvelles plus lumineuses, <strong class=\"autotag\">William Saliba a \u00e9t\u00e9 photographi\u00e9 en pleine formation en \u00e9quipe \u00e0 la suite d&#39;une r\u00e9cente blessure \u00e0 la cheville, qui aurait \u00e9t\u00e9 assez grave pour le mettre \u00e0 l&#39;\u00e9cart entre trois et quatre semaines.<\/p>\n<p>Ces rapports de la France \u00e9taient larges de la marque, car Arteta a r\u00e9v\u00e9l\u00e9 que le d\u00e9fenseur s&#39;\u00e9tait entra\u00een\u00e9 vendredi avant la visite de Forest, mais il n&#39;\u00e9tait finalement pas risqu\u00e9 pour ce jeu de haut vol.<\/p>\n<p>Cependant, Saliba devrait maintenant faire partie de l&#39;\u00e9quipe pour le voyage \u00e0 Athletic, o\u00f9 Christian Norgaard pourrait \u00e9galement faire sa premi\u00e8re apparition comp\u00e9titive pour Arsenal, n&#39;ayant pas pr\u00e9sent\u00e9 dans la saison de Premier League jusqu&#39;\u00e0 pr\u00e9sent en raison d&#39;un coup.<\/p>\n<p>Bukayo Saka (ischio-jambiers) devrait \u00e0 nouveau manquer, cependant, tandis que Gabriel Jesus (ACL) et Kai Havertz (genou) se remettent toujours de leurs probl\u00e8mes, mais le premier n&#39;a pas \u00e9t\u00e9 s\u00e9lectionn\u00e9 pour l&#39;\u00e9quipe de phase de ligue d&#39;Arsenal.<\/p>\n<h2>Comment Arsenal peut-il remplacer Odegaard contre l&#39;athl\u00e9tisme?<\/h2>\n<p class=\"imgI\">\n<p>Il est r\u00e9volu le temps o\u00f9 une blessure pourrait faire d\u00e9railler une fine \u00e9quipe d&#39;Arsenal, et aussi critique qu&#39;Odegaard puisse \u00eatre pour le jeu de constitution de son \u00e9quipe, les Gunners devraient avoir les ressources \u00e0 faire face mardi.<\/p>\n<p>Nwaneri &#8211; le remplacement d&#39;Odegaard le week-end &#8211; est le remplacement le plus naturel de son capitaine, mais Arteta a jusqu&#39;\u00e0 pr\u00e9sent d\u00e9test\u00e9 pour commencer le jeune homme de 18 ans sur le c\u00f4t\u00e9 droit du Trident au milieu de terrain, o\u00f9 l&#39;adolescent aurait la responsabilit\u00e9 de diriger la presse.<\/p>\n<p>Plut\u00f4t, <strong class=\"autotag\">Mikel Merino a commenc\u00e9 dans cette fente contre Liverpool quand Odegaard n&#39;\u00e9tait que suffisant pour une place sur le banc, mais l&#39;Espagnol n&#39;est pas un meneur de jeu naturel et a eu du mal \u00e0 faire sa marque dans ce r\u00f4le.<\/p>\n<p>Comme le samedi l&#39;a prouv\u00e9, l&#39;Espagnol est beaucoup plus efficace en tant qu&#39;attaquant de huit gauche ou d&#39;urgence, mais comme Declan Rice reviendra presque certainement au Xi mardi, Merino est une option viable en position Odegaard.<\/p>\n<p>Alternativement, Arteta pourrait tester <strong class=\"autotag\">Ebelechi Eze dans cette cr\u00e9neau et promouvoir Gabriel Martinelli ou Leandro Trossard &#8211; qui a r\u00e9clam\u00e9 une passe d\u00e9cisive le week-end &#8211; \u00e0 l&#39;alignement de d\u00e9part de l&#39;aile gauche.<\/p>\n<div class=\"author_box\">\n<div class=\"author_box_banner\"> <\/div>\n<\/div>\n<\/div>\n<p><script async src=\"https:\/\/platform.twitter.com\/widgets.js\" charset=\"utf-8\"><\/script><\/p>\n","protected":false},"excerpt":{"rendered":"<p>Arsenal re\u00e7oit des nouvelles mitig\u00e9es sur le front des blessures avant son match d&#39;ouverture de la Ligue des champions avec Athletic Bilbao mardi soir. Arsenal<\/p>\n","protected":false},"author":1,"featured_media":28510,"comment_status":"closed","ping_status":"","sticky":false,"template":"","format":"standard","meta":{"footnotes":""},"categories":[4],"tags":[67,2938,491,1101,155,1720,990,328,93,892,2836,186,1866,8652,7155,4431,8298,4430],"yoast_head":"<!-- This site is optimized with the Yoast SEO plugin v21.0 - https:\/\/yoast.com\/wordpress\/plugins\/seo\/ -->\n<title>Martin Odegaard, les mises \u00e0 jour de blessures de William Saliba r\u00e9v\u00e9l\u00e9es comme Arsenal Release Training Photos Avant Athletic Bilbao Clash<\/title>\n<meta name=\"robots\" content=\"index, follow, max-snippet:-1, max-image-preview:large, max-video-preview:-1\" \/>\n<link rel=\"canonical\" href=\"https:\/\/footdavant.fr\/actualites\/martin-odegaard-les-mises-a-jour-de-blessures-de-william-saliba-revelees-comme-arsenal-release-training-photos-avant-athletic-bilbao-clash\/\" \/>\n<meta property=\"og:locale\" content=\"fr_FR\" \/>\n<meta property=\"og:type\" content=\"article\" \/>\n<meta property=\"og:title\" content=\"Martin Odegaard, les mises \u00e0 jour de blessures de William Saliba r\u00e9v\u00e9l\u00e9es comme Arsenal Release Training Photos Avant Athletic Bilbao Clash\" \/>\n<meta property=\"og:description\" content=\"Arsenal re\u00e7oit des nouvelles mitig\u00e9es sur le front des blessures avant son match d&#039;ouverture de la Ligue des champions avec Athletic Bilbao mardi soir. Arsenal\" \/>\n<meta property=\"og:url\" content=\"https:\/\/footdavant.fr\/actualites\/martin-odegaard-les-mises-a-jour-de-blessures-de-william-saliba-revelees-comme-arsenal-release-training-photos-avant-athletic-bilbao-clash\/\" \/>\n<meta property=\"og:site_name\" content=\"Foot d&#039;avant\" \/>\n<meta property=\"article:publisher\" content=\"https:\/\/www.facebook.com\/Footdavant\/\" \/>\n<meta property=\"article:published_time\" content=\"2025-09-17T15:48:23+00:00\" \/>\n<meta property=\"article:modified_time\" content=\"2025-09-17T15:48:24+00:00\" \/>\n<meta property=\"og:image\" content=\"https:\/\/footdavant.fr\/actualites\/wp-content\/uploads\/2025\/09\/1757951287_Arsenal-blessure-liste-de-suspension-et-dates-de-retour-pour.jpg\" \/>\n\t<meta property=\"og:image:width\" content=\"640\" \/>\n\t<meta property=\"og:image:height\" content=\"480\" \/>\n\t<meta property=\"og:image:type\" content=\"image\/jpeg\" \/>\n<meta name=\"author\" content=\"Cl\u00e9ment\" \/>\n<meta name=\"twitter:card\" content=\"summary_large_image\" \/>\n<meta name=\"twitter:creator\" content=\"@FootdavantFr\" \/>\n<meta name=\"twitter:site\" content=\"@FootdavantFr\" \/>\n<meta name=\"twitter:label1\" content=\"\u00c9crit par\" \/>\n\t<meta name=\"twitter:data1\" content=\"Cl\u00e9ment\" \/>\n\t<meta name=\"twitter:label2\" content=\"Dur\u00e9e de lecture estim\u00e9e\" \/>\n\t<meta name=\"twitter:data2\" content=\"4 minutes\" \/>\n<script type=\"application\/ld+json\" class=\"yoast-schema-graph\">{\"@context\":\"https:\/\/schema.org\",\"@graph\":[{\"@type\":\"Article\",\"@id\":\"https:\/\/footdavant.fr\/actualites\/martin-odegaard-les-mises-a-jour-de-blessures-de-william-saliba-revelees-comme-arsenal-release-training-photos-avant-athletic-bilbao-clash\/#article\",\"isPartOf\":{\"@id\":\"https:\/\/footdavant.fr\/actualites\/martin-odegaard-les-mises-a-jour-de-blessures-de-william-saliba-revelees-comme-arsenal-release-training-photos-avant-athletic-bilbao-clash\/\"},\"author\":{\"name\":\"Cl\u00e9ment\",\"@id\":\"https:\/\/footdavant.fr\/actualites\/#\/schema\/person\/bc222566d95871b37e597b3ed3ba5e1d\"},\"headline\":\"Martin Odegaard, les mises \u00e0 jour de blessures de William Saliba r\u00e9v\u00e9l\u00e9es comme Arsenal Release Training Photos Avant Athletic Bilbao Clash\",\"datePublished\":\"2025-09-17T15:48:23+00:00\",\"dateModified\":\"2025-09-17T15:48:24+00:00\",\"mainEntityOfPage\":{\"@id\":\"https:\/\/footdavant.fr\/actualites\/martin-odegaard-les-mises-a-jour-de-blessures-de-william-saliba-revelees-comme-arsenal-release-training-photos-avant-athletic-bilbao-clash\/\"},\"wordCount\":731,\"publisher\":{\"@id\":\"https:\/\/footdavant.fr\/actualites\/#organization\"},\"keywords\":[\"Arsenal\",\"Athletic\",\"avant\",\"Bilbao\",\"blessures\",\"clash\",\"comme\",\"jour\",\"les\",\"Martin\",\"Mises\",\"Odegaard\",\"Photos\",\"Release\",\"r\u00e9v\u00e9l\u00e9es\",\"Saliba\",\"Training\",\"William\"],\"articleSection\":[\"Champions League\"],\"inLanguage\":\"fr-FR\"},{\"@type\":\"WebPage\",\"@id\":\"https:\/\/footdavant.fr\/actualites\/martin-odegaard-les-mises-a-jour-de-blessures-de-william-saliba-revelees-comme-arsenal-release-training-photos-avant-athletic-bilbao-clash\/\",\"url\":\"https:\/\/footdavant.fr\/actualites\/martin-odegaard-les-mises-a-jour-de-blessures-de-william-saliba-revelees-comme-arsenal-release-training-photos-avant-athletic-bilbao-clash\/\",\"name\":\"Martin Odegaard, les mises \u00e0 jour de blessures de William Saliba r\u00e9v\u00e9l\u00e9es comme Arsenal Release Training Photos Avant Athletic Bilbao Clash\",\"isPartOf\":{\"@id\":\"https:\/\/footdavant.fr\/actualites\/#website\"},\"datePublished\":\"2025-09-17T15:48:23+00:00\",\"dateModified\":\"2025-09-17T15:48:24+00:00\",\"breadcrumb\":{\"@id\":\"https:\/\/footdavant.fr\/actualites\/martin-odegaard-les-mises-a-jour-de-blessures-de-william-saliba-revelees-comme-arsenal-release-training-photos-avant-athletic-bilbao-clash\/#breadcrumb\"},\"inLanguage\":\"fr-FR\",\"potentialAction\":[{\"@type\":\"ReadAction\",\"target\":[\"https:\/\/footdavant.fr\/actualites\/martin-odegaard-les-mises-a-jour-de-blessures-de-william-saliba-revelees-comme-arsenal-release-training-photos-avant-athletic-bilbao-clash\/\"]}]},{\"@type\":\"BreadcrumbList\",\"@id\":\"https:\/\/footdavant.fr\/actualites\/martin-odegaard-les-mises-a-jour-de-blessures-de-william-saliba-revelees-comme-arsenal-release-training-photos-avant-athletic-bilbao-clash\/#breadcrumb\",\"itemListElement\":[{\"@type\":\"ListItem\",\"position\":1,\"name\":\"Accueil\",\"item\":\"https:\/\/footdavant.fr\/actualites\/\"},{\"@type\":\"ListItem\",\"position\":2,\"name\":\"Martin Odegaard, les mises \u00e0 jour de blessures de William Saliba r\u00e9v\u00e9l\u00e9es comme Arsenal Release Training Photos Avant Athletic Bilbao Clash\"}]},{\"@type\":\"WebSite\",\"@id\":\"https:\/\/footdavant.fr\/actualites\/#website\",\"url\":\"https:\/\/footdavant.fr\/actualites\/\",\"name\":\"Foot d'avant\",\"description\":\"\",\"publisher\":{\"@id\":\"https:\/\/footdavant.fr\/actualites\/#organization\"},\"potentialAction\":[{\"@type\":\"SearchAction\",\"target\":{\"@type\":\"EntryPoint\",\"urlTemplate\":\"https:\/\/footdavant.fr\/actualites\/?s={search_term_string}\"},\"query-input\":\"required name=search_term_string\"}],\"inLanguage\":\"fr-FR\"},{\"@type\":\"Organization\",\"@id\":\"https:\/\/footdavant.fr\/actualites\/#organization\",\"name\":\"Foot d'avant\",\"url\":\"https:\/\/footdavant.fr\/actualites\/\",\"logo\":{\"@type\":\"ImageObject\",\"inLanguage\":\"fr-FR\",\"@id\":\"https:\/\/footdavant.fr\/actualites\/#\/schema\/logo\/image\/\",\"url\":\"https:\/\/footdavant.fr\/actualites\/wp-content\/uploads\/2023\/09\/Copy-of-FootDavant-Logo.png\",\"contentUrl\":\"https:\/\/footdavant.fr\/actualites\/wp-content\/uploads\/2023\/09\/Copy-of-FootDavant-Logo.png\",\"width\":936,\"height\":549,\"caption\":\"Foot d'avant\"},\"image\":{\"@id\":\"https:\/\/footdavant.fr\/actualites\/#\/schema\/logo\/image\/\"},\"sameAs\":[\"https:\/\/www.facebook.com\/Footdavant\/\",\"https:\/\/twitter.com\/FootdavantFr\",\"https:\/\/www.instagram.com\/footdavant.fr\/\"]},{\"@type\":\"Person\",\"@id\":\"https:\/\/footdavant.fr\/actualites\/#\/schema\/person\/bc222566d95871b37e597b3ed3ba5e1d\",\"name\":\"Cl\u00e9ment\",\"image\":{\"@type\":\"ImageObject\",\"inLanguage\":\"fr-FR\",\"@id\":\"https:\/\/footdavant.fr\/actualites\/#\/schema\/person\/image\/\",\"url\":\"https:\/\/secure.gravatar.com\/avatar\/7728b29aac2719421e1a9159b2254c44?s=96&d=mm&r=g\",\"contentUrl\":\"https:\/\/secure.gravatar.com\/avatar\/7728b29aac2719421e1a9159b2254c44?s=96&d=mm&r=g\",\"caption\":\"Cl\u00e9ment\"},\"sameAs\":[\"https:\/\/footdavant.fr\/\"]}]}<\/script>\n<!-- \/ Yoast SEO plugin. -->","yoast_head_json":{"title":"Martin Odegaard, les mises \u00e0 jour de blessures de William Saliba r\u00e9v\u00e9l\u00e9es comme Arsenal Release Training Photos Avant Athletic Bilbao Clash","robots":{"index":"index","follow":"follow","max-snippet":"max-snippet:-1","max-image-preview":"max-image-preview:large","max-video-preview":"max-video-preview:-1"},"canonical":"https:\/\/footdavant.fr\/actualites\/martin-odegaard-les-mises-a-jour-de-blessures-de-william-saliba-revelees-comme-arsenal-release-training-photos-avant-athletic-bilbao-clash\/","og_locale":"fr_FR","og_type":"article","og_title":"Martin Odegaard, les mises \u00e0 jour de blessures de William Saliba r\u00e9v\u00e9l\u00e9es comme Arsenal Release Training Photos Avant Athletic Bilbao Clash","og_description":"Arsenal re\u00e7oit des nouvelles mitig\u00e9es sur le front des blessures avant son match d&#39;ouverture de la Ligue des champions avec Athletic Bilbao mardi soir. Arsenal","og_url":"https:\/\/footdavant.fr\/actualites\/martin-odegaard-les-mises-a-jour-de-blessures-de-william-saliba-revelees-comme-arsenal-release-training-photos-avant-athletic-bilbao-clash\/","og_site_name":"Foot d&#039;avant","article_publisher":"https:\/\/www.facebook.com\/Footdavant\/","article_published_time":"2025-09-17T15:48:23+00:00","article_modified_time":"2025-09-17T15:48:24+00:00","og_image":[{"width":640,"height":480,"url":"https:\/\/footdavant.fr\/actualites\/wp-content\/uploads\/2025\/09\/1757951287_Arsenal-blessure-liste-de-suspension-et-dates-de-retour-pour.jpg","type":"image\/jpeg"}],"author":"Cl\u00e9ment","twitter_card":"summary_large_image","twitter_creator":"@FootdavantFr","twitter_site":"@FootdavantFr","twitter_misc":{"\u00c9crit par":"Cl\u00e9ment","Dur\u00e9e de lecture estim\u00e9e":"4 minutes"},"schema":{"@context":"https:\/\/schema.org","@graph":[{"@type":"Article","@id":"https:\/\/footdavant.fr\/actualites\/martin-odegaard-les-mises-a-jour-de-blessures-de-william-saliba-revelees-comme-arsenal-release-training-photos-avant-athletic-bilbao-clash\/#article","isPartOf":{"@id":"https:\/\/footdavant.fr\/actualites\/martin-odegaard-les-mises-a-jour-de-blessures-de-william-saliba-revelees-comme-arsenal-release-training-photos-avant-athletic-bilbao-clash\/"},"author":{"name":"Cl\u00e9ment","@id":"https:\/\/footdavant.fr\/actualites\/#\/schema\/person\/bc222566d95871b37e597b3ed3ba5e1d"},"headline":"Martin Odegaard, les mises \u00e0 jour de blessures de William Saliba r\u00e9v\u00e9l\u00e9es comme Arsenal Release Training Photos Avant Athletic Bilbao Clash","datePublished":"2025-09-17T15:48:23+00:00","dateModified":"2025-09-17T15:48:24+00:00","mainEntityOfPage":{"@id":"https:\/\/footdavant.fr\/actualites\/martin-odegaard-les-mises-a-jour-de-blessures-de-william-saliba-revelees-comme-arsenal-release-training-photos-avant-athletic-bilbao-clash\/"},"wordCount":731,"publisher":{"@id":"https:\/\/footdavant.fr\/actualites\/#organization"},"keywords":["Arsenal","Athletic","avant","Bilbao","blessures","clash","comme","jour","les","Martin","Mises","Odegaard","Photos","Release","r\u00e9v\u00e9l\u00e9es","Saliba","Training","William"],"articleSection":["Champions League"],"inLanguage":"fr-FR"},{"@type":"WebPage","@id":"https:\/\/footdavant.fr\/actualites\/martin-odegaard-les-mises-a-jour-de-blessures-de-william-saliba-revelees-comme-arsenal-release-training-photos-avant-athletic-bilbao-clash\/","url":"https:\/\/footdavant.fr\/actualites\/martin-odegaard-les-mises-a-jour-de-blessures-de-william-saliba-revelees-comme-arsenal-release-training-photos-avant-athletic-bilbao-clash\/","name":"Martin Odegaard, les mises \u00e0 jour de blessures de William Saliba r\u00e9v\u00e9l\u00e9es comme Arsenal Release Training Photos Avant Athletic Bilbao Clash","isPartOf":{"@id":"https:\/\/footdavant.fr\/actualites\/#website"},"datePublished":"2025-09-17T15:48:23+00:00","dateModified":"2025-09-17T15:48:24+00:00","breadcrumb":{"@id":"https:\/\/footdavant.fr\/actualites\/martin-odegaard-les-mises-a-jour-de-blessures-de-william-saliba-revelees-comme-arsenal-release-training-photos-avant-athletic-bilbao-clash\/#breadcrumb"},"inLanguage":"fr-FR","potentialAction":[{"@type":"ReadAction","target":["https:\/\/footdavant.fr\/actualites\/martin-odegaard-les-mises-a-jour-de-blessures-de-william-saliba-revelees-comme-arsenal-release-training-photos-avant-athletic-bilbao-clash\/"]}]},{"@type":"BreadcrumbList","@id":"https:\/\/footdavant.fr\/actualites\/martin-odegaard-les-mises-a-jour-de-blessures-de-william-saliba-revelees-comme-arsenal-release-training-photos-avant-athletic-bilbao-clash\/#breadcrumb","itemListElement":[{"@type":"ListItem","position":1,"name":"Accueil","item":"https:\/\/footdavant.fr\/actualites\/"},{"@type":"ListItem","position":2,"name":"Martin Odegaard, les mises \u00e0 jour de blessures de William Saliba r\u00e9v\u00e9l\u00e9es comme Arsenal Release Training Photos Avant Athletic Bilbao Clash"}]},{"@type":"WebSite","@id":"https:\/\/footdavant.fr\/actualites\/#website","url":"https:\/\/footdavant.fr\/actualites\/","name":"Foot d'avant","description":"","publisher":{"@id":"https:\/\/footdavant.fr\/actualites\/#organization"},"potentialAction":[{"@type":"SearchAction","target":{"@type":"EntryPoint","urlTemplate":"https:\/\/footdavant.fr\/actualites\/?s={search_term_string}"},"query-input":"required name=search_term_string"}],"inLanguage":"fr-FR"},{"@type":"Organization","@id":"https:\/\/footdavant.fr\/actualites\/#organization","name":"Foot d'avant","url":"https:\/\/footdavant.fr\/actualites\/","logo":{"@type":"ImageObject","inLanguage":"fr-FR","@id":"https:\/\/footdavant.fr\/actualites\/#\/schema\/logo\/image\/","url":"https:\/\/footdavant.fr\/actualites\/wp-content\/uploads\/2023\/09\/Copy-of-FootDavant-Logo.png","contentUrl":"https:\/\/footdavant.fr\/actualites\/wp-content\/uploads\/2023\/09\/Copy-of-FootDavant-Logo.png","width":936,"height":549,"caption":"Foot d'avant"},"image":{"@id":"https:\/\/footdavant.fr\/actualites\/#\/schema\/logo\/image\/"},"sameAs":["https:\/\/www.facebook.com\/Footdavant\/","https:\/\/twitter.com\/FootdavantFr","https:\/\/www.instagram.com\/footdavant.fr\/"]},{"@type":"Person","@id":"https:\/\/footdavant.fr\/actualites\/#\/schema\/person\/bc222566d95871b37e597b3ed3ba5e1d","name":"Cl\u00e9ment","image":{"@type":"ImageObject","inLanguage":"fr-FR","@id":"https:\/\/footdavant.fr\/actualites\/#\/schema\/person\/image\/","url":"https:\/\/secure.gravatar.com\/avatar\/7728b29aac2719421e1a9159b2254c44?s=96&d=mm&r=g","contentUrl":"https:\/\/secure.gravatar.com\/avatar\/7728b29aac2719421e1a9159b2254c44?s=96&d=mm&r=g","caption":"Cl\u00e9ment"},"sameAs":["https:\/\/footdavant.fr\/"]}]}},"_links":{"self":[{"href":"https:\/\/footdavant.fr\/actualites\/wp-json\/wp\/v2\/posts\/28611"}],"collection":[{"href":"https:\/\/footdavant.fr\/actualites\/wp-json\/wp\/v2\/posts"}],"about":[{"href":"https:\/\/footdavant.fr\/actualites\/wp-json\/wp\/v2\/types\/post"}],"author":[{"embeddable":true,"href":"https:\/\/footdavant.fr\/actualites\/wp-json\/wp\/v2\/users\/1"}],"replies":[{"embeddable":true,"href":"https:\/\/footdavant.fr\/actualites\/wp-json\/wp\/v2\/comments?post=28611"}],"version-history":[{"count":1,"href":"https:\/\/footdavant.fr\/actualites\/wp-json\/wp\/v2\/posts\/28611\/revisions"}],"predecessor-version":[{"id":28612,"href":"https:\/\/footdavant.fr\/actualites\/wp-json\/wp\/v2\/posts\/28611\/revisions\/28612"}],"wp:featuredmedia":[{"embeddable":true,"href":"https:\/\/footdavant.fr\/actualites\/wp-json\/wp\/v2\/media\/28510"}],"wp:attachment":[{"href":"https:\/\/footdavant.fr\/actualites\/wp-json\/wp\/v2\/media?parent=28611"}],"wp:term":[{"taxonomy":"category","embeddable":true,"href":"https:\/\/footdavant.fr\/actualites\/wp-json\/wp\/v2\/categories?post=28611"},{"taxonomy":"post_tag","embeddable":true,"href":"https:\/\/footdavant.fr\/actualites\/wp-json\/wp\/v2\/tags?post=28611"}],"curies":[{"name":"wp","href":"https:\/\/api.w.org\/{rel}","templated":true}]}}