{"id":28614,"date":"2025-09-17T18:48:11","date_gmt":"2025-09-17T16:48:11","guid":{"rendered":"https:\/\/footdavant.fr\/actualites\/regardez-le-premier-objectif-du-premier-objectif-darsenal-de-classe-mondiale-de-martin-zubimendi-a-nottingham-forest-premier-league-clash\/"},"modified":"2025-09-17T18:48:12","modified_gmt":"2025-09-17T16:48:12","slug":"regardez-le-premier-objectif-du-premier-objectif-darsenal-de-classe-mondiale-de-martin-zubimendi-a-nottingham-forest-premier-league-clash","status":"publish","type":"post","link":"https:\/\/footdavant.fr\/actualites\/regardez-le-premier-objectif-du-premier-objectif-darsenal-de-classe-mondiale-de-martin-zubimendi-a-nottingham-forest-premier-league-clash\/","title":{"rendered":"Regardez le premier objectif du premier objectif d&#39;Arsenal de classe mondiale de Martin Zubimendi \u00e0 Nottingham Forest Premier League Clash"},"content":{"rendered":"<p>Regardez Martin Zubimenddi donner \u00e0 Arsenal la t\u00eate avec une vol\u00e9e de classe mondiale lors de son affrontement en Premier League avec Nottingham Forest au Emirates Stadium.<\/p>\n<div id=\"article_body\" itemprop=\"articleBody\">\n<h3 class=\"firstPara\"><\/h3>\n<p><strong class=\"autotag\">Milieu de terrain d&#39;Arsenal <strong class=\"autotag\">Martin Zubimenddi a marqu\u00e9 un premier but de classe mondiale pour les Gunners de donner \u00e0 l&#39;\u00e9quipe de Mikel Arteta contre l&#39;avance contre <strong class=\"autotag\">Forest de Nottingham lors de l&#39;affrontement de la Premier League de samedi.<\/p>\n<p>Les Giants du Nord de Londres ont endur\u00e9 une ouverture frustrante de 30 minutes contre <strong class=\"autotag\">Ange postcoglou, qui a du mal \u00e0 fa\u00e7onner des chances claires malgr\u00e9 une grande partie du ballon.<\/p>\n<p>L&#39;attaque d&#39;Arsenal a ensuite subi un coup de blessure familier <strong class=\"autotag\">Martin Odegaard a \u00e9t\u00e9 retir\u00e9 avec un probl\u00e8me d&#39;\u00e9paule &#8211; son deuxi\u00e8me en trois matchs pour les Gunners &#8211; mais les Gunners se sont retrouv\u00e9s devant la moiti\u00e9 d&#39;une demi-heure gr\u00e2ce \u00e0 un Thunderbolt Zubimendi.<\/p>\n<p>L&#39;international espagnole a attendu au bord de la surface de r\u00e9paration alors que Noni Madueke fouet <strong class=\"autotag\">Chris Wood.<\/p>\n<p>L&#39;autorisation de l&#39;attaquant n\u00e9o-z\u00e9landais est tomb\u00e9 incroyablement gentiment pour Zubimendi, qui a laiss\u00e9 voler avec une vol\u00e9e croquante qui s&#39;est envol\u00e9e \u00e0 l&#39;arri\u00e8re du filet pour propulser les h\u00f4tes \u00e0 venir.<\/p>\n<blockquote class=\"twitter-tweet\" data-media-max-width=\"560\">\n<p dir=\"ltr\" lang=\"en\">Zubimendi frappe l&#39;arsenal dans la t\u00eate?<\/p>\n<p>Quelle fa\u00e7on de marquer votre premier but pour les Gunners?<\/p>\n<p>? <a rel=\"nofollow\" href=\"https:\/\/twitter.com\/tntsports?ref_src=twsrc%5Etfw\">@TNTSports<\/a> &#038; <a rel=\"nofollow\" href=\"https:\/\/twitter.com\/discoveryplusUK?ref_src=twsrc%5Etfw\">@discoveryplusuk<\/a> <a rel=\"nofollow\" href=\"https:\/\/t.co\/vQCkTYT9bl\">pic.twitter.com\/vqcktyt9bl<\/a><\/p>\n<p>&#8211; Football sur TNT Sports (@footballontnt) <a rel=\"nofollow\" href=\"https:\/\/twitter.com\/footballontnt\/status\/1966835701170749464?ref_src=twsrc%5Etfw\">13 septembre 2025<\/a><\/p><\/blockquote>\n<p>La gr\u00e8ve de Zubimendi semblait retirer un l\u00e9ger entaille de Murillo, et <strong class=\"autotag\">Matz Sels a \u00e9galement fait le bout des doigts \u00e0 sa vol\u00e9e, mais les efforts du gardien de but ont \u00e9t\u00e9 vains contre une vol\u00e9e presque parfaite de la signature d&#39;\u00e9t\u00e9 d&#39;Arteta.<\/p>\n<p>Zubimenddi n&#39;a marqu\u00e9 que 10 buts lors de ses 236 apparitions pour Real Sociedad, mais le joueur de 26 ans a d\u00e9j\u00e0 particip\u00e9 \u00e0 sa nomination pour l&#39;objectif de la saison de la Premier League.<\/p>\n<div class=\"author_box\">\n<div class=\"author_box_banner\"> <\/div>\n<\/div>\n<\/div>\n<p><script async src=\"https:\/\/platform.twitter.com\/widgets.js\" charset=\"utf-8\"><\/script><\/p>\n","protected":false},"excerpt":{"rendered":"<p>Regardez Martin Zubimenddi donner \u00e0 Arsenal la t\u00eate avec une vol\u00e9e de classe mondiale lors de son affrontement en Premier League avec Nottingham Forest au<\/p>\n","protected":false},"author":1,"featured_media":28501,"comment_status":"closed","ping_status":"","sticky":false,"template":"","format":"standard","meta":{"footnotes":""},"categories":[5],"tags":[1720,2080,4221,358,202,892,2081,357,1681,201,1956,893],"yoast_head":"<!-- This site is optimized with the Yoast SEO plugin v21.0 - https:\/\/yoast.com\/wordpress\/plugins\/seo\/ -->\n<title>Regardez le premier objectif du premier objectif d&#039;Arsenal de classe mondiale de Martin Zubimendi \u00e0 Nottingham Forest Premier League Clash<\/title>\n<meta name=\"robots\" content=\"index, follow, max-snippet:-1, max-image-preview:large, max-video-preview:-1\" \/>\n<link rel=\"canonical\" href=\"https:\/\/footdavant.fr\/actualites\/regardez-le-premier-objectif-du-premier-objectif-darsenal-de-classe-mondiale-de-martin-zubimendi-a-nottingham-forest-premier-league-clash\/\" \/>\n<meta property=\"og:locale\" content=\"fr_FR\" \/>\n<meta property=\"og:type\" content=\"article\" \/>\n<meta property=\"og:title\" content=\"Regardez le premier objectif du premier objectif d&#039;Arsenal de classe mondiale de Martin Zubimendi \u00e0 Nottingham Forest Premier League Clash\" \/>\n<meta property=\"og:description\" content=\"Regardez Martin Zubimenddi donner \u00e0 Arsenal la t\u00eate avec une vol\u00e9e de classe mondiale lors de son affrontement en Premier League avec Nottingham Forest au\" \/>\n<meta property=\"og:url\" content=\"https:\/\/footdavant.fr\/actualites\/regardez-le-premier-objectif-du-premier-objectif-darsenal-de-classe-mondiale-de-martin-zubimendi-a-nottingham-forest-premier-league-clash\/\" \/>\n<meta property=\"og:site_name\" content=\"Foot d&#039;avant\" \/>\n<meta property=\"article:publisher\" content=\"https:\/\/www.facebook.com\/Footdavant\/\" \/>\n<meta property=\"article:published_time\" content=\"2025-09-17T16:48:11+00:00\" \/>\n<meta property=\"article:modified_time\" content=\"2025-09-17T16:48:12+00:00\" \/>\n<meta property=\"og:image\" content=\"https:\/\/footdavant.fr\/actualites\/wp-content\/uploads\/2025\/09\/Arsenal-Transfer-News-Barcelone-star-de-Mikel-Arteta-surveillant-etroitement.webp\" \/>\n\t<meta property=\"og:image:width\" content=\"640\" \/>\n\t<meta property=\"og:image:height\" content=\"480\" \/>\n\t<meta property=\"og:image:type\" content=\"image\/jpeg\" \/>\n<meta name=\"author\" content=\"Cl\u00e9ment\" \/>\n<meta name=\"twitter:card\" content=\"summary_large_image\" \/>\n<meta name=\"twitter:creator\" content=\"@FootdavantFr\" \/>\n<meta name=\"twitter:site\" content=\"@FootdavantFr\" \/>\n<meta name=\"twitter:label1\" content=\"\u00c9crit par\" \/>\n\t<meta name=\"twitter:data1\" content=\"Cl\u00e9ment\" \/>\n\t<meta name=\"twitter:label2\" content=\"Dur\u00e9e de lecture estim\u00e9e\" \/>\n\t<meta name=\"twitter:data2\" content=\"2 minutes\" \/>\n<script type=\"application\/ld+json\" class=\"yoast-schema-graph\">{\"@context\":\"https:\/\/schema.org\",\"@graph\":[{\"@type\":\"Article\",\"@id\":\"https:\/\/footdavant.fr\/actualites\/regardez-le-premier-objectif-du-premier-objectif-darsenal-de-classe-mondiale-de-martin-zubimendi-a-nottingham-forest-premier-league-clash\/#article\",\"isPartOf\":{\"@id\":\"https:\/\/footdavant.fr\/actualites\/regardez-le-premier-objectif-du-premier-objectif-darsenal-de-classe-mondiale-de-martin-zubimendi-a-nottingham-forest-premier-league-clash\/\"},\"author\":{\"name\":\"Cl\u00e9ment\",\"@id\":\"https:\/\/footdavant.fr\/actualites\/#\/schema\/person\/bc222566d95871b37e597b3ed3ba5e1d\"},\"headline\":\"Regardez le premier objectif du premier objectif d&#39;Arsenal de classe mondiale de Martin Zubimendi \u00e0 Nottingham Forest Premier League Clash\",\"datePublished\":\"2025-09-17T16:48:11+00:00\",\"dateModified\":\"2025-09-17T16:48:12+00:00\",\"mainEntityOfPage\":{\"@id\":\"https:\/\/footdavant.fr\/actualites\/regardez-le-premier-objectif-du-premier-objectif-darsenal-de-classe-mondiale-de-martin-zubimendi-a-nottingham-forest-premier-league-clash\/\"},\"wordCount\":348,\"publisher\":{\"@id\":\"https:\/\/footdavant.fr\/actualites\/#organization\"},\"keywords\":[\"clash\",\"classe\",\"d39Arsenal\",\"Forest\",\"League\",\"Martin\",\"mondiale\",\"Nottingham\",\"objectif\",\"Premier\",\"regardez\",\"Zubimendi\"],\"articleSection\":[\"Premier League\"],\"inLanguage\":\"fr-FR\"},{\"@type\":\"WebPage\",\"@id\":\"https:\/\/footdavant.fr\/actualites\/regardez-le-premier-objectif-du-premier-objectif-darsenal-de-classe-mondiale-de-martin-zubimendi-a-nottingham-forest-premier-league-clash\/\",\"url\":\"https:\/\/footdavant.fr\/actualites\/regardez-le-premier-objectif-du-premier-objectif-darsenal-de-classe-mondiale-de-martin-zubimendi-a-nottingham-forest-premier-league-clash\/\",\"name\":\"Regardez le premier objectif du premier objectif d&#39;Arsenal de classe mondiale de Martin Zubimendi \u00e0 Nottingham Forest Premier League Clash\",\"isPartOf\":{\"@id\":\"https:\/\/footdavant.fr\/actualites\/#website\"},\"datePublished\":\"2025-09-17T16:48:11+00:00\",\"dateModified\":\"2025-09-17T16:48:12+00:00\",\"breadcrumb\":{\"@id\":\"https:\/\/footdavant.fr\/actualites\/regardez-le-premier-objectif-du-premier-objectif-darsenal-de-classe-mondiale-de-martin-zubimendi-a-nottingham-forest-premier-league-clash\/#breadcrumb\"},\"inLanguage\":\"fr-FR\",\"potentialAction\":[{\"@type\":\"ReadAction\",\"target\":[\"https:\/\/footdavant.fr\/actualites\/regardez-le-premier-objectif-du-premier-objectif-darsenal-de-classe-mondiale-de-martin-zubimendi-a-nottingham-forest-premier-league-clash\/\"]}]},{\"@type\":\"BreadcrumbList\",\"@id\":\"https:\/\/footdavant.fr\/actualites\/regardez-le-premier-objectif-du-premier-objectif-darsenal-de-classe-mondiale-de-martin-zubimendi-a-nottingham-forest-premier-league-clash\/#breadcrumb\",\"itemListElement\":[{\"@type\":\"ListItem\",\"position\":1,\"name\":\"Accueil\",\"item\":\"https:\/\/footdavant.fr\/actualites\/\"},{\"@type\":\"ListItem\",\"position\":2,\"name\":\"Regardez le premier objectif du premier objectif d&#39;Arsenal de classe mondiale de Martin Zubimendi \u00e0 Nottingham Forest Premier League Clash\"}]},{\"@type\":\"WebSite\",\"@id\":\"https:\/\/footdavant.fr\/actualites\/#website\",\"url\":\"https:\/\/footdavant.fr\/actualites\/\",\"name\":\"Foot d'avant\",\"description\":\"\",\"publisher\":{\"@id\":\"https:\/\/footdavant.fr\/actualites\/#organization\"},\"potentialAction\":[{\"@type\":\"SearchAction\",\"target\":{\"@type\":\"EntryPoint\",\"urlTemplate\":\"https:\/\/footdavant.fr\/actualites\/?s={search_term_string}\"},\"query-input\":\"required name=search_term_string\"}],\"inLanguage\":\"fr-FR\"},{\"@type\":\"Organization\",\"@id\":\"https:\/\/footdavant.fr\/actualites\/#organization\",\"name\":\"Foot d'avant\",\"url\":\"https:\/\/footdavant.fr\/actualites\/\",\"logo\":{\"@type\":\"ImageObject\",\"inLanguage\":\"fr-FR\",\"@id\":\"https:\/\/footdavant.fr\/actualites\/#\/schema\/logo\/image\/\",\"url\":\"https:\/\/footdavant.fr\/actualites\/wp-content\/uploads\/2023\/09\/Copy-of-FootDavant-Logo.png\",\"contentUrl\":\"https:\/\/footdavant.fr\/actualites\/wp-content\/uploads\/2023\/09\/Copy-of-FootDavant-Logo.png\",\"width\":936,\"height\":549,\"caption\":\"Foot d'avant\"},\"image\":{\"@id\":\"https:\/\/footdavant.fr\/actualites\/#\/schema\/logo\/image\/\"},\"sameAs\":[\"https:\/\/www.facebook.com\/Footdavant\/\",\"https:\/\/twitter.com\/FootdavantFr\",\"https:\/\/www.instagram.com\/footdavant.fr\/\"]},{\"@type\":\"Person\",\"@id\":\"https:\/\/footdavant.fr\/actualites\/#\/schema\/person\/bc222566d95871b37e597b3ed3ba5e1d\",\"name\":\"Cl\u00e9ment\",\"image\":{\"@type\":\"ImageObject\",\"inLanguage\":\"fr-FR\",\"@id\":\"https:\/\/footdavant.fr\/actualites\/#\/schema\/person\/image\/\",\"url\":\"https:\/\/secure.gravatar.com\/avatar\/7728b29aac2719421e1a9159b2254c44?s=96&d=mm&r=g\",\"contentUrl\":\"https:\/\/secure.gravatar.com\/avatar\/7728b29aac2719421e1a9159b2254c44?s=96&d=mm&r=g\",\"caption\":\"Cl\u00e9ment\"},\"sameAs\":[\"https:\/\/footdavant.fr\/\"]}]}<\/script>\n<!-- \/ Yoast SEO plugin. -->","yoast_head_json":{"title":"Regardez le premier objectif du premier objectif d&#39;Arsenal de classe mondiale de Martin Zubimendi \u00e0 Nottingham Forest Premier League Clash","robots":{"index":"index","follow":"follow","max-snippet":"max-snippet:-1","max-image-preview":"max-image-preview:large","max-video-preview":"max-video-preview:-1"},"canonical":"https:\/\/footdavant.fr\/actualites\/regardez-le-premier-objectif-du-premier-objectif-darsenal-de-classe-mondiale-de-martin-zubimendi-a-nottingham-forest-premier-league-clash\/","og_locale":"fr_FR","og_type":"article","og_title":"Regardez le premier objectif du premier objectif d&#39;Arsenal de classe mondiale de Martin Zubimendi \u00e0 Nottingham Forest Premier League Clash","og_description":"Regardez Martin Zubimenddi donner \u00e0 Arsenal la t\u00eate avec une vol\u00e9e de classe mondiale lors de son affrontement en Premier League avec Nottingham Forest au","og_url":"https:\/\/footdavant.fr\/actualites\/regardez-le-premier-objectif-du-premier-objectif-darsenal-de-classe-mondiale-de-martin-zubimendi-a-nottingham-forest-premier-league-clash\/","og_site_name":"Foot d&#039;avant","article_publisher":"https:\/\/www.facebook.com\/Footdavant\/","article_published_time":"2025-09-17T16:48:11+00:00","article_modified_time":"2025-09-17T16:48:12+00:00","og_image":[{"width":640,"height":480,"url":"https:\/\/footdavant.fr\/actualites\/wp-content\/uploads\/2025\/09\/Arsenal-Transfer-News-Barcelone-star-de-Mikel-Arteta-surveillant-etroitement.webp","type":"image\/jpeg"}],"author":"Cl\u00e9ment","twitter_card":"summary_large_image","twitter_creator":"@FootdavantFr","twitter_site":"@FootdavantFr","twitter_misc":{"\u00c9crit par":"Cl\u00e9ment","Dur\u00e9e de lecture estim\u00e9e":"2 minutes"},"schema":{"@context":"https:\/\/schema.org","@graph":[{"@type":"Article","@id":"https:\/\/footdavant.fr\/actualites\/regardez-le-premier-objectif-du-premier-objectif-darsenal-de-classe-mondiale-de-martin-zubimendi-a-nottingham-forest-premier-league-clash\/#article","isPartOf":{"@id":"https:\/\/footdavant.fr\/actualites\/regardez-le-premier-objectif-du-premier-objectif-darsenal-de-classe-mondiale-de-martin-zubimendi-a-nottingham-forest-premier-league-clash\/"},"author":{"name":"Cl\u00e9ment","@id":"https:\/\/footdavant.fr\/actualites\/#\/schema\/person\/bc222566d95871b37e597b3ed3ba5e1d"},"headline":"Regardez le premier objectif du premier objectif d&#39;Arsenal de classe mondiale de Martin Zubimendi \u00e0 Nottingham Forest Premier League Clash","datePublished":"2025-09-17T16:48:11+00:00","dateModified":"2025-09-17T16:48:12+00:00","mainEntityOfPage":{"@id":"https:\/\/footdavant.fr\/actualites\/regardez-le-premier-objectif-du-premier-objectif-darsenal-de-classe-mondiale-de-martin-zubimendi-a-nottingham-forest-premier-league-clash\/"},"wordCount":348,"publisher":{"@id":"https:\/\/footdavant.fr\/actualites\/#organization"},"keywords":["clash","classe","d39Arsenal","Forest","League","Martin","mondiale","Nottingham","objectif","Premier","regardez","Zubimendi"],"articleSection":["Premier League"],"inLanguage":"fr-FR"},{"@type":"WebPage","@id":"https:\/\/footdavant.fr\/actualites\/regardez-le-premier-objectif-du-premier-objectif-darsenal-de-classe-mondiale-de-martin-zubimendi-a-nottingham-forest-premier-league-clash\/","url":"https:\/\/footdavant.fr\/actualites\/regardez-le-premier-objectif-du-premier-objectif-darsenal-de-classe-mondiale-de-martin-zubimendi-a-nottingham-forest-premier-league-clash\/","name":"Regardez le premier objectif du premier objectif d&#39;Arsenal de classe mondiale de Martin Zubimendi \u00e0 Nottingham Forest Premier League Clash","isPartOf":{"@id":"https:\/\/footdavant.fr\/actualites\/#website"},"datePublished":"2025-09-17T16:48:11+00:00","dateModified":"2025-09-17T16:48:12+00:00","breadcrumb":{"@id":"https:\/\/footdavant.fr\/actualites\/regardez-le-premier-objectif-du-premier-objectif-darsenal-de-classe-mondiale-de-martin-zubimendi-a-nottingham-forest-premier-league-clash\/#breadcrumb"},"inLanguage":"fr-FR","potentialAction":[{"@type":"ReadAction","target":["https:\/\/footdavant.fr\/actualites\/regardez-le-premier-objectif-du-premier-objectif-darsenal-de-classe-mondiale-de-martin-zubimendi-a-nottingham-forest-premier-league-clash\/"]}]},{"@type":"BreadcrumbList","@id":"https:\/\/footdavant.fr\/actualites\/regardez-le-premier-objectif-du-premier-objectif-darsenal-de-classe-mondiale-de-martin-zubimendi-a-nottingham-forest-premier-league-clash\/#breadcrumb","itemListElement":[{"@type":"ListItem","position":1,"name":"Accueil","item":"https:\/\/footdavant.fr\/actualites\/"},{"@type":"ListItem","position":2,"name":"Regardez le premier objectif du premier objectif d&#39;Arsenal de classe mondiale de Martin Zubimendi \u00e0 Nottingham Forest Premier League Clash"}]},{"@type":"WebSite","@id":"https:\/\/footdavant.fr\/actualites\/#website","url":"https:\/\/footdavant.fr\/actualites\/","name":"Foot d'avant","description":"","publisher":{"@id":"https:\/\/footdavant.fr\/actualites\/#organization"},"potentialAction":[{"@type":"SearchAction","target":{"@type":"EntryPoint","urlTemplate":"https:\/\/footdavant.fr\/actualites\/?s={search_term_string}"},"query-input":"required name=search_term_string"}],"inLanguage":"fr-FR"},{"@type":"Organization","@id":"https:\/\/footdavant.fr\/actualites\/#organization","name":"Foot d'avant","url":"https:\/\/footdavant.fr\/actualites\/","logo":{"@type":"ImageObject","inLanguage":"fr-FR","@id":"https:\/\/footdavant.fr\/actualites\/#\/schema\/logo\/image\/","url":"https:\/\/footdavant.fr\/actualites\/wp-content\/uploads\/2023\/09\/Copy-of-FootDavant-Logo.png","contentUrl":"https:\/\/footdavant.fr\/actualites\/wp-content\/uploads\/2023\/09\/Copy-of-FootDavant-Logo.png","width":936,"height":549,"caption":"Foot d'avant"},"image":{"@id":"https:\/\/footdavant.fr\/actualites\/#\/schema\/logo\/image\/"},"sameAs":["https:\/\/www.facebook.com\/Footdavant\/","https:\/\/twitter.com\/FootdavantFr","https:\/\/www.instagram.com\/footdavant.fr\/"]},{"@type":"Person","@id":"https:\/\/footdavant.fr\/actualites\/#\/schema\/person\/bc222566d95871b37e597b3ed3ba5e1d","name":"Cl\u00e9ment","image":{"@type":"ImageObject","inLanguage":"fr-FR","@id":"https:\/\/footdavant.fr\/actualites\/#\/schema\/person\/image\/","url":"https:\/\/secure.gravatar.com\/avatar\/7728b29aac2719421e1a9159b2254c44?s=96&d=mm&r=g","contentUrl":"https:\/\/secure.gravatar.com\/avatar\/7728b29aac2719421e1a9159b2254c44?s=96&d=mm&r=g","caption":"Cl\u00e9ment"},"sameAs":["https:\/\/footdavant.fr\/"]}]}},"_links":{"self":[{"href":"https:\/\/footdavant.fr\/actualites\/wp-json\/wp\/v2\/posts\/28614"}],"collection":[{"href":"https:\/\/footdavant.fr\/actualites\/wp-json\/wp\/v2\/posts"}],"about":[{"href":"https:\/\/footdavant.fr\/actualites\/wp-json\/wp\/v2\/types\/post"}],"author":[{"embeddable":true,"href":"https:\/\/footdavant.fr\/actualites\/wp-json\/wp\/v2\/users\/1"}],"replies":[{"embeddable":true,"href":"https:\/\/footdavant.fr\/actualites\/wp-json\/wp\/v2\/comments?post=28614"}],"version-history":[{"count":1,"href":"https:\/\/footdavant.fr\/actualites\/wp-json\/wp\/v2\/posts\/28614\/revisions"}],"predecessor-version":[{"id":28615,"href":"https:\/\/footdavant.fr\/actualites\/wp-json\/wp\/v2\/posts\/28614\/revisions\/28615"}],"wp:featuredmedia":[{"embeddable":true,"href":"https:\/\/footdavant.fr\/actualites\/wp-json\/wp\/v2\/media\/28501"}],"wp:attachment":[{"href":"https:\/\/footdavant.fr\/actualites\/wp-json\/wp\/v2\/media?parent=28614"}],"wp:term":[{"taxonomy":"category","embeddable":true,"href":"https:\/\/footdavant.fr\/actualites\/wp-json\/wp\/v2\/categories?post=28614"},{"taxonomy":"post_tag","embeddable":true,"href":"https:\/\/footdavant.fr\/actualites\/wp-json\/wp\/v2\/tags?post=28614"}],"curies":[{"name":"wp","href":"https:\/\/api.w.org\/{rel}","templated":true}]}}