{"id":28616,"date":"2025-09-17T20:48:04","date_gmt":"2025-09-17T18:48:04","guid":{"rendered":"https:\/\/footdavant.fr\/actualites\/athletic-club-0-2-arsenal-profondeur-en-affichage-partie-2\/"},"modified":"2025-09-17T20:48:06","modified_gmt":"2025-09-17T18:48:06","slug":"athletic-club-0-2-arsenal-profondeur-en-affichage-partie-2","status":"publish","type":"post","link":"https:\/\/footdavant.fr\/actualites\/athletic-club-0-2-arsenal-profondeur-en-affichage-partie-2\/","title":{"rendered":"Athletic Club 0-2 Arsenal: Profondeur en affichage partie 2"},"content":{"rendered":"<div>\n<h4><span style=\"color: #339966;\">Rapport de match<\/span> &#8211; <span style=\"color: #339966;\">Notes de joueur<\/span> &#8211; <span style=\"color: #339966;\">Vid\u00e9o<\/span><\/h4>\n<p>La promenade, de Nueva Plaza dans la vieille ville de Bilbao, Gran Via, est essentiellement une ligne droite jusqu&#39;\u00e0 Estadio San Mames. Le Red and White of Athletic Club et leurs fans est partout. Jeunes et vieilles se dirigeant vers le jeu. Les barreaux et les caf\u00e9s sont emball\u00e9s, les gens buvant des bi\u00e8res et mangent des pintxos.<\/p>\n<p>Nous avons un arr\u00eat au stand en route. Cela pourrait \u00eatre une longue soir\u00e9e, vous avez besoin de carburant pour le r\u00e9servoir. Plus pr\u00e8s du stade, nous nous arr\u00eatons \u00e0 nouveau pour un dernier rafra\u00eechissement, et les fans d&#39;Arsenal et les fans du club de sport se m\u00ealent joyeusement au soleil. Un groupe de gars passe en chantant \u00bb. Tout le monde rit.<\/p>\n<p>L&#39;atmosph\u00e8re est amusante, amicale. Certains fans locaux (et un Londonien coopt\u00e9 qui passe beaucoup de temps \u00e0 Bilbao), disent-nous ce que cela signifie pour qu&#39;ils soient en Ligue des champions apr\u00e8s si longtemps. En tant que club qui ne choisit que des joueurs de la r\u00e9gion basque, leur bassin de talents est restreint par rapport \u00e0 tous les autres, donc c&#39;est une v\u00e9ritable r\u00e9ussite. Vous pouvez sentir la fiert\u00e9, et leur nature accueillante pour les fans en visite est quelque chose qui devrait \u00e9galement y ajouter.<\/p>\n<p>\u00c0 l&#39;int\u00e9rieur, l&#39;atmosph\u00e8re d&#39;avant-match se construit. Juste avant le coup d&#39;envoi, tout le stade a l&#39;impression de sauter \u00e0 un moment donn\u00e9, des foulards et des drapeaux se sont agit\u00e9s alors que leur hymne joue, c&#39;est un affichage formidable. La chair de poule, je dois dire. Mais l&#39;extr\u00e9mit\u00e9 ext\u00e9rieure est \u00e9galement en bonne voix au d\u00e9but du jeu.<\/p>\n<\/p>\n<h4>Premier semestre<\/h4>\n<p>Ce qui \u00e9tait clair pour moi tr\u00e8s t\u00f4t, c&#39;est que l&#39;athl\u00e9tisme avait fait leurs devoirs de mani\u00e8re tr\u00e8s s\u00e9rieuse. Nous avions beaucoup de balle, mais nous avons trouv\u00e9 presque impossible de jouer de mani\u00e8re progressive. Ils ont tr\u00e8s bien bloqu\u00e9 les voies qui passent, avec beaucoup de discipline de position, et nous avons trouv\u00e9 que c&#39;est difficile. Je ne me souviens vraiment qu&#39;une seule chance \u00e0 chaque extr\u00e9mit\u00e9. Pour nous, Viktor Gyokerres &#8211; qui a subi une m\u00e9chante coupure \u00e0 sa t\u00eate dans une collision avec Gabriel &#8211; a tir\u00e9 en danger le gardien; Et juste avant la pause, ils ont tir\u00e9 un tir largement, mais ce n&#39;\u00e9tait pas un match rempli d&#39;incident de GOSTMOUNT.<\/p>\n<h4>Seconde moiti\u00e9<\/h4>\n<p>C&#39;\u00e9tait plus de la m\u00eame chose en g\u00e9n\u00e9ral, mais je sentais que nous avons commenc\u00e9 \u00e0 leur donner quelque chose \u00e0 penser \u00e0 notre droite via noni Madueke. Il n&#39;y avait pas beaucoup de produit final, mais il a commenc\u00e9 \u00e0 voir plus de ballon. De l&#39;autre c\u00f4t\u00e9, Ebelechi Eze a eu du mal \u00e0 s&#39;imposer, et il semblait que nous devions changer quelque chose pour casser le jeu. Le premier des sous-marins d&#39;Arteta a vu Leandro Trossard remplacer Gyokerres, puis c&#39;\u00e9tait Martinelli pour Eze. Les gens utilisent souvent le mot \u00abinspir\u00e9\u00bb lorsqu&#39;un joueur sort du banc pour marquer et avoir un impact, mais je reviendrai \u00e0 celui que j&#39;ai utilis\u00e9 le week-end apr\u00e8s notre victoire contre la for\u00eat: la profondeur.<\/p>\n<p>Les fans de football aiment les nouveaux jouets brillants, c&#39;est normal, mais trop souvent le b\u00e9b\u00e9 est jet\u00e9 avec l&#39;eau du bain. Martinelli a eu une p\u00e9riode difficile r\u00e9cemment, une pr\u00e9-saison indiff\u00e9rente, et son avenir a \u00e9t\u00e9 remis en question \/ en discussion. Hier soir, il a montr\u00e9 qu&#39;il avait encore beaucoup \u00e0 offrir, et je ne pense pas qu&#39;il y ait un autre joueur dans notre \u00e9quipe qui marque ce but. Les deux touches pour le mettre au but sont tr\u00e8s, tr\u00e8s bonnes, et peu importe que la finition se serre sous le gardien, c&#39;\u00e9tait 1-0 \u00e0 Arsenal. Cela fera confiance au monde du bien.<\/p>\n<p>L&#39;extr\u00e9mit\u00e9 ext\u00e9rieure a \u00e9clat\u00e9 dans son chant, et elle a sonn\u00e9 pendant tr\u00e8s longtemps. Peut-\u00eatre jusqu&#39;\u00e0 ce que Martinelli retourne la faveur de Trossard et fournit l&#39;aide au Belge de faire 2-0 en retard. Je n&#39;ai pas vu de points forts appropri\u00e9s \u00e0 ce stade, mais il me semblait d\u00e9vi\u00e9 dans le poteau et de l&#39;autre c\u00f4t\u00e9 du filet. Apparemment, c&#39;est la premi\u00e8re fois en Ligue des champions que deux joueurs sont sortis du banc pour marquer et s&#39;aider, si bien fait ces hommes. Vous pouvez imaginer qu&#39;il y a eu de la frustration \u00e0 propos de leur manque de minutes jusqu&#39;\u00e0 pr\u00e9sent, mais c&#39;est le moyen id\u00e9al pour r\u00e9pondre \u00e0 cela et donner au manager quelque chose \u00e0 penser avant le week-end.<\/p>\n<p>M\u00eame dans les tribunes, vous pouviez voir l&#39;\u00e9quipe se rassembler autour de Martinelli apr\u00e8s avoir marqu\u00e9, et juste au coup de sifflet final qu&#39;il a cherch\u00e9 et a eu un gros c\u00e2lin avec Riccardo Calafiori. En parlant par la suite, Arteta a d\u00e9clar\u00e9:<\/p>\n<blockquote>\n<p>C&#39;est l&#39;esprit, c&#39;est pourquoi j&#39;appr\u00e9cie vraiment chaque jour de travailler avec eux et de faire partie de cette \u00e9quipe, car la fa\u00e7on dont ils s&#39;occupent les uns des autres est authentique, et ils veulent vraiment le meilleur les uns pour les autres. Ils reconnaissent quelqu&#39;un qui travaille chaque jour d&#39;une mani\u00e8re que Gabi fait, et vous pouvez parcourir les difficult\u00e9s ou les moments et reconna\u00eetre cela et avoir cette capacit\u00e9 \u00e0 vous connecter avec lui, je pense que cela signifierait beaucoup pour lui.<\/p>\n<\/blockquote>\n<p>De diff\u00e9rentes mani\u00e8res, les matchs des Forest and Athletic Club ont d\u00e9montr\u00e9 la valeur de notre profondeur de l&#39;\u00e9quipe &#8211; et lorsque vous pouvez amener deux joueurs comme Trossard et Martinelli, il parle de la qualit\u00e9 de notre \u00e9quipe. Imaginez le banc avec Bukayo Saka, Martin Odegaard et Kai Havertz dessus aussi. Oh, et Ben White. Ce qui m&#39;am\u00e8ne \u00e0 cela, bien que le duo qui sait des buts obtiendra \u00e0 juste titre les projecteurs apr\u00e8s leurs exploits, pouvons-nous simplement parler un peu de notre d\u00e9fense?<\/p>\n<p>En cinq matchs cette saison, nous avons conc\u00e9d\u00e9 un seul but, et c&#39;\u00e9tait un Worldie d&#39;un coup franc de Dominik Szoboszlai. Hier soir, nous nous sommes sentis \u00e0 nouveau solides. Gabriel, un colosse d&#39;un joueur dont la coh\u00e9rence est vraiment remarquable, \u00e9tait la pierre angulaire d&#39;un autre effort d\u00e9fensif fantastique, mais qu&#39;en est-il de Cristhian Mosquera? Il fut un temps o\u00f9 Arteta aurait pris un risque avec Saliba pour un jeu comme celui-ci, mais avec ce jeune homme \u00e0 sa disposition, il n&#39;en a pas besoin. Je pensais qu&#39;il \u00e9tait absolument exceptionnel hier soir, sa lecture du jeu est si impressionnante pour un d\u00e9fenseur de 20 ans, et j&#39;aime aussi sa bravoure sur le ballon. Quelle signature.<\/p>\n<p>Dans l&#39;ensemble, un d\u00e9but tr\u00e8s solide pour notre campagne europ\u00e9enne. Nous avons d\u00fb faire face \u00e0 une opposition d\u00e9cente hier soir, mais aussi une grande occasion, et nous avons tr\u00e8s bien r\u00e9ussi cela. Comme jamais, il y a des choses que nous pourrions faire mieux, mais vous ne pouvez pas contester avec une victoire 2-0 loin de chez vous.<\/p>\n<h4>Bilbao et l&#39;exp\u00e9rience \u00e0 l&#39;ext\u00e9rieur<\/h4>\n<p>Tout d&#39;abord, il revient en toute s\u00e9curit\u00e9 aux anciens amis et nouveau que j&#39;ai rencontr\u00e9 au cours des deux derniers jours. Certaines des voyages ont fait pour se rendre \u00e0 Bilbao pour soutenir Arsenal \u00e9tait vraiment quelque chose. De plusieurs vols vers le sommeil dans les a\u00e9roports vers de tr\u00e8s longues trajets en bus, l&#39;engagement est vraiment impressionnant de regarder 90 minutes de football.<\/p>\n<p>Je suis s\u00fbr qu&#39;ils se sont sentis r\u00e9compens\u00e9s par ce que l&#39;\u00e9quipe a produit, mais aussi ce que cette ville fournit. Je ne peux pas le recommander assez hautement, si vous avez la chance de pouvoir faire un voyage ici. Je me compte chanceux d&#39;avoir \u00e9t\u00e9 ici \u00e0 quelques reprises. La nourriture et les boissons sont incroyables, les gens sont super et l&#39;endroit lui-m\u00eame est magnifique. Si vous pouviez attraper le jeu du Club Athletic en m\u00eame temps, tant mieux.<\/p>\n<p>J&#39;ai le temps de tuer avant mon vol de retour ce soir, et je vais juste me promener, avoir un Pintxo ici et Pintxo l\u00e0-bas avant de me diriger vers l&#39;a\u00e9roport. Nous aurons un arsecast pour vous demain quand je reviendrai \u00e0 Dublin.<\/p>\n<p>Pour l&#39;instant, ayez un bon.<\/p>\n<\/div>\n","protected":false},"excerpt":{"rendered":"<p>Rapport de match &#8211; Notes de joueur &#8211; Vid\u00e9o La promenade, de Nueva Plaza dans la vieille ville de Bilbao, Gran Via, est essentiellement une<\/p>\n","protected":false},"author":1,"featured_media":28617,"comment_status":"closed","ping_status":"","sticky":false,"template":"","format":"standard","meta":{"footnotes":""},"categories":[3],"tags":[10538,67,2938,333,4250,1103],"yoast_head":"<!-- This site is optimized with the Yoast SEO plugin v21.0 - https:\/\/yoast.com\/wordpress\/plugins\/seo\/ -->\n<title>Athletic Club 0-2 Arsenal: Profondeur en affichage partie 2<\/title>\n<meta name=\"robots\" content=\"index, follow, max-snippet:-1, max-image-preview:large, max-video-preview:-1\" \/>\n<link rel=\"canonical\" href=\"https:\/\/footdavant.fr\/actualites\/athletic-club-0-2-arsenal-profondeur-en-affichage-partie-2\/\" \/>\n<meta property=\"og:locale\" content=\"fr_FR\" \/>\n<meta property=\"og:type\" content=\"article\" \/>\n<meta property=\"og:title\" content=\"Athletic Club 0-2 Arsenal: Profondeur en affichage partie 2\" \/>\n<meta property=\"og:description\" content=\"Rapport de match &#8211; Notes de joueur &#8211; Vid\u00e9o La promenade, de Nueva Plaza dans la vieille ville de Bilbao, Gran Via, est essentiellement une\" \/>\n<meta property=\"og:url\" content=\"https:\/\/footdavant.fr\/actualites\/athletic-club-0-2-arsenal-profondeur-en-affichage-partie-2\/\" \/>\n<meta property=\"og:site_name\" content=\"Foot d&#039;avant\" \/>\n<meta property=\"article:publisher\" content=\"https:\/\/www.facebook.com\/Footdavant\/\" \/>\n<meta property=\"article:published_time\" content=\"2025-09-17T18:48:04+00:00\" \/>\n<meta property=\"article:modified_time\" content=\"2025-09-17T18:48:06+00:00\" \/>\n<meta property=\"og:image\" content=\"https:\/\/footdavant.fr\/actualites\/wp-content\/uploads\/2025\/09\/1758134885_Athletic-Club-0-2-Arsenal-Profondeur-en-affichage-partie-2.jpg\" \/>\n\t<meta property=\"og:image:width\" content=\"1500\" \/>\n\t<meta property=\"og:image:height\" content=\"750\" \/>\n\t<meta property=\"og:image:type\" content=\"image\/jpeg\" \/>\n<meta name=\"author\" content=\"Cl\u00e9ment\" \/>\n<meta name=\"twitter:card\" content=\"summary_large_image\" \/>\n<meta name=\"twitter:creator\" content=\"@FootdavantFr\" \/>\n<meta name=\"twitter:site\" content=\"@FootdavantFr\" \/>\n<meta name=\"twitter:label1\" content=\"\u00c9crit par\" \/>\n\t<meta name=\"twitter:data1\" content=\"Cl\u00e9ment\" \/>\n\t<meta name=\"twitter:label2\" content=\"Dur\u00e9e de lecture estim\u00e9e\" \/>\n\t<meta name=\"twitter:data2\" content=\"7 minutes\" \/>\n<script type=\"application\/ld+json\" class=\"yoast-schema-graph\">{\"@context\":\"https:\/\/schema.org\",\"@graph\":[{\"@type\":\"Article\",\"@id\":\"https:\/\/footdavant.fr\/actualites\/athletic-club-0-2-arsenal-profondeur-en-affichage-partie-2\/#article\",\"isPartOf\":{\"@id\":\"https:\/\/footdavant.fr\/actualites\/athletic-club-0-2-arsenal-profondeur-en-affichage-partie-2\/\"},\"author\":{\"name\":\"Cl\u00e9ment\",\"@id\":\"https:\/\/footdavant.fr\/actualites\/#\/schema\/person\/bc222566d95871b37e597b3ed3ba5e1d\"},\"headline\":\"Athletic Club 0-2 Arsenal: Profondeur en affichage partie 2\",\"datePublished\":\"2025-09-17T18:48:04+00:00\",\"dateModified\":\"2025-09-17T18:48:06+00:00\",\"mainEntityOfPage\":{\"@id\":\"https:\/\/footdavant.fr\/actualites\/athletic-club-0-2-arsenal-profondeur-en-affichage-partie-2\/\"},\"wordCount\":1467,\"publisher\":{\"@id\":\"https:\/\/footdavant.fr\/actualites\/#organization\"},\"keywords\":[\"affichage\",\"Arsenal\",\"Athletic\",\"club\",\"partie\",\"profondeur\"],\"articleSection\":[\"Football\"],\"inLanguage\":\"fr-FR\"},{\"@type\":\"WebPage\",\"@id\":\"https:\/\/footdavant.fr\/actualites\/athletic-club-0-2-arsenal-profondeur-en-affichage-partie-2\/\",\"url\":\"https:\/\/footdavant.fr\/actualites\/athletic-club-0-2-arsenal-profondeur-en-affichage-partie-2\/\",\"name\":\"Athletic Club 0-2 Arsenal: Profondeur en affichage partie 2\",\"isPartOf\":{\"@id\":\"https:\/\/footdavant.fr\/actualites\/#website\"},\"datePublished\":\"2025-09-17T18:48:04+00:00\",\"dateModified\":\"2025-09-17T18:48:06+00:00\",\"breadcrumb\":{\"@id\":\"https:\/\/footdavant.fr\/actualites\/athletic-club-0-2-arsenal-profondeur-en-affichage-partie-2\/#breadcrumb\"},\"inLanguage\":\"fr-FR\",\"potentialAction\":[{\"@type\":\"ReadAction\",\"target\":[\"https:\/\/footdavant.fr\/actualites\/athletic-club-0-2-arsenal-profondeur-en-affichage-partie-2\/\"]}]},{\"@type\":\"BreadcrumbList\",\"@id\":\"https:\/\/footdavant.fr\/actualites\/athletic-club-0-2-arsenal-profondeur-en-affichage-partie-2\/#breadcrumb\",\"itemListElement\":[{\"@type\":\"ListItem\",\"position\":1,\"name\":\"Accueil\",\"item\":\"https:\/\/footdavant.fr\/actualites\/\"},{\"@type\":\"ListItem\",\"position\":2,\"name\":\"Athletic Club 0-2 Arsenal: Profondeur en affichage partie 2\"}]},{\"@type\":\"WebSite\",\"@id\":\"https:\/\/footdavant.fr\/actualites\/#website\",\"url\":\"https:\/\/footdavant.fr\/actualites\/\",\"name\":\"Foot d'avant\",\"description\":\"\",\"publisher\":{\"@id\":\"https:\/\/footdavant.fr\/actualites\/#organization\"},\"potentialAction\":[{\"@type\":\"SearchAction\",\"target\":{\"@type\":\"EntryPoint\",\"urlTemplate\":\"https:\/\/footdavant.fr\/actualites\/?s={search_term_string}\"},\"query-input\":\"required name=search_term_string\"}],\"inLanguage\":\"fr-FR\"},{\"@type\":\"Organization\",\"@id\":\"https:\/\/footdavant.fr\/actualites\/#organization\",\"name\":\"Foot d'avant\",\"url\":\"https:\/\/footdavant.fr\/actualites\/\",\"logo\":{\"@type\":\"ImageObject\",\"inLanguage\":\"fr-FR\",\"@id\":\"https:\/\/footdavant.fr\/actualites\/#\/schema\/logo\/image\/\",\"url\":\"https:\/\/footdavant.fr\/actualites\/wp-content\/uploads\/2023\/09\/Copy-of-FootDavant-Logo.png\",\"contentUrl\":\"https:\/\/footdavant.fr\/actualites\/wp-content\/uploads\/2023\/09\/Copy-of-FootDavant-Logo.png\",\"width\":936,\"height\":549,\"caption\":\"Foot d'avant\"},\"image\":{\"@id\":\"https:\/\/footdavant.fr\/actualites\/#\/schema\/logo\/image\/\"},\"sameAs\":[\"https:\/\/www.facebook.com\/Footdavant\/\",\"https:\/\/twitter.com\/FootdavantFr\",\"https:\/\/www.instagram.com\/footdavant.fr\/\"]},{\"@type\":\"Person\",\"@id\":\"https:\/\/footdavant.fr\/actualites\/#\/schema\/person\/bc222566d95871b37e597b3ed3ba5e1d\",\"name\":\"Cl\u00e9ment\",\"image\":{\"@type\":\"ImageObject\",\"inLanguage\":\"fr-FR\",\"@id\":\"https:\/\/footdavant.fr\/actualites\/#\/schema\/person\/image\/\",\"url\":\"https:\/\/secure.gravatar.com\/avatar\/7728b29aac2719421e1a9159b2254c44?s=96&d=mm&r=g\",\"contentUrl\":\"https:\/\/secure.gravatar.com\/avatar\/7728b29aac2719421e1a9159b2254c44?s=96&d=mm&r=g\",\"caption\":\"Cl\u00e9ment\"},\"sameAs\":[\"https:\/\/footdavant.fr\/\"]}]}<\/script>\n<!-- \/ Yoast SEO plugin. -->","yoast_head_json":{"title":"Athletic Club 0-2 Arsenal: Profondeur en affichage partie 2","robots":{"index":"index","follow":"follow","max-snippet":"max-snippet:-1","max-image-preview":"max-image-preview:large","max-video-preview":"max-video-preview:-1"},"canonical":"https:\/\/footdavant.fr\/actualites\/athletic-club-0-2-arsenal-profondeur-en-affichage-partie-2\/","og_locale":"fr_FR","og_type":"article","og_title":"Athletic Club 0-2 Arsenal: Profondeur en affichage partie 2","og_description":"Rapport de match &#8211; Notes de joueur &#8211; Vid\u00e9o La promenade, de Nueva Plaza dans la vieille ville de Bilbao, Gran Via, est essentiellement une","og_url":"https:\/\/footdavant.fr\/actualites\/athletic-club-0-2-arsenal-profondeur-en-affichage-partie-2\/","og_site_name":"Foot d&#039;avant","article_publisher":"https:\/\/www.facebook.com\/Footdavant\/","article_published_time":"2025-09-17T18:48:04+00:00","article_modified_time":"2025-09-17T18:48:06+00:00","og_image":[{"width":1500,"height":750,"url":"https:\/\/footdavant.fr\/actualites\/wp-content\/uploads\/2025\/09\/1758134885_Athletic-Club-0-2-Arsenal-Profondeur-en-affichage-partie-2.jpg","type":"image\/jpeg"}],"author":"Cl\u00e9ment","twitter_card":"summary_large_image","twitter_creator":"@FootdavantFr","twitter_site":"@FootdavantFr","twitter_misc":{"\u00c9crit par":"Cl\u00e9ment","Dur\u00e9e de lecture estim\u00e9e":"7 minutes"},"schema":{"@context":"https:\/\/schema.org","@graph":[{"@type":"Article","@id":"https:\/\/footdavant.fr\/actualites\/athletic-club-0-2-arsenal-profondeur-en-affichage-partie-2\/#article","isPartOf":{"@id":"https:\/\/footdavant.fr\/actualites\/athletic-club-0-2-arsenal-profondeur-en-affichage-partie-2\/"},"author":{"name":"Cl\u00e9ment","@id":"https:\/\/footdavant.fr\/actualites\/#\/schema\/person\/bc222566d95871b37e597b3ed3ba5e1d"},"headline":"Athletic Club 0-2 Arsenal: Profondeur en affichage partie 2","datePublished":"2025-09-17T18:48:04+00:00","dateModified":"2025-09-17T18:48:06+00:00","mainEntityOfPage":{"@id":"https:\/\/footdavant.fr\/actualites\/athletic-club-0-2-arsenal-profondeur-en-affichage-partie-2\/"},"wordCount":1467,"publisher":{"@id":"https:\/\/footdavant.fr\/actualites\/#organization"},"keywords":["affichage","Arsenal","Athletic","club","partie","profondeur"],"articleSection":["Football"],"inLanguage":"fr-FR"},{"@type":"WebPage","@id":"https:\/\/footdavant.fr\/actualites\/athletic-club-0-2-arsenal-profondeur-en-affichage-partie-2\/","url":"https:\/\/footdavant.fr\/actualites\/athletic-club-0-2-arsenal-profondeur-en-affichage-partie-2\/","name":"Athletic Club 0-2 Arsenal: Profondeur en affichage partie 2","isPartOf":{"@id":"https:\/\/footdavant.fr\/actualites\/#website"},"datePublished":"2025-09-17T18:48:04+00:00","dateModified":"2025-09-17T18:48:06+00:00","breadcrumb":{"@id":"https:\/\/footdavant.fr\/actualites\/athletic-club-0-2-arsenal-profondeur-en-affichage-partie-2\/#breadcrumb"},"inLanguage":"fr-FR","potentialAction":[{"@type":"ReadAction","target":["https:\/\/footdavant.fr\/actualites\/athletic-club-0-2-arsenal-profondeur-en-affichage-partie-2\/"]}]},{"@type":"BreadcrumbList","@id":"https:\/\/footdavant.fr\/actualites\/athletic-club-0-2-arsenal-profondeur-en-affichage-partie-2\/#breadcrumb","itemListElement":[{"@type":"ListItem","position":1,"name":"Accueil","item":"https:\/\/footdavant.fr\/actualites\/"},{"@type":"ListItem","position":2,"name":"Athletic Club 0-2 Arsenal: Profondeur en affichage partie 2"}]},{"@type":"WebSite","@id":"https:\/\/footdavant.fr\/actualites\/#website","url":"https:\/\/footdavant.fr\/actualites\/","name":"Foot d'avant","description":"","publisher":{"@id":"https:\/\/footdavant.fr\/actualites\/#organization"},"potentialAction":[{"@type":"SearchAction","target":{"@type":"EntryPoint","urlTemplate":"https:\/\/footdavant.fr\/actualites\/?s={search_term_string}"},"query-input":"required name=search_term_string"}],"inLanguage":"fr-FR"},{"@type":"Organization","@id":"https:\/\/footdavant.fr\/actualites\/#organization","name":"Foot d'avant","url":"https:\/\/footdavant.fr\/actualites\/","logo":{"@type":"ImageObject","inLanguage":"fr-FR","@id":"https:\/\/footdavant.fr\/actualites\/#\/schema\/logo\/image\/","url":"https:\/\/footdavant.fr\/actualites\/wp-content\/uploads\/2023\/09\/Copy-of-FootDavant-Logo.png","contentUrl":"https:\/\/footdavant.fr\/actualites\/wp-content\/uploads\/2023\/09\/Copy-of-FootDavant-Logo.png","width":936,"height":549,"caption":"Foot d'avant"},"image":{"@id":"https:\/\/footdavant.fr\/actualites\/#\/schema\/logo\/image\/"},"sameAs":["https:\/\/www.facebook.com\/Footdavant\/","https:\/\/twitter.com\/FootdavantFr","https:\/\/www.instagram.com\/footdavant.fr\/"]},{"@type":"Person","@id":"https:\/\/footdavant.fr\/actualites\/#\/schema\/person\/bc222566d95871b37e597b3ed3ba5e1d","name":"Cl\u00e9ment","image":{"@type":"ImageObject","inLanguage":"fr-FR","@id":"https:\/\/footdavant.fr\/actualites\/#\/schema\/person\/image\/","url":"https:\/\/secure.gravatar.com\/avatar\/7728b29aac2719421e1a9159b2254c44?s=96&d=mm&r=g","contentUrl":"https:\/\/secure.gravatar.com\/avatar\/7728b29aac2719421e1a9159b2254c44?s=96&d=mm&r=g","caption":"Cl\u00e9ment"},"sameAs":["https:\/\/footdavant.fr\/"]}]}},"_links":{"self":[{"href":"https:\/\/footdavant.fr\/actualites\/wp-json\/wp\/v2\/posts\/28616"}],"collection":[{"href":"https:\/\/footdavant.fr\/actualites\/wp-json\/wp\/v2\/posts"}],"about":[{"href":"https:\/\/footdavant.fr\/actualites\/wp-json\/wp\/v2\/types\/post"}],"author":[{"embeddable":true,"href":"https:\/\/footdavant.fr\/actualites\/wp-json\/wp\/v2\/users\/1"}],"replies":[{"embeddable":true,"href":"https:\/\/footdavant.fr\/actualites\/wp-json\/wp\/v2\/comments?post=28616"}],"version-history":[{"count":1,"href":"https:\/\/footdavant.fr\/actualites\/wp-json\/wp\/v2\/posts\/28616\/revisions"}],"predecessor-version":[{"id":28618,"href":"https:\/\/footdavant.fr\/actualites\/wp-json\/wp\/v2\/posts\/28616\/revisions\/28618"}],"wp:featuredmedia":[{"embeddable":true,"href":"https:\/\/footdavant.fr\/actualites\/wp-json\/wp\/v2\/media\/28617"}],"wp:attachment":[{"href":"https:\/\/footdavant.fr\/actualites\/wp-json\/wp\/v2\/media?parent=28616"}],"wp:term":[{"taxonomy":"category","embeddable":true,"href":"https:\/\/footdavant.fr\/actualites\/wp-json\/wp\/v2\/categories?post=28616"},{"taxonomy":"post_tag","embeddable":true,"href":"https:\/\/footdavant.fr\/actualites\/wp-json\/wp\/v2\/tags?post=28616"}],"curies":[{"name":"wp","href":"https:\/\/api.w.org\/{rel}","templated":true}]}}