{"id":28630,"date":"2025-09-18T02:48:12","date_gmt":"2025-09-18T00:48:12","guid":{"rendered":"https:\/\/footdavant.fr\/actualites\/adam-wharton-a-demande-le-prix-reduit-alors-que-man-united-rejoigne-liverpool-real-madrid-dans-transfer-race\/"},"modified":"2025-09-18T02:48:13","modified_gmt":"2025-09-18T00:48:13","slug":"adam-wharton-a-demande-le-prix-reduit-alors-que-man-united-rejoigne-liverpool-real-madrid-dans-transfer-race","status":"publish","type":"post","link":"https:\/\/footdavant.fr\/actualites\/adam-wharton-a-demande-le-prix-reduit-alors-que-man-united-rejoigne-liverpool-real-madrid-dans-transfer-race\/","title":{"rendered":"Adam Wharton a demand\u00e9 le prix \u00abr\u00e9duit\u00bb alors que Man United rejoigne Liverpool, Real Madrid dans Transfer Race"},"content":{"rendered":"<p>Manchester United aurait rejoint Liverpool et le Real Madrid dans la course pour signer le milieu de terrain de Crystal Palace Adam Wharton.<\/p>\n<div id=\"article_body\" itemprop=\"articleBody\">\n<h3 class=\"firstPara\"><\/h3>\n<p><strong class=\"autotag\">Manchester United aurait rejoint <strong class=\"autotag\">Liverpool et <strong class=\"autotag\">Le Real Madrid dans la course pour signer le milieu de terrain de Crystal Palace <strong class=\"autotag\">Adam Wharton. <\/p>\n<p>Le joueur de 21 ans a rapidement d\u00e9velopp\u00e9 une r\u00e9putation de l&#39;un des milieux de terrain prometteurs de l&#39;Angleterre depuis qu&#39;il a rejoint Palace de Blackburn Rovers l&#39;\u00e9t\u00e9 dernier. <\/p>\n<p>Wharton a largement impressionn\u00e9 dans ses 49 apparitions comp\u00e9titives pour Eagles, ce qui a conduit \u00e0 des sp\u00e9culations sur un \u00e9loignement potentiel de Selhurst Park.<\/p>\n<p>Les champions de la Premier League Liverpool et les g\u00e9ants espagnols du Real Madrid ont tous deux \u00e9t\u00e9 mentionn\u00e9s comme pr\u00e9tendants possibles pour l&#39;Anglais. <\/p>\n<p class=\"imgI\">\n<h2>Man United rejoigne la course Wharton<\/h2>\n<p>Selon<em> Pris hors-jeu<\/em>Man United montre \u00e9galement un vif int\u00e9r\u00eat \u00e0 emp\u00eacher Wharton de <strong class=\"autotag\">Le c\u00f4t\u00e9 d&#39;Oliver Glasner. <\/p>\n<p>Man United a plac\u00e9 Wharton \u00abHigh Up\u00bb sur leur liste de transfert, avec l&#39;entra\u00eeneur-chef <strong class=\"autotag\">Ruben Amorim a dit \u00eatre un \u00e9norme admirateur du milieu de terrain du palais. <\/p>\n<p>Les Eagles auraient exig\u00e9 environ 100 millions de livres sterling pour se s\u00e9parer de Wharton dans la r\u00e9cente fen\u00eatre de transfert, mais ils pourraient r\u00e9duire leur prix demand\u00e9 sur le march\u00e9 de janvier. <\/p>\n<p>Wharton pourrait partir pour des frais dans la r\u00e9gion de 60 millions de livres sterling au milieu de la saison, bien qu&#39;il puisse y avoir des points d&#39;interrogation entourant ce chiffre, \u00e9tant donn\u00e9 que le joueur est sous contrat jusqu&#39;\u00e0 l&#39;\u00e9t\u00e9 2029.<\/p>\n<p class=\"imgI\"><img decoding=\"async\" alt=\"Le manager de Manchester United Ruben Amorim illustr\u00e9 le 30 ao\u00fbt 2025\" class=\"vanilla-lazyload article-image\" src=\"https:\/\/footdavant.fr\/actualites\/wp-content\/uploads\/2025\/09\/1757018922_Man-United-a-Ruben-Amorim-39Fear39-apres-la-victoire-de.jpg\"><\/p>\n<h2>Pourquoi Man United Wharton Swoop?<\/h2>\n<p>Man United \u00e9tait assez actif sur le march\u00e9 des transferts d&#39;\u00e9t\u00e9, recrutant <strong class=\"autotag\">Matheus cunha, <strong class=\"autotag\">Benjamin Sesko, <strong class=\"autotag\">Bryan Mbeumo, <strong class=\"autotag\">Senne Lammens et Diego Leon.<\/p>\n<p>Cependant, ils ont \u00e9chou\u00e9 dans leur qu\u00eate pour renforcer leurs options de milieu de terrain, bien qu&#39;ils soient fortement li\u00e9s \u00e0 un mouvement pour Brighton &#038; Hove Albion <strong class=\"autotag\">Carlos Baleba.<\/p>\n<p>Les Red Devils pourraient revisiter leur poursuite de Baleba dans la fen\u00eatre d&#39;hiver, bien que l&#39;\u00e9valuation de Brighton puisse entraver leurs espoirs de signer le jeune homme de 21 ans.<\/p>\n<p>Man United peut consid\u00e9rer Wharton comme une alternative de haute qualit\u00e9 alors qu&#39;ils cherchent \u00e0 ajouter \u00e0 leurs options de milieu de terrain, qui incluent actuellement <strong class=\"autotag\">Casemiro, <strong class=\"autotag\">Bruno Fernandes, <strong class=\"autotag\">Kobbie Mainoo et <strong class=\"autotag\">Manuel Ugarte.<\/p>\n<\/div>\n","protected":false},"excerpt":{"rendered":"<p>Manchester United aurait rejoint Liverpool et le Real Madrid dans la course pour signer le milieu de terrain de Crystal Palace Adam Wharton. Manchester United<\/p>\n","protected":false},"author":1,"featured_media":28631,"comment_status":"closed","ping_status":"","sticky":false,"template":"","format":"standard","meta":{"footnotes":""},"categories":[5],"tags":[2688,318,19,74,53,303,24,73,3161,302,4532,3766,2732,13,5312],"yoast_head":"<!-- This site is optimized with the Yoast SEO plugin v21.0 - https:\/\/yoast.com\/wordpress\/plugins\/seo\/ -->\n<title>Adam Wharton a demand\u00e9 le prix \u00abr\u00e9duit\u00bb alors que Man United rejoigne Liverpool, Real Madrid dans Transfer Race<\/title>\n<meta name=\"robots\" content=\"index, follow, max-snippet:-1, max-image-preview:large, max-video-preview:-1\" \/>\n<link rel=\"canonical\" href=\"https:\/\/footdavant.fr\/actualites\/adam-wharton-a-demande-le-prix-reduit-alors-que-man-united-rejoigne-liverpool-real-madrid-dans-transfer-race\/\" \/>\n<meta property=\"og:locale\" content=\"fr_FR\" \/>\n<meta property=\"og:type\" content=\"article\" \/>\n<meta property=\"og:title\" content=\"Adam Wharton a demand\u00e9 le prix \u00abr\u00e9duit\u00bb alors que Man United rejoigne Liverpool, Real Madrid dans Transfer Race\" \/>\n<meta property=\"og:description\" content=\"Manchester United aurait rejoint Liverpool et le Real Madrid dans la course pour signer le milieu de terrain de Crystal Palace Adam Wharton. Manchester United\" \/>\n<meta property=\"og:url\" content=\"https:\/\/footdavant.fr\/actualites\/adam-wharton-a-demande-le-prix-reduit-alors-que-man-united-rejoigne-liverpool-real-madrid-dans-transfer-race\/\" \/>\n<meta property=\"og:site_name\" content=\"Foot d&#039;avant\" \/>\n<meta property=\"article:publisher\" content=\"https:\/\/www.facebook.com\/Footdavant\/\" \/>\n<meta property=\"article:published_time\" content=\"2025-09-18T00:48:12+00:00\" \/>\n<meta property=\"article:modified_time\" content=\"2025-09-18T00:48:13+00:00\" \/>\n<meta property=\"og:image\" content=\"https:\/\/footdavant.fr\/actualites\/wp-content\/uploads\/2025\/09\/Adam-Wharton-a-demande-le-prix-reduit-alors-que-Man.jpg\" \/>\n\t<meta property=\"og:image:width\" content=\"640\" \/>\n\t<meta property=\"og:image:height\" content=\"480\" \/>\n\t<meta property=\"og:image:type\" content=\"image\/jpeg\" \/>\n<meta name=\"author\" content=\"Cl\u00e9ment\" \/>\n<meta name=\"twitter:card\" content=\"summary_large_image\" \/>\n<meta name=\"twitter:creator\" content=\"@FootdavantFr\" \/>\n<meta name=\"twitter:site\" content=\"@FootdavantFr\" \/>\n<meta name=\"twitter:label1\" content=\"\u00c9crit par\" \/>\n\t<meta name=\"twitter:data1\" content=\"Cl\u00e9ment\" \/>\n\t<meta name=\"twitter:label2\" content=\"Dur\u00e9e de lecture estim\u00e9e\" \/>\n\t<meta name=\"twitter:data2\" content=\"2 minutes\" \/>\n<script type=\"application\/ld+json\" class=\"yoast-schema-graph\">{\"@context\":\"https:\/\/schema.org\",\"@graph\":[{\"@type\":\"Article\",\"@id\":\"https:\/\/footdavant.fr\/actualites\/adam-wharton-a-demande-le-prix-reduit-alors-que-man-united-rejoigne-liverpool-real-madrid-dans-transfer-race\/#article\",\"isPartOf\":{\"@id\":\"https:\/\/footdavant.fr\/actualites\/adam-wharton-a-demande-le-prix-reduit-alors-que-man-united-rejoigne-liverpool-real-madrid-dans-transfer-race\/\"},\"author\":{\"name\":\"Cl\u00e9ment\",\"@id\":\"https:\/\/footdavant.fr\/actualites\/#\/schema\/person\/bc222566d95871b37e597b3ed3ba5e1d\"},\"headline\":\"Adam Wharton a demand\u00e9 le prix \u00abr\u00e9duit\u00bb alors que Man United rejoigne Liverpool, Real Madrid dans Transfer Race\",\"datePublished\":\"2025-09-18T00:48:12+00:00\",\"dateModified\":\"2025-09-18T00:48:13+00:00\",\"mainEntityOfPage\":{\"@id\":\"https:\/\/footdavant.fr\/actualites\/adam-wharton-a-demande-le-prix-reduit-alors-que-man-united-rejoigne-liverpool-real-madrid-dans-transfer-race\/\"},\"wordCount\":415,\"publisher\":{\"@id\":\"https:\/\/footdavant.fr\/actualites\/#organization\"},\"keywords\":[\"Adam\",\"alors\",\"dans\",\"demand\u00e9\",\"Liverpool\",\"Madrid\",\"Man\",\"prix\",\"Race\",\"Real\",\"r\u00e9duit\",\"rejoigne\",\"Transfer\",\"United\",\"Wharton\"],\"articleSection\":[\"Premier League\"],\"inLanguage\":\"fr-FR\"},{\"@type\":\"WebPage\",\"@id\":\"https:\/\/footdavant.fr\/actualites\/adam-wharton-a-demande-le-prix-reduit-alors-que-man-united-rejoigne-liverpool-real-madrid-dans-transfer-race\/\",\"url\":\"https:\/\/footdavant.fr\/actualites\/adam-wharton-a-demande-le-prix-reduit-alors-que-man-united-rejoigne-liverpool-real-madrid-dans-transfer-race\/\",\"name\":\"Adam Wharton a demand\u00e9 le prix \u00abr\u00e9duit\u00bb alors que Man United rejoigne Liverpool, Real Madrid dans Transfer Race\",\"isPartOf\":{\"@id\":\"https:\/\/footdavant.fr\/actualites\/#website\"},\"datePublished\":\"2025-09-18T00:48:12+00:00\",\"dateModified\":\"2025-09-18T00:48:13+00:00\",\"breadcrumb\":{\"@id\":\"https:\/\/footdavant.fr\/actualites\/adam-wharton-a-demande-le-prix-reduit-alors-que-man-united-rejoigne-liverpool-real-madrid-dans-transfer-race\/#breadcrumb\"},\"inLanguage\":\"fr-FR\",\"potentialAction\":[{\"@type\":\"ReadAction\",\"target\":[\"https:\/\/footdavant.fr\/actualites\/adam-wharton-a-demande-le-prix-reduit-alors-que-man-united-rejoigne-liverpool-real-madrid-dans-transfer-race\/\"]}]},{\"@type\":\"BreadcrumbList\",\"@id\":\"https:\/\/footdavant.fr\/actualites\/adam-wharton-a-demande-le-prix-reduit-alors-que-man-united-rejoigne-liverpool-real-madrid-dans-transfer-race\/#breadcrumb\",\"itemListElement\":[{\"@type\":\"ListItem\",\"position\":1,\"name\":\"Accueil\",\"item\":\"https:\/\/footdavant.fr\/actualites\/\"},{\"@type\":\"ListItem\",\"position\":2,\"name\":\"Adam Wharton a demand\u00e9 le prix \u00abr\u00e9duit\u00bb alors que Man United rejoigne Liverpool, Real Madrid dans Transfer Race\"}]},{\"@type\":\"WebSite\",\"@id\":\"https:\/\/footdavant.fr\/actualites\/#website\",\"url\":\"https:\/\/footdavant.fr\/actualites\/\",\"name\":\"Foot d'avant\",\"description\":\"\",\"publisher\":{\"@id\":\"https:\/\/footdavant.fr\/actualites\/#organization\"},\"potentialAction\":[{\"@type\":\"SearchAction\",\"target\":{\"@type\":\"EntryPoint\",\"urlTemplate\":\"https:\/\/footdavant.fr\/actualites\/?s={search_term_string}\"},\"query-input\":\"required name=search_term_string\"}],\"inLanguage\":\"fr-FR\"},{\"@type\":\"Organization\",\"@id\":\"https:\/\/footdavant.fr\/actualites\/#organization\",\"name\":\"Foot d'avant\",\"url\":\"https:\/\/footdavant.fr\/actualites\/\",\"logo\":{\"@type\":\"ImageObject\",\"inLanguage\":\"fr-FR\",\"@id\":\"https:\/\/footdavant.fr\/actualites\/#\/schema\/logo\/image\/\",\"url\":\"https:\/\/footdavant.fr\/actualites\/wp-content\/uploads\/2023\/09\/Copy-of-FootDavant-Logo.png\",\"contentUrl\":\"https:\/\/footdavant.fr\/actualites\/wp-content\/uploads\/2023\/09\/Copy-of-FootDavant-Logo.png\",\"width\":936,\"height\":549,\"caption\":\"Foot d'avant\"},\"image\":{\"@id\":\"https:\/\/footdavant.fr\/actualites\/#\/schema\/logo\/image\/\"},\"sameAs\":[\"https:\/\/www.facebook.com\/Footdavant\/\",\"https:\/\/twitter.com\/FootdavantFr\",\"https:\/\/www.instagram.com\/footdavant.fr\/\"]},{\"@type\":\"Person\",\"@id\":\"https:\/\/footdavant.fr\/actualites\/#\/schema\/person\/bc222566d95871b37e597b3ed3ba5e1d\",\"name\":\"Cl\u00e9ment\",\"image\":{\"@type\":\"ImageObject\",\"inLanguage\":\"fr-FR\",\"@id\":\"https:\/\/footdavant.fr\/actualites\/#\/schema\/person\/image\/\",\"url\":\"https:\/\/secure.gravatar.com\/avatar\/7728b29aac2719421e1a9159b2254c44?s=96&d=mm&r=g\",\"contentUrl\":\"https:\/\/secure.gravatar.com\/avatar\/7728b29aac2719421e1a9159b2254c44?s=96&d=mm&r=g\",\"caption\":\"Cl\u00e9ment\"},\"sameAs\":[\"https:\/\/footdavant.fr\/\"]}]}<\/script>\n<!-- \/ Yoast SEO plugin. -->","yoast_head_json":{"title":"Adam Wharton a demand\u00e9 le prix \u00abr\u00e9duit\u00bb alors que Man United rejoigne Liverpool, Real Madrid dans Transfer Race","robots":{"index":"index","follow":"follow","max-snippet":"max-snippet:-1","max-image-preview":"max-image-preview:large","max-video-preview":"max-video-preview:-1"},"canonical":"https:\/\/footdavant.fr\/actualites\/adam-wharton-a-demande-le-prix-reduit-alors-que-man-united-rejoigne-liverpool-real-madrid-dans-transfer-race\/","og_locale":"fr_FR","og_type":"article","og_title":"Adam Wharton a demand\u00e9 le prix \u00abr\u00e9duit\u00bb alors que Man United rejoigne Liverpool, Real Madrid dans Transfer Race","og_description":"Manchester United aurait rejoint Liverpool et le Real Madrid dans la course pour signer le milieu de terrain de Crystal Palace Adam Wharton. Manchester United","og_url":"https:\/\/footdavant.fr\/actualites\/adam-wharton-a-demande-le-prix-reduit-alors-que-man-united-rejoigne-liverpool-real-madrid-dans-transfer-race\/","og_site_name":"Foot d&#039;avant","article_publisher":"https:\/\/www.facebook.com\/Footdavant\/","article_published_time":"2025-09-18T00:48:12+00:00","article_modified_time":"2025-09-18T00:48:13+00:00","og_image":[{"width":640,"height":480,"url":"https:\/\/footdavant.fr\/actualites\/wp-content\/uploads\/2025\/09\/Adam-Wharton-a-demande-le-prix-reduit-alors-que-Man.jpg","type":"image\/jpeg"}],"author":"Cl\u00e9ment","twitter_card":"summary_large_image","twitter_creator":"@FootdavantFr","twitter_site":"@FootdavantFr","twitter_misc":{"\u00c9crit par":"Cl\u00e9ment","Dur\u00e9e de lecture estim\u00e9e":"2 minutes"},"schema":{"@context":"https:\/\/schema.org","@graph":[{"@type":"Article","@id":"https:\/\/footdavant.fr\/actualites\/adam-wharton-a-demande-le-prix-reduit-alors-que-man-united-rejoigne-liverpool-real-madrid-dans-transfer-race\/#article","isPartOf":{"@id":"https:\/\/footdavant.fr\/actualites\/adam-wharton-a-demande-le-prix-reduit-alors-que-man-united-rejoigne-liverpool-real-madrid-dans-transfer-race\/"},"author":{"name":"Cl\u00e9ment","@id":"https:\/\/footdavant.fr\/actualites\/#\/schema\/person\/bc222566d95871b37e597b3ed3ba5e1d"},"headline":"Adam Wharton a demand\u00e9 le prix \u00abr\u00e9duit\u00bb alors que Man United rejoigne Liverpool, Real Madrid dans Transfer Race","datePublished":"2025-09-18T00:48:12+00:00","dateModified":"2025-09-18T00:48:13+00:00","mainEntityOfPage":{"@id":"https:\/\/footdavant.fr\/actualites\/adam-wharton-a-demande-le-prix-reduit-alors-que-man-united-rejoigne-liverpool-real-madrid-dans-transfer-race\/"},"wordCount":415,"publisher":{"@id":"https:\/\/footdavant.fr\/actualites\/#organization"},"keywords":["Adam","alors","dans","demand\u00e9","Liverpool","Madrid","Man","prix","Race","Real","r\u00e9duit","rejoigne","Transfer","United","Wharton"],"articleSection":["Premier League"],"inLanguage":"fr-FR"},{"@type":"WebPage","@id":"https:\/\/footdavant.fr\/actualites\/adam-wharton-a-demande-le-prix-reduit-alors-que-man-united-rejoigne-liverpool-real-madrid-dans-transfer-race\/","url":"https:\/\/footdavant.fr\/actualites\/adam-wharton-a-demande-le-prix-reduit-alors-que-man-united-rejoigne-liverpool-real-madrid-dans-transfer-race\/","name":"Adam Wharton a demand\u00e9 le prix \u00abr\u00e9duit\u00bb alors que Man United rejoigne Liverpool, Real Madrid dans Transfer Race","isPartOf":{"@id":"https:\/\/footdavant.fr\/actualites\/#website"},"datePublished":"2025-09-18T00:48:12+00:00","dateModified":"2025-09-18T00:48:13+00:00","breadcrumb":{"@id":"https:\/\/footdavant.fr\/actualites\/adam-wharton-a-demande-le-prix-reduit-alors-que-man-united-rejoigne-liverpool-real-madrid-dans-transfer-race\/#breadcrumb"},"inLanguage":"fr-FR","potentialAction":[{"@type":"ReadAction","target":["https:\/\/footdavant.fr\/actualites\/adam-wharton-a-demande-le-prix-reduit-alors-que-man-united-rejoigne-liverpool-real-madrid-dans-transfer-race\/"]}]},{"@type":"BreadcrumbList","@id":"https:\/\/footdavant.fr\/actualites\/adam-wharton-a-demande-le-prix-reduit-alors-que-man-united-rejoigne-liverpool-real-madrid-dans-transfer-race\/#breadcrumb","itemListElement":[{"@type":"ListItem","position":1,"name":"Accueil","item":"https:\/\/footdavant.fr\/actualites\/"},{"@type":"ListItem","position":2,"name":"Adam Wharton a demand\u00e9 le prix \u00abr\u00e9duit\u00bb alors que Man United rejoigne Liverpool, Real Madrid dans Transfer Race"}]},{"@type":"WebSite","@id":"https:\/\/footdavant.fr\/actualites\/#website","url":"https:\/\/footdavant.fr\/actualites\/","name":"Foot d'avant","description":"","publisher":{"@id":"https:\/\/footdavant.fr\/actualites\/#organization"},"potentialAction":[{"@type":"SearchAction","target":{"@type":"EntryPoint","urlTemplate":"https:\/\/footdavant.fr\/actualites\/?s={search_term_string}"},"query-input":"required name=search_term_string"}],"inLanguage":"fr-FR"},{"@type":"Organization","@id":"https:\/\/footdavant.fr\/actualites\/#organization","name":"Foot d'avant","url":"https:\/\/footdavant.fr\/actualites\/","logo":{"@type":"ImageObject","inLanguage":"fr-FR","@id":"https:\/\/footdavant.fr\/actualites\/#\/schema\/logo\/image\/","url":"https:\/\/footdavant.fr\/actualites\/wp-content\/uploads\/2023\/09\/Copy-of-FootDavant-Logo.png","contentUrl":"https:\/\/footdavant.fr\/actualites\/wp-content\/uploads\/2023\/09\/Copy-of-FootDavant-Logo.png","width":936,"height":549,"caption":"Foot d'avant"},"image":{"@id":"https:\/\/footdavant.fr\/actualites\/#\/schema\/logo\/image\/"},"sameAs":["https:\/\/www.facebook.com\/Footdavant\/","https:\/\/twitter.com\/FootdavantFr","https:\/\/www.instagram.com\/footdavant.fr\/"]},{"@type":"Person","@id":"https:\/\/footdavant.fr\/actualites\/#\/schema\/person\/bc222566d95871b37e597b3ed3ba5e1d","name":"Cl\u00e9ment","image":{"@type":"ImageObject","inLanguage":"fr-FR","@id":"https:\/\/footdavant.fr\/actualites\/#\/schema\/person\/image\/","url":"https:\/\/secure.gravatar.com\/avatar\/7728b29aac2719421e1a9159b2254c44?s=96&d=mm&r=g","contentUrl":"https:\/\/secure.gravatar.com\/avatar\/7728b29aac2719421e1a9159b2254c44?s=96&d=mm&r=g","caption":"Cl\u00e9ment"},"sameAs":["https:\/\/footdavant.fr\/"]}]}},"_links":{"self":[{"href":"https:\/\/footdavant.fr\/actualites\/wp-json\/wp\/v2\/posts\/28630"}],"collection":[{"href":"https:\/\/footdavant.fr\/actualites\/wp-json\/wp\/v2\/posts"}],"about":[{"href":"https:\/\/footdavant.fr\/actualites\/wp-json\/wp\/v2\/types\/post"}],"author":[{"embeddable":true,"href":"https:\/\/footdavant.fr\/actualites\/wp-json\/wp\/v2\/users\/1"}],"replies":[{"embeddable":true,"href":"https:\/\/footdavant.fr\/actualites\/wp-json\/wp\/v2\/comments?post=28630"}],"version-history":[{"count":1,"href":"https:\/\/footdavant.fr\/actualites\/wp-json\/wp\/v2\/posts\/28630\/revisions"}],"predecessor-version":[{"id":28632,"href":"https:\/\/footdavant.fr\/actualites\/wp-json\/wp\/v2\/posts\/28630\/revisions\/28632"}],"wp:featuredmedia":[{"embeddable":true,"href":"https:\/\/footdavant.fr\/actualites\/wp-json\/wp\/v2\/media\/28631"}],"wp:attachment":[{"href":"https:\/\/footdavant.fr\/actualites\/wp-json\/wp\/v2\/media?parent=28630"}],"wp:term":[{"taxonomy":"category","embeddable":true,"href":"https:\/\/footdavant.fr\/actualites\/wp-json\/wp\/v2\/categories?post=28630"},{"taxonomy":"post_tag","embeddable":true,"href":"https:\/\/footdavant.fr\/actualites\/wp-json\/wp\/v2\/tags?post=28630"}],"curies":[{"name":"wp","href":"https:\/\/api.w.org\/{rel}","templated":true}]}}