{"id":28633,"date":"2025-09-18T04:48:10","date_gmt":"2025-09-18T02:48:10","guid":{"rendered":"https:\/\/footdavant.fr\/actualites\/washington-a-retrouve-preston-smith-pour-augmenter-sa-ruee-vers-les-passes\/"},"modified":"2025-09-18T04:48:11","modified_gmt":"2025-09-18T02:48:11","slug":"washington-a-retrouve-preston-smith-pour-augmenter-sa-ruee-vers-les-passes","status":"publish","type":"post","link":"https:\/\/footdavant.fr\/actualites\/washington-a-retrouve-preston-smith-pour-augmenter-sa-ruee-vers-les-passes\/","title":{"rendered":"Washington a retrouv\u00e9 Preston Smith pour augmenter sa ru\u00e9e vers les passes"},"content":{"rendered":"<div>\n<p>De plus, le demi de coin Jonathan Jones a \u00e9t\u00e9 plac\u00e9 sur l&#39;IR, ce qui a ouvert une place pour les commandants. Avec cette ouverture, Washington retrouve une ancienne star d\u00e9fensive. Les initi\u00e9s de la NFL ont annonc\u00e9 que le v\u00e9t\u00e9ran de Preston Smith signait avec les commandants pour le reste de la saison 2025.<\/p>\n<h2>Preston Smith a \u00e9t\u00e9 sign\u00e9 par les commandants de Washington<\/h2>\n<blockquote class=\"twitter-tweet\">\n<p dir=\"ltr\" lang=\"en\">R\u00e9union: le v\u00e9t\u00e9ran de bord rusher Preston Smith signale avec le <a rel=\"nofollow\" href=\"https:\/\/twitter.com\/hashtag\/Commanders?src=hash&amp;ref_src=twsrc%5Etfw\"># Commandes<\/a>les sources disent aux initi\u00e9s.<\/p>\n<p>Un choix de deuxi\u00e8me tour en 2015, Smith a pass\u00e9 quatre saisons \u00e0 Washington avant de d\u00e9crocher un gros accord d&#39;agent libre \u00e0 Green Bay. Maintenant, il est de retour et peut ajouter \u00e0 ses 70,5 sacs en carri\u00e8re. <a rel=\"nofollow\" href=\"https:\/\/t.co\/v3l7FrA5Vo\">pic.twitter.com\/v3l7fra5vo<\/a><\/p>\n<p>&#8211; Tom Pelissero (@tompelissero) <a rel=\"nofollow\" href=\"https:\/\/twitter.com\/TomPelissero\/status\/1968292039394803913?ref_src=twsrc%5Etfw\">17 septembre 2025<\/a><\/p>\n<\/blockquote>\n<p>Au deuxi\u00e8me tour du rep\u00eachage de la NFL 2015, Washington a s\u00e9lectionn\u00e9 Preston Smith hors de l&#39;\u00c9tat du Mississippi. Il a jou\u00e9 les quatre premi\u00e8res saisons de sa carri\u00e8re professionnelle pour la franchise. En quatre ans, Smith a enregistr\u00e9 24,5 sacs pour Washington. Apr\u00e8s la saison 2018, Smith est parti en agence libre pour les Packers. Smith a connu une saison en petits groupes avec les Packers en 2019, enregistrant un sommet en carri\u00e8re de 12,5 sacs. Depuis lors, Smith n&#39;a pas atteint des sacs \u00e0 deux chiffres.<\/p>\n<p>Preston Smith a pass\u00e9 six saisons avec Green Bay jusqu&#39;\u00e0 ce qu&#39;ils le traduisent en 2024 aux Steelers. Il a disput\u00e9 17 matchs la saison derni\u00e8re, neuf pour les Packers et huit pour les Steelers. Pour la saison, Smith avait 4,5 sacs. Lors de leur d\u00e9faite de la semaine 2 contre les Packers, les commandants ont perdu De Deatrich Wise Jr. pour la saison en raison d&#39;un quad d\u00e9chir\u00e9. Pour augmenter leur ligne d\u00e9fensive, les commandants ont sign\u00e9 l&#39;ancien choix de deuxi\u00e8me ronde Preston Smith.<\/p>\n<blockquote class=\"twitter-tweet\">\n<p dir=\"ltr\" lang=\"en\">Nous avons fait les mouvements de la liste suivants:<br \/>&#8211; Sign\u00e9 de Preston Smith<br \/>&#8211; Plac\u00e9 CB Jonathan Jones sur la liste des r\u00e9serves \/ bless\u00e9s<\/p>\n<p>&#8211; commandants de Washington (@Commanders) <a rel=\"nofollow\" href=\"https:\/\/twitter.com\/Commanders\/status\/1968298900562862410?ref_src=twsrc%5Etfw\">17 septembre 2025<\/a><\/p>\n<\/blockquote>\n<p>L&#39;homme de 32 ans rejoint un groupe v\u00e9t\u00e9ran de rushers de passes qui comprend Von Miller, Dorance Armstrong, Jacob Martin et Jaylon Holmes. Washington a \u00e9galement un pro de deuxi\u00e8me ann\u00e9e, Javonte Jean-Baptiste. Deatrich Wise Jr. n&#39;\u00e9tait pas le seul commandant \u00e0 subir une blessure de fin de saison au cours de la semaine 2. Le porteur de ballon Austin Ekeler a subi une Achille d\u00e9chir\u00e9e contre les Packers.<\/p>\n<p>Avant leur match de la semaine 3 \u00e0 domicile contre les Raiders, QB Jayden Daniels est r\u00e9pertori\u00e9 comme discutable en raison d&#39;une entorse au genou. Si les commandants veulent une chance d&#39;avoir une autre course profonde dans les s\u00e9ries \u00e9liminatoires, ils ont besoin de Daniels pour rester en bonne sant\u00e9. L&#39;entra\u00eeneur-chef Dan Quinn pourrait-il s&#39;asseoir sa franchise QB dans la semaine 3 contre un adversaire plus faible comme Las Vegas? Marcus Mariota est le QB de sauvegarde \u00e0 Washington si Daniels n&#39;est pas disponible.<\/p>\n<\/p><\/div>\n<p><script async src=\"https:\/\/platform.twitter.com\/widgets.js\" charset=\"utf-8\"><\/script><\/p>\n","protected":false},"excerpt":{"rendered":"<p>De plus, le demi de coin Jonathan Jones a \u00e9t\u00e9 plac\u00e9 sur l&#39;IR, ce qui a ouvert une place pour les commandants. Avec cette ouverture,<\/p>\n","protected":false},"author":1,"featured_media":28634,"comment_status":"closed","ping_status":"","sticky":false,"template":"","format":"standard","meta":{"footnotes":""},"categories":[3],"tags":[7603,93,1919,51,6046,7479,10543,2145,297,6654],"yoast_head":"<!-- This site is optimized with the Yoast SEO plugin v21.0 - https:\/\/yoast.com\/wordpress\/plugins\/seo\/ -->\n<title>Washington a retrouv\u00e9 Preston Smith pour augmenter sa ru\u00e9e vers les passes<\/title>\n<meta name=\"robots\" content=\"index, follow, max-snippet:-1, max-image-preview:large, max-video-preview:-1\" \/>\n<link rel=\"canonical\" href=\"https:\/\/footdavant.fr\/actualites\/washington-a-retrouve-preston-smith-pour-augmenter-sa-ruee-vers-les-passes\/\" \/>\n<meta property=\"og:locale\" content=\"fr_FR\" \/>\n<meta property=\"og:type\" content=\"article\" \/>\n<meta property=\"og:title\" content=\"Washington a retrouv\u00e9 Preston Smith pour augmenter sa ru\u00e9e vers les passes\" \/>\n<meta property=\"og:description\" content=\"De plus, le demi de coin Jonathan Jones a \u00e9t\u00e9 plac\u00e9 sur l&#039;IR, ce qui a ouvert une place pour les commandants. Avec cette ouverture,\" \/>\n<meta property=\"og:url\" content=\"https:\/\/footdavant.fr\/actualites\/washington-a-retrouve-preston-smith-pour-augmenter-sa-ruee-vers-les-passes\/\" \/>\n<meta property=\"og:site_name\" content=\"Foot d&#039;avant\" \/>\n<meta property=\"article:publisher\" content=\"https:\/\/www.facebook.com\/Footdavant\/\" \/>\n<meta property=\"article:published_time\" content=\"2025-09-18T02:48:10+00:00\" \/>\n<meta property=\"article:modified_time\" content=\"2025-09-18T02:48:11+00:00\" \/>\n<meta property=\"og:image\" content=\"https:\/\/footdavant.fr\/actualites\/wp-content\/uploads\/2025\/09\/Washington-a-retrouve-Preston-Smith-pour-augmenter-sa-ruee-vers.jpg\" \/>\n\t<meta property=\"og:image:width\" content=\"820\" \/>\n\t<meta property=\"og:image:height\" content=\"461\" \/>\n\t<meta property=\"og:image:type\" content=\"image\/jpeg\" \/>\n<meta name=\"author\" content=\"Cl\u00e9ment\" \/>\n<meta name=\"twitter:card\" content=\"summary_large_image\" \/>\n<meta name=\"twitter:creator\" content=\"@FootdavantFr\" \/>\n<meta name=\"twitter:site\" content=\"@FootdavantFr\" \/>\n<meta name=\"twitter:label1\" content=\"\u00c9crit par\" \/>\n\t<meta name=\"twitter:data1\" content=\"Cl\u00e9ment\" \/>\n\t<meta name=\"twitter:label2\" content=\"Dur\u00e9e de lecture estim\u00e9e\" \/>\n\t<meta name=\"twitter:data2\" content=\"3 minutes\" \/>\n<script type=\"application\/ld+json\" class=\"yoast-schema-graph\">{\"@context\":\"https:\/\/schema.org\",\"@graph\":[{\"@type\":\"Article\",\"@id\":\"https:\/\/footdavant.fr\/actualites\/washington-a-retrouve-preston-smith-pour-augmenter-sa-ruee-vers-les-passes\/#article\",\"isPartOf\":{\"@id\":\"https:\/\/footdavant.fr\/actualites\/washington-a-retrouve-preston-smith-pour-augmenter-sa-ruee-vers-les-passes\/\"},\"author\":{\"name\":\"Cl\u00e9ment\",\"@id\":\"https:\/\/footdavant.fr\/actualites\/#\/schema\/person\/bc222566d95871b37e597b3ed3ba5e1d\"},\"headline\":\"Washington a retrouv\u00e9 Preston Smith pour augmenter sa ru\u00e9e vers les passes\",\"datePublished\":\"2025-09-18T02:48:10+00:00\",\"dateModified\":\"2025-09-18T02:48:11+00:00\",\"mainEntityOfPage\":{\"@id\":\"https:\/\/footdavant.fr\/actualites\/washington-a-retrouve-preston-smith-pour-augmenter-sa-ruee-vers-les-passes\/\"},\"wordCount\":526,\"publisher\":{\"@id\":\"https:\/\/footdavant.fr\/actualites\/#organization\"},\"keywords\":[\"augmenter\",\"les\",\"passes\",\"pour\",\"Preston\",\"retrouve\",\"ru\u00e9e\",\"Smith\",\"vers\",\"Washington\"],\"articleSection\":[\"Football\"],\"inLanguage\":\"fr-FR\"},{\"@type\":\"WebPage\",\"@id\":\"https:\/\/footdavant.fr\/actualites\/washington-a-retrouve-preston-smith-pour-augmenter-sa-ruee-vers-les-passes\/\",\"url\":\"https:\/\/footdavant.fr\/actualites\/washington-a-retrouve-preston-smith-pour-augmenter-sa-ruee-vers-les-passes\/\",\"name\":\"Washington a retrouv\u00e9 Preston Smith pour augmenter sa ru\u00e9e vers les passes\",\"isPartOf\":{\"@id\":\"https:\/\/footdavant.fr\/actualites\/#website\"},\"datePublished\":\"2025-09-18T02:48:10+00:00\",\"dateModified\":\"2025-09-18T02:48:11+00:00\",\"breadcrumb\":{\"@id\":\"https:\/\/footdavant.fr\/actualites\/washington-a-retrouve-preston-smith-pour-augmenter-sa-ruee-vers-les-passes\/#breadcrumb\"},\"inLanguage\":\"fr-FR\",\"potentialAction\":[{\"@type\":\"ReadAction\",\"target\":[\"https:\/\/footdavant.fr\/actualites\/washington-a-retrouve-preston-smith-pour-augmenter-sa-ruee-vers-les-passes\/\"]}]},{\"@type\":\"BreadcrumbList\",\"@id\":\"https:\/\/footdavant.fr\/actualites\/washington-a-retrouve-preston-smith-pour-augmenter-sa-ruee-vers-les-passes\/#breadcrumb\",\"itemListElement\":[{\"@type\":\"ListItem\",\"position\":1,\"name\":\"Accueil\",\"item\":\"https:\/\/footdavant.fr\/actualites\/\"},{\"@type\":\"ListItem\",\"position\":2,\"name\":\"Washington a retrouv\u00e9 Preston Smith pour augmenter sa ru\u00e9e vers les passes\"}]},{\"@type\":\"WebSite\",\"@id\":\"https:\/\/footdavant.fr\/actualites\/#website\",\"url\":\"https:\/\/footdavant.fr\/actualites\/\",\"name\":\"Foot d'avant\",\"description\":\"\",\"publisher\":{\"@id\":\"https:\/\/footdavant.fr\/actualites\/#organization\"},\"potentialAction\":[{\"@type\":\"SearchAction\",\"target\":{\"@type\":\"EntryPoint\",\"urlTemplate\":\"https:\/\/footdavant.fr\/actualites\/?s={search_term_string}\"},\"query-input\":\"required name=search_term_string\"}],\"inLanguage\":\"fr-FR\"},{\"@type\":\"Organization\",\"@id\":\"https:\/\/footdavant.fr\/actualites\/#organization\",\"name\":\"Foot d'avant\",\"url\":\"https:\/\/footdavant.fr\/actualites\/\",\"logo\":{\"@type\":\"ImageObject\",\"inLanguage\":\"fr-FR\",\"@id\":\"https:\/\/footdavant.fr\/actualites\/#\/schema\/logo\/image\/\",\"url\":\"https:\/\/footdavant.fr\/actualites\/wp-content\/uploads\/2023\/09\/Copy-of-FootDavant-Logo.png\",\"contentUrl\":\"https:\/\/footdavant.fr\/actualites\/wp-content\/uploads\/2023\/09\/Copy-of-FootDavant-Logo.png\",\"width\":936,\"height\":549,\"caption\":\"Foot d'avant\"},\"image\":{\"@id\":\"https:\/\/footdavant.fr\/actualites\/#\/schema\/logo\/image\/\"},\"sameAs\":[\"https:\/\/www.facebook.com\/Footdavant\/\",\"https:\/\/twitter.com\/FootdavantFr\",\"https:\/\/www.instagram.com\/footdavant.fr\/\"]},{\"@type\":\"Person\",\"@id\":\"https:\/\/footdavant.fr\/actualites\/#\/schema\/person\/bc222566d95871b37e597b3ed3ba5e1d\",\"name\":\"Cl\u00e9ment\",\"image\":{\"@type\":\"ImageObject\",\"inLanguage\":\"fr-FR\",\"@id\":\"https:\/\/footdavant.fr\/actualites\/#\/schema\/person\/image\/\",\"url\":\"https:\/\/secure.gravatar.com\/avatar\/7728b29aac2719421e1a9159b2254c44?s=96&d=mm&r=g\",\"contentUrl\":\"https:\/\/secure.gravatar.com\/avatar\/7728b29aac2719421e1a9159b2254c44?s=96&d=mm&r=g\",\"caption\":\"Cl\u00e9ment\"},\"sameAs\":[\"https:\/\/footdavant.fr\/\"]}]}<\/script>\n<!-- \/ Yoast SEO plugin. -->","yoast_head_json":{"title":"Washington a retrouv\u00e9 Preston Smith pour augmenter sa ru\u00e9e vers les passes","robots":{"index":"index","follow":"follow","max-snippet":"max-snippet:-1","max-image-preview":"max-image-preview:large","max-video-preview":"max-video-preview:-1"},"canonical":"https:\/\/footdavant.fr\/actualites\/washington-a-retrouve-preston-smith-pour-augmenter-sa-ruee-vers-les-passes\/","og_locale":"fr_FR","og_type":"article","og_title":"Washington a retrouv\u00e9 Preston Smith pour augmenter sa ru\u00e9e vers les passes","og_description":"De plus, le demi de coin Jonathan Jones a \u00e9t\u00e9 plac\u00e9 sur l&#39;IR, ce qui a ouvert une place pour les commandants. Avec cette ouverture,","og_url":"https:\/\/footdavant.fr\/actualites\/washington-a-retrouve-preston-smith-pour-augmenter-sa-ruee-vers-les-passes\/","og_site_name":"Foot d&#039;avant","article_publisher":"https:\/\/www.facebook.com\/Footdavant\/","article_published_time":"2025-09-18T02:48:10+00:00","article_modified_time":"2025-09-18T02:48:11+00:00","og_image":[{"width":820,"height":461,"url":"https:\/\/footdavant.fr\/actualites\/wp-content\/uploads\/2025\/09\/Washington-a-retrouve-Preston-Smith-pour-augmenter-sa-ruee-vers.jpg","type":"image\/jpeg"}],"author":"Cl\u00e9ment","twitter_card":"summary_large_image","twitter_creator":"@FootdavantFr","twitter_site":"@FootdavantFr","twitter_misc":{"\u00c9crit par":"Cl\u00e9ment","Dur\u00e9e de lecture estim\u00e9e":"3 minutes"},"schema":{"@context":"https:\/\/schema.org","@graph":[{"@type":"Article","@id":"https:\/\/footdavant.fr\/actualites\/washington-a-retrouve-preston-smith-pour-augmenter-sa-ruee-vers-les-passes\/#article","isPartOf":{"@id":"https:\/\/footdavant.fr\/actualites\/washington-a-retrouve-preston-smith-pour-augmenter-sa-ruee-vers-les-passes\/"},"author":{"name":"Cl\u00e9ment","@id":"https:\/\/footdavant.fr\/actualites\/#\/schema\/person\/bc222566d95871b37e597b3ed3ba5e1d"},"headline":"Washington a retrouv\u00e9 Preston Smith pour augmenter sa ru\u00e9e vers les passes","datePublished":"2025-09-18T02:48:10+00:00","dateModified":"2025-09-18T02:48:11+00:00","mainEntityOfPage":{"@id":"https:\/\/footdavant.fr\/actualites\/washington-a-retrouve-preston-smith-pour-augmenter-sa-ruee-vers-les-passes\/"},"wordCount":526,"publisher":{"@id":"https:\/\/footdavant.fr\/actualites\/#organization"},"keywords":["augmenter","les","passes","pour","Preston","retrouve","ru\u00e9e","Smith","vers","Washington"],"articleSection":["Football"],"inLanguage":"fr-FR"},{"@type":"WebPage","@id":"https:\/\/footdavant.fr\/actualites\/washington-a-retrouve-preston-smith-pour-augmenter-sa-ruee-vers-les-passes\/","url":"https:\/\/footdavant.fr\/actualites\/washington-a-retrouve-preston-smith-pour-augmenter-sa-ruee-vers-les-passes\/","name":"Washington a retrouv\u00e9 Preston Smith pour augmenter sa ru\u00e9e vers les passes","isPartOf":{"@id":"https:\/\/footdavant.fr\/actualites\/#website"},"datePublished":"2025-09-18T02:48:10+00:00","dateModified":"2025-09-18T02:48:11+00:00","breadcrumb":{"@id":"https:\/\/footdavant.fr\/actualites\/washington-a-retrouve-preston-smith-pour-augmenter-sa-ruee-vers-les-passes\/#breadcrumb"},"inLanguage":"fr-FR","potentialAction":[{"@type":"ReadAction","target":["https:\/\/footdavant.fr\/actualites\/washington-a-retrouve-preston-smith-pour-augmenter-sa-ruee-vers-les-passes\/"]}]},{"@type":"BreadcrumbList","@id":"https:\/\/footdavant.fr\/actualites\/washington-a-retrouve-preston-smith-pour-augmenter-sa-ruee-vers-les-passes\/#breadcrumb","itemListElement":[{"@type":"ListItem","position":1,"name":"Accueil","item":"https:\/\/footdavant.fr\/actualites\/"},{"@type":"ListItem","position":2,"name":"Washington a retrouv\u00e9 Preston Smith pour augmenter sa ru\u00e9e vers les passes"}]},{"@type":"WebSite","@id":"https:\/\/footdavant.fr\/actualites\/#website","url":"https:\/\/footdavant.fr\/actualites\/","name":"Foot d'avant","description":"","publisher":{"@id":"https:\/\/footdavant.fr\/actualites\/#organization"},"potentialAction":[{"@type":"SearchAction","target":{"@type":"EntryPoint","urlTemplate":"https:\/\/footdavant.fr\/actualites\/?s={search_term_string}"},"query-input":"required name=search_term_string"}],"inLanguage":"fr-FR"},{"@type":"Organization","@id":"https:\/\/footdavant.fr\/actualites\/#organization","name":"Foot d'avant","url":"https:\/\/footdavant.fr\/actualites\/","logo":{"@type":"ImageObject","inLanguage":"fr-FR","@id":"https:\/\/footdavant.fr\/actualites\/#\/schema\/logo\/image\/","url":"https:\/\/footdavant.fr\/actualites\/wp-content\/uploads\/2023\/09\/Copy-of-FootDavant-Logo.png","contentUrl":"https:\/\/footdavant.fr\/actualites\/wp-content\/uploads\/2023\/09\/Copy-of-FootDavant-Logo.png","width":936,"height":549,"caption":"Foot d'avant"},"image":{"@id":"https:\/\/footdavant.fr\/actualites\/#\/schema\/logo\/image\/"},"sameAs":["https:\/\/www.facebook.com\/Footdavant\/","https:\/\/twitter.com\/FootdavantFr","https:\/\/www.instagram.com\/footdavant.fr\/"]},{"@type":"Person","@id":"https:\/\/footdavant.fr\/actualites\/#\/schema\/person\/bc222566d95871b37e597b3ed3ba5e1d","name":"Cl\u00e9ment","image":{"@type":"ImageObject","inLanguage":"fr-FR","@id":"https:\/\/footdavant.fr\/actualites\/#\/schema\/person\/image\/","url":"https:\/\/secure.gravatar.com\/avatar\/7728b29aac2719421e1a9159b2254c44?s=96&d=mm&r=g","contentUrl":"https:\/\/secure.gravatar.com\/avatar\/7728b29aac2719421e1a9159b2254c44?s=96&d=mm&r=g","caption":"Cl\u00e9ment"},"sameAs":["https:\/\/footdavant.fr\/"]}]}},"_links":{"self":[{"href":"https:\/\/footdavant.fr\/actualites\/wp-json\/wp\/v2\/posts\/28633"}],"collection":[{"href":"https:\/\/footdavant.fr\/actualites\/wp-json\/wp\/v2\/posts"}],"about":[{"href":"https:\/\/footdavant.fr\/actualites\/wp-json\/wp\/v2\/types\/post"}],"author":[{"embeddable":true,"href":"https:\/\/footdavant.fr\/actualites\/wp-json\/wp\/v2\/users\/1"}],"replies":[{"embeddable":true,"href":"https:\/\/footdavant.fr\/actualites\/wp-json\/wp\/v2\/comments?post=28633"}],"version-history":[{"count":1,"href":"https:\/\/footdavant.fr\/actualites\/wp-json\/wp\/v2\/posts\/28633\/revisions"}],"predecessor-version":[{"id":28635,"href":"https:\/\/footdavant.fr\/actualites\/wp-json\/wp\/v2\/posts\/28633\/revisions\/28635"}],"wp:featuredmedia":[{"embeddable":true,"href":"https:\/\/footdavant.fr\/actualites\/wp-json\/wp\/v2\/media\/28634"}],"wp:attachment":[{"href":"https:\/\/footdavant.fr\/actualites\/wp-json\/wp\/v2\/media?parent=28633"}],"wp:term":[{"taxonomy":"category","embeddable":true,"href":"https:\/\/footdavant.fr\/actualites\/wp-json\/wp\/v2\/categories?post=28633"},{"taxonomy":"post_tag","embeddable":true,"href":"https:\/\/footdavant.fr\/actualites\/wp-json\/wp\/v2\/tags?post=28633"}],"curies":[{"name":"wp","href":"https:\/\/api.w.org\/{rel}","templated":true}]}}