{"id":28636,"date":"2025-09-18T05:48:07","date_gmt":"2025-09-18T03:48:07","guid":{"rendered":"https:\/\/footdavant.fr\/actualites\/bayern-munich-contre-chelsea-le-record-de-harry-kane-contre-les-blues-avant-le-match-nul-de-la-ligue-des-champions\/"},"modified":"2025-09-18T05:48:08","modified_gmt":"2025-09-18T03:48:08","slug":"bayern-munich-contre-chelsea-le-record-de-harry-kane-contre-les-blues-avant-le-match-nul-de-la-ligue-des-champions","status":"publish","type":"post","link":"https:\/\/footdavant.fr\/actualites\/bayern-munich-contre-chelsea-le-record-de-harry-kane-contre-les-blues-avant-le-match-nul-de-la-ligue-des-champions\/","title":{"rendered":"Bayern Munich contre Chelsea: le record de Harry Kane contre les Blues avant le match nul de la Ligue des champions"},"content":{"rendered":"<p>Avant le conflit de la Ligue des champions de mercredi entre le Bayern Munich et Chelsea, Sports Mole jette un coup d&#39;\u0153il en profondeur sur le record de Harry Kane contre les Blues.<\/p>\n<div id=\"article_body\" itemprop=\"articleBody\">\n<p>Plut\u00f4t que <strong class=\"autotag\">Harry Kane revient \u00e0 Londres, Londres viendra \u00e0 Harry Kane quand son <strong class=\"autotag\">H\u00f4te lat\u00e9ral du Bayern Munich <strong class=\"autotag\">Chelsea dans mercredi <strong class=\"autotag\">Concours de phase de la Ligue des champions.<\/p>\n<p>L&#39;homme de 32 ans a fait son d\u00e9part par excellence \u00e0 la campagne, tirant dans huit buts de cinq matchs dans toutes les comp\u00e9titions, notamment une attelle lors de la victoire 5-0 de la Bundesliga du week-end contre Hambourg.<\/p>\n<p>Kane faisait partie de nombreux concours chaotiques entre Tottenham Hotspur et Chelsea pendant son s\u00e9jour dans le nord de Londres, et toutes les statistiques ne font pas de lecture agr\u00e9able pour le capitaine d&#39;Angleterre avant le match de mercredi.<\/p>\n<p>Ici, Sports Mole jette un aper\u00e7u approfondi du record de Kane contre Chelsea.<\/p>\n<hr>\n<p><\/p>\n<h2>Harry Kane Record contre Chelsea<\/h2>\n<p>Jou\u00e9: 22<\/p>\n<p>Gagn\u00e9: 7<\/p>\n<p>Dessin\u00e9: 4<\/p>\n<p>Perdu: 11<\/p>\n<p>Objectifs: 8<\/p>\n<p>Aide: 2<\/p>\n<p>Ayant pris Chelsea 22 fois au fil des ans, Harry Kane n&#39;a jamais affront\u00e9 un autre adversaire plus de fois que les Blues; Il a \u00e9galement \u00e9t\u00e9 impliqu\u00e9 dans 22 matchs contre ses coll\u00e8gues rivaux de Londres West Ham United.<\/p>\n<p>Cependant, le skipper de l&#39;Angleterre ne s&#39;est retrouv\u00e9 que du c\u00f4t\u00e9 gagnant dans sept de ces 22 batailles, tout en \u00e9tant impliqu\u00e9 dans quatre matchs nuls et subissant 11 d\u00e9faites, son plus contre un seul adversaire suivi de pr\u00e8s de 10 d\u00e9faites contre Manchester United et Liverpool.<\/p>\n<p>N\u00e9anmoins, Kane a toujours marqu\u00e9 huit buts respectables contre les vainqueurs de la Coupe du monde en titre des clubs &#8211; en plus de deux passes d\u00e9cisives &#8211; et il est venu bien dans les deux derbies de Londres lors de sa derni\u00e8re saison chez Spurs.<\/p>\n<p>En effet, Kane \u00e9tait sur la cible dans les deux batailles de Tottenham en Premier League avec Chelsea lors de la campagne 2022-23, bien qu&#39;il n&#39;ait pas r\u00e9ussi \u00e0 trouver le fond du filet dans cinq \u00e9preuves pr\u00e9c\u00e9dentes de haut vol avant de s&#39;inscrire lors de ce tirage chaotique 2-2 en ao\u00fbt 2022.<\/p>\n<p>Avant 2022, Kane a d\u00fb retourner \u00e0 la campagne 2018-2019 pour ses derniers buts contre Chelsea, contre lesquels il a marqu\u00e9 le vainqueur lors de la premi\u00e8re \u00e9tape de leur demi-finale de la Coupe EFL cette ann\u00e9e-l\u00e0.<\/p>\n<p>L&#39;homme de 32 ans a \u00e9t\u00e9 contraint de quitter le match de retour en raison d&#39;une grave blessure \u00e0 la cheville, cependant, alors que Chelsea a surmont\u00e9 les Lilywhites aux p\u00e9nalit\u00e9s pour atteindre la finale.<\/p>\n<p>Quelques ann\u00e9es plus t\u00f4t, l&#39;une des plus belles \u00e9talages individuelles de Kane a d\u00e9croch\u00e9 une victoire de 5-3 en Premier League contre Chelsea en 2015, o\u00f9 l&#39;attaquant a marqu\u00e9 une attelle et a impos\u00e9 deux passes d\u00e9cisives pour Andros Townsend et Nacer Chadli, remportant une p\u00e9nalit\u00e9 pour le premier.<\/p>\n<p>Kane a \u00e9galement trouv\u00e9 le filet dans la bataille inoubliable du pont en 2016, mais il a \u00e9galement ramass\u00e9 l&#39;un de ses cinq cartons jaunes contre Chelsea dans ce m\u00eame jeu &#8211; il a \u00e9t\u00e9 r\u00e9serv\u00e9 contre les Blues plus de fois que toute autre \u00e9quipe de sa carri\u00e8re.<\/p>\n<div class=\"author_box\">\n<div class=\"author_box_banner\"> <\/div>\n<\/div>\n<\/div>\n","protected":false},"excerpt":{"rendered":"<p>Avant le conflit de la Ligue des champions de mercredi entre le Bayern Munich et Chelsea, Sports Mole jette un coup d&#39;\u0153il en profondeur sur<\/p>\n","protected":false},"author":1,"featured_media":28637,"comment_status":"closed","ping_status":"","sticky":false,"template":"","format":"standard","meta":{"footnotes":""},"categories":[4],"tags":[491,340,4717,31,171,20,12,32,862,93,30,257,341,492,61],"yoast_head":"<!-- This site is optimized with the Yoast SEO plugin v21.0 - https:\/\/yoast.com\/wordpress\/plugins\/seo\/ -->\n<title>Bayern Munich contre Chelsea: le record de Harry Kane contre les Blues avant le match nul de la Ligue des champions<\/title>\n<meta name=\"robots\" content=\"index, follow, max-snippet:-1, max-image-preview:large, max-video-preview:-1\" \/>\n<link rel=\"canonical\" href=\"https:\/\/footdavant.fr\/actualites\/bayern-munich-contre-chelsea-le-record-de-harry-kane-contre-les-blues-avant-le-match-nul-de-la-ligue-des-champions\/\" \/>\n<meta property=\"og:locale\" content=\"fr_FR\" \/>\n<meta property=\"og:type\" content=\"article\" \/>\n<meta property=\"og:title\" content=\"Bayern Munich contre Chelsea: le record de Harry Kane contre les Blues avant le match nul de la Ligue des champions\" \/>\n<meta property=\"og:description\" content=\"Avant le conflit de la Ligue des champions de mercredi entre le Bayern Munich et Chelsea, Sports Mole jette un coup d&#039;\u0153il en profondeur sur\" \/>\n<meta property=\"og:url\" content=\"https:\/\/footdavant.fr\/actualites\/bayern-munich-contre-chelsea-le-record-de-harry-kane-contre-les-blues-avant-le-match-nul-de-la-ligue-des-champions\/\" \/>\n<meta property=\"og:site_name\" content=\"Foot d&#039;avant\" \/>\n<meta property=\"article:publisher\" content=\"https:\/\/www.facebook.com\/Footdavant\/\" \/>\n<meta property=\"article:published_time\" content=\"2025-09-18T03:48:07+00:00\" \/>\n<meta property=\"article:modified_time\" content=\"2025-09-18T03:48:08+00:00\" \/>\n<meta property=\"og:image\" content=\"https:\/\/footdavant.fr\/actualites\/wp-content\/uploads\/2025\/09\/Bayern-Munich-contre-Chelsea-le-record-de-Harry-Kane-contre.jpg\" \/>\n\t<meta property=\"og:image:width\" content=\"640\" \/>\n\t<meta property=\"og:image:height\" content=\"480\" \/>\n\t<meta property=\"og:image:type\" content=\"image\/jpeg\" \/>\n<meta name=\"author\" content=\"Cl\u00e9ment\" \/>\n<meta name=\"twitter:card\" content=\"summary_large_image\" \/>\n<meta name=\"twitter:creator\" content=\"@FootdavantFr\" \/>\n<meta name=\"twitter:site\" content=\"@FootdavantFr\" \/>\n<meta name=\"twitter:label1\" content=\"\u00c9crit par\" \/>\n\t<meta name=\"twitter:data1\" content=\"Cl\u00e9ment\" \/>\n\t<meta name=\"twitter:label2\" content=\"Dur\u00e9e de lecture estim\u00e9e\" \/>\n\t<meta name=\"twitter:data2\" content=\"3 minutes\" \/>\n<script type=\"application\/ld+json\" class=\"yoast-schema-graph\">{\"@context\":\"https:\/\/schema.org\",\"@graph\":[{\"@type\":\"Article\",\"@id\":\"https:\/\/footdavant.fr\/actualites\/bayern-munich-contre-chelsea-le-record-de-harry-kane-contre-les-blues-avant-le-match-nul-de-la-ligue-des-champions\/#article\",\"isPartOf\":{\"@id\":\"https:\/\/footdavant.fr\/actualites\/bayern-munich-contre-chelsea-le-record-de-harry-kane-contre-les-blues-avant-le-match-nul-de-la-ligue-des-champions\/\"},\"author\":{\"name\":\"Cl\u00e9ment\",\"@id\":\"https:\/\/footdavant.fr\/actualites\/#\/schema\/person\/bc222566d95871b37e597b3ed3ba5e1d\"},\"headline\":\"Bayern Munich contre Chelsea: le record de Harry Kane contre les Blues avant le match nul de la Ligue des champions\",\"datePublished\":\"2025-09-18T03:48:07+00:00\",\"dateModified\":\"2025-09-18T03:48:08+00:00\",\"mainEntityOfPage\":{\"@id\":\"https:\/\/footdavant.fr\/actualites\/bayern-munich-contre-chelsea-le-record-de-harry-kane-contre-les-blues-avant-le-match-nul-de-la-ligue-des-champions\/\"},\"wordCount\":571,\"publisher\":{\"@id\":\"https:\/\/footdavant.fr\/actualites\/#organization\"},\"keywords\":[\"avant\",\"Bayern\",\"blues\",\"champions\",\"Chelsea\",\"contre\",\"des\",\"Harry\",\"Kane\",\"les\",\"Ligue\",\"match\",\"Munich\",\"nul\",\"record\"],\"articleSection\":[\"Champions League\"],\"inLanguage\":\"fr-FR\"},{\"@type\":\"WebPage\",\"@id\":\"https:\/\/footdavant.fr\/actualites\/bayern-munich-contre-chelsea-le-record-de-harry-kane-contre-les-blues-avant-le-match-nul-de-la-ligue-des-champions\/\",\"url\":\"https:\/\/footdavant.fr\/actualites\/bayern-munich-contre-chelsea-le-record-de-harry-kane-contre-les-blues-avant-le-match-nul-de-la-ligue-des-champions\/\",\"name\":\"Bayern Munich contre Chelsea: le record de Harry Kane contre les Blues avant le match nul de la Ligue des champions\",\"isPartOf\":{\"@id\":\"https:\/\/footdavant.fr\/actualites\/#website\"},\"datePublished\":\"2025-09-18T03:48:07+00:00\",\"dateModified\":\"2025-09-18T03:48:08+00:00\",\"breadcrumb\":{\"@id\":\"https:\/\/footdavant.fr\/actualites\/bayern-munich-contre-chelsea-le-record-de-harry-kane-contre-les-blues-avant-le-match-nul-de-la-ligue-des-champions\/#breadcrumb\"},\"inLanguage\":\"fr-FR\",\"potentialAction\":[{\"@type\":\"ReadAction\",\"target\":[\"https:\/\/footdavant.fr\/actualites\/bayern-munich-contre-chelsea-le-record-de-harry-kane-contre-les-blues-avant-le-match-nul-de-la-ligue-des-champions\/\"]}]},{\"@type\":\"BreadcrumbList\",\"@id\":\"https:\/\/footdavant.fr\/actualites\/bayern-munich-contre-chelsea-le-record-de-harry-kane-contre-les-blues-avant-le-match-nul-de-la-ligue-des-champions\/#breadcrumb\",\"itemListElement\":[{\"@type\":\"ListItem\",\"position\":1,\"name\":\"Accueil\",\"item\":\"https:\/\/footdavant.fr\/actualites\/\"},{\"@type\":\"ListItem\",\"position\":2,\"name\":\"Bayern Munich contre Chelsea: le record de Harry Kane contre les Blues avant le match nul de la Ligue des champions\"}]},{\"@type\":\"WebSite\",\"@id\":\"https:\/\/footdavant.fr\/actualites\/#website\",\"url\":\"https:\/\/footdavant.fr\/actualites\/\",\"name\":\"Foot d'avant\",\"description\":\"\",\"publisher\":{\"@id\":\"https:\/\/footdavant.fr\/actualites\/#organization\"},\"potentialAction\":[{\"@type\":\"SearchAction\",\"target\":{\"@type\":\"EntryPoint\",\"urlTemplate\":\"https:\/\/footdavant.fr\/actualites\/?s={search_term_string}\"},\"query-input\":\"required name=search_term_string\"}],\"inLanguage\":\"fr-FR\"},{\"@type\":\"Organization\",\"@id\":\"https:\/\/footdavant.fr\/actualites\/#organization\",\"name\":\"Foot d'avant\",\"url\":\"https:\/\/footdavant.fr\/actualites\/\",\"logo\":{\"@type\":\"ImageObject\",\"inLanguage\":\"fr-FR\",\"@id\":\"https:\/\/footdavant.fr\/actualites\/#\/schema\/logo\/image\/\",\"url\":\"https:\/\/footdavant.fr\/actualites\/wp-content\/uploads\/2023\/09\/Copy-of-FootDavant-Logo.png\",\"contentUrl\":\"https:\/\/footdavant.fr\/actualites\/wp-content\/uploads\/2023\/09\/Copy-of-FootDavant-Logo.png\",\"width\":936,\"height\":549,\"caption\":\"Foot d'avant\"},\"image\":{\"@id\":\"https:\/\/footdavant.fr\/actualites\/#\/schema\/logo\/image\/\"},\"sameAs\":[\"https:\/\/www.facebook.com\/Footdavant\/\",\"https:\/\/twitter.com\/FootdavantFr\",\"https:\/\/www.instagram.com\/footdavant.fr\/\"]},{\"@type\":\"Person\",\"@id\":\"https:\/\/footdavant.fr\/actualites\/#\/schema\/person\/bc222566d95871b37e597b3ed3ba5e1d\",\"name\":\"Cl\u00e9ment\",\"image\":{\"@type\":\"ImageObject\",\"inLanguage\":\"fr-FR\",\"@id\":\"https:\/\/footdavant.fr\/actualites\/#\/schema\/person\/image\/\",\"url\":\"https:\/\/secure.gravatar.com\/avatar\/7728b29aac2719421e1a9159b2254c44?s=96&d=mm&r=g\",\"contentUrl\":\"https:\/\/secure.gravatar.com\/avatar\/7728b29aac2719421e1a9159b2254c44?s=96&d=mm&r=g\",\"caption\":\"Cl\u00e9ment\"},\"sameAs\":[\"https:\/\/footdavant.fr\/\"]}]}<\/script>\n<!-- \/ Yoast SEO plugin. -->","yoast_head_json":{"title":"Bayern Munich contre Chelsea: le record de Harry Kane contre les Blues avant le match nul de la Ligue des champions","robots":{"index":"index","follow":"follow","max-snippet":"max-snippet:-1","max-image-preview":"max-image-preview:large","max-video-preview":"max-video-preview:-1"},"canonical":"https:\/\/footdavant.fr\/actualites\/bayern-munich-contre-chelsea-le-record-de-harry-kane-contre-les-blues-avant-le-match-nul-de-la-ligue-des-champions\/","og_locale":"fr_FR","og_type":"article","og_title":"Bayern Munich contre Chelsea: le record de Harry Kane contre les Blues avant le match nul de la Ligue des champions","og_description":"Avant le conflit de la Ligue des champions de mercredi entre le Bayern Munich et Chelsea, Sports Mole jette un coup d&#39;\u0153il en profondeur sur","og_url":"https:\/\/footdavant.fr\/actualites\/bayern-munich-contre-chelsea-le-record-de-harry-kane-contre-les-blues-avant-le-match-nul-de-la-ligue-des-champions\/","og_site_name":"Foot d&#039;avant","article_publisher":"https:\/\/www.facebook.com\/Footdavant\/","article_published_time":"2025-09-18T03:48:07+00:00","article_modified_time":"2025-09-18T03:48:08+00:00","og_image":[{"width":640,"height":480,"url":"https:\/\/footdavant.fr\/actualites\/wp-content\/uploads\/2025\/09\/Bayern-Munich-contre-Chelsea-le-record-de-Harry-Kane-contre.jpg","type":"image\/jpeg"}],"author":"Cl\u00e9ment","twitter_card":"summary_large_image","twitter_creator":"@FootdavantFr","twitter_site":"@FootdavantFr","twitter_misc":{"\u00c9crit par":"Cl\u00e9ment","Dur\u00e9e de lecture estim\u00e9e":"3 minutes"},"schema":{"@context":"https:\/\/schema.org","@graph":[{"@type":"Article","@id":"https:\/\/footdavant.fr\/actualites\/bayern-munich-contre-chelsea-le-record-de-harry-kane-contre-les-blues-avant-le-match-nul-de-la-ligue-des-champions\/#article","isPartOf":{"@id":"https:\/\/footdavant.fr\/actualites\/bayern-munich-contre-chelsea-le-record-de-harry-kane-contre-les-blues-avant-le-match-nul-de-la-ligue-des-champions\/"},"author":{"name":"Cl\u00e9ment","@id":"https:\/\/footdavant.fr\/actualites\/#\/schema\/person\/bc222566d95871b37e597b3ed3ba5e1d"},"headline":"Bayern Munich contre Chelsea: le record de Harry Kane contre les Blues avant le match nul de la Ligue des champions","datePublished":"2025-09-18T03:48:07+00:00","dateModified":"2025-09-18T03:48:08+00:00","mainEntityOfPage":{"@id":"https:\/\/footdavant.fr\/actualites\/bayern-munich-contre-chelsea-le-record-de-harry-kane-contre-les-blues-avant-le-match-nul-de-la-ligue-des-champions\/"},"wordCount":571,"publisher":{"@id":"https:\/\/footdavant.fr\/actualites\/#organization"},"keywords":["avant","Bayern","blues","champions","Chelsea","contre","des","Harry","Kane","les","Ligue","match","Munich","nul","record"],"articleSection":["Champions League"],"inLanguage":"fr-FR"},{"@type":"WebPage","@id":"https:\/\/footdavant.fr\/actualites\/bayern-munich-contre-chelsea-le-record-de-harry-kane-contre-les-blues-avant-le-match-nul-de-la-ligue-des-champions\/","url":"https:\/\/footdavant.fr\/actualites\/bayern-munich-contre-chelsea-le-record-de-harry-kane-contre-les-blues-avant-le-match-nul-de-la-ligue-des-champions\/","name":"Bayern Munich contre Chelsea: le record de Harry Kane contre les Blues avant le match nul de la Ligue des champions","isPartOf":{"@id":"https:\/\/footdavant.fr\/actualites\/#website"},"datePublished":"2025-09-18T03:48:07+00:00","dateModified":"2025-09-18T03:48:08+00:00","breadcrumb":{"@id":"https:\/\/footdavant.fr\/actualites\/bayern-munich-contre-chelsea-le-record-de-harry-kane-contre-les-blues-avant-le-match-nul-de-la-ligue-des-champions\/#breadcrumb"},"inLanguage":"fr-FR","potentialAction":[{"@type":"ReadAction","target":["https:\/\/footdavant.fr\/actualites\/bayern-munich-contre-chelsea-le-record-de-harry-kane-contre-les-blues-avant-le-match-nul-de-la-ligue-des-champions\/"]}]},{"@type":"BreadcrumbList","@id":"https:\/\/footdavant.fr\/actualites\/bayern-munich-contre-chelsea-le-record-de-harry-kane-contre-les-blues-avant-le-match-nul-de-la-ligue-des-champions\/#breadcrumb","itemListElement":[{"@type":"ListItem","position":1,"name":"Accueil","item":"https:\/\/footdavant.fr\/actualites\/"},{"@type":"ListItem","position":2,"name":"Bayern Munich contre Chelsea: le record de Harry Kane contre les Blues avant le match nul de la Ligue des champions"}]},{"@type":"WebSite","@id":"https:\/\/footdavant.fr\/actualites\/#website","url":"https:\/\/footdavant.fr\/actualites\/","name":"Foot d'avant","description":"","publisher":{"@id":"https:\/\/footdavant.fr\/actualites\/#organization"},"potentialAction":[{"@type":"SearchAction","target":{"@type":"EntryPoint","urlTemplate":"https:\/\/footdavant.fr\/actualites\/?s={search_term_string}"},"query-input":"required name=search_term_string"}],"inLanguage":"fr-FR"},{"@type":"Organization","@id":"https:\/\/footdavant.fr\/actualites\/#organization","name":"Foot d'avant","url":"https:\/\/footdavant.fr\/actualites\/","logo":{"@type":"ImageObject","inLanguage":"fr-FR","@id":"https:\/\/footdavant.fr\/actualites\/#\/schema\/logo\/image\/","url":"https:\/\/footdavant.fr\/actualites\/wp-content\/uploads\/2023\/09\/Copy-of-FootDavant-Logo.png","contentUrl":"https:\/\/footdavant.fr\/actualites\/wp-content\/uploads\/2023\/09\/Copy-of-FootDavant-Logo.png","width":936,"height":549,"caption":"Foot d'avant"},"image":{"@id":"https:\/\/footdavant.fr\/actualites\/#\/schema\/logo\/image\/"},"sameAs":["https:\/\/www.facebook.com\/Footdavant\/","https:\/\/twitter.com\/FootdavantFr","https:\/\/www.instagram.com\/footdavant.fr\/"]},{"@type":"Person","@id":"https:\/\/footdavant.fr\/actualites\/#\/schema\/person\/bc222566d95871b37e597b3ed3ba5e1d","name":"Cl\u00e9ment","image":{"@type":"ImageObject","inLanguage":"fr-FR","@id":"https:\/\/footdavant.fr\/actualites\/#\/schema\/person\/image\/","url":"https:\/\/secure.gravatar.com\/avatar\/7728b29aac2719421e1a9159b2254c44?s=96&d=mm&r=g","contentUrl":"https:\/\/secure.gravatar.com\/avatar\/7728b29aac2719421e1a9159b2254c44?s=96&d=mm&r=g","caption":"Cl\u00e9ment"},"sameAs":["https:\/\/footdavant.fr\/"]}]}},"_links":{"self":[{"href":"https:\/\/footdavant.fr\/actualites\/wp-json\/wp\/v2\/posts\/28636"}],"collection":[{"href":"https:\/\/footdavant.fr\/actualites\/wp-json\/wp\/v2\/posts"}],"about":[{"href":"https:\/\/footdavant.fr\/actualites\/wp-json\/wp\/v2\/types\/post"}],"author":[{"embeddable":true,"href":"https:\/\/footdavant.fr\/actualites\/wp-json\/wp\/v2\/users\/1"}],"replies":[{"embeddable":true,"href":"https:\/\/footdavant.fr\/actualites\/wp-json\/wp\/v2\/comments?post=28636"}],"version-history":[{"count":1,"href":"https:\/\/footdavant.fr\/actualites\/wp-json\/wp\/v2\/posts\/28636\/revisions"}],"predecessor-version":[{"id":28638,"href":"https:\/\/footdavant.fr\/actualites\/wp-json\/wp\/v2\/posts\/28636\/revisions\/28638"}],"wp:featuredmedia":[{"embeddable":true,"href":"https:\/\/footdavant.fr\/actualites\/wp-json\/wp\/v2\/media\/28637"}],"wp:attachment":[{"href":"https:\/\/footdavant.fr\/actualites\/wp-json\/wp\/v2\/media?parent=28636"}],"wp:term":[{"taxonomy":"category","embeddable":true,"href":"https:\/\/footdavant.fr\/actualites\/wp-json\/wp\/v2\/categories?post=28636"},{"taxonomy":"post_tag","embeddable":true,"href":"https:\/\/footdavant.fr\/actualites\/wp-json\/wp\/v2\/tags?post=28636"}],"curies":[{"name":"wp","href":"https:\/\/api.w.org\/{rel}","templated":true}]}}