{"id":28639,"date":"2025-09-18T06:48:07","date_gmt":"2025-09-18T04:48:07","guid":{"rendered":"https:\/\/footdavant.fr\/actualites\/arsenal-a-traite-une-preoccupation-majeure-devant-man-city-alors-que-martin-odegaard-subit-une-deuxieme-blessure-a-lepaule\/"},"modified":"2025-09-18T06:48:11","modified_gmt":"2025-09-18T04:48:11","slug":"arsenal-a-traite-une-preoccupation-majeure-devant-man-city-alors-que-martin-odegaard-subit-une-deuxieme-blessure-a-lepaule","status":"publish","type":"post","link":"https:\/\/footdavant.fr\/actualites\/arsenal-a-traite-une-preoccupation-majeure-devant-man-city-alors-que-martin-odegaard-subit-une-deuxieme-blessure-a-lepaule\/","title":{"rendered":"Arsenal a trait\u00e9 une pr\u00e9occupation majeure devant Man City alors que Martin Odegaard subit une deuxi\u00e8me blessure \u00e0 l&#39;\u00e9paule"},"content":{"rendered":"<p>Martin Odegaard souffre de sa deuxi\u00e8me blessure \u00e0 l&#39;\u00e9paule de la saison lors de l&#39;affrontement de la Premier League d&#39;Arsenal avec la for\u00eat de Nottingham, car les Gunners ont un coup grave avant leur affrontement avec Manchester City.<\/p>\n<div id=\"article_body\" itemprop=\"articleBody\">\n<h3 class=\"firstPara\"><\/h3>\n<p><strong class=\"autotag\">Arsenal a subi un coup de blessure inqui\u00e9tant \u00e0 seulement 16 minutes apr\u00e8s leur affrontement en Premier League avec <strong class=\"autotag\">Forest de Nottingham samedi, comme <strong class=\"autotag\">Martin Odegaard a \u00e9t\u00e9 remplac\u00e9 par sa deuxi\u00e8me blessure \u00e0 l&#39;\u00e9paule de la saison.<\/p>\n<p>Le capitaine des Gunners a atterri maladroitement apr\u00e8s avoir \u00e9t\u00e9 pris dans un 50-50 entre Morgan Gibbs-White et Jurrien Timber, ce dernier semblait sortir son propre co\u00e9quipier.<\/p>\n<p>Odegaard a initialement essay\u00e9 de continuer mais a finalement d\u00fb l&#39;appeler, \u00eatre remplac\u00e9 par <strong class=\"autotag\">Ethan Nwaneri alors qu&#39;il subissait sa deuxi\u00e8me blessure \u00e0 l&#39;\u00e9paule en l&#39;espace de trois matchs.<\/p>\n<p>L&#39;ancien starlette de Madrid-Real a \u00e9galement endommag\u00e9 son \u00e9paule lors de la victoire \u00e0 domicile 5-0 contre Leeds United en ao\u00fbt, bien qu&#39;il ne soit pas clair s&#39;il a endommag\u00e9 la m\u00eame \u00e9paule qu&#39;il a bless\u00e9 contre les Blancs.<\/p>\n<p>Quoi qu&#39;il en soit, Odegaard est d\u00e9j\u00e0 un doute grave pour la confusion de la Ligue des champions de mardi avec <strong class=\"autotag\">Bilbao sportif, ainsi que le blockbuster de Premier League du week-end prochain <strong class=\"autotag\">Manchester City.<\/p>\n<p>Cependant, Odegaard s&#39;est rapidement remis de son premier num\u00e9ro d&#39;\u00e9paule de la campagne, faisant le banc contre Liverpool et se faisant substituer en deuxi\u00e8me mi-temps dans cette d\u00e9faite 1-0.<\/p>\n<p><strong class=\"autotag\">Mikel Arteta travaille d\u00e9j\u00e0 sans Kai Havertz, William Saliba, Bukayo Saka et Gabriel J\u00e9sus en raison d&#39;une blessure.<\/p>\n<\/p>\n<div class=\"author_box\">\n<div class=\"author_box_banner\"> <\/div>\n<\/div>\n<\/div>\n","protected":false},"excerpt":{"rendered":"<p>Martin Odegaard souffre de sa deuxi\u00e8me blessure \u00e0 l&#39;\u00e9paule de la saison lors de l&#39;affrontement de la Premier League d&#39;Arsenal avec la for\u00eat de Nottingham,<\/p>\n","protected":false},"author":1,"featured_media":28640,"comment_status":"closed","ping_status":"","sticky":false,"template":"","format":"standard","meta":{"footnotes":""},"categories":[5],"tags":[318,67,15,27,1801,913,4229,1628,24,892,186,8179,366,7853,92],"yoast_head":"<!-- This site is optimized with the Yoast SEO plugin v21.0 - https:\/\/yoast.com\/wordpress\/plugins\/seo\/ -->\n<title>Arsenal a trait\u00e9 une pr\u00e9occupation majeure devant Man City alors que Martin Odegaard subit une deuxi\u00e8me blessure \u00e0 l&#039;\u00e9paule<\/title>\n<meta name=\"robots\" content=\"index, follow, max-snippet:-1, max-image-preview:large, max-video-preview:-1\" \/>\n<link rel=\"canonical\" href=\"https:\/\/footdavant.fr\/actualites\/arsenal-a-traite-une-preoccupation-majeure-devant-man-city-alors-que-martin-odegaard-subit-une-deuxieme-blessure-a-lepaule\/\" \/>\n<meta property=\"og:locale\" content=\"fr_FR\" \/>\n<meta property=\"og:type\" content=\"article\" \/>\n<meta property=\"og:title\" content=\"Arsenal a trait\u00e9 une pr\u00e9occupation majeure devant Man City alors que Martin Odegaard subit une deuxi\u00e8me blessure \u00e0 l&#039;\u00e9paule\" \/>\n<meta property=\"og:description\" content=\"Martin Odegaard souffre de sa deuxi\u00e8me blessure \u00e0 l&#039;\u00e9paule de la saison lors de l&#039;affrontement de la Premier League d&#039;Arsenal avec la for\u00eat de Nottingham,\" \/>\n<meta property=\"og:url\" content=\"https:\/\/footdavant.fr\/actualites\/arsenal-a-traite-une-preoccupation-majeure-devant-man-city-alors-que-martin-odegaard-subit-une-deuxieme-blessure-a-lepaule\/\" \/>\n<meta property=\"og:site_name\" content=\"Foot d&#039;avant\" \/>\n<meta property=\"article:publisher\" content=\"https:\/\/www.facebook.com\/Footdavant\/\" \/>\n<meta property=\"article:published_time\" content=\"2025-09-18T04:48:07+00:00\" \/>\n<meta property=\"article:modified_time\" content=\"2025-09-18T04:48:11+00:00\" \/>\n<meta property=\"og:image\" content=\"https:\/\/footdavant.fr\/actualites\/wp-content\/uploads\/2025\/09\/1756918094_794_Comment-Arsenal-pourrait-faire-la-queue-sans-William-Saliba-alors.webp\" \/>\n\t<meta property=\"og:image:width\" content=\"640\" \/>\n\t<meta property=\"og:image:height\" content=\"480\" \/>\n\t<meta property=\"og:image:type\" content=\"image\/jpeg\" \/>\n<meta name=\"author\" content=\"Cl\u00e9ment\" \/>\n<meta name=\"twitter:card\" content=\"summary_large_image\" \/>\n<meta name=\"twitter:creator\" content=\"@FootdavantFr\" \/>\n<meta name=\"twitter:site\" content=\"@FootdavantFr\" \/>\n<meta name=\"twitter:label1\" content=\"\u00c9crit par\" \/>\n\t<meta name=\"twitter:data1\" content=\"Cl\u00e9ment\" \/>\n\t<meta name=\"twitter:label2\" content=\"Dur\u00e9e de lecture estim\u00e9e\" \/>\n\t<meta name=\"twitter:data2\" content=\"1 minute\" \/>\n<script type=\"application\/ld+json\" class=\"yoast-schema-graph\">{\"@context\":\"https:\/\/schema.org\",\"@graph\":[{\"@type\":\"Article\",\"@id\":\"https:\/\/footdavant.fr\/actualites\/arsenal-a-traite-une-preoccupation-majeure-devant-man-city-alors-que-martin-odegaard-subit-une-deuxieme-blessure-a-lepaule\/#article\",\"isPartOf\":{\"@id\":\"https:\/\/footdavant.fr\/actualites\/arsenal-a-traite-une-preoccupation-majeure-devant-man-city-alors-que-martin-odegaard-subit-une-deuxieme-blessure-a-lepaule\/\"},\"author\":{\"name\":\"Cl\u00e9ment\",\"@id\":\"https:\/\/footdavant.fr\/actualites\/#\/schema\/person\/bc222566d95871b37e597b3ed3ba5e1d\"},\"headline\":\"Arsenal a trait\u00e9 une pr\u00e9occupation majeure devant Man City alors que Martin Odegaard subit une deuxi\u00e8me blessure \u00e0 l&#39;\u00e9paule\",\"datePublished\":\"2025-09-18T04:48:07+00:00\",\"dateModified\":\"2025-09-18T04:48:11+00:00\",\"mainEntityOfPage\":{\"@id\":\"https:\/\/footdavant.fr\/actualites\/arsenal-a-traite-une-preoccupation-majeure-devant-man-city-alors-que-martin-odegaard-subit-une-deuxieme-blessure-a-lepaule\/\"},\"wordCount\":300,\"publisher\":{\"@id\":\"https:\/\/footdavant.fr\/actualites\/#organization\"},\"keywords\":[\"alors\",\"Arsenal\",\"Blessure\",\"City\",\"deuxi\u00e8me\",\"devant\",\"l39\u00e9paule\",\"majeure\",\"Man\",\"Martin\",\"Odegaard\",\"pr\u00e9occupation\",\"subit\",\"trait\u00e9\",\"une\"],\"articleSection\":[\"Premier League\"],\"inLanguage\":\"fr-FR\"},{\"@type\":\"WebPage\",\"@id\":\"https:\/\/footdavant.fr\/actualites\/arsenal-a-traite-une-preoccupation-majeure-devant-man-city-alors-que-martin-odegaard-subit-une-deuxieme-blessure-a-lepaule\/\",\"url\":\"https:\/\/footdavant.fr\/actualites\/arsenal-a-traite-une-preoccupation-majeure-devant-man-city-alors-que-martin-odegaard-subit-une-deuxieme-blessure-a-lepaule\/\",\"name\":\"Arsenal a trait\u00e9 une pr\u00e9occupation majeure devant Man City alors que Martin Odegaard subit une deuxi\u00e8me blessure \u00e0 l&#39;\u00e9paule\",\"isPartOf\":{\"@id\":\"https:\/\/footdavant.fr\/actualites\/#website\"},\"datePublished\":\"2025-09-18T04:48:07+00:00\",\"dateModified\":\"2025-09-18T04:48:11+00:00\",\"breadcrumb\":{\"@id\":\"https:\/\/footdavant.fr\/actualites\/arsenal-a-traite-une-preoccupation-majeure-devant-man-city-alors-que-martin-odegaard-subit-une-deuxieme-blessure-a-lepaule\/#breadcrumb\"},\"inLanguage\":\"fr-FR\",\"potentialAction\":[{\"@type\":\"ReadAction\",\"target\":[\"https:\/\/footdavant.fr\/actualites\/arsenal-a-traite-une-preoccupation-majeure-devant-man-city-alors-que-martin-odegaard-subit-une-deuxieme-blessure-a-lepaule\/\"]}]},{\"@type\":\"BreadcrumbList\",\"@id\":\"https:\/\/footdavant.fr\/actualites\/arsenal-a-traite-une-preoccupation-majeure-devant-man-city-alors-que-martin-odegaard-subit-une-deuxieme-blessure-a-lepaule\/#breadcrumb\",\"itemListElement\":[{\"@type\":\"ListItem\",\"position\":1,\"name\":\"Accueil\",\"item\":\"https:\/\/footdavant.fr\/actualites\/\"},{\"@type\":\"ListItem\",\"position\":2,\"name\":\"Arsenal a trait\u00e9 une pr\u00e9occupation majeure devant Man City alors que Martin Odegaard subit une deuxi\u00e8me blessure \u00e0 l&#39;\u00e9paule\"}]},{\"@type\":\"WebSite\",\"@id\":\"https:\/\/footdavant.fr\/actualites\/#website\",\"url\":\"https:\/\/footdavant.fr\/actualites\/\",\"name\":\"Foot d'avant\",\"description\":\"\",\"publisher\":{\"@id\":\"https:\/\/footdavant.fr\/actualites\/#organization\"},\"potentialAction\":[{\"@type\":\"SearchAction\",\"target\":{\"@type\":\"EntryPoint\",\"urlTemplate\":\"https:\/\/footdavant.fr\/actualites\/?s={search_term_string}\"},\"query-input\":\"required name=search_term_string\"}],\"inLanguage\":\"fr-FR\"},{\"@type\":\"Organization\",\"@id\":\"https:\/\/footdavant.fr\/actualites\/#organization\",\"name\":\"Foot d'avant\",\"url\":\"https:\/\/footdavant.fr\/actualites\/\",\"logo\":{\"@type\":\"ImageObject\",\"inLanguage\":\"fr-FR\",\"@id\":\"https:\/\/footdavant.fr\/actualites\/#\/schema\/logo\/image\/\",\"url\":\"https:\/\/footdavant.fr\/actualites\/wp-content\/uploads\/2023\/09\/Copy-of-FootDavant-Logo.png\",\"contentUrl\":\"https:\/\/footdavant.fr\/actualites\/wp-content\/uploads\/2023\/09\/Copy-of-FootDavant-Logo.png\",\"width\":936,\"height\":549,\"caption\":\"Foot d'avant\"},\"image\":{\"@id\":\"https:\/\/footdavant.fr\/actualites\/#\/schema\/logo\/image\/\"},\"sameAs\":[\"https:\/\/www.facebook.com\/Footdavant\/\",\"https:\/\/twitter.com\/FootdavantFr\",\"https:\/\/www.instagram.com\/footdavant.fr\/\"]},{\"@type\":\"Person\",\"@id\":\"https:\/\/footdavant.fr\/actualites\/#\/schema\/person\/bc222566d95871b37e597b3ed3ba5e1d\",\"name\":\"Cl\u00e9ment\",\"image\":{\"@type\":\"ImageObject\",\"inLanguage\":\"fr-FR\",\"@id\":\"https:\/\/footdavant.fr\/actualites\/#\/schema\/person\/image\/\",\"url\":\"https:\/\/secure.gravatar.com\/avatar\/7728b29aac2719421e1a9159b2254c44?s=96&d=mm&r=g\",\"contentUrl\":\"https:\/\/secure.gravatar.com\/avatar\/7728b29aac2719421e1a9159b2254c44?s=96&d=mm&r=g\",\"caption\":\"Cl\u00e9ment\"},\"sameAs\":[\"https:\/\/footdavant.fr\/\"]}]}<\/script>\n<!-- \/ Yoast SEO plugin. -->","yoast_head_json":{"title":"Arsenal a trait\u00e9 une pr\u00e9occupation majeure devant Man City alors que Martin Odegaard subit une deuxi\u00e8me blessure \u00e0 l&#39;\u00e9paule","robots":{"index":"index","follow":"follow","max-snippet":"max-snippet:-1","max-image-preview":"max-image-preview:large","max-video-preview":"max-video-preview:-1"},"canonical":"https:\/\/footdavant.fr\/actualites\/arsenal-a-traite-une-preoccupation-majeure-devant-man-city-alors-que-martin-odegaard-subit-une-deuxieme-blessure-a-lepaule\/","og_locale":"fr_FR","og_type":"article","og_title":"Arsenal a trait\u00e9 une pr\u00e9occupation majeure devant Man City alors que Martin Odegaard subit une deuxi\u00e8me blessure \u00e0 l&#39;\u00e9paule","og_description":"Martin Odegaard souffre de sa deuxi\u00e8me blessure \u00e0 l&#39;\u00e9paule de la saison lors de l&#39;affrontement de la Premier League d&#39;Arsenal avec la for\u00eat de Nottingham,","og_url":"https:\/\/footdavant.fr\/actualites\/arsenal-a-traite-une-preoccupation-majeure-devant-man-city-alors-que-martin-odegaard-subit-une-deuxieme-blessure-a-lepaule\/","og_site_name":"Foot d&#039;avant","article_publisher":"https:\/\/www.facebook.com\/Footdavant\/","article_published_time":"2025-09-18T04:48:07+00:00","article_modified_time":"2025-09-18T04:48:11+00:00","og_image":[{"width":640,"height":480,"url":"https:\/\/footdavant.fr\/actualites\/wp-content\/uploads\/2025\/09\/1756918094_794_Comment-Arsenal-pourrait-faire-la-queue-sans-William-Saliba-alors.webp","type":"image\/jpeg"}],"author":"Cl\u00e9ment","twitter_card":"summary_large_image","twitter_creator":"@FootdavantFr","twitter_site":"@FootdavantFr","twitter_misc":{"\u00c9crit par":"Cl\u00e9ment","Dur\u00e9e de lecture estim\u00e9e":"1 minute"},"schema":{"@context":"https:\/\/schema.org","@graph":[{"@type":"Article","@id":"https:\/\/footdavant.fr\/actualites\/arsenal-a-traite-une-preoccupation-majeure-devant-man-city-alors-que-martin-odegaard-subit-une-deuxieme-blessure-a-lepaule\/#article","isPartOf":{"@id":"https:\/\/footdavant.fr\/actualites\/arsenal-a-traite-une-preoccupation-majeure-devant-man-city-alors-que-martin-odegaard-subit-une-deuxieme-blessure-a-lepaule\/"},"author":{"name":"Cl\u00e9ment","@id":"https:\/\/footdavant.fr\/actualites\/#\/schema\/person\/bc222566d95871b37e597b3ed3ba5e1d"},"headline":"Arsenal a trait\u00e9 une pr\u00e9occupation majeure devant Man City alors que Martin Odegaard subit une deuxi\u00e8me blessure \u00e0 l&#39;\u00e9paule","datePublished":"2025-09-18T04:48:07+00:00","dateModified":"2025-09-18T04:48:11+00:00","mainEntityOfPage":{"@id":"https:\/\/footdavant.fr\/actualites\/arsenal-a-traite-une-preoccupation-majeure-devant-man-city-alors-que-martin-odegaard-subit-une-deuxieme-blessure-a-lepaule\/"},"wordCount":300,"publisher":{"@id":"https:\/\/footdavant.fr\/actualites\/#organization"},"keywords":["alors","Arsenal","Blessure","City","deuxi\u00e8me","devant","l39\u00e9paule","majeure","Man","Martin","Odegaard","pr\u00e9occupation","subit","trait\u00e9","une"],"articleSection":["Premier League"],"inLanguage":"fr-FR"},{"@type":"WebPage","@id":"https:\/\/footdavant.fr\/actualites\/arsenal-a-traite-une-preoccupation-majeure-devant-man-city-alors-que-martin-odegaard-subit-une-deuxieme-blessure-a-lepaule\/","url":"https:\/\/footdavant.fr\/actualites\/arsenal-a-traite-une-preoccupation-majeure-devant-man-city-alors-que-martin-odegaard-subit-une-deuxieme-blessure-a-lepaule\/","name":"Arsenal a trait\u00e9 une pr\u00e9occupation majeure devant Man City alors que Martin Odegaard subit une deuxi\u00e8me blessure \u00e0 l&#39;\u00e9paule","isPartOf":{"@id":"https:\/\/footdavant.fr\/actualites\/#website"},"datePublished":"2025-09-18T04:48:07+00:00","dateModified":"2025-09-18T04:48:11+00:00","breadcrumb":{"@id":"https:\/\/footdavant.fr\/actualites\/arsenal-a-traite-une-preoccupation-majeure-devant-man-city-alors-que-martin-odegaard-subit-une-deuxieme-blessure-a-lepaule\/#breadcrumb"},"inLanguage":"fr-FR","potentialAction":[{"@type":"ReadAction","target":["https:\/\/footdavant.fr\/actualites\/arsenal-a-traite-une-preoccupation-majeure-devant-man-city-alors-que-martin-odegaard-subit-une-deuxieme-blessure-a-lepaule\/"]}]},{"@type":"BreadcrumbList","@id":"https:\/\/footdavant.fr\/actualites\/arsenal-a-traite-une-preoccupation-majeure-devant-man-city-alors-que-martin-odegaard-subit-une-deuxieme-blessure-a-lepaule\/#breadcrumb","itemListElement":[{"@type":"ListItem","position":1,"name":"Accueil","item":"https:\/\/footdavant.fr\/actualites\/"},{"@type":"ListItem","position":2,"name":"Arsenal a trait\u00e9 une pr\u00e9occupation majeure devant Man City alors que Martin Odegaard subit une deuxi\u00e8me blessure \u00e0 l&#39;\u00e9paule"}]},{"@type":"WebSite","@id":"https:\/\/footdavant.fr\/actualites\/#website","url":"https:\/\/footdavant.fr\/actualites\/","name":"Foot d'avant","description":"","publisher":{"@id":"https:\/\/footdavant.fr\/actualites\/#organization"},"potentialAction":[{"@type":"SearchAction","target":{"@type":"EntryPoint","urlTemplate":"https:\/\/footdavant.fr\/actualites\/?s={search_term_string}"},"query-input":"required name=search_term_string"}],"inLanguage":"fr-FR"},{"@type":"Organization","@id":"https:\/\/footdavant.fr\/actualites\/#organization","name":"Foot d'avant","url":"https:\/\/footdavant.fr\/actualites\/","logo":{"@type":"ImageObject","inLanguage":"fr-FR","@id":"https:\/\/footdavant.fr\/actualites\/#\/schema\/logo\/image\/","url":"https:\/\/footdavant.fr\/actualites\/wp-content\/uploads\/2023\/09\/Copy-of-FootDavant-Logo.png","contentUrl":"https:\/\/footdavant.fr\/actualites\/wp-content\/uploads\/2023\/09\/Copy-of-FootDavant-Logo.png","width":936,"height":549,"caption":"Foot d'avant"},"image":{"@id":"https:\/\/footdavant.fr\/actualites\/#\/schema\/logo\/image\/"},"sameAs":["https:\/\/www.facebook.com\/Footdavant\/","https:\/\/twitter.com\/FootdavantFr","https:\/\/www.instagram.com\/footdavant.fr\/"]},{"@type":"Person","@id":"https:\/\/footdavant.fr\/actualites\/#\/schema\/person\/bc222566d95871b37e597b3ed3ba5e1d","name":"Cl\u00e9ment","image":{"@type":"ImageObject","inLanguage":"fr-FR","@id":"https:\/\/footdavant.fr\/actualites\/#\/schema\/person\/image\/","url":"https:\/\/secure.gravatar.com\/avatar\/7728b29aac2719421e1a9159b2254c44?s=96&d=mm&r=g","contentUrl":"https:\/\/secure.gravatar.com\/avatar\/7728b29aac2719421e1a9159b2254c44?s=96&d=mm&r=g","caption":"Cl\u00e9ment"},"sameAs":["https:\/\/footdavant.fr\/"]}]}},"_links":{"self":[{"href":"https:\/\/footdavant.fr\/actualites\/wp-json\/wp\/v2\/posts\/28639"}],"collection":[{"href":"https:\/\/footdavant.fr\/actualites\/wp-json\/wp\/v2\/posts"}],"about":[{"href":"https:\/\/footdavant.fr\/actualites\/wp-json\/wp\/v2\/types\/post"}],"author":[{"embeddable":true,"href":"https:\/\/footdavant.fr\/actualites\/wp-json\/wp\/v2\/users\/1"}],"replies":[{"embeddable":true,"href":"https:\/\/footdavant.fr\/actualites\/wp-json\/wp\/v2\/comments?post=28639"}],"version-history":[{"count":1,"href":"https:\/\/footdavant.fr\/actualites\/wp-json\/wp\/v2\/posts\/28639\/revisions"}],"predecessor-version":[{"id":28641,"href":"https:\/\/footdavant.fr\/actualites\/wp-json\/wp\/v2\/posts\/28639\/revisions\/28641"}],"wp:featuredmedia":[{"embeddable":true,"href":"https:\/\/footdavant.fr\/actualites\/wp-json\/wp\/v2\/media\/28640"}],"wp:attachment":[{"href":"https:\/\/footdavant.fr\/actualites\/wp-json\/wp\/v2\/media?parent=28639"}],"wp:term":[{"taxonomy":"category","embeddable":true,"href":"https:\/\/footdavant.fr\/actualites\/wp-json\/wp\/v2\/categories?post=28639"},{"taxonomy":"post_tag","embeddable":true,"href":"https:\/\/footdavant.fr\/actualites\/wp-json\/wp\/v2\/tags?post=28639"}],"curies":[{"name":"wp","href":"https:\/\/api.w.org\/{rel}","templated":true}]}}