{"id":28642,"date":"2025-09-18T08:48:08","date_gmt":"2025-09-18T06:48:08","guid":{"rendered":"https:\/\/footdavant.fr\/actualites\/enzo-maresca-et-cole-palmer-optimiste-malgre-la-defaite-du-bayern\/"},"modified":"2025-09-18T08:48:10","modified_gmt":"2025-09-18T06:48:10","slug":"enzo-maresca-et-cole-palmer-optimiste-malgre-la-defaite-du-bayern","status":"publish","type":"post","link":"https:\/\/footdavant.fr\/actualites\/enzo-maresca-et-cole-palmer-optimiste-malgre-la-defaite-du-bayern\/","title":{"rendered":"Enzo Maresca et Cole Palmer optimiste malgr\u00e9 la d\u00e9faite du Bayern"},"content":{"rendered":"<div>\n<p>Le patron de Chelsea, Enzo Maresca, et le buteur Cole Palmer ont choisi de prendre les points positifs malgr\u00e9 une d\u00e9faite 3-1 contre le Bayern Munich au retour des Blues en Ligue des champions. <\/p>\n<p>Les champions de la Ligue de conf\u00e9rence et du Club du monde des clubs jouaient leur premier match dans la comp\u00e9tition Europe Elite Club depuis 2023, mais, contrairement en 2012, lorsqu&#39;ils ont lev\u00e9 le troph\u00e9e, ce voyage \u00e0 l&#39;Allianz Arena pour Chelsea \u00e9tait malheureux. <\/p>\n<p>Un but de Harry Kane et de Trevor Chabolah propre but ont donn\u00e9 la victoire aux Giants allemands, mais Chelsea a troubl\u00e9 ses h\u00f4tes en sorts et en a retir\u00e9 un \u00e0 travers la sublime de Palmer avec le score \u00e0 2-0. <\/p>\n<figure class=\"wp-block-embed is-type-rich is-provider-twitter wp-block-embed-twitter\"><\/figure>\n<p>Et malgr\u00e9 le r\u00e9sultat, Maresca a insist\u00e9 sur le fait qu&#39;il \u00e9tait satisfait de la projection de ses joueurs. <\/p>\n<p>\u00ab\u00a0Dans l&#39;ensemble, je pense que la performance a \u00e9t\u00e9 assez bonne. Nous avons tr\u00e8s bien commenc\u00e9 pendant les 20 premi\u00e8res minutes, cr\u00e9ant deux ou trois chances claires\u00a0\u00bb, a d\u00e9clar\u00e9 le patron de Chelsea \u00e0 TNT Sports. <\/p>\n<p>\u00abEnsuite, lorsque nous conc\u00e9dons, nous pouvons \u00e9viter ce genre de but. Le jeu a un peu chang\u00e9 mais nous \u00e9tions dans le match, nous marquons un but.<\/p>\n<p>\u00ab\u00a0Nous avons commenc\u00e9 la deuxi\u00e8me mi-temps de cr\u00e9ation de chances, puis apr\u00e8s avoir conc\u00e9d\u00e9 le troisi\u00e8me but, le match a de nouveau chang\u00e9.\u00a0\u00bb<\/p>\n<p>Lorsqu&#39;on lui a demand\u00e9 ce qui a finalement mal tourn\u00e9 pour son \u00e9quipe en deuxi\u00e8me mi-temps avec le score \u00e0 2-1, Maresca a d\u00e9clar\u00e9: \u00abRien, nous avons malheureusement conc\u00e9d\u00e9 un autre but, ce qui a tu\u00e9 un peu le match. <\/p>\n<p>\u00abMais m\u00eame avec cela, je pense que nous \u00e9tions dans le match. Nous essayons jusqu&#39;\u00e0 la fin, nous avons marqu\u00e9 un autre but qui \u00e9tait malheureusement hors-jeu.<\/p>\n<p>\u00abJe pense que nous pouvons apprendre beaucoup de ce jeu. \u00c0 certains moments, nous n&#39;\u00e9tions pas assez bons, mais nous pouvons apprendre beaucoup de choses.<\/p>\n<p>\u00ab\u00a0C&#39;est une r\u00e9alit\u00e9 parce que la Ligue des champions est ce genre de match, surtout contre le Bayern, c&#39;est l&#39;un des favoris. Mais dans l&#39;ensemble, je pense que nous avons assez bien concouru.\u00a0\u00bb<\/p>\n<figure class=\"wp-block-embed is-type-rich is-provider-twitter wp-block-embed-twitter\"><\/figure>\n<p>Pendant ce temps, Palmer a fait \u00e9cho aux sentiments de son manager et pense que l&#39;\u00e9quipe a fait assez pour montrer qu&#39;elle peut rivaliser avec les clubs de renom \u00e0 ce niveau. <\/p>\n<p>\u00ab\u00a0C&#39;\u00e9tait frustrant. J&#39;ai l&#39;impression que nous m\u00e9ritons plus\u00a0\u00bb, a d\u00e9clar\u00e9 Palmer. <\/p>\n<p>\u00abNous avons bien commenc\u00e9. Nous avons eu des chances pr\u00e9coces de marquer. Mais lorsque vous faites des erreurs au plus haut niveau, il est difficile de revenir.<\/p>\n<p>\u00abPeut-\u00eatre un manque de concentration, et non de g\u00e9rer les moments. Mais je pense que nous avons montr\u00e9 que nous pouvons jouer contre l&#39;une des meilleures \u00e9quipes de la comp\u00e9tition.<\/p>\n<p>\u00abC&#39;est une bonne courbe d&#39;apprentissage. \u00catre de retour dans la comp\u00e9tition, c&#39;est bien. Nous devons d\u00e9marrer d&#39;ici.<\/p>\n<p>\u00abNous avons montr\u00e9 que nous pouvons rivaliser.\u00bb<\/p>\n<p>Chelsea est le prochain en action lorsqu&#39;ils se rendent \u00e0 Old Trafford pour affronter Manchester United samedi. <\/p>\n<\/p><\/div>\n","protected":false},"excerpt":{"rendered":"<p>Le patron de Chelsea, Enzo Maresca, et le buteur Cole Palmer ont choisi de prendre les points positifs malgr\u00e9 une d\u00e9faite 3-1 contre le Bayern<\/p>\n","protected":false},"author":1,"featured_media":28643,"comment_status":"closed","ping_status":"","sticky":false,"template":"","format":"standard","meta":{"footnotes":""},"categories":[3],"tags":[340,1122,425,1806,2520,5107,4432,1123],"yoast_head":"<!-- This site is optimized with the Yoast SEO plugin v21.0 - https:\/\/yoast.com\/wordpress\/plugins\/seo\/ -->\n<title>Enzo Maresca et Cole Palmer optimiste malgr\u00e9 la d\u00e9faite du Bayern<\/title>\n<meta name=\"robots\" content=\"index, follow, max-snippet:-1, max-image-preview:large, max-video-preview:-1\" \/>\n<link rel=\"canonical\" href=\"https:\/\/footdavant.fr\/actualites\/enzo-maresca-et-cole-palmer-optimiste-malgre-la-defaite-du-bayern\/\" \/>\n<meta property=\"og:locale\" content=\"fr_FR\" \/>\n<meta property=\"og:type\" content=\"article\" \/>\n<meta property=\"og:title\" content=\"Enzo Maresca et Cole Palmer optimiste malgr\u00e9 la d\u00e9faite du Bayern\" \/>\n<meta property=\"og:description\" content=\"Le patron de Chelsea, Enzo Maresca, et le buteur Cole Palmer ont choisi de prendre les points positifs malgr\u00e9 une d\u00e9faite 3-1 contre le Bayern\" \/>\n<meta property=\"og:url\" content=\"https:\/\/footdavant.fr\/actualites\/enzo-maresca-et-cole-palmer-optimiste-malgre-la-defaite-du-bayern\/\" \/>\n<meta property=\"og:site_name\" content=\"Foot d&#039;avant\" \/>\n<meta property=\"article:publisher\" content=\"https:\/\/www.facebook.com\/Footdavant\/\" \/>\n<meta property=\"article:published_time\" content=\"2025-09-18T06:48:08+00:00\" \/>\n<meta property=\"article:modified_time\" content=\"2025-09-18T06:48:10+00:00\" \/>\n<meta property=\"og:image\" content=\"https:\/\/footdavant.fr\/actualites\/wp-content\/uploads\/2025\/09\/Enzo-Maresca-et-Cole-Palmer-optimiste-malgre-la-defaite-du.jpg\" \/>\n\t<meta property=\"og:image:width\" content=\"1200\" \/>\n\t<meta property=\"og:image:height\" content=\"675\" \/>\n\t<meta property=\"og:image:type\" content=\"image\/jpeg\" \/>\n<meta name=\"author\" content=\"Cl\u00e9ment\" \/>\n<meta name=\"twitter:card\" content=\"summary_large_image\" \/>\n<meta name=\"twitter:creator\" content=\"@FootdavantFr\" \/>\n<meta name=\"twitter:site\" content=\"@FootdavantFr\" \/>\n<meta name=\"twitter:label1\" content=\"\u00c9crit par\" \/>\n\t<meta name=\"twitter:data1\" content=\"Cl\u00e9ment\" \/>\n\t<meta name=\"twitter:label2\" content=\"Dur\u00e9e de lecture estim\u00e9e\" \/>\n\t<meta name=\"twitter:data2\" content=\"3 minutes\" \/>\n<script type=\"application\/ld+json\" class=\"yoast-schema-graph\">{\"@context\":\"https:\/\/schema.org\",\"@graph\":[{\"@type\":\"Article\",\"@id\":\"https:\/\/footdavant.fr\/actualites\/enzo-maresca-et-cole-palmer-optimiste-malgre-la-defaite-du-bayern\/#article\",\"isPartOf\":{\"@id\":\"https:\/\/footdavant.fr\/actualites\/enzo-maresca-et-cole-palmer-optimiste-malgre-la-defaite-du-bayern\/\"},\"author\":{\"name\":\"Cl\u00e9ment\",\"@id\":\"https:\/\/footdavant.fr\/actualites\/#\/schema\/person\/bc222566d95871b37e597b3ed3ba5e1d\"},\"headline\":\"Enzo Maresca et Cole Palmer optimiste malgr\u00e9 la d\u00e9faite du Bayern\",\"datePublished\":\"2025-09-18T06:48:08+00:00\",\"dateModified\":\"2025-09-18T06:48:10+00:00\",\"mainEntityOfPage\":{\"@id\":\"https:\/\/footdavant.fr\/actualites\/enzo-maresca-et-cole-palmer-optimiste-malgre-la-defaite-du-bayern\/\"},\"wordCount\":542,\"publisher\":{\"@id\":\"https:\/\/footdavant.fr\/actualites\/#organization\"},\"keywords\":[\"Bayern\",\"Cole\",\"d\u00e9faite\",\"Enzo\",\"malgr\u00e9\",\"Maresca\",\"optimiste\",\"Palmer\"],\"articleSection\":[\"Football\"],\"inLanguage\":\"fr-FR\"},{\"@type\":\"WebPage\",\"@id\":\"https:\/\/footdavant.fr\/actualites\/enzo-maresca-et-cole-palmer-optimiste-malgre-la-defaite-du-bayern\/\",\"url\":\"https:\/\/footdavant.fr\/actualites\/enzo-maresca-et-cole-palmer-optimiste-malgre-la-defaite-du-bayern\/\",\"name\":\"Enzo Maresca et Cole Palmer optimiste malgr\u00e9 la d\u00e9faite du Bayern\",\"isPartOf\":{\"@id\":\"https:\/\/footdavant.fr\/actualites\/#website\"},\"datePublished\":\"2025-09-18T06:48:08+00:00\",\"dateModified\":\"2025-09-18T06:48:10+00:00\",\"breadcrumb\":{\"@id\":\"https:\/\/footdavant.fr\/actualites\/enzo-maresca-et-cole-palmer-optimiste-malgre-la-defaite-du-bayern\/#breadcrumb\"},\"inLanguage\":\"fr-FR\",\"potentialAction\":[{\"@type\":\"ReadAction\",\"target\":[\"https:\/\/footdavant.fr\/actualites\/enzo-maresca-et-cole-palmer-optimiste-malgre-la-defaite-du-bayern\/\"]}]},{\"@type\":\"BreadcrumbList\",\"@id\":\"https:\/\/footdavant.fr\/actualites\/enzo-maresca-et-cole-palmer-optimiste-malgre-la-defaite-du-bayern\/#breadcrumb\",\"itemListElement\":[{\"@type\":\"ListItem\",\"position\":1,\"name\":\"Accueil\",\"item\":\"https:\/\/footdavant.fr\/actualites\/\"},{\"@type\":\"ListItem\",\"position\":2,\"name\":\"Enzo Maresca et Cole Palmer optimiste malgr\u00e9 la d\u00e9faite du Bayern\"}]},{\"@type\":\"WebSite\",\"@id\":\"https:\/\/footdavant.fr\/actualites\/#website\",\"url\":\"https:\/\/footdavant.fr\/actualites\/\",\"name\":\"Foot d'avant\",\"description\":\"\",\"publisher\":{\"@id\":\"https:\/\/footdavant.fr\/actualites\/#organization\"},\"potentialAction\":[{\"@type\":\"SearchAction\",\"target\":{\"@type\":\"EntryPoint\",\"urlTemplate\":\"https:\/\/footdavant.fr\/actualites\/?s={search_term_string}\"},\"query-input\":\"required name=search_term_string\"}],\"inLanguage\":\"fr-FR\"},{\"@type\":\"Organization\",\"@id\":\"https:\/\/footdavant.fr\/actualites\/#organization\",\"name\":\"Foot d'avant\",\"url\":\"https:\/\/footdavant.fr\/actualites\/\",\"logo\":{\"@type\":\"ImageObject\",\"inLanguage\":\"fr-FR\",\"@id\":\"https:\/\/footdavant.fr\/actualites\/#\/schema\/logo\/image\/\",\"url\":\"https:\/\/footdavant.fr\/actualites\/wp-content\/uploads\/2023\/09\/Copy-of-FootDavant-Logo.png\",\"contentUrl\":\"https:\/\/footdavant.fr\/actualites\/wp-content\/uploads\/2023\/09\/Copy-of-FootDavant-Logo.png\",\"width\":936,\"height\":549,\"caption\":\"Foot d'avant\"},\"image\":{\"@id\":\"https:\/\/footdavant.fr\/actualites\/#\/schema\/logo\/image\/\"},\"sameAs\":[\"https:\/\/www.facebook.com\/Footdavant\/\",\"https:\/\/twitter.com\/FootdavantFr\",\"https:\/\/www.instagram.com\/footdavant.fr\/\"]},{\"@type\":\"Person\",\"@id\":\"https:\/\/footdavant.fr\/actualites\/#\/schema\/person\/bc222566d95871b37e597b3ed3ba5e1d\",\"name\":\"Cl\u00e9ment\",\"image\":{\"@type\":\"ImageObject\",\"inLanguage\":\"fr-FR\",\"@id\":\"https:\/\/footdavant.fr\/actualites\/#\/schema\/person\/image\/\",\"url\":\"https:\/\/secure.gravatar.com\/avatar\/7728b29aac2719421e1a9159b2254c44?s=96&d=mm&r=g\",\"contentUrl\":\"https:\/\/secure.gravatar.com\/avatar\/7728b29aac2719421e1a9159b2254c44?s=96&d=mm&r=g\",\"caption\":\"Cl\u00e9ment\"},\"sameAs\":[\"https:\/\/footdavant.fr\/\"]}]}<\/script>\n<!-- \/ Yoast SEO plugin. -->","yoast_head_json":{"title":"Enzo Maresca et Cole Palmer optimiste malgr\u00e9 la d\u00e9faite du Bayern","robots":{"index":"index","follow":"follow","max-snippet":"max-snippet:-1","max-image-preview":"max-image-preview:large","max-video-preview":"max-video-preview:-1"},"canonical":"https:\/\/footdavant.fr\/actualites\/enzo-maresca-et-cole-palmer-optimiste-malgre-la-defaite-du-bayern\/","og_locale":"fr_FR","og_type":"article","og_title":"Enzo Maresca et Cole Palmer optimiste malgr\u00e9 la d\u00e9faite du Bayern","og_description":"Le patron de Chelsea, Enzo Maresca, et le buteur Cole Palmer ont choisi de prendre les points positifs malgr\u00e9 une d\u00e9faite 3-1 contre le Bayern","og_url":"https:\/\/footdavant.fr\/actualites\/enzo-maresca-et-cole-palmer-optimiste-malgre-la-defaite-du-bayern\/","og_site_name":"Foot d&#039;avant","article_publisher":"https:\/\/www.facebook.com\/Footdavant\/","article_published_time":"2025-09-18T06:48:08+00:00","article_modified_time":"2025-09-18T06:48:10+00:00","og_image":[{"width":1200,"height":675,"url":"https:\/\/footdavant.fr\/actualites\/wp-content\/uploads\/2025\/09\/Enzo-Maresca-et-Cole-Palmer-optimiste-malgre-la-defaite-du.jpg","type":"image\/jpeg"}],"author":"Cl\u00e9ment","twitter_card":"summary_large_image","twitter_creator":"@FootdavantFr","twitter_site":"@FootdavantFr","twitter_misc":{"\u00c9crit par":"Cl\u00e9ment","Dur\u00e9e de lecture estim\u00e9e":"3 minutes"},"schema":{"@context":"https:\/\/schema.org","@graph":[{"@type":"Article","@id":"https:\/\/footdavant.fr\/actualites\/enzo-maresca-et-cole-palmer-optimiste-malgre-la-defaite-du-bayern\/#article","isPartOf":{"@id":"https:\/\/footdavant.fr\/actualites\/enzo-maresca-et-cole-palmer-optimiste-malgre-la-defaite-du-bayern\/"},"author":{"name":"Cl\u00e9ment","@id":"https:\/\/footdavant.fr\/actualites\/#\/schema\/person\/bc222566d95871b37e597b3ed3ba5e1d"},"headline":"Enzo Maresca et Cole Palmer optimiste malgr\u00e9 la d\u00e9faite du Bayern","datePublished":"2025-09-18T06:48:08+00:00","dateModified":"2025-09-18T06:48:10+00:00","mainEntityOfPage":{"@id":"https:\/\/footdavant.fr\/actualites\/enzo-maresca-et-cole-palmer-optimiste-malgre-la-defaite-du-bayern\/"},"wordCount":542,"publisher":{"@id":"https:\/\/footdavant.fr\/actualites\/#organization"},"keywords":["Bayern","Cole","d\u00e9faite","Enzo","malgr\u00e9","Maresca","optimiste","Palmer"],"articleSection":["Football"],"inLanguage":"fr-FR"},{"@type":"WebPage","@id":"https:\/\/footdavant.fr\/actualites\/enzo-maresca-et-cole-palmer-optimiste-malgre-la-defaite-du-bayern\/","url":"https:\/\/footdavant.fr\/actualites\/enzo-maresca-et-cole-palmer-optimiste-malgre-la-defaite-du-bayern\/","name":"Enzo Maresca et Cole Palmer optimiste malgr\u00e9 la d\u00e9faite du Bayern","isPartOf":{"@id":"https:\/\/footdavant.fr\/actualites\/#website"},"datePublished":"2025-09-18T06:48:08+00:00","dateModified":"2025-09-18T06:48:10+00:00","breadcrumb":{"@id":"https:\/\/footdavant.fr\/actualites\/enzo-maresca-et-cole-palmer-optimiste-malgre-la-defaite-du-bayern\/#breadcrumb"},"inLanguage":"fr-FR","potentialAction":[{"@type":"ReadAction","target":["https:\/\/footdavant.fr\/actualites\/enzo-maresca-et-cole-palmer-optimiste-malgre-la-defaite-du-bayern\/"]}]},{"@type":"BreadcrumbList","@id":"https:\/\/footdavant.fr\/actualites\/enzo-maresca-et-cole-palmer-optimiste-malgre-la-defaite-du-bayern\/#breadcrumb","itemListElement":[{"@type":"ListItem","position":1,"name":"Accueil","item":"https:\/\/footdavant.fr\/actualites\/"},{"@type":"ListItem","position":2,"name":"Enzo Maresca et Cole Palmer optimiste malgr\u00e9 la d\u00e9faite du Bayern"}]},{"@type":"WebSite","@id":"https:\/\/footdavant.fr\/actualites\/#website","url":"https:\/\/footdavant.fr\/actualites\/","name":"Foot d'avant","description":"","publisher":{"@id":"https:\/\/footdavant.fr\/actualites\/#organization"},"potentialAction":[{"@type":"SearchAction","target":{"@type":"EntryPoint","urlTemplate":"https:\/\/footdavant.fr\/actualites\/?s={search_term_string}"},"query-input":"required name=search_term_string"}],"inLanguage":"fr-FR"},{"@type":"Organization","@id":"https:\/\/footdavant.fr\/actualites\/#organization","name":"Foot d'avant","url":"https:\/\/footdavant.fr\/actualites\/","logo":{"@type":"ImageObject","inLanguage":"fr-FR","@id":"https:\/\/footdavant.fr\/actualites\/#\/schema\/logo\/image\/","url":"https:\/\/footdavant.fr\/actualites\/wp-content\/uploads\/2023\/09\/Copy-of-FootDavant-Logo.png","contentUrl":"https:\/\/footdavant.fr\/actualites\/wp-content\/uploads\/2023\/09\/Copy-of-FootDavant-Logo.png","width":936,"height":549,"caption":"Foot d'avant"},"image":{"@id":"https:\/\/footdavant.fr\/actualites\/#\/schema\/logo\/image\/"},"sameAs":["https:\/\/www.facebook.com\/Footdavant\/","https:\/\/twitter.com\/FootdavantFr","https:\/\/www.instagram.com\/footdavant.fr\/"]},{"@type":"Person","@id":"https:\/\/footdavant.fr\/actualites\/#\/schema\/person\/bc222566d95871b37e597b3ed3ba5e1d","name":"Cl\u00e9ment","image":{"@type":"ImageObject","inLanguage":"fr-FR","@id":"https:\/\/footdavant.fr\/actualites\/#\/schema\/person\/image\/","url":"https:\/\/secure.gravatar.com\/avatar\/7728b29aac2719421e1a9159b2254c44?s=96&d=mm&r=g","contentUrl":"https:\/\/secure.gravatar.com\/avatar\/7728b29aac2719421e1a9159b2254c44?s=96&d=mm&r=g","caption":"Cl\u00e9ment"},"sameAs":["https:\/\/footdavant.fr\/"]}]}},"_links":{"self":[{"href":"https:\/\/footdavant.fr\/actualites\/wp-json\/wp\/v2\/posts\/28642"}],"collection":[{"href":"https:\/\/footdavant.fr\/actualites\/wp-json\/wp\/v2\/posts"}],"about":[{"href":"https:\/\/footdavant.fr\/actualites\/wp-json\/wp\/v2\/types\/post"}],"author":[{"embeddable":true,"href":"https:\/\/footdavant.fr\/actualites\/wp-json\/wp\/v2\/users\/1"}],"replies":[{"embeddable":true,"href":"https:\/\/footdavant.fr\/actualites\/wp-json\/wp\/v2\/comments?post=28642"}],"version-history":[{"count":1,"href":"https:\/\/footdavant.fr\/actualites\/wp-json\/wp\/v2\/posts\/28642\/revisions"}],"predecessor-version":[{"id":28644,"href":"https:\/\/footdavant.fr\/actualites\/wp-json\/wp\/v2\/posts\/28642\/revisions\/28644"}],"wp:featuredmedia":[{"embeddable":true,"href":"https:\/\/footdavant.fr\/actualites\/wp-json\/wp\/v2\/media\/28643"}],"wp:attachment":[{"href":"https:\/\/footdavant.fr\/actualites\/wp-json\/wp\/v2\/media?parent=28642"}],"wp:term":[{"taxonomy":"category","embeddable":true,"href":"https:\/\/footdavant.fr\/actualites\/wp-json\/wp\/v2\/categories?post=28642"},{"taxonomy":"post_tag","embeddable":true,"href":"https:\/\/footdavant.fr\/actualites\/wp-json\/wp\/v2\/tags?post=28642"}],"curies":[{"name":"wp","href":"https:\/\/api.w.org\/{rel}","templated":true}]}}