{"id":28659,"date":"2025-09-18T16:48:02","date_gmt":"2025-09-18T14:48:02","guid":{"rendered":"https:\/\/footdavant.fr\/actualites\/chelsea-est-laisse-un-peu-fragile-apres-avoir-echoue-a-aborder-la-zone-cle-en-ete\/"},"modified":"2025-09-18T16:48:06","modified_gmt":"2025-09-18T14:48:06","slug":"chelsea-est-laisse-un-peu-fragile-apres-avoir-echoue-a-aborder-la-zone-cle-en-ete","status":"publish","type":"post","link":"https:\/\/footdavant.fr\/actualites\/chelsea-est-laisse-un-peu-fragile-apres-avoir-echoue-a-aborder-la-zone-cle-en-ete\/","title":{"rendered":"Chelsea est laiss\u00e9 un peu fragile apr\u00e8s avoir \u00e9chou\u00e9 \u00e0 aborder la zone cl\u00e9 en \u00e9t\u00e9"},"content":{"rendered":"<div>\n<p>La fen\u00eatre de transfert d&#39;\u00e9t\u00e9 de Chelsea pour moi \u00e9tait d&#39;environ 6\/10. Je crois que nous avons fait beaucoup de bonnes affaires et certaines des offres sortantes que nous avons conclues \u00e9taient incroyables. Mais il y a tellement de points d&#39;interrogation planant dans certaines des affaires entrantes que nous avons faites, et les affaires entrantes que nous n&#39;avons pas faites.<\/p>\n<p>Pour moi, il y a beaucoup de risques, et j&#39;ai perfectionn\u00e9 un article que j&#39;ai tr\u00e9buch\u00e9 cette semaine pour un d\u00e9bat.<\/p>\n<p>\u00ab\u00a0La fen\u00eatre de transfert de Chelsea les a laiss\u00e9s dans une position d\u00e9licate, pour le dire \u00e0 la l\u00e9g\u00e8re, et le r\u00e9cent tirage 2-2 contre Brentford a illustr\u00e9 cela avec d\u00e9sinvolture\u00a0\u00bb, \u00e9crit Henry (@cfcanalytique) de cette semaine.<\/p>\n<p>\u00abJe pense que c&#39;est une pr\u00e9tention valable pour sugg\u00e9rer que Chelsea devrait d\u00e9sormais avoir une \u00e9quipe capable de concurrencer le titre au minimum.<\/p>\n<p>\u00abJe pense qu&#39;il est prudent de dire que Chelsea n&#39;est pas tout \u00e0 fait l\u00e0 sur les trois fronts, malgr\u00e9 l&#39;investissement de masse.<\/p>\n<p>\u00abChelsea a fourni une r\u00e9f\u00e9rence de la performance la saison derni\u00e8re qui a indiqu\u00e9 qu&#39;ils sont probablement beaucoup plus proches d&#39;un titre que beaucoup ne le pensent.<\/p>\n<p>\u00abChelsea a fini par arriver quatri\u00e8me avec 69 points. Pas tr\u00e8s impressionnant, bien que en supposant qu&#39;ils ne prennent pas un mois entier de forme approximative, qui peut facilement \u00eatre 5-10 points plus haut.<\/p>\n<p>\u00abAvec une \u00e9quipe plus forte cette saison, la cible de points minimums nus, pour moi, devrait \u00eatre d&#39;environ 75 points.<\/p>\n<p>\u00abMais, comme l&#39;a fait allusion, cela d\u00e9pend fortement d&#39;une chose &#8211; la forme physique de notre \u00e9quipe.<\/p>\n<p>\u00abBien qu&#39;il y ait eu des am\u00e9liorations \u00e0 l&#39;\u00e9quipe, Chelsea attend toujours la majorit\u00e9 des cr\u00e9ations \u00e0 s&#39;installer correctement.<\/p>\n<p>\u00abL&#39;\u00e9quipe est \u00e9galement mince dans des positions cl\u00e9s, comme le dos central et l&#39;attaque, en particulier avec les blessures fr\u00e9quentes de Wesley Fofana, Benoit Badiashiles, et la blessure actuelle de Liam Delap.<\/p>\n<p>\u00abC&#39;est cette\u00ab minceur \u00bbet sa d\u00e9pendance \u00e0 la forme physique qui d\u00e9termineront probablement comment la saison se d\u00e9roulera.<\/p>\n<p>\u00abBien s\u00fbr, presque toutes les meilleures \u00e9quipes souffriront massivement si elles ont des blessures \u00e0 leurs meilleurs joueurs.<\/p>\n<p>\u00abMais \u00e0 mon avis, la situation sp\u00e9cifique de Chelsea est plus\u00ab fragile \u00bb. Avec la blessure suppl\u00e9mentaire de Levi Colwill, la d\u00e9fense de Chelsea est entre les mains de Trevoh Chalobah, Tosin Adarabioyo et Josh Acheambong.<\/p>\n<p>\u00abC&#39;est une malheureuse r\u00e9alit\u00e9 qu&#39;aucune des trois ne soit de la qualit\u00e9 \u00e0 \u00eatre \u00e0 un niveau sup\u00e9rieur tout au long de la saison.<\/p>\n<p>\u00abCette minceur de profondeur est \u00e9galement r\u00e9pandue en haut. Avec la blessure de Delap, le seul\u00ab 9 \u00bbde Chelsea est Marc Guiu.<\/p>\n<p>\u00abGuiu a \u00e9t\u00e9 sign\u00e9 comme une opportunit\u00e9 de march\u00e9 pour 5 millions de livres sterling \u00e0 l&#39;\u00e9t\u00e9 2024. Bien qu&#39;il ait de bons principes fondamentaux de frappe, il est loin d&#39;\u00eatre une solution \u00e0 court terme.<\/p>\n<p>\u00abBien qu&#39;il y ait certainement des lacunes en \u00e9quipe, Maresca ne peut pas se permettre de se glisser dans le rythme de rotation m\u00e9diocre qu&#39;il avait l&#39;ann\u00e9e derni\u00e8re et doit commencer \u00e0 inclure des joueurs comme Andrey Santos plus.<\/p>\n<p>\u00abMaresca a en effet \u00e9t\u00e9 laiss\u00e9e dans une position douteuse. Aucun CCB appropri\u00e9 signifie que ses options pour progresser de l&#39;arri\u00e8re sont limit\u00e9es.<\/p>\n<p>\u00abMarc Guiu n&#39;est pas encore un attaquant de haut niveau. L&#39;\u00e9quipe qui lui a \u00e9t\u00e9 donn\u00e9e est certainement assez bonne pour une finition parmi les quatre premiers, mais lui demander d&#39;en r\u00e9aliser plus serait malhonn\u00eate.<\/p>\n<p>\u00abSi les blessures empirent, nous ne pouvons tout simplement pas bl\u00e2mer Maresca. Ce serait injuste.<\/p>\n<p>\u00abEt les vraies personnes que nous devrions bl\u00e2mer seraient les r\u00e9alisateurs qui ont pris des risques massifs cette fen\u00eatre de transfert.\u00bb<\/p>\n<p>J&#39;\u00e9value beaucoup de cela et je suis d&#39;accord avec ce que Henry a dit. Et toi?<\/p>\n<\/p><\/div>\n","protected":false},"excerpt":{"rendered":"<p>La fen\u00eatre de transfert d&#39;\u00e9t\u00e9 de Chelsea pour moi \u00e9tait d&#39;environ 6\/10. Je crois que nous avons fait beaucoup de bonnes affaires et certaines des<\/p>\n","protected":false},"author":1,"featured_media":28660,"comment_status":"closed","ping_status":"","sticky":false,"template":"","format":"standard","meta":{"footnotes":""},"categories":[3],"tags":[10544,25,156,171,443,3767,217,776,7186,2203,1776,1316],"yoast_head":"<!-- This site is optimized with the Yoast SEO plugin v21.0 - https:\/\/yoast.com\/wordpress\/plugins\/seo\/ -->\n<title>Chelsea est laiss\u00e9 un peu fragile apr\u00e8s avoir \u00e9chou\u00e9 \u00e0 aborder la zone cl\u00e9 en \u00e9t\u00e9<\/title>\n<meta name=\"robots\" content=\"index, follow, max-snippet:-1, max-image-preview:large, max-video-preview:-1\" \/>\n<link rel=\"canonical\" href=\"https:\/\/footdavant.fr\/actualites\/chelsea-est-laisse-un-peu-fragile-apres-avoir-echoue-a-aborder-la-zone-cle-en-ete\/\" \/>\n<meta property=\"og:locale\" content=\"fr_FR\" \/>\n<meta property=\"og:type\" content=\"article\" \/>\n<meta property=\"og:title\" content=\"Chelsea est laiss\u00e9 un peu fragile apr\u00e8s avoir \u00e9chou\u00e9 \u00e0 aborder la zone cl\u00e9 en \u00e9t\u00e9\" \/>\n<meta property=\"og:description\" content=\"La fen\u00eatre de transfert d&#039;\u00e9t\u00e9 de Chelsea pour moi \u00e9tait d&#039;environ 6\/10. Je crois que nous avons fait beaucoup de bonnes affaires et certaines des\" \/>\n<meta property=\"og:url\" content=\"https:\/\/footdavant.fr\/actualites\/chelsea-est-laisse-un-peu-fragile-apres-avoir-echoue-a-aborder-la-zone-cle-en-ete\/\" \/>\n<meta property=\"og:site_name\" content=\"Foot d&#039;avant\" \/>\n<meta property=\"article:publisher\" content=\"https:\/\/www.facebook.com\/Footdavant\/\" \/>\n<meta property=\"article:published_time\" content=\"2025-09-18T14:48:02+00:00\" \/>\n<meta property=\"article:modified_time\" content=\"2025-09-18T14:48:06+00:00\" \/>\n<meta property=\"og:image\" content=\"https:\/\/footdavant.fr\/actualites\/wp-content\/uploads\/2025\/09\/Chelsea-est-laisse-un-peu-fragile-apres-avoir-echoue-a.jpg\" \/>\n\t<meta property=\"og:image:width\" content=\"2560\" \/>\n\t<meta property=\"og:image:height\" content=\"1707\" \/>\n\t<meta property=\"og:image:type\" content=\"image\/jpeg\" \/>\n<meta name=\"author\" content=\"Cl\u00e9ment\" \/>\n<meta name=\"twitter:card\" content=\"summary_large_image\" \/>\n<meta name=\"twitter:creator\" content=\"@FootdavantFr\" \/>\n<meta name=\"twitter:site\" content=\"@FootdavantFr\" \/>\n<meta name=\"twitter:label1\" content=\"\u00c9crit par\" \/>\n\t<meta name=\"twitter:data1\" content=\"Cl\u00e9ment\" \/>\n\t<meta name=\"twitter:label2\" content=\"Dur\u00e9e de lecture estim\u00e9e\" \/>\n\t<meta name=\"twitter:data2\" content=\"3 minutes\" \/>\n<script type=\"application\/ld+json\" class=\"yoast-schema-graph\">{\"@context\":\"https:\/\/schema.org\",\"@graph\":[{\"@type\":\"Article\",\"@id\":\"https:\/\/footdavant.fr\/actualites\/chelsea-est-laisse-un-peu-fragile-apres-avoir-echoue-a-aborder-la-zone-cle-en-ete\/#article\",\"isPartOf\":{\"@id\":\"https:\/\/footdavant.fr\/actualites\/chelsea-est-laisse-un-peu-fragile-apres-avoir-echoue-a-aborder-la-zone-cle-en-ete\/\"},\"author\":{\"name\":\"Cl\u00e9ment\",\"@id\":\"https:\/\/footdavant.fr\/actualites\/#\/schema\/person\/bc222566d95871b37e597b3ed3ba5e1d\"},\"headline\":\"Chelsea est laiss\u00e9 un peu fragile apr\u00e8s avoir \u00e9chou\u00e9 \u00e0 aborder la zone cl\u00e9 en \u00e9t\u00e9\",\"datePublished\":\"2025-09-18T14:48:02+00:00\",\"dateModified\":\"2025-09-18T14:48:06+00:00\",\"mainEntityOfPage\":{\"@id\":\"https:\/\/footdavant.fr\/actualites\/chelsea-est-laisse-un-peu-fragile-apres-avoir-echoue-a-aborder-la-zone-cle-en-ete\/\"},\"wordCount\":695,\"publisher\":{\"@id\":\"https:\/\/footdavant.fr\/actualites\/#organization\"},\"keywords\":[\"aborder\",\"apr\u00e8s\",\"avoir\",\"Chelsea\",\"cl\u00e9..\",\"\u00e9choue\",\"est\",\"\u00e9t\u00e9\",\"fragile\",\"laisse\",\"peu\",\"zone\"],\"articleSection\":[\"Football\"],\"inLanguage\":\"fr-FR\"},{\"@type\":\"WebPage\",\"@id\":\"https:\/\/footdavant.fr\/actualites\/chelsea-est-laisse-un-peu-fragile-apres-avoir-echoue-a-aborder-la-zone-cle-en-ete\/\",\"url\":\"https:\/\/footdavant.fr\/actualites\/chelsea-est-laisse-un-peu-fragile-apres-avoir-echoue-a-aborder-la-zone-cle-en-ete\/\",\"name\":\"Chelsea est laiss\u00e9 un peu fragile apr\u00e8s avoir \u00e9chou\u00e9 \u00e0 aborder la zone cl\u00e9 en \u00e9t\u00e9\",\"isPartOf\":{\"@id\":\"https:\/\/footdavant.fr\/actualites\/#website\"},\"datePublished\":\"2025-09-18T14:48:02+00:00\",\"dateModified\":\"2025-09-18T14:48:06+00:00\",\"breadcrumb\":{\"@id\":\"https:\/\/footdavant.fr\/actualites\/chelsea-est-laisse-un-peu-fragile-apres-avoir-echoue-a-aborder-la-zone-cle-en-ete\/#breadcrumb\"},\"inLanguage\":\"fr-FR\",\"potentialAction\":[{\"@type\":\"ReadAction\",\"target\":[\"https:\/\/footdavant.fr\/actualites\/chelsea-est-laisse-un-peu-fragile-apres-avoir-echoue-a-aborder-la-zone-cle-en-ete\/\"]}]},{\"@type\":\"BreadcrumbList\",\"@id\":\"https:\/\/footdavant.fr\/actualites\/chelsea-est-laisse-un-peu-fragile-apres-avoir-echoue-a-aborder-la-zone-cle-en-ete\/#breadcrumb\",\"itemListElement\":[{\"@type\":\"ListItem\",\"position\":1,\"name\":\"Accueil\",\"item\":\"https:\/\/footdavant.fr\/actualites\/\"},{\"@type\":\"ListItem\",\"position\":2,\"name\":\"Chelsea est laiss\u00e9 un peu fragile apr\u00e8s avoir \u00e9chou\u00e9 \u00e0 aborder la zone cl\u00e9 en \u00e9t\u00e9\"}]},{\"@type\":\"WebSite\",\"@id\":\"https:\/\/footdavant.fr\/actualites\/#website\",\"url\":\"https:\/\/footdavant.fr\/actualites\/\",\"name\":\"Foot d'avant\",\"description\":\"\",\"publisher\":{\"@id\":\"https:\/\/footdavant.fr\/actualites\/#organization\"},\"potentialAction\":[{\"@type\":\"SearchAction\",\"target\":{\"@type\":\"EntryPoint\",\"urlTemplate\":\"https:\/\/footdavant.fr\/actualites\/?s={search_term_string}\"},\"query-input\":\"required name=search_term_string\"}],\"inLanguage\":\"fr-FR\"},{\"@type\":\"Organization\",\"@id\":\"https:\/\/footdavant.fr\/actualites\/#organization\",\"name\":\"Foot d'avant\",\"url\":\"https:\/\/footdavant.fr\/actualites\/\",\"logo\":{\"@type\":\"ImageObject\",\"inLanguage\":\"fr-FR\",\"@id\":\"https:\/\/footdavant.fr\/actualites\/#\/schema\/logo\/image\/\",\"url\":\"https:\/\/footdavant.fr\/actualites\/wp-content\/uploads\/2023\/09\/Copy-of-FootDavant-Logo.png\",\"contentUrl\":\"https:\/\/footdavant.fr\/actualites\/wp-content\/uploads\/2023\/09\/Copy-of-FootDavant-Logo.png\",\"width\":936,\"height\":549,\"caption\":\"Foot d'avant\"},\"image\":{\"@id\":\"https:\/\/footdavant.fr\/actualites\/#\/schema\/logo\/image\/\"},\"sameAs\":[\"https:\/\/www.facebook.com\/Footdavant\/\",\"https:\/\/twitter.com\/FootdavantFr\",\"https:\/\/www.instagram.com\/footdavant.fr\/\"]},{\"@type\":\"Person\",\"@id\":\"https:\/\/footdavant.fr\/actualites\/#\/schema\/person\/bc222566d95871b37e597b3ed3ba5e1d\",\"name\":\"Cl\u00e9ment\",\"image\":{\"@type\":\"ImageObject\",\"inLanguage\":\"fr-FR\",\"@id\":\"https:\/\/footdavant.fr\/actualites\/#\/schema\/person\/image\/\",\"url\":\"https:\/\/secure.gravatar.com\/avatar\/7728b29aac2719421e1a9159b2254c44?s=96&d=mm&r=g\",\"contentUrl\":\"https:\/\/secure.gravatar.com\/avatar\/7728b29aac2719421e1a9159b2254c44?s=96&d=mm&r=g\",\"caption\":\"Cl\u00e9ment\"},\"sameAs\":[\"https:\/\/footdavant.fr\/\"]}]}<\/script>\n<!-- \/ Yoast SEO plugin. -->","yoast_head_json":{"title":"Chelsea est laiss\u00e9 un peu fragile apr\u00e8s avoir \u00e9chou\u00e9 \u00e0 aborder la zone cl\u00e9 en \u00e9t\u00e9","robots":{"index":"index","follow":"follow","max-snippet":"max-snippet:-1","max-image-preview":"max-image-preview:large","max-video-preview":"max-video-preview:-1"},"canonical":"https:\/\/footdavant.fr\/actualites\/chelsea-est-laisse-un-peu-fragile-apres-avoir-echoue-a-aborder-la-zone-cle-en-ete\/","og_locale":"fr_FR","og_type":"article","og_title":"Chelsea est laiss\u00e9 un peu fragile apr\u00e8s avoir \u00e9chou\u00e9 \u00e0 aborder la zone cl\u00e9 en \u00e9t\u00e9","og_description":"La fen\u00eatre de transfert d&#39;\u00e9t\u00e9 de Chelsea pour moi \u00e9tait d&#39;environ 6\/10. Je crois que nous avons fait beaucoup de bonnes affaires et certaines des","og_url":"https:\/\/footdavant.fr\/actualites\/chelsea-est-laisse-un-peu-fragile-apres-avoir-echoue-a-aborder-la-zone-cle-en-ete\/","og_site_name":"Foot d&#039;avant","article_publisher":"https:\/\/www.facebook.com\/Footdavant\/","article_published_time":"2025-09-18T14:48:02+00:00","article_modified_time":"2025-09-18T14:48:06+00:00","og_image":[{"width":2560,"height":1707,"url":"https:\/\/footdavant.fr\/actualites\/wp-content\/uploads\/2025\/09\/Chelsea-est-laisse-un-peu-fragile-apres-avoir-echoue-a.jpg","type":"image\/jpeg"}],"author":"Cl\u00e9ment","twitter_card":"summary_large_image","twitter_creator":"@FootdavantFr","twitter_site":"@FootdavantFr","twitter_misc":{"\u00c9crit par":"Cl\u00e9ment","Dur\u00e9e de lecture estim\u00e9e":"3 minutes"},"schema":{"@context":"https:\/\/schema.org","@graph":[{"@type":"Article","@id":"https:\/\/footdavant.fr\/actualites\/chelsea-est-laisse-un-peu-fragile-apres-avoir-echoue-a-aborder-la-zone-cle-en-ete\/#article","isPartOf":{"@id":"https:\/\/footdavant.fr\/actualites\/chelsea-est-laisse-un-peu-fragile-apres-avoir-echoue-a-aborder-la-zone-cle-en-ete\/"},"author":{"name":"Cl\u00e9ment","@id":"https:\/\/footdavant.fr\/actualites\/#\/schema\/person\/bc222566d95871b37e597b3ed3ba5e1d"},"headline":"Chelsea est laiss\u00e9 un peu fragile apr\u00e8s avoir \u00e9chou\u00e9 \u00e0 aborder la zone cl\u00e9 en \u00e9t\u00e9","datePublished":"2025-09-18T14:48:02+00:00","dateModified":"2025-09-18T14:48:06+00:00","mainEntityOfPage":{"@id":"https:\/\/footdavant.fr\/actualites\/chelsea-est-laisse-un-peu-fragile-apres-avoir-echoue-a-aborder-la-zone-cle-en-ete\/"},"wordCount":695,"publisher":{"@id":"https:\/\/footdavant.fr\/actualites\/#organization"},"keywords":["aborder","apr\u00e8s","avoir","Chelsea","cl\u00e9..","\u00e9choue","est","\u00e9t\u00e9","fragile","laisse","peu","zone"],"articleSection":["Football"],"inLanguage":"fr-FR"},{"@type":"WebPage","@id":"https:\/\/footdavant.fr\/actualites\/chelsea-est-laisse-un-peu-fragile-apres-avoir-echoue-a-aborder-la-zone-cle-en-ete\/","url":"https:\/\/footdavant.fr\/actualites\/chelsea-est-laisse-un-peu-fragile-apres-avoir-echoue-a-aborder-la-zone-cle-en-ete\/","name":"Chelsea est laiss\u00e9 un peu fragile apr\u00e8s avoir \u00e9chou\u00e9 \u00e0 aborder la zone cl\u00e9 en \u00e9t\u00e9","isPartOf":{"@id":"https:\/\/footdavant.fr\/actualites\/#website"},"datePublished":"2025-09-18T14:48:02+00:00","dateModified":"2025-09-18T14:48:06+00:00","breadcrumb":{"@id":"https:\/\/footdavant.fr\/actualites\/chelsea-est-laisse-un-peu-fragile-apres-avoir-echoue-a-aborder-la-zone-cle-en-ete\/#breadcrumb"},"inLanguage":"fr-FR","potentialAction":[{"@type":"ReadAction","target":["https:\/\/footdavant.fr\/actualites\/chelsea-est-laisse-un-peu-fragile-apres-avoir-echoue-a-aborder-la-zone-cle-en-ete\/"]}]},{"@type":"BreadcrumbList","@id":"https:\/\/footdavant.fr\/actualites\/chelsea-est-laisse-un-peu-fragile-apres-avoir-echoue-a-aborder-la-zone-cle-en-ete\/#breadcrumb","itemListElement":[{"@type":"ListItem","position":1,"name":"Accueil","item":"https:\/\/footdavant.fr\/actualites\/"},{"@type":"ListItem","position":2,"name":"Chelsea est laiss\u00e9 un peu fragile apr\u00e8s avoir \u00e9chou\u00e9 \u00e0 aborder la zone cl\u00e9 en \u00e9t\u00e9"}]},{"@type":"WebSite","@id":"https:\/\/footdavant.fr\/actualites\/#website","url":"https:\/\/footdavant.fr\/actualites\/","name":"Foot d'avant","description":"","publisher":{"@id":"https:\/\/footdavant.fr\/actualites\/#organization"},"potentialAction":[{"@type":"SearchAction","target":{"@type":"EntryPoint","urlTemplate":"https:\/\/footdavant.fr\/actualites\/?s={search_term_string}"},"query-input":"required name=search_term_string"}],"inLanguage":"fr-FR"},{"@type":"Organization","@id":"https:\/\/footdavant.fr\/actualites\/#organization","name":"Foot d'avant","url":"https:\/\/footdavant.fr\/actualites\/","logo":{"@type":"ImageObject","inLanguage":"fr-FR","@id":"https:\/\/footdavant.fr\/actualites\/#\/schema\/logo\/image\/","url":"https:\/\/footdavant.fr\/actualites\/wp-content\/uploads\/2023\/09\/Copy-of-FootDavant-Logo.png","contentUrl":"https:\/\/footdavant.fr\/actualites\/wp-content\/uploads\/2023\/09\/Copy-of-FootDavant-Logo.png","width":936,"height":549,"caption":"Foot d'avant"},"image":{"@id":"https:\/\/footdavant.fr\/actualites\/#\/schema\/logo\/image\/"},"sameAs":["https:\/\/www.facebook.com\/Footdavant\/","https:\/\/twitter.com\/FootdavantFr","https:\/\/www.instagram.com\/footdavant.fr\/"]},{"@type":"Person","@id":"https:\/\/footdavant.fr\/actualites\/#\/schema\/person\/bc222566d95871b37e597b3ed3ba5e1d","name":"Cl\u00e9ment","image":{"@type":"ImageObject","inLanguage":"fr-FR","@id":"https:\/\/footdavant.fr\/actualites\/#\/schema\/person\/image\/","url":"https:\/\/secure.gravatar.com\/avatar\/7728b29aac2719421e1a9159b2254c44?s=96&d=mm&r=g","contentUrl":"https:\/\/secure.gravatar.com\/avatar\/7728b29aac2719421e1a9159b2254c44?s=96&d=mm&r=g","caption":"Cl\u00e9ment"},"sameAs":["https:\/\/footdavant.fr\/"]}]}},"_links":{"self":[{"href":"https:\/\/footdavant.fr\/actualites\/wp-json\/wp\/v2\/posts\/28659"}],"collection":[{"href":"https:\/\/footdavant.fr\/actualites\/wp-json\/wp\/v2\/posts"}],"about":[{"href":"https:\/\/footdavant.fr\/actualites\/wp-json\/wp\/v2\/types\/post"}],"author":[{"embeddable":true,"href":"https:\/\/footdavant.fr\/actualites\/wp-json\/wp\/v2\/users\/1"}],"replies":[{"embeddable":true,"href":"https:\/\/footdavant.fr\/actualites\/wp-json\/wp\/v2\/comments?post=28659"}],"version-history":[{"count":1,"href":"https:\/\/footdavant.fr\/actualites\/wp-json\/wp\/v2\/posts\/28659\/revisions"}],"predecessor-version":[{"id":28661,"href":"https:\/\/footdavant.fr\/actualites\/wp-json\/wp\/v2\/posts\/28659\/revisions\/28661"}],"wp:featuredmedia":[{"embeddable":true,"href":"https:\/\/footdavant.fr\/actualites\/wp-json\/wp\/v2\/media\/28660"}],"wp:attachment":[{"href":"https:\/\/footdavant.fr\/actualites\/wp-json\/wp\/v2\/media?parent=28659"}],"wp:term":[{"taxonomy":"category","embeddable":true,"href":"https:\/\/footdavant.fr\/actualites\/wp-json\/wp\/v2\/categories?post=28659"},{"taxonomy":"post_tag","embeddable":true,"href":"https:\/\/footdavant.fr\/actualites\/wp-json\/wp\/v2\/tags?post=28659"}],"curies":[{"name":"wp","href":"https:\/\/api.w.org\/{rel}","templated":true}]}}