{"id":28662,"date":"2025-09-18T17:48:01","date_gmt":"2025-09-18T15:48:01","guid":{"rendered":"https:\/\/footdavant.fr\/actualites\/apercu-bayern-munich-vs-chelsea-prediction-nouvelles-dequipe-alignements\/"},"modified":"2025-09-18T17:48:02","modified_gmt":"2025-09-18T15:48:02","slug":"apercu-bayern-munich-vs-chelsea-prediction-nouvelles-dequipe-alignements","status":"publish","type":"post","link":"https:\/\/footdavant.fr\/actualites\/apercu-bayern-munich-vs-chelsea-prediction-nouvelles-dequipe-alignements\/","title":{"rendered":"Aper\u00e7u: Bayern Munich vs Chelsea &#8211; Pr\u00e9diction, nouvelles d&#39;\u00e9quipe, alignements"},"content":{"rendered":"<p>Sports Mole pr\u00e9visualise le conflit de la Ligue des champions de mercredi entre le Bayern Munich et Chelsea, y compris les pr\u00e9dictions, les nouvelles de l&#39;\u00e9quipe et les alignements possibles.<\/p>\n<div id=\"article_body\" itemprop=\"articleBody\">\n<p>L&#39;\u00e9v\u00e9nement principal de <strong class=\"autotag\">Matchweek One Matchweek One, 2012 <strong class=\"autotag\">Bayern Munich et <strong class=\"autotag\">Chelsea se r\u00e9unisse mercredi pour une bataille de phase de ligue all\u00e9chante \u00e0 l&#39;Allianz Arena.<\/p>\n<p><strong class=\"autotag\">Les hommes de Vincent Kompany sont sur le chemin de guerre depuis le d\u00e9but de la nouvelle saison, tandis que les Blues sont toujours invaincus mais ont \u00e9t\u00e9 tenus \u00e0 deux tirages Derby en Premier League.<\/p>\n<p><\/p>\n<h2>Aper\u00e7u de correspondance<\/h2>\n<p>L&#39;attente du Bayern pour une autre tranche de c\u00e9l\u00e9brit\u00e9 europ\u00e9enne a sans doute dur\u00e9 trop longtemps, n&#39;ayant pas r\u00e9ussi \u00e0 conqu\u00e9rir le continent depuis sa d\u00e9faite de Paris Saint-Germain \u00e0 huis clos en 2020, subissant quatre sorties en quart de finale et une \u00e9limination en demi-finale au cours des cinq derni\u00e8res ann\u00e9es.<\/p>\n<p>Les vainqueurs de la Ligue des champions nouvellement couronn\u00e9s ont \u00e9galement veng\u00e9 cette d\u00e9faite dans les Bavariens de la Coupe du monde de club de cette ann\u00e9e, mais le Bayern a depuis balanc\u00e9 les ennemis \u00e0 gauche, \u00e0 droite et au centre du football domestique, tout comme la coutume pour les vainqueurs allemands de haut niveau 2024-25.<\/p>\n<p>Cinq matchs ont remport\u00e9 cinq victoires pour les hommes de Kompany, qui ont d\u00e9j\u00e0 d\u00e9croch\u00e9 un troph\u00e9e ce terme sous la forme de la Super Cup allemand et prolong\u00e9 leur d\u00e9but parfait pour la campagne de Bundesliga en d\u00e9molissant un malheureux Hambourg 5-0 samedi.<\/p>\n<p>Malgr\u00e9 une finition sup\u00e9rieure \u00e0 huit dans la phase de ligue de la saison derni\u00e8re, le Bayern a navigu\u00e9 sur la premi\u00e8re \u00e9tape invaincue \u00e0 domicile et a maintenant regroup\u00e9 une magnifique s\u00e9quence de 34 matchs sans d\u00e9faite en phase de ligue des champions \/ phase de groupes \u00e0 l&#39;Allianz Arena.<\/p>\n<p>En fait, la derni\u00e8re fois que le Bayern a perdu une phase \/ phase de la ligue de l&#39;UCL est venue devant leurs propres fans, c&#39;\u00e9tait en d\u00e9cembre 2013, lorsque l&#39;entra\u00eeneur-chef Kompany a \u00e9t\u00e9 un substitut inutilis\u00e9 pour une \u00e9quipe de Manchester City qui a pr\u00e9valu 3-2 en Bavi\u00e8re.<\/p>\n<p>Pour aggraver les choses pour les visiteurs de mercredi, les champions de Bundesliga ont \u00e9tonnamment remport\u00e9 leur premier match de la Ligue des champions de la saison lors de chacune des 22 derni\u00e8res campagnes, sans r\u00e9cente le faire contre Deportivo La Coruna en 2002.<\/p>\n<p class=\"imgI\">\n<p>Alors que le Bayern a \u00e9t\u00e9 toujours pr\u00e9sent en Ligue des champions au cours du 21e si\u00e8cle, Chelsea fait son retour au grand temps apr\u00e8s un exil de deux ans de la table sup\u00e9rieure europ\u00e9enne, bien que cela ne les emp\u00eachait pas de cr\u00e9er l&#39;histoire continentale il y a quelques mois.<\/p>\n<p>En battant Real Betis lors de la finale de la ligue de conf\u00e9rence, les Giants de l&#39;Ouest de Londres sont devenus le premier c\u00f4t\u00e9 \u00e0 remporter chaque comp\u00e9tition du UEFA Club, apr\u00e8s avoir obtenu la Ligue des champions, la Ligue Europa et la Stardom de l&#39;UEFA Super Cup Under <strong class=\"autotag\">Les pr\u00e9d\u00e9cesseurs d&#39;Enzo Maresca.<\/p>\n<p>La place des Blues en Ligue des champions \u00e9tait loin d&#39;\u00eatre garantie le dernier jour de la Premier League, mais les autres concurrents des premiers premiers, Nottingham Forest, ont frapp\u00e9 leur billet pour le tournoi 2025-26, dans lequel ils entrent dans le label des champions du monde des clubs.<\/p>\n<p>Cependant, les hommes de Maresca ont \u00e9t\u00e9 frustr\u00e9s dans deux de leurs quatre derbies de Londres pour ouvrir la nouvelle campagne de haut vol, devenant plus r\u00e9cemment les victimes du dernier chef-d&#39;\u0153uvre de Brentford \u00e0 long lancement lors d&#39;un match nul 2-2 avec les abeilles samedi soir.<\/p>\n<p>Chelsea pourrait \u00e0 jamais crier cette nuit \u00e0 Munich en 2012, mais le Bayern a depuis tourn\u00e9 les tables avec trois victoires cons\u00e9cutives sur les puissances de Premier League, qu&#39;ils ont d\u00e9moli 7-1 sur deux jambes lors de la Ligue des champions 2019-201 dernier. <\/p>\n<p class=\"bM8\">Formulaire du Bayern Munich (toutes les comp\u00e9titions):<\/p>\n<p class=\"bM8\">Formulaire Chelsea (toutes les comp\u00e9titions):<\/p>\n<p><\/p>\n<h2>Nouvelles de l&#39;\u00e9quipe<\/h2>\n<p class=\"imgI\">\n<p>Ex-Chelsea jeune <strong class=\"autotag\">Jamal Musiala &#8211; qui a pass\u00e9 huit ans dans les livres des Blues de 2011 \u00e0 2019 &#8211; regardera impuissant cette semaine, alors que l&#39;international allemand est sur le long chemin vers la r\u00e9cup\u00e9ration de l&#39;horrible pause des jambes et de la cheville qu&#39;il a subie lors de la Coupe du monde du club.<\/p>\n<p>Musiala est rejoint dans l&#39;infirmerie par les d\u00e9fenseurs Hiroki Ito (jambe) et Alphonso Davies (genou), et le dilemme arri\u00e8re de Kompany est d\u00e9sormais compliqu\u00e9 par une blessure aux c\u00f4tes de Raphael Guerreiro, qui a \u00e9t\u00e9 amen\u00e9 \u00e0 la mi-temps contre Hambourg avant de se retirer 17 minutes plus tard.<\/p>\n<p>Plus loin, <strong class=\"autotag\">Nicolas Jackson est admissible \u00e0 jouer contre son club parent, mais perdra s\u00fbrement le talisman Harry Kane, tandis que Luis Diaz occupe le c\u00f4t\u00e9 gauche apr\u00e8s avoir \u00e9gal\u00e9 un record du Bayern en marquant chacune de ses trois premi\u00e8res apparitions de Bundesliga.<\/p>\n<p>Musiala aurait pu jouer le <strong class=\"autotag\">Le r\u00f4le de Cole Palmer \u00e0 Chelsea n&#39;avait pas quitt\u00e9 les c\u00f4tes britanniques \u00e0 l&#39;adolescence, et ce dernier a l&#39;air bien pour commencer mercredi apr\u00e8s \u00eatre sorti du banc pour marquer dans l&#39;\u00e9tape de quatre buts avec Brentford ce week-end.<\/p>\n<p>Estevao s&#39;est \u00e9galement remis d&#39;une maladie, mais les visiteurs manquent toujours Levi Colwill (genou), Liam Delap (ischio-jambiers), Benoit Badiashiles (non sp\u00e9cifi\u00e9), Romeo Lavia (non sp\u00e9cifi\u00e9), Dario Essugo (CHIGH) &#8211; dont la r\u00e9cente intervention chirurgicale a conduit \u00e0 Facundo Buonanotte qui est appel\u00e9e \u00e0 la Squad &#8211; et \u00e0 Banylowo.<\/p>\n<p>Maresca a peut-\u00eatre suscit\u00e9 des inqui\u00e9tudes lorsqu&#39;il a r\u00e9v\u00e9l\u00e9 qu&#39;un pas enti\u00e8rement ajust\u00e9 Joao Pedro a demand\u00e9 \u00e0 ne pas jouer ce week-end, mais cela n&#39;a pas emp\u00each\u00e9 le Br\u00e9silien d&#39;enregistrer sa cinqui\u00e8me contribution de but de la Premier League de la saison en seulement quatre matchs; Seul Eden Hazard (trois) a frapp\u00e9 cette marque plus rapidement pour les Blues.<\/p>\n<p>Bayern Munich.<\/p>\n<p>Neuer; Laimer, Upamecano, Tah, Stanisic; Kimmich, Pavlovic; Olise, Gnabry, Diaz; Kane<\/p>\n<p>Chelsea Possible LIGNAGE DE D\u00c9MARRAGE:<\/p>\n<p>Sanchez; James, Fofana, Chalobah, Cucurella; Fernandez, Caicedo; Neto, Palmer, Garnacho; P\u00e9dro<\/p>\n<p class=\"sm_center\">\n<h2 class=\"sm_center\">Nous disons: Bayern Munich 3-2 Chelsea<\/h2>\n<p> <\/p>\n<p>Peu ont donn\u00e9 \u00e0 Chelsea l&#39;espoir de battre Paris Saint-Germain lors de la finale de la Coupe du Monde du Club, mais les Blues ont enseign\u00e9 aux champions d&#39;Europe une le\u00e7on de football, donc le match nul de mercredi n&#39;est pas une fatalit\u00e9.<\/p>\n<p>Cependant, garder \u00e0 distance l&#39;unit\u00e9 offensive brillante du Bayern est un ordre extr\u00eamement grand &#8211; en particulier \u00e0 l&#39;Allianz Arena &#8211; et les champions de Bundesliga ont notre vote pour triompher dans ce qui devrait \u00eatre une montre captivante pour les neutres.<\/p>\n<p>Pour l&#39;analyse des donn\u00e9es des r\u00e9sultats les plus probables, les scores et plus encore pour cette correspondance, veuillez cliquer ici.<\/p>\n<p><\/p>\n<div class=\"author_box\">\n<div class=\"author_box_banner\"> <\/div>\n<\/div>\n<h2>Aper\u00e7u par e-mail<\/h2>\n<div>Cliquez ici pour recevoir les e-mails quotidiens de Sports Mole des aper\u00e7us et des pr\u00e9dictions pour chaque jeu majeur!<\/div>\n<p><\/div>\n","protected":false},"excerpt":{"rendered":"<p>Sports Mole pr\u00e9visualise le conflit de la Ligue des champions de mercredi entre le Bayern Munich et Chelsea, y compris les pr\u00e9dictions, les nouvelles de<\/p>\n","protected":false},"author":1,"featured_media":28663,"comment_status":"closed","ping_status":"","sticky":false,"template":"","format":"standard","meta":{"footnotes":""},"categories":[4],"tags":[7750,284,340,171,4628,341,461,3917],"yoast_head":"<!-- This site is optimized with the Yoast SEO plugin v21.0 - https:\/\/yoast.com\/wordpress\/plugins\/seo\/ -->\n<title>Aper\u00e7u: Bayern Munich vs Chelsea - Pr\u00e9diction, nouvelles d&#039;\u00e9quipe, alignements<\/title>\n<meta name=\"robots\" content=\"index, follow, max-snippet:-1, max-image-preview:large, max-video-preview:-1\" \/>\n<link rel=\"canonical\" href=\"https:\/\/footdavant.fr\/actualites\/apercu-bayern-munich-vs-chelsea-prediction-nouvelles-dequipe-alignements\/\" \/>\n<meta property=\"og:locale\" content=\"fr_FR\" \/>\n<meta property=\"og:type\" content=\"article\" \/>\n<meta property=\"og:title\" content=\"Aper\u00e7u: Bayern Munich vs Chelsea - Pr\u00e9diction, nouvelles d&#039;\u00e9quipe, alignements\" \/>\n<meta property=\"og:description\" content=\"Sports Mole pr\u00e9visualise le conflit de la Ligue des champions de mercredi entre le Bayern Munich et Chelsea, y compris les pr\u00e9dictions, les nouvelles de\" \/>\n<meta property=\"og:url\" content=\"https:\/\/footdavant.fr\/actualites\/apercu-bayern-munich-vs-chelsea-prediction-nouvelles-dequipe-alignements\/\" \/>\n<meta property=\"og:site_name\" content=\"Foot d&#039;avant\" \/>\n<meta property=\"article:publisher\" content=\"https:\/\/www.facebook.com\/Footdavant\/\" \/>\n<meta property=\"article:published_time\" content=\"2025-09-18T15:48:01+00:00\" \/>\n<meta property=\"article:modified_time\" content=\"2025-09-18T15:48:02+00:00\" \/>\n<meta property=\"og:image\" content=\"https:\/\/footdavant.fr\/actualites\/wp-content\/uploads\/2025\/09\/Apercu-Bayern-Munich-vs-Chelsea-Prediction-nouvelles-d39equipe-alignements.jpg\" \/>\n\t<meta property=\"og:image:width\" content=\"640\" \/>\n\t<meta property=\"og:image:height\" content=\"480\" \/>\n\t<meta property=\"og:image:type\" content=\"image\/jpeg\" \/>\n<meta name=\"author\" content=\"Cl\u00e9ment\" \/>\n<meta name=\"twitter:card\" content=\"summary_large_image\" \/>\n<meta name=\"twitter:creator\" content=\"@FootdavantFr\" \/>\n<meta name=\"twitter:site\" content=\"@FootdavantFr\" \/>\n<meta name=\"twitter:label1\" content=\"\u00c9crit par\" \/>\n\t<meta name=\"twitter:data1\" content=\"Cl\u00e9ment\" \/>\n\t<meta name=\"twitter:label2\" content=\"Dur\u00e9e de lecture estim\u00e9e\" \/>\n\t<meta name=\"twitter:data2\" content=\"6 minutes\" \/>\n<script type=\"application\/ld+json\" class=\"yoast-schema-graph\">{\"@context\":\"https:\/\/schema.org\",\"@graph\":[{\"@type\":\"Article\",\"@id\":\"https:\/\/footdavant.fr\/actualites\/apercu-bayern-munich-vs-chelsea-prediction-nouvelles-dequipe-alignements\/#article\",\"isPartOf\":{\"@id\":\"https:\/\/footdavant.fr\/actualites\/apercu-bayern-munich-vs-chelsea-prediction-nouvelles-dequipe-alignements\/\"},\"author\":{\"name\":\"Cl\u00e9ment\",\"@id\":\"https:\/\/footdavant.fr\/actualites\/#\/schema\/person\/bc222566d95871b37e597b3ed3ba5e1d\"},\"headline\":\"Aper\u00e7u: Bayern Munich vs Chelsea &#8211; Pr\u00e9diction, nouvelles d&#39;\u00e9quipe, alignements\",\"datePublished\":\"2025-09-18T15:48:01+00:00\",\"dateModified\":\"2025-09-18T15:48:02+00:00\",\"mainEntityOfPage\":{\"@id\":\"https:\/\/footdavant.fr\/actualites\/apercu-bayern-munich-vs-chelsea-prediction-nouvelles-dequipe-alignements\/\"},\"wordCount\":1218,\"publisher\":{\"@id\":\"https:\/\/footdavant.fr\/actualites\/#organization\"},\"keywords\":[\"alignements\",\"Aper\u00e7u\",\"Bayern\",\"Chelsea\",\"d39\u00e9quipe\",\"Munich\",\"Nouvelles\",\"pr\u00e9diction\"],\"articleSection\":[\"Champions League\"],\"inLanguage\":\"fr-FR\"},{\"@type\":\"WebPage\",\"@id\":\"https:\/\/footdavant.fr\/actualites\/apercu-bayern-munich-vs-chelsea-prediction-nouvelles-dequipe-alignements\/\",\"url\":\"https:\/\/footdavant.fr\/actualites\/apercu-bayern-munich-vs-chelsea-prediction-nouvelles-dequipe-alignements\/\",\"name\":\"Aper\u00e7u: Bayern Munich vs Chelsea - Pr\u00e9diction, nouvelles d&#39;\u00e9quipe, alignements\",\"isPartOf\":{\"@id\":\"https:\/\/footdavant.fr\/actualites\/#website\"},\"datePublished\":\"2025-09-18T15:48:01+00:00\",\"dateModified\":\"2025-09-18T15:48:02+00:00\",\"breadcrumb\":{\"@id\":\"https:\/\/footdavant.fr\/actualites\/apercu-bayern-munich-vs-chelsea-prediction-nouvelles-dequipe-alignements\/#breadcrumb\"},\"inLanguage\":\"fr-FR\",\"potentialAction\":[{\"@type\":\"ReadAction\",\"target\":[\"https:\/\/footdavant.fr\/actualites\/apercu-bayern-munich-vs-chelsea-prediction-nouvelles-dequipe-alignements\/\"]}]},{\"@type\":\"BreadcrumbList\",\"@id\":\"https:\/\/footdavant.fr\/actualites\/apercu-bayern-munich-vs-chelsea-prediction-nouvelles-dequipe-alignements\/#breadcrumb\",\"itemListElement\":[{\"@type\":\"ListItem\",\"position\":1,\"name\":\"Accueil\",\"item\":\"https:\/\/footdavant.fr\/actualites\/\"},{\"@type\":\"ListItem\",\"position\":2,\"name\":\"Aper\u00e7u: Bayern Munich vs Chelsea &#8211; Pr\u00e9diction, nouvelles d&#39;\u00e9quipe, alignements\"}]},{\"@type\":\"WebSite\",\"@id\":\"https:\/\/footdavant.fr\/actualites\/#website\",\"url\":\"https:\/\/footdavant.fr\/actualites\/\",\"name\":\"Foot d'avant\",\"description\":\"\",\"publisher\":{\"@id\":\"https:\/\/footdavant.fr\/actualites\/#organization\"},\"potentialAction\":[{\"@type\":\"SearchAction\",\"target\":{\"@type\":\"EntryPoint\",\"urlTemplate\":\"https:\/\/footdavant.fr\/actualites\/?s={search_term_string}\"},\"query-input\":\"required name=search_term_string\"}],\"inLanguage\":\"fr-FR\"},{\"@type\":\"Organization\",\"@id\":\"https:\/\/footdavant.fr\/actualites\/#organization\",\"name\":\"Foot d'avant\",\"url\":\"https:\/\/footdavant.fr\/actualites\/\",\"logo\":{\"@type\":\"ImageObject\",\"inLanguage\":\"fr-FR\",\"@id\":\"https:\/\/footdavant.fr\/actualites\/#\/schema\/logo\/image\/\",\"url\":\"https:\/\/footdavant.fr\/actualites\/wp-content\/uploads\/2023\/09\/Copy-of-FootDavant-Logo.png\",\"contentUrl\":\"https:\/\/footdavant.fr\/actualites\/wp-content\/uploads\/2023\/09\/Copy-of-FootDavant-Logo.png\",\"width\":936,\"height\":549,\"caption\":\"Foot d'avant\"},\"image\":{\"@id\":\"https:\/\/footdavant.fr\/actualites\/#\/schema\/logo\/image\/\"},\"sameAs\":[\"https:\/\/www.facebook.com\/Footdavant\/\",\"https:\/\/twitter.com\/FootdavantFr\",\"https:\/\/www.instagram.com\/footdavant.fr\/\"]},{\"@type\":\"Person\",\"@id\":\"https:\/\/footdavant.fr\/actualites\/#\/schema\/person\/bc222566d95871b37e597b3ed3ba5e1d\",\"name\":\"Cl\u00e9ment\",\"image\":{\"@type\":\"ImageObject\",\"inLanguage\":\"fr-FR\",\"@id\":\"https:\/\/footdavant.fr\/actualites\/#\/schema\/person\/image\/\",\"url\":\"https:\/\/secure.gravatar.com\/avatar\/7728b29aac2719421e1a9159b2254c44?s=96&d=mm&r=g\",\"contentUrl\":\"https:\/\/secure.gravatar.com\/avatar\/7728b29aac2719421e1a9159b2254c44?s=96&d=mm&r=g\",\"caption\":\"Cl\u00e9ment\"},\"sameAs\":[\"https:\/\/footdavant.fr\/\"]}]}<\/script>\n<!-- \/ Yoast SEO plugin. -->","yoast_head_json":{"title":"Aper\u00e7u: Bayern Munich vs Chelsea - Pr\u00e9diction, nouvelles d&#39;\u00e9quipe, alignements","robots":{"index":"index","follow":"follow","max-snippet":"max-snippet:-1","max-image-preview":"max-image-preview:large","max-video-preview":"max-video-preview:-1"},"canonical":"https:\/\/footdavant.fr\/actualites\/apercu-bayern-munich-vs-chelsea-prediction-nouvelles-dequipe-alignements\/","og_locale":"fr_FR","og_type":"article","og_title":"Aper\u00e7u: Bayern Munich vs Chelsea - Pr\u00e9diction, nouvelles d&#39;\u00e9quipe, alignements","og_description":"Sports Mole pr\u00e9visualise le conflit de la Ligue des champions de mercredi entre le Bayern Munich et Chelsea, y compris les pr\u00e9dictions, les nouvelles de","og_url":"https:\/\/footdavant.fr\/actualites\/apercu-bayern-munich-vs-chelsea-prediction-nouvelles-dequipe-alignements\/","og_site_name":"Foot d&#039;avant","article_publisher":"https:\/\/www.facebook.com\/Footdavant\/","article_published_time":"2025-09-18T15:48:01+00:00","article_modified_time":"2025-09-18T15:48:02+00:00","og_image":[{"width":640,"height":480,"url":"https:\/\/footdavant.fr\/actualites\/wp-content\/uploads\/2025\/09\/Apercu-Bayern-Munich-vs-Chelsea-Prediction-nouvelles-d39equipe-alignements.jpg","type":"image\/jpeg"}],"author":"Cl\u00e9ment","twitter_card":"summary_large_image","twitter_creator":"@FootdavantFr","twitter_site":"@FootdavantFr","twitter_misc":{"\u00c9crit par":"Cl\u00e9ment","Dur\u00e9e de lecture estim\u00e9e":"6 minutes"},"schema":{"@context":"https:\/\/schema.org","@graph":[{"@type":"Article","@id":"https:\/\/footdavant.fr\/actualites\/apercu-bayern-munich-vs-chelsea-prediction-nouvelles-dequipe-alignements\/#article","isPartOf":{"@id":"https:\/\/footdavant.fr\/actualites\/apercu-bayern-munich-vs-chelsea-prediction-nouvelles-dequipe-alignements\/"},"author":{"name":"Cl\u00e9ment","@id":"https:\/\/footdavant.fr\/actualites\/#\/schema\/person\/bc222566d95871b37e597b3ed3ba5e1d"},"headline":"Aper\u00e7u: Bayern Munich vs Chelsea &#8211; Pr\u00e9diction, nouvelles d&#39;\u00e9quipe, alignements","datePublished":"2025-09-18T15:48:01+00:00","dateModified":"2025-09-18T15:48:02+00:00","mainEntityOfPage":{"@id":"https:\/\/footdavant.fr\/actualites\/apercu-bayern-munich-vs-chelsea-prediction-nouvelles-dequipe-alignements\/"},"wordCount":1218,"publisher":{"@id":"https:\/\/footdavant.fr\/actualites\/#organization"},"keywords":["alignements","Aper\u00e7u","Bayern","Chelsea","d39\u00e9quipe","Munich","Nouvelles","pr\u00e9diction"],"articleSection":["Champions League"],"inLanguage":"fr-FR"},{"@type":"WebPage","@id":"https:\/\/footdavant.fr\/actualites\/apercu-bayern-munich-vs-chelsea-prediction-nouvelles-dequipe-alignements\/","url":"https:\/\/footdavant.fr\/actualites\/apercu-bayern-munich-vs-chelsea-prediction-nouvelles-dequipe-alignements\/","name":"Aper\u00e7u: Bayern Munich vs Chelsea - Pr\u00e9diction, nouvelles d&#39;\u00e9quipe, alignements","isPartOf":{"@id":"https:\/\/footdavant.fr\/actualites\/#website"},"datePublished":"2025-09-18T15:48:01+00:00","dateModified":"2025-09-18T15:48:02+00:00","breadcrumb":{"@id":"https:\/\/footdavant.fr\/actualites\/apercu-bayern-munich-vs-chelsea-prediction-nouvelles-dequipe-alignements\/#breadcrumb"},"inLanguage":"fr-FR","potentialAction":[{"@type":"ReadAction","target":["https:\/\/footdavant.fr\/actualites\/apercu-bayern-munich-vs-chelsea-prediction-nouvelles-dequipe-alignements\/"]}]},{"@type":"BreadcrumbList","@id":"https:\/\/footdavant.fr\/actualites\/apercu-bayern-munich-vs-chelsea-prediction-nouvelles-dequipe-alignements\/#breadcrumb","itemListElement":[{"@type":"ListItem","position":1,"name":"Accueil","item":"https:\/\/footdavant.fr\/actualites\/"},{"@type":"ListItem","position":2,"name":"Aper\u00e7u: Bayern Munich vs Chelsea &#8211; Pr\u00e9diction, nouvelles d&#39;\u00e9quipe, alignements"}]},{"@type":"WebSite","@id":"https:\/\/footdavant.fr\/actualites\/#website","url":"https:\/\/footdavant.fr\/actualites\/","name":"Foot d'avant","description":"","publisher":{"@id":"https:\/\/footdavant.fr\/actualites\/#organization"},"potentialAction":[{"@type":"SearchAction","target":{"@type":"EntryPoint","urlTemplate":"https:\/\/footdavant.fr\/actualites\/?s={search_term_string}"},"query-input":"required name=search_term_string"}],"inLanguage":"fr-FR"},{"@type":"Organization","@id":"https:\/\/footdavant.fr\/actualites\/#organization","name":"Foot d'avant","url":"https:\/\/footdavant.fr\/actualites\/","logo":{"@type":"ImageObject","inLanguage":"fr-FR","@id":"https:\/\/footdavant.fr\/actualites\/#\/schema\/logo\/image\/","url":"https:\/\/footdavant.fr\/actualites\/wp-content\/uploads\/2023\/09\/Copy-of-FootDavant-Logo.png","contentUrl":"https:\/\/footdavant.fr\/actualites\/wp-content\/uploads\/2023\/09\/Copy-of-FootDavant-Logo.png","width":936,"height":549,"caption":"Foot d'avant"},"image":{"@id":"https:\/\/footdavant.fr\/actualites\/#\/schema\/logo\/image\/"},"sameAs":["https:\/\/www.facebook.com\/Footdavant\/","https:\/\/twitter.com\/FootdavantFr","https:\/\/www.instagram.com\/footdavant.fr\/"]},{"@type":"Person","@id":"https:\/\/footdavant.fr\/actualites\/#\/schema\/person\/bc222566d95871b37e597b3ed3ba5e1d","name":"Cl\u00e9ment","image":{"@type":"ImageObject","inLanguage":"fr-FR","@id":"https:\/\/footdavant.fr\/actualites\/#\/schema\/person\/image\/","url":"https:\/\/secure.gravatar.com\/avatar\/7728b29aac2719421e1a9159b2254c44?s=96&d=mm&r=g","contentUrl":"https:\/\/secure.gravatar.com\/avatar\/7728b29aac2719421e1a9159b2254c44?s=96&d=mm&r=g","caption":"Cl\u00e9ment"},"sameAs":["https:\/\/footdavant.fr\/"]}]}},"_links":{"self":[{"href":"https:\/\/footdavant.fr\/actualites\/wp-json\/wp\/v2\/posts\/28662"}],"collection":[{"href":"https:\/\/footdavant.fr\/actualites\/wp-json\/wp\/v2\/posts"}],"about":[{"href":"https:\/\/footdavant.fr\/actualites\/wp-json\/wp\/v2\/types\/post"}],"author":[{"embeddable":true,"href":"https:\/\/footdavant.fr\/actualites\/wp-json\/wp\/v2\/users\/1"}],"replies":[{"embeddable":true,"href":"https:\/\/footdavant.fr\/actualites\/wp-json\/wp\/v2\/comments?post=28662"}],"version-history":[{"count":1,"href":"https:\/\/footdavant.fr\/actualites\/wp-json\/wp\/v2\/posts\/28662\/revisions"}],"predecessor-version":[{"id":28664,"href":"https:\/\/footdavant.fr\/actualites\/wp-json\/wp\/v2\/posts\/28662\/revisions\/28664"}],"wp:featuredmedia":[{"embeddable":true,"href":"https:\/\/footdavant.fr\/actualites\/wp-json\/wp\/v2\/media\/28663"}],"wp:attachment":[{"href":"https:\/\/footdavant.fr\/actualites\/wp-json\/wp\/v2\/media?parent=28662"}],"wp:term":[{"taxonomy":"category","embeddable":true,"href":"https:\/\/footdavant.fr\/actualites\/wp-json\/wp\/v2\/categories?post=28662"},{"taxonomy":"post_tag","embeddable":true,"href":"https:\/\/footdavant.fr\/actualites\/wp-json\/wp\/v2\/tags?post=28662"}],"curies":[{"name":"wp","href":"https:\/\/api.w.org\/{rel}","templated":true}]}}