{"id":28665,"date":"2025-09-18T18:48:06","date_gmt":"2025-09-18T16:48:06","guid":{"rendered":"https:\/\/footdavant.fr\/actualites\/le-patron-de-chelsea-enzo-maresca-parle-de-reggie-walsh-prospects-revele-que-deux-autres-starlettes-de-lacademie-sont-dans-ses-plans\/"},"modified":"2025-09-18T18:48:08","modified_gmt":"2025-09-18T16:48:08","slug":"le-patron-de-chelsea-enzo-maresca-parle-de-reggie-walsh-prospects-revele-que-deux-autres-starlettes-de-lacademie-sont-dans-ses-plans","status":"publish","type":"post","link":"https:\/\/footdavant.fr\/actualites\/le-patron-de-chelsea-enzo-maresca-parle-de-reggie-walsh-prospects-revele-que-deux-autres-starlettes-de-lacademie-sont-dans-ses-plans\/","title":{"rendered":"Le patron de Chelsea Enzo Maresca parle de Reggie Walsh Prospects, r\u00e9v\u00e8le que deux autres starlettes de l&#39;Acad\u00e9mie sont dans ses plans"},"content":{"rendered":"<p>L&#39;entra\u00eeneur-chef de Chelsea, Enzo Maresca, parle des perspectives de trois des joueurs de l&#39;acad\u00e9mie du club, distinguant l&#39;un d&#39;eux comme son pr\u00e9f\u00e9r\u00e9.<\/p>\n<div id=\"article_body\" itemprop=\"articleBody\">\n<h3 class=\"firstPara\"><\/h3>\n<p><strong class=\"autotag\">Entra\u00eeneur-chef de Chelsea <strong class=\"autotag\">Enzo Maresca a parl\u00e9 de son enthousiasme face aux perspectives de Reggie Walsh, le soulignant comme son joueur de l&#39;acad\u00e9mie pr\u00e9f\u00e9r\u00e9.<\/p>\n<p>Bien qu&#39;il ait seulement 16 ans, Walsh a d\u00e9j\u00e0 re\u00e7u un d\u00e9but de premi\u00e8re \u00e9quipe par Maresca, l&#39;adolescent jouant les 90 minutes compl\u00e8tes de la deuxi\u00e8me \u00e9tape de la demi-finale de la ligue de conf\u00e9rence contre Djurgardens en mai.<\/p>\n<p>Alors que le milieu de terrain a depuis \u00e9t\u00e9 limit\u00e9 aux matches des moins de 21 ans, la r\u00e9alisation d\u00e9j\u00e0 de 90 minutes \u00e0 trois reprises dans les matchs de Premier League 2 en 2025-26 a soulign\u00e9 \u00e0 quel point il est tr\u00e8s judicieux \u00e0 Stamford Bridge.<\/p>\n<p>Dix buts ont \u00e9t\u00e9 marqu\u00e9s contre Manchester City, Newcastle United et Aston Villa, Walsh ne fournissant pas de gr\u00e8ve ou d&#39;aide, mais ayant clairement une influence majeure sur les performances.<\/p>\n<p>Comme cit\u00e9 par The Athletic, Maresca a r\u00e9v\u00e9l\u00e9 pourquoi Walsh est son joueur de l&#39;acad\u00e9mie pr\u00e9f\u00e9r\u00e9, tout en admettant que deux autres starlettes sont dans ses plans.<\/p>\n<p class=\"imgI\">\n<h2>Maresca cire lyrique sur Walsh<\/h2>\n<p>Maresca a d\u00e9clar\u00e9: \u00ab\u00a0J&#39;aime tous les gars de l&#39;Acad\u00e9mie mais Reggie est celui que j&#39;aime plus que le reste<\/p>\n<p>\u00abJ&#39;aime Reggie parce qu&#39;il fait des choses que je demande aux autres joueurs, mais il fait ces choses sans que je lui demande de faire \u00e7a.<\/p>\n<p>\u00ab\u00a0Je n&#39;ai pas besoin de lui demander de faire quelque chose. Ce qu&#39;il fait est d\u00e9j\u00e0 ce que je veux de ce joueur.\u00a0\u00bb<\/p>\n<p class=\"imgI\"><img decoding=\"async\" alt=\"Shumaira Mheuka d&#39;Angleterre des moins de 19 ans le 17 juin 2025\" class=\"vanilla-lazyload article-image\" src=\"https:\/\/footdavant.fr\/actualites\/wp-content\/uploads\/2025\/09\/Le-patron-de-Chelsea-Enzo-Maresca-parle-de-Reggie-Walsh.webp\"><\/p>\n<h2>Mheuka, Kavuma-McQueen dans les plans de Chelsea de Maresca<\/h2>\n<p><strong class=\"autotag\">Shim mheuka et <strong class=\"autotag\">Ryan Kavuma-McQueen \u00e9tait les deux autres joueurs dont Maresca a ouvertement parl\u00e9 vendredi, reconnaissant qu&#39;il surveillait leur progression.<\/p>\n<p>L&#39;Italien a ajout\u00e9: \u00ab\u00a0Ils sont tous les deux dans mes plans, c&#39;est s\u00fbr. Shimmy \u00e9tait d\u00e9j\u00e0 avec nous, il a jou\u00e9 des jeux pour nous l&#39;ann\u00e9e derni\u00e8re.<\/p>\n<p>\u00abL&#39;autre (Kavuma-McQueen) pour moi est plus un ailier. Il a marqu\u00e9 quatre buts contre l&#39;Allemagne. J&#39;ai m\u00eame regard\u00e9 ce match. J&#39;ai \u00e9t\u00e9 tr\u00e8s impressionn\u00e9 mais je le connaissais d\u00e9j\u00e0.<\/p>\n<p>\u00ab\u00a0Nous avons toujours un de mes employ\u00e9s qui regarde la deuxi\u00e8me \u00e9quipe depuis l&#39;ann\u00e9e derni\u00e8re. Ils m&#39;ont dit que ce type \u00e9tait tr\u00e8s bon alors je l&#39;ai regard\u00e9. Je pense qu&#39;il est bon.\u00a0\u00bb<\/p>\n<p>Mheuka, dix-sept ans, a d\u00e9j\u00e0 fait cinq apparitions seniors, accumulant 118 minutes dans le processus, alors qu&#39;il a quatre buts de trois sorties de Premier League 2 en 2025-26.<\/p>\n<p>Kavuma-McQueen a r\u00e9cemment re\u00e7u une attention g\u00e9n\u00e9ralis\u00e9e pour ses quatre buts pour les moins de 17 ans de l&#39;Angleterre contre l&#39;Allemagne, mais le joueur de 16 ans a \u00e9galement remport\u00e9 quatre buts et deux passes d\u00e9cisives de 11 matches au niveau de la Premier League 2.<\/p>\n<div class=\"author_box\">\n<div class=\"author_box_banner\"> <img decoding=\"async\" class=\"author_img\" src=\"https:\/\/footdavant.fr\/actualites\/wp-content\/uploads\/2025\/06\/1749318502_545_Chelsea-Transfer-News-Andrey-Santos-donne-une-baisse-sur-Blues.jpg\"><\/div>\n<\/div>\n<\/div>\n","protected":false},"excerpt":{"rendered":"<p>L&#39;entra\u00eeneur-chef de Chelsea, Enzo Maresca, parle des perspectives de trois des joueurs de l&#39;acad\u00e9mie du club, distinguant l&#39;un d&#39;eux comme son pr\u00e9f\u00e9r\u00e9. Entra\u00eeneur-chef de Chelsea<\/p>\n","protected":false},"author":1,"featured_media":28666,"comment_status":"closed","ping_status":"","sticky":false,"template":"","format":"standard","meta":{"footnotes":""},"categories":[5],"tags":[323,171,19,857,1806,4386,5107,772,231,398,10546,7645,415,154,45,8544,10545],"yoast_head":"<!-- This site is optimized with the Yoast SEO plugin v21.0 - https:\/\/yoast.com\/wordpress\/plugins\/seo\/ -->\n<title>Le patron de Chelsea Enzo Maresca parle de Reggie Walsh Prospects, r\u00e9v\u00e8le que deux autres starlettes de l&#039;Acad\u00e9mie sont dans ses plans<\/title>\n<meta name=\"robots\" content=\"index, follow, max-snippet:-1, max-image-preview:large, max-video-preview:-1\" \/>\n<link rel=\"canonical\" href=\"https:\/\/footdavant.fr\/actualites\/le-patron-de-chelsea-enzo-maresca-parle-de-reggie-walsh-prospects-revele-que-deux-autres-starlettes-de-lacademie-sont-dans-ses-plans\/\" \/>\n<meta property=\"og:locale\" content=\"fr_FR\" \/>\n<meta property=\"og:type\" content=\"article\" \/>\n<meta property=\"og:title\" content=\"Le patron de Chelsea Enzo Maresca parle de Reggie Walsh Prospects, r\u00e9v\u00e8le que deux autres starlettes de l&#039;Acad\u00e9mie sont dans ses plans\" \/>\n<meta property=\"og:description\" content=\"L&#039;entra\u00eeneur-chef de Chelsea, Enzo Maresca, parle des perspectives de trois des joueurs de l&#039;acad\u00e9mie du club, distinguant l&#039;un d&#039;eux comme son pr\u00e9f\u00e9r\u00e9. Entra\u00eeneur-chef de Chelsea\" \/>\n<meta property=\"og:url\" content=\"https:\/\/footdavant.fr\/actualites\/le-patron-de-chelsea-enzo-maresca-parle-de-reggie-walsh-prospects-revele-que-deux-autres-starlettes-de-lacademie-sont-dans-ses-plans\/\" \/>\n<meta property=\"og:site_name\" content=\"Foot d&#039;avant\" \/>\n<meta property=\"article:publisher\" content=\"https:\/\/www.facebook.com\/Footdavant\/\" \/>\n<meta property=\"article:published_time\" content=\"2025-09-18T16:48:06+00:00\" \/>\n<meta property=\"article:modified_time\" content=\"2025-09-18T16:48:08+00:00\" \/>\n<meta property=\"og:image\" content=\"https:\/\/footdavant.fr\/actualites\/wp-content\/uploads\/2025\/09\/Le-patron-de-Chelsea-Enzo-Maresca-parle-de-Reggie-Walsh.jpg\" \/>\n\t<meta property=\"og:image:width\" content=\"640\" \/>\n\t<meta property=\"og:image:height\" content=\"480\" \/>\n\t<meta property=\"og:image:type\" content=\"image\/jpeg\" \/>\n<meta name=\"author\" content=\"Cl\u00e9ment\" \/>\n<meta name=\"twitter:card\" content=\"summary_large_image\" \/>\n<meta name=\"twitter:creator\" content=\"@FootdavantFr\" \/>\n<meta name=\"twitter:site\" content=\"@FootdavantFr\" \/>\n<meta name=\"twitter:label1\" content=\"\u00c9crit par\" \/>\n\t<meta name=\"twitter:data1\" content=\"Cl\u00e9ment\" \/>\n\t<meta name=\"twitter:label2\" content=\"Dur\u00e9e de lecture estim\u00e9e\" \/>\n\t<meta name=\"twitter:data2\" content=\"3 minutes\" \/>\n<script type=\"application\/ld+json\" class=\"yoast-schema-graph\">{\"@context\":\"https:\/\/schema.org\",\"@graph\":[{\"@type\":\"Article\",\"@id\":\"https:\/\/footdavant.fr\/actualites\/le-patron-de-chelsea-enzo-maresca-parle-de-reggie-walsh-prospects-revele-que-deux-autres-starlettes-de-lacademie-sont-dans-ses-plans\/#article\",\"isPartOf\":{\"@id\":\"https:\/\/footdavant.fr\/actualites\/le-patron-de-chelsea-enzo-maresca-parle-de-reggie-walsh-prospects-revele-que-deux-autres-starlettes-de-lacademie-sont-dans-ses-plans\/\"},\"author\":{\"name\":\"Cl\u00e9ment\",\"@id\":\"https:\/\/footdavant.fr\/actualites\/#\/schema\/person\/bc222566d95871b37e597b3ed3ba5e1d\"},\"headline\":\"Le patron de Chelsea Enzo Maresca parle de Reggie Walsh Prospects, r\u00e9v\u00e8le que deux autres starlettes de l&#39;Acad\u00e9mie sont dans ses plans\",\"datePublished\":\"2025-09-18T16:48:06+00:00\",\"dateModified\":\"2025-09-18T16:48:08+00:00\",\"mainEntityOfPage\":{\"@id\":\"https:\/\/footdavant.fr\/actualites\/le-patron-de-chelsea-enzo-maresca-parle-de-reggie-walsh-prospects-revele-que-deux-autres-starlettes-de-lacademie-sont-dans-ses-plans\/\"},\"wordCount\":546,\"publisher\":{\"@id\":\"https:\/\/footdavant.fr\/actualites\/#organization\"},\"keywords\":[\"autres\",\"Chelsea\",\"dans\",\"deux\",\"Enzo\",\"l39acad\u00e9mie\",\"Maresca\",\"parl\u00e9\",\"patron\",\"plans\",\"Prospects\",\"Reggie\",\"r\u00e9v\u00e8le\",\"ses\",\"sont\",\"starlettes\",\"Walsh\"],\"articleSection\":[\"Premier League\"],\"inLanguage\":\"fr-FR\"},{\"@type\":\"WebPage\",\"@id\":\"https:\/\/footdavant.fr\/actualites\/le-patron-de-chelsea-enzo-maresca-parle-de-reggie-walsh-prospects-revele-que-deux-autres-starlettes-de-lacademie-sont-dans-ses-plans\/\",\"url\":\"https:\/\/footdavant.fr\/actualites\/le-patron-de-chelsea-enzo-maresca-parle-de-reggie-walsh-prospects-revele-que-deux-autres-starlettes-de-lacademie-sont-dans-ses-plans\/\",\"name\":\"Le patron de Chelsea Enzo Maresca parle de Reggie Walsh Prospects, r\u00e9v\u00e8le que deux autres starlettes de l&#39;Acad\u00e9mie sont dans ses plans\",\"isPartOf\":{\"@id\":\"https:\/\/footdavant.fr\/actualites\/#website\"},\"datePublished\":\"2025-09-18T16:48:06+00:00\",\"dateModified\":\"2025-09-18T16:48:08+00:00\",\"breadcrumb\":{\"@id\":\"https:\/\/footdavant.fr\/actualites\/le-patron-de-chelsea-enzo-maresca-parle-de-reggie-walsh-prospects-revele-que-deux-autres-starlettes-de-lacademie-sont-dans-ses-plans\/#breadcrumb\"},\"inLanguage\":\"fr-FR\",\"potentialAction\":[{\"@type\":\"ReadAction\",\"target\":[\"https:\/\/footdavant.fr\/actualites\/le-patron-de-chelsea-enzo-maresca-parle-de-reggie-walsh-prospects-revele-que-deux-autres-starlettes-de-lacademie-sont-dans-ses-plans\/\"]}]},{\"@type\":\"BreadcrumbList\",\"@id\":\"https:\/\/footdavant.fr\/actualites\/le-patron-de-chelsea-enzo-maresca-parle-de-reggie-walsh-prospects-revele-que-deux-autres-starlettes-de-lacademie-sont-dans-ses-plans\/#breadcrumb\",\"itemListElement\":[{\"@type\":\"ListItem\",\"position\":1,\"name\":\"Accueil\",\"item\":\"https:\/\/footdavant.fr\/actualites\/\"},{\"@type\":\"ListItem\",\"position\":2,\"name\":\"Le patron de Chelsea Enzo Maresca parle de Reggie Walsh Prospects, r\u00e9v\u00e8le que deux autres starlettes de l&#39;Acad\u00e9mie sont dans ses plans\"}]},{\"@type\":\"WebSite\",\"@id\":\"https:\/\/footdavant.fr\/actualites\/#website\",\"url\":\"https:\/\/footdavant.fr\/actualites\/\",\"name\":\"Foot d'avant\",\"description\":\"\",\"publisher\":{\"@id\":\"https:\/\/footdavant.fr\/actualites\/#organization\"},\"potentialAction\":[{\"@type\":\"SearchAction\",\"target\":{\"@type\":\"EntryPoint\",\"urlTemplate\":\"https:\/\/footdavant.fr\/actualites\/?s={search_term_string}\"},\"query-input\":\"required name=search_term_string\"}],\"inLanguage\":\"fr-FR\"},{\"@type\":\"Organization\",\"@id\":\"https:\/\/footdavant.fr\/actualites\/#organization\",\"name\":\"Foot d'avant\",\"url\":\"https:\/\/footdavant.fr\/actualites\/\",\"logo\":{\"@type\":\"ImageObject\",\"inLanguage\":\"fr-FR\",\"@id\":\"https:\/\/footdavant.fr\/actualites\/#\/schema\/logo\/image\/\",\"url\":\"https:\/\/footdavant.fr\/actualites\/wp-content\/uploads\/2023\/09\/Copy-of-FootDavant-Logo.png\",\"contentUrl\":\"https:\/\/footdavant.fr\/actualites\/wp-content\/uploads\/2023\/09\/Copy-of-FootDavant-Logo.png\",\"width\":936,\"height\":549,\"caption\":\"Foot d'avant\"},\"image\":{\"@id\":\"https:\/\/footdavant.fr\/actualites\/#\/schema\/logo\/image\/\"},\"sameAs\":[\"https:\/\/www.facebook.com\/Footdavant\/\",\"https:\/\/twitter.com\/FootdavantFr\",\"https:\/\/www.instagram.com\/footdavant.fr\/\"]},{\"@type\":\"Person\",\"@id\":\"https:\/\/footdavant.fr\/actualites\/#\/schema\/person\/bc222566d95871b37e597b3ed3ba5e1d\",\"name\":\"Cl\u00e9ment\",\"image\":{\"@type\":\"ImageObject\",\"inLanguage\":\"fr-FR\",\"@id\":\"https:\/\/footdavant.fr\/actualites\/#\/schema\/person\/image\/\",\"url\":\"https:\/\/secure.gravatar.com\/avatar\/7728b29aac2719421e1a9159b2254c44?s=96&d=mm&r=g\",\"contentUrl\":\"https:\/\/secure.gravatar.com\/avatar\/7728b29aac2719421e1a9159b2254c44?s=96&d=mm&r=g\",\"caption\":\"Cl\u00e9ment\"},\"sameAs\":[\"https:\/\/footdavant.fr\/\"]}]}<\/script>\n<!-- \/ Yoast SEO plugin. -->","yoast_head_json":{"title":"Le patron de Chelsea Enzo Maresca parle de Reggie Walsh Prospects, r\u00e9v\u00e8le que deux autres starlettes de l&#39;Acad\u00e9mie sont dans ses plans","robots":{"index":"index","follow":"follow","max-snippet":"max-snippet:-1","max-image-preview":"max-image-preview:large","max-video-preview":"max-video-preview:-1"},"canonical":"https:\/\/footdavant.fr\/actualites\/le-patron-de-chelsea-enzo-maresca-parle-de-reggie-walsh-prospects-revele-que-deux-autres-starlettes-de-lacademie-sont-dans-ses-plans\/","og_locale":"fr_FR","og_type":"article","og_title":"Le patron de Chelsea Enzo Maresca parle de Reggie Walsh Prospects, r\u00e9v\u00e8le que deux autres starlettes de l&#39;Acad\u00e9mie sont dans ses plans","og_description":"L&#39;entra\u00eeneur-chef de Chelsea, Enzo Maresca, parle des perspectives de trois des joueurs de l&#39;acad\u00e9mie du club, distinguant l&#39;un d&#39;eux comme son pr\u00e9f\u00e9r\u00e9. Entra\u00eeneur-chef de Chelsea","og_url":"https:\/\/footdavant.fr\/actualites\/le-patron-de-chelsea-enzo-maresca-parle-de-reggie-walsh-prospects-revele-que-deux-autres-starlettes-de-lacademie-sont-dans-ses-plans\/","og_site_name":"Foot d&#039;avant","article_publisher":"https:\/\/www.facebook.com\/Footdavant\/","article_published_time":"2025-09-18T16:48:06+00:00","article_modified_time":"2025-09-18T16:48:08+00:00","og_image":[{"width":640,"height":480,"url":"https:\/\/footdavant.fr\/actualites\/wp-content\/uploads\/2025\/09\/Le-patron-de-Chelsea-Enzo-Maresca-parle-de-Reggie-Walsh.jpg","type":"image\/jpeg"}],"author":"Cl\u00e9ment","twitter_card":"summary_large_image","twitter_creator":"@FootdavantFr","twitter_site":"@FootdavantFr","twitter_misc":{"\u00c9crit par":"Cl\u00e9ment","Dur\u00e9e de lecture estim\u00e9e":"3 minutes"},"schema":{"@context":"https:\/\/schema.org","@graph":[{"@type":"Article","@id":"https:\/\/footdavant.fr\/actualites\/le-patron-de-chelsea-enzo-maresca-parle-de-reggie-walsh-prospects-revele-que-deux-autres-starlettes-de-lacademie-sont-dans-ses-plans\/#article","isPartOf":{"@id":"https:\/\/footdavant.fr\/actualites\/le-patron-de-chelsea-enzo-maresca-parle-de-reggie-walsh-prospects-revele-que-deux-autres-starlettes-de-lacademie-sont-dans-ses-plans\/"},"author":{"name":"Cl\u00e9ment","@id":"https:\/\/footdavant.fr\/actualites\/#\/schema\/person\/bc222566d95871b37e597b3ed3ba5e1d"},"headline":"Le patron de Chelsea Enzo Maresca parle de Reggie Walsh Prospects, r\u00e9v\u00e8le que deux autres starlettes de l&#39;Acad\u00e9mie sont dans ses plans","datePublished":"2025-09-18T16:48:06+00:00","dateModified":"2025-09-18T16:48:08+00:00","mainEntityOfPage":{"@id":"https:\/\/footdavant.fr\/actualites\/le-patron-de-chelsea-enzo-maresca-parle-de-reggie-walsh-prospects-revele-que-deux-autres-starlettes-de-lacademie-sont-dans-ses-plans\/"},"wordCount":546,"publisher":{"@id":"https:\/\/footdavant.fr\/actualites\/#organization"},"keywords":["autres","Chelsea","dans","deux","Enzo","l39acad\u00e9mie","Maresca","parl\u00e9","patron","plans","Prospects","Reggie","r\u00e9v\u00e8le","ses","sont","starlettes","Walsh"],"articleSection":["Premier League"],"inLanguage":"fr-FR"},{"@type":"WebPage","@id":"https:\/\/footdavant.fr\/actualites\/le-patron-de-chelsea-enzo-maresca-parle-de-reggie-walsh-prospects-revele-que-deux-autres-starlettes-de-lacademie-sont-dans-ses-plans\/","url":"https:\/\/footdavant.fr\/actualites\/le-patron-de-chelsea-enzo-maresca-parle-de-reggie-walsh-prospects-revele-que-deux-autres-starlettes-de-lacademie-sont-dans-ses-plans\/","name":"Le patron de Chelsea Enzo Maresca parle de Reggie Walsh Prospects, r\u00e9v\u00e8le que deux autres starlettes de l&#39;Acad\u00e9mie sont dans ses plans","isPartOf":{"@id":"https:\/\/footdavant.fr\/actualites\/#website"},"datePublished":"2025-09-18T16:48:06+00:00","dateModified":"2025-09-18T16:48:08+00:00","breadcrumb":{"@id":"https:\/\/footdavant.fr\/actualites\/le-patron-de-chelsea-enzo-maresca-parle-de-reggie-walsh-prospects-revele-que-deux-autres-starlettes-de-lacademie-sont-dans-ses-plans\/#breadcrumb"},"inLanguage":"fr-FR","potentialAction":[{"@type":"ReadAction","target":["https:\/\/footdavant.fr\/actualites\/le-patron-de-chelsea-enzo-maresca-parle-de-reggie-walsh-prospects-revele-que-deux-autres-starlettes-de-lacademie-sont-dans-ses-plans\/"]}]},{"@type":"BreadcrumbList","@id":"https:\/\/footdavant.fr\/actualites\/le-patron-de-chelsea-enzo-maresca-parle-de-reggie-walsh-prospects-revele-que-deux-autres-starlettes-de-lacademie-sont-dans-ses-plans\/#breadcrumb","itemListElement":[{"@type":"ListItem","position":1,"name":"Accueil","item":"https:\/\/footdavant.fr\/actualites\/"},{"@type":"ListItem","position":2,"name":"Le patron de Chelsea Enzo Maresca parle de Reggie Walsh Prospects, r\u00e9v\u00e8le que deux autres starlettes de l&#39;Acad\u00e9mie sont dans ses plans"}]},{"@type":"WebSite","@id":"https:\/\/footdavant.fr\/actualites\/#website","url":"https:\/\/footdavant.fr\/actualites\/","name":"Foot d'avant","description":"","publisher":{"@id":"https:\/\/footdavant.fr\/actualites\/#organization"},"potentialAction":[{"@type":"SearchAction","target":{"@type":"EntryPoint","urlTemplate":"https:\/\/footdavant.fr\/actualites\/?s={search_term_string}"},"query-input":"required name=search_term_string"}],"inLanguage":"fr-FR"},{"@type":"Organization","@id":"https:\/\/footdavant.fr\/actualites\/#organization","name":"Foot d'avant","url":"https:\/\/footdavant.fr\/actualites\/","logo":{"@type":"ImageObject","inLanguage":"fr-FR","@id":"https:\/\/footdavant.fr\/actualites\/#\/schema\/logo\/image\/","url":"https:\/\/footdavant.fr\/actualites\/wp-content\/uploads\/2023\/09\/Copy-of-FootDavant-Logo.png","contentUrl":"https:\/\/footdavant.fr\/actualites\/wp-content\/uploads\/2023\/09\/Copy-of-FootDavant-Logo.png","width":936,"height":549,"caption":"Foot d'avant"},"image":{"@id":"https:\/\/footdavant.fr\/actualites\/#\/schema\/logo\/image\/"},"sameAs":["https:\/\/www.facebook.com\/Footdavant\/","https:\/\/twitter.com\/FootdavantFr","https:\/\/www.instagram.com\/footdavant.fr\/"]},{"@type":"Person","@id":"https:\/\/footdavant.fr\/actualites\/#\/schema\/person\/bc222566d95871b37e597b3ed3ba5e1d","name":"Cl\u00e9ment","image":{"@type":"ImageObject","inLanguage":"fr-FR","@id":"https:\/\/footdavant.fr\/actualites\/#\/schema\/person\/image\/","url":"https:\/\/secure.gravatar.com\/avatar\/7728b29aac2719421e1a9159b2254c44?s=96&d=mm&r=g","contentUrl":"https:\/\/secure.gravatar.com\/avatar\/7728b29aac2719421e1a9159b2254c44?s=96&d=mm&r=g","caption":"Cl\u00e9ment"},"sameAs":["https:\/\/footdavant.fr\/"]}]}},"_links":{"self":[{"href":"https:\/\/footdavant.fr\/actualites\/wp-json\/wp\/v2\/posts\/28665"}],"collection":[{"href":"https:\/\/footdavant.fr\/actualites\/wp-json\/wp\/v2\/posts"}],"about":[{"href":"https:\/\/footdavant.fr\/actualites\/wp-json\/wp\/v2\/types\/post"}],"author":[{"embeddable":true,"href":"https:\/\/footdavant.fr\/actualites\/wp-json\/wp\/v2\/users\/1"}],"replies":[{"embeddable":true,"href":"https:\/\/footdavant.fr\/actualites\/wp-json\/wp\/v2\/comments?post=28665"}],"version-history":[{"count":1,"href":"https:\/\/footdavant.fr\/actualites\/wp-json\/wp\/v2\/posts\/28665\/revisions"}],"predecessor-version":[{"id":28667,"href":"https:\/\/footdavant.fr\/actualites\/wp-json\/wp\/v2\/posts\/28665\/revisions\/28667"}],"wp:featuredmedia":[{"embeddable":true,"href":"https:\/\/footdavant.fr\/actualites\/wp-json\/wp\/v2\/media\/28666"}],"wp:attachment":[{"href":"https:\/\/footdavant.fr\/actualites\/wp-json\/wp\/v2\/media?parent=28665"}],"wp:term":[{"taxonomy":"category","embeddable":true,"href":"https:\/\/footdavant.fr\/actualites\/wp-json\/wp\/v2\/categories?post=28665"},{"taxonomy":"post_tag","embeddable":true,"href":"https:\/\/footdavant.fr\/actualites\/wp-json\/wp\/v2\/tags?post=28665"}],"curies":[{"name":"wp","href":"https:\/\/api.w.org\/{rel}","templated":true}]}}