{"id":28668,"date":"2025-09-18T20:48:17","date_gmt":"2025-09-18T18:48:17","guid":{"rendered":"https:\/\/footdavant.fr\/actualites\/gestion-des-talents-un-blog-arsenal\/"},"modified":"2025-09-18T20:48:18","modified_gmt":"2025-09-18T18:48:18","slug":"gestion-des-talents-un-blog-arsenal","status":"publish","type":"post","link":"https:\/\/footdavant.fr\/actualites\/gestion-des-talents-un-blog-arsenal\/","title":{"rendered":"Gestion des talents |   &#8230; un blog Arsenal"},"content":{"rendered":"<div>\n<p>J&#39;ai une petite exp\u00e9rience professionnelle (lecture: insignifiante) dans l&#39;apprentissage et le d\u00e9veloppement et la gestion des talents d&#39;une carri\u00e8re pass\u00e9e. Il est juste de dire que le d\u00e9veloppement des gens m&#39;a toujours int\u00e9ress\u00e9 \u00e0 un certain niveau et en ce qui concerne le football, je suis vraiment fascin\u00e9 par les nombreuses fa\u00e7ons vari\u00e9es dont les jeunes joueurs d\u00e9veloppent (et, souvent, les raisons nombreuses et vari\u00e9es qu&#39;ils ne d\u00e9veloppent pas).<\/p>\n<p>Il n&#39;y a aucune m\u00e9thode unique pour d\u00e9velopper des personnes ou pour d\u00e9velopper des footballeurs, le \u00abvoyage\u00bb de tout le monde et le style d&#39;apprentissage est diff\u00e9rent. Quand je repense aux jeunes joueurs qui ont fait la note \u00e0 Arsenal au fil des ans, ils ont tous eu une \u00e9mergence tr\u00e8s diff\u00e9rente. De quelqu&#39;un comme Cesc Fabregas qui avait une qualit\u00e9 d&#39;\u00e9toile \u00e9vidente et pour qui plusieurs joueurs seniors ont \u00e9t\u00e9 essentiellement \u00e9limin\u00e9s de son chemin.<\/p>\n<p>\u00c0 un joueur comme Ray Parlour qui est apparu en quelque sorte sans grande fanfare et est rest\u00e9 longtemps, collectant beaucoup d&#39;argenterie au fur et \u00e0 mesure. Certains joueurs font leur perc\u00e9e gr\u00e2ce \u00e0 la blessure (l&#39;\u00e9paule de Mathieu Debuchy \u00e9tait la sage-femme de l&#39;Ascension de Bellerin) et parfois un joueur avait juste une qualit\u00e9 particuli\u00e8re manquant ailleurs dans l&#39;\u00e9quipe &#8211; Alex Iwobi \u00e9tait un v\u00e9ritable porte-balle dans une \u00e9quipe relativement statique.<\/p>\n<p>La saison derni\u00e8re a vu l&#39;\u00e9mergence de deux talents de l&#39;acad\u00e9mie dans l&#39;\u00e9quipe senior d&#39;Arsenal. Le talent d&#39;Ethan Nwaneri \u00e9tait d\u00e9j\u00e0 bien document\u00e9 avant la saison derni\u00e8re, mais les blessures signifiaient qu&#39;il est rapidement devenu un joueur important en 2024-25. La mont\u00e9e de Myles Lewis-Skelly \u00e0 la gloire \u00e9tait un peu plus inattendue, \u00e9tant donn\u00e9 qu&#39;il n&#39;avait jamais vraiment jou\u00e9 \u00e0 l&#39;arri\u00e8re gauche auparavant et qu&#39;Arsenal avait 14 arri\u00e8re gauche qui a tous r\u00e9ussi \u00e0 se blesser d&#39;une mani\u00e8re ou d&#39;une autre.<\/p>\n<p>Lewis-Skelly et Nwaneri ont sign\u00e9 de nouveaux contrats \u00e0 long terme cet \u00e9t\u00e9. Il est juste de dire que l&#39;accord de ce dernier semblait \u00eatre une n\u00e9gociation plus prolong\u00e9e que la premi\u00e8re. Le Borussia Dortmund et Chelsea tournaient et, d&#39;apr\u00e8s ce que nous comprenons, la signature de Nwaneri n&#39;\u00e9tait pas toujours assur\u00e9e. En fait, il semble qu&#39;il y ait eu des moments de doute authentique.<\/p>\n<p>Nwaneri a commenc\u00e9 trois des cinq matchs amicaux de la pr\u00e9-saison d&#39;Arsenal et tous ces d\u00e9parts sont venus dans la position de \u00abhuit droits\u00bb domin\u00e9e par Martin Odegaard depuis son arriv\u00e9e du Real Madrid. Je pense qu&#39;il s&#39;agissait en partie d&#39;aider Nwaneri \u00e0 s&#39;acclimater \u00e0 une position relativement nouvelle dans un environnement s\u00fbr.<\/p>\n<p>En lisant un peu plus entre les lignes, je dirais que c&#39;\u00e9tait aussi une d\u00e9monstration de foi dans le joueur con\u00e7u pour le convaincre de signer un nouveau contrat. Ce qui est int\u00e9ressant pour moi dans le d\u00e9veloppement de Nwaneri, c&#39;est la quantit\u00e9 motiv\u00e9e par les n\u00e9gociations contractuelles. En raison de ses ann\u00e9es de soumission, Arsenal a d\u00fb d\u00e9tenir deux s\u00e9ries de n\u00e9gociation contractuelles avec le joueur en moins de 18 mois.<\/p>\n<p>Il a sign\u00e9 son premier accord professionnel \u00e0 son 17e anniversaire en mars 2024. Je ne pense pas que ce soit une \u00e9norme co\u00efncidence qu&#39;Arsenal ait coup\u00e9 Emile Smith Rowe et Fabio Vieira perdent le m\u00eame \u00e9t\u00e9. Je soup\u00e7onne fermement que, encore une fois, cela pourrait avoir \u00e9t\u00e9 une promesse faite \u00e0 Ethan lors de ces n\u00e9gociations contractuelles, o\u00f9 les vautours auraient \u00e0 nouveau tourn\u00e9.<\/p>\n<p>Cet \u00e9t\u00e9, Arsenal a achet\u00e9 Noni Madueke comme couverture suppl\u00e9mentaire sur l&#39;aile droite, qui, \u00e0 premi\u00e8re vue, entraverait le chemin de Nwaneri vers les minutes r\u00e9guli\u00e8res. Cependant, Arsenal n&#39;a achet\u00e9 aucune couverture \/ comp\u00e9tition d&#39;Odegaard naturel cet \u00e9t\u00e9. C&#39;est l&#39;un des rares domaines de l&#39;\u00e9quipe o\u00f9 ils n&#39;ont pas vraiment achet\u00e9 de profondeur d&#39;escouade (\u00e0 moins que vous ne comptiez Eze, mais je ne m&#39;attends vraiment pas \u00e0 le voir y jouer dans autre chose qu&#39;une crise des blessures).<\/p>\n<p>TL; DR, je soup\u00e7onne (et je n&#39;ai aucune information \u00e0 cet effet) Nwaneri et ses repr\u00e9sentants ont identifi\u00e9 le jeu dans une position plus \u00abint\u00e9rieure\u00bb et c&#39;\u00e9tait peut-\u00eatre une rupture en termes d&#39;\u00e9tendue de son contrat. Cela pourrait \u00eatre une pr\u00e9f\u00e9rence enti\u00e8rement tactique de la part du joueur, cela pourrait \u00e9galement \u00eatre une reconnaissance que l&#39;essayer de se transformer en position de Bukayo Saka pourrait ne pas \u00eatre opportun pour sa carri\u00e8re (avec Max Dowman descendant aussi les pistes\u2026)<\/p>\n<p>Le changement d&#39;Odegaard de la position ne sera pas facile, bien s\u00fbr. Mais Arsenal a d\u00e9j\u00e0 \u00e9t\u00e9 t\u00e9moin des dommages caus\u00e9s par la d\u00e9pendance \u00e0 l&#39;Odegaard. L&#39;achat de Maduse montre qu&#39;ils sont s\u00e9rieux au sujet de la profondeur au-del\u00e0 de Saka, donc les signes indiquent que Nwaneri a un r\u00f4le important dans la possibilit\u00e9 d&#39;en pousser plus.<\/p>\n<p>Il y a aussi un mod\u00e8le dans la fa\u00e7on dont Arsenal a g\u00e9r\u00e9 les absences d&#39;Odegaard jusqu&#39;\u00e0 pr\u00e9sent cette saison. Lorsque le capitaine s&#39;est bless\u00e9 contre Leeds et la for\u00eat de Nottingham \u00e0 la maison, Nwaneri a \u00e9t\u00e9 appel\u00e9 depuis le banc. Mikel Merino \u00e9tait un substitut inutilis\u00e9 dans le match de Leeds. Lorsque Nwaneri est venu contre Forest, Declan Rice \u00e9tait \u00e9galement disponible sur le banc.<\/p>\n<p>Cependant, dans l&#39;environnement plus blanc d&#39;Anfield et San Mames, Mikel Merino a obtenu le feu vert. Il n&#39;est pas trop difficile de voir la r\u00e9flexion l\u00e0-bas, Nwaneri a \u00e9t\u00e9 pr\u00e9f\u00e9r\u00e9 pour les matchs \u00e0 domicile quand Arsenal devait dominer le ballon. Pour les jeux plus difficiles \u00e0 l&#39;ext\u00e9rieur, l&#39;exp\u00e9rience et la physicalit\u00e9 de Merino ont \u00e9t\u00e9 des alli\u00e9s pr\u00e9f\u00e9r\u00e9s pour Arteta.<\/p>\n<p>Une partie de l&#39;Arsenal ayant une profondeur d&#39;escouade consiste \u00e0 pouvoir montrer des visages diff\u00e9rents pour diff\u00e9rentes occasions et comment Nwaneri et Merino s&#39;inscrivent qui a \u00e9t\u00e9 une intrigue intrigante dans les matchs d&#39;ouverture de la saison. Comment le d\u00e9veloppement de Nwaneri se d\u00e9roule \u00e0 partir d&#39;ici sera \u00e9galement tr\u00e8s int\u00e9ressant.<\/p>\n<p>Je dois \u00eatre honn\u00eate, je soup\u00e7onne que cela aurait pu \u00eatre mieux pour lui de garder les spots de la doublure Dual Saka et Odegaard ouverts et de prendre toutes les minutes disponibles \u00e0 ce stade. Mais comme je l&#39;ai dit, il n&#39;y a pas deux voyages identiques et si se concentrer sur la lutte pour la place d&#39;Odegaard est ce que Ethan pense qu&#39;il est le mieux pour lui, je ne suis personne \u00e0 juger.<\/p>\n<p>Je soup\u00e7onne \u00e9galement qu&#39;Arteta pr\u00e9f\u00e8re avoir Madueke et Nwaneri \u00e0 sa disposition. Une chose est s\u00fbre, Arsenal a un \u00e9norme talent entre leurs mains. Il est facile d&#39;oublier que Nwaneri n&#39;aura m\u00eame pas 19 ans avant le dernier jour de l&#39;hiver britannique. Comment et o\u00f9 il fleurit dans cette \u00e9quipe d&#39;Arsenal va \u00eatre fascinant pour \u00eatre t\u00e9moin.<\/p>\n<\/div>\n","protected":false},"excerpt":{"rendered":"<p>J&#39;ai une petite exp\u00e9rience professionnelle (lecture: insignifiante) dans l&#39;apprentissage et le d\u00e9veloppement et la gestion des talents d&#39;une carri\u00e8re pass\u00e9e. Il est juste de dire<\/p>\n","protected":false},"author":1,"featured_media":27133,"comment_status":"closed","ping_status":"","sticky":false,"template":"","format":"standard","meta":{"footnotes":""},"categories":[3],"tags":[67,58,12,8710,7260],"yoast_head":"<!-- This site is optimized with the Yoast SEO plugin v21.0 - https:\/\/yoast.com\/wordpress\/plugins\/seo\/ -->\n<title>Gestion des talents |  ... un blog Arsenal<\/title>\n<meta name=\"robots\" content=\"index, follow, max-snippet:-1, max-image-preview:large, max-video-preview:-1\" \/>\n<link rel=\"canonical\" href=\"https:\/\/footdavant.fr\/actualites\/gestion-des-talents-un-blog-arsenal\/\" \/>\n<meta property=\"og:locale\" content=\"fr_FR\" \/>\n<meta property=\"og:type\" content=\"article\" \/>\n<meta property=\"og:title\" content=\"Gestion des talents |  ... un blog Arsenal\" \/>\n<meta property=\"og:description\" content=\"J&#039;ai une petite exp\u00e9rience professionnelle (lecture: insignifiante) dans l&#039;apprentissage et le d\u00e9veloppement et la gestion des talents d&#039;une carri\u00e8re pass\u00e9e. Il est juste de dire\" \/>\n<meta property=\"og:url\" content=\"https:\/\/footdavant.fr\/actualites\/gestion-des-talents-un-blog-arsenal\/\" \/>\n<meta property=\"og:site_name\" content=\"Foot d&#039;avant\" \/>\n<meta property=\"article:publisher\" content=\"https:\/\/www.facebook.com\/Footdavant\/\" \/>\n<meta property=\"article:published_time\" content=\"2025-09-18T18:48:17+00:00\" \/>\n<meta property=\"article:modified_time\" content=\"2025-09-18T18:48:18+00:00\" \/>\n<meta property=\"og:image\" content=\"https:\/\/footdavant.fr\/actualites\/wp-content\/uploads\/2025\/08\/Selection-de-l39equipe-pour-Athletic-Bilbao-le-nouvel-accord-de.jpg\" \/>\n\t<meta property=\"og:image:width\" content=\"1500\" \/>\n\t<meta property=\"og:image:height\" content=\"750\" \/>\n\t<meta property=\"og:image:type\" content=\"image\/jpeg\" \/>\n<meta name=\"author\" content=\"Cl\u00e9ment\" \/>\n<meta name=\"twitter:card\" content=\"summary_large_image\" \/>\n<meta name=\"twitter:creator\" content=\"@FootdavantFr\" \/>\n<meta name=\"twitter:site\" content=\"@FootdavantFr\" \/>\n<meta name=\"twitter:label1\" content=\"\u00c9crit par\" \/>\n\t<meta name=\"twitter:data1\" content=\"Cl\u00e9ment\" \/>\n\t<meta name=\"twitter:label2\" content=\"Dur\u00e9e de lecture estim\u00e9e\" \/>\n\t<meta name=\"twitter:data2\" content=\"6 minutes\" \/>\n<script type=\"application\/ld+json\" class=\"yoast-schema-graph\">{\"@context\":\"https:\/\/schema.org\",\"@graph\":[{\"@type\":\"Article\",\"@id\":\"https:\/\/footdavant.fr\/actualites\/gestion-des-talents-un-blog-arsenal\/#article\",\"isPartOf\":{\"@id\":\"https:\/\/footdavant.fr\/actualites\/gestion-des-talents-un-blog-arsenal\/\"},\"author\":{\"name\":\"Cl\u00e9ment\",\"@id\":\"https:\/\/footdavant.fr\/actualites\/#\/schema\/person\/bc222566d95871b37e597b3ed3ba5e1d\"},\"headline\":\"Gestion des talents | &#8230; un blog Arsenal\",\"datePublished\":\"2025-09-18T18:48:17+00:00\",\"dateModified\":\"2025-09-18T18:48:18+00:00\",\"mainEntityOfPage\":{\"@id\":\"https:\/\/footdavant.fr\/actualites\/gestion-des-talents-un-blog-arsenal\/\"},\"wordCount\":1236,\"publisher\":{\"@id\":\"https:\/\/footdavant.fr\/actualites\/#organization\"},\"keywords\":[\"Arsenal\",\"blog\",\"des\",\"gestion\",\"talents\"],\"articleSection\":[\"Football\"],\"inLanguage\":\"fr-FR\"},{\"@type\":\"WebPage\",\"@id\":\"https:\/\/footdavant.fr\/actualites\/gestion-des-talents-un-blog-arsenal\/\",\"url\":\"https:\/\/footdavant.fr\/actualites\/gestion-des-talents-un-blog-arsenal\/\",\"name\":\"Gestion des talents | ... un blog Arsenal\",\"isPartOf\":{\"@id\":\"https:\/\/footdavant.fr\/actualites\/#website\"},\"datePublished\":\"2025-09-18T18:48:17+00:00\",\"dateModified\":\"2025-09-18T18:48:18+00:00\",\"breadcrumb\":{\"@id\":\"https:\/\/footdavant.fr\/actualites\/gestion-des-talents-un-blog-arsenal\/#breadcrumb\"},\"inLanguage\":\"fr-FR\",\"potentialAction\":[{\"@type\":\"ReadAction\",\"target\":[\"https:\/\/footdavant.fr\/actualites\/gestion-des-talents-un-blog-arsenal\/\"]}]},{\"@type\":\"BreadcrumbList\",\"@id\":\"https:\/\/footdavant.fr\/actualites\/gestion-des-talents-un-blog-arsenal\/#breadcrumb\",\"itemListElement\":[{\"@type\":\"ListItem\",\"position\":1,\"name\":\"Accueil\",\"item\":\"https:\/\/footdavant.fr\/actualites\/\"},{\"@type\":\"ListItem\",\"position\":2,\"name\":\"Gestion des talents | &#8230; un blog Arsenal\"}]},{\"@type\":\"WebSite\",\"@id\":\"https:\/\/footdavant.fr\/actualites\/#website\",\"url\":\"https:\/\/footdavant.fr\/actualites\/\",\"name\":\"Foot d'avant\",\"description\":\"\",\"publisher\":{\"@id\":\"https:\/\/footdavant.fr\/actualites\/#organization\"},\"potentialAction\":[{\"@type\":\"SearchAction\",\"target\":{\"@type\":\"EntryPoint\",\"urlTemplate\":\"https:\/\/footdavant.fr\/actualites\/?s={search_term_string}\"},\"query-input\":\"required name=search_term_string\"}],\"inLanguage\":\"fr-FR\"},{\"@type\":\"Organization\",\"@id\":\"https:\/\/footdavant.fr\/actualites\/#organization\",\"name\":\"Foot d'avant\",\"url\":\"https:\/\/footdavant.fr\/actualites\/\",\"logo\":{\"@type\":\"ImageObject\",\"inLanguage\":\"fr-FR\",\"@id\":\"https:\/\/footdavant.fr\/actualites\/#\/schema\/logo\/image\/\",\"url\":\"https:\/\/footdavant.fr\/actualites\/wp-content\/uploads\/2023\/09\/Copy-of-FootDavant-Logo.png\",\"contentUrl\":\"https:\/\/footdavant.fr\/actualites\/wp-content\/uploads\/2023\/09\/Copy-of-FootDavant-Logo.png\",\"width\":936,\"height\":549,\"caption\":\"Foot d'avant\"},\"image\":{\"@id\":\"https:\/\/footdavant.fr\/actualites\/#\/schema\/logo\/image\/\"},\"sameAs\":[\"https:\/\/www.facebook.com\/Footdavant\/\",\"https:\/\/twitter.com\/FootdavantFr\",\"https:\/\/www.instagram.com\/footdavant.fr\/\"]},{\"@type\":\"Person\",\"@id\":\"https:\/\/footdavant.fr\/actualites\/#\/schema\/person\/bc222566d95871b37e597b3ed3ba5e1d\",\"name\":\"Cl\u00e9ment\",\"image\":{\"@type\":\"ImageObject\",\"inLanguage\":\"fr-FR\",\"@id\":\"https:\/\/footdavant.fr\/actualites\/#\/schema\/person\/image\/\",\"url\":\"https:\/\/secure.gravatar.com\/avatar\/7728b29aac2719421e1a9159b2254c44?s=96&d=mm&r=g\",\"contentUrl\":\"https:\/\/secure.gravatar.com\/avatar\/7728b29aac2719421e1a9159b2254c44?s=96&d=mm&r=g\",\"caption\":\"Cl\u00e9ment\"},\"sameAs\":[\"https:\/\/footdavant.fr\/\"]}]}<\/script>\n<!-- \/ Yoast SEO plugin. -->","yoast_head_json":{"title":"Gestion des talents |  ... un blog Arsenal","robots":{"index":"index","follow":"follow","max-snippet":"max-snippet:-1","max-image-preview":"max-image-preview:large","max-video-preview":"max-video-preview:-1"},"canonical":"https:\/\/footdavant.fr\/actualites\/gestion-des-talents-un-blog-arsenal\/","og_locale":"fr_FR","og_type":"article","og_title":"Gestion des talents |  ... un blog Arsenal","og_description":"J&#39;ai une petite exp\u00e9rience professionnelle (lecture: insignifiante) dans l&#39;apprentissage et le d\u00e9veloppement et la gestion des talents d&#39;une carri\u00e8re pass\u00e9e. Il est juste de dire","og_url":"https:\/\/footdavant.fr\/actualites\/gestion-des-talents-un-blog-arsenal\/","og_site_name":"Foot d&#039;avant","article_publisher":"https:\/\/www.facebook.com\/Footdavant\/","article_published_time":"2025-09-18T18:48:17+00:00","article_modified_time":"2025-09-18T18:48:18+00:00","og_image":[{"width":1500,"height":750,"url":"https:\/\/footdavant.fr\/actualites\/wp-content\/uploads\/2025\/08\/Selection-de-l39equipe-pour-Athletic-Bilbao-le-nouvel-accord-de.jpg","type":"image\/jpeg"}],"author":"Cl\u00e9ment","twitter_card":"summary_large_image","twitter_creator":"@FootdavantFr","twitter_site":"@FootdavantFr","twitter_misc":{"\u00c9crit par":"Cl\u00e9ment","Dur\u00e9e de lecture estim\u00e9e":"6 minutes"},"schema":{"@context":"https:\/\/schema.org","@graph":[{"@type":"Article","@id":"https:\/\/footdavant.fr\/actualites\/gestion-des-talents-un-blog-arsenal\/#article","isPartOf":{"@id":"https:\/\/footdavant.fr\/actualites\/gestion-des-talents-un-blog-arsenal\/"},"author":{"name":"Cl\u00e9ment","@id":"https:\/\/footdavant.fr\/actualites\/#\/schema\/person\/bc222566d95871b37e597b3ed3ba5e1d"},"headline":"Gestion des talents | &#8230; un blog Arsenal","datePublished":"2025-09-18T18:48:17+00:00","dateModified":"2025-09-18T18:48:18+00:00","mainEntityOfPage":{"@id":"https:\/\/footdavant.fr\/actualites\/gestion-des-talents-un-blog-arsenal\/"},"wordCount":1236,"publisher":{"@id":"https:\/\/footdavant.fr\/actualites\/#organization"},"keywords":["Arsenal","blog","des","gestion","talents"],"articleSection":["Football"],"inLanguage":"fr-FR"},{"@type":"WebPage","@id":"https:\/\/footdavant.fr\/actualites\/gestion-des-talents-un-blog-arsenal\/","url":"https:\/\/footdavant.fr\/actualites\/gestion-des-talents-un-blog-arsenal\/","name":"Gestion des talents | ... un blog Arsenal","isPartOf":{"@id":"https:\/\/footdavant.fr\/actualites\/#website"},"datePublished":"2025-09-18T18:48:17+00:00","dateModified":"2025-09-18T18:48:18+00:00","breadcrumb":{"@id":"https:\/\/footdavant.fr\/actualites\/gestion-des-talents-un-blog-arsenal\/#breadcrumb"},"inLanguage":"fr-FR","potentialAction":[{"@type":"ReadAction","target":["https:\/\/footdavant.fr\/actualites\/gestion-des-talents-un-blog-arsenal\/"]}]},{"@type":"BreadcrumbList","@id":"https:\/\/footdavant.fr\/actualites\/gestion-des-talents-un-blog-arsenal\/#breadcrumb","itemListElement":[{"@type":"ListItem","position":1,"name":"Accueil","item":"https:\/\/footdavant.fr\/actualites\/"},{"@type":"ListItem","position":2,"name":"Gestion des talents | &#8230; un blog Arsenal"}]},{"@type":"WebSite","@id":"https:\/\/footdavant.fr\/actualites\/#website","url":"https:\/\/footdavant.fr\/actualites\/","name":"Foot d'avant","description":"","publisher":{"@id":"https:\/\/footdavant.fr\/actualites\/#organization"},"potentialAction":[{"@type":"SearchAction","target":{"@type":"EntryPoint","urlTemplate":"https:\/\/footdavant.fr\/actualites\/?s={search_term_string}"},"query-input":"required name=search_term_string"}],"inLanguage":"fr-FR"},{"@type":"Organization","@id":"https:\/\/footdavant.fr\/actualites\/#organization","name":"Foot d'avant","url":"https:\/\/footdavant.fr\/actualites\/","logo":{"@type":"ImageObject","inLanguage":"fr-FR","@id":"https:\/\/footdavant.fr\/actualites\/#\/schema\/logo\/image\/","url":"https:\/\/footdavant.fr\/actualites\/wp-content\/uploads\/2023\/09\/Copy-of-FootDavant-Logo.png","contentUrl":"https:\/\/footdavant.fr\/actualites\/wp-content\/uploads\/2023\/09\/Copy-of-FootDavant-Logo.png","width":936,"height":549,"caption":"Foot d'avant"},"image":{"@id":"https:\/\/footdavant.fr\/actualites\/#\/schema\/logo\/image\/"},"sameAs":["https:\/\/www.facebook.com\/Footdavant\/","https:\/\/twitter.com\/FootdavantFr","https:\/\/www.instagram.com\/footdavant.fr\/"]},{"@type":"Person","@id":"https:\/\/footdavant.fr\/actualites\/#\/schema\/person\/bc222566d95871b37e597b3ed3ba5e1d","name":"Cl\u00e9ment","image":{"@type":"ImageObject","inLanguage":"fr-FR","@id":"https:\/\/footdavant.fr\/actualites\/#\/schema\/person\/image\/","url":"https:\/\/secure.gravatar.com\/avatar\/7728b29aac2719421e1a9159b2254c44?s=96&d=mm&r=g","contentUrl":"https:\/\/secure.gravatar.com\/avatar\/7728b29aac2719421e1a9159b2254c44?s=96&d=mm&r=g","caption":"Cl\u00e9ment"},"sameAs":["https:\/\/footdavant.fr\/"]}]}},"_links":{"self":[{"href":"https:\/\/footdavant.fr\/actualites\/wp-json\/wp\/v2\/posts\/28668"}],"collection":[{"href":"https:\/\/footdavant.fr\/actualites\/wp-json\/wp\/v2\/posts"}],"about":[{"href":"https:\/\/footdavant.fr\/actualites\/wp-json\/wp\/v2\/types\/post"}],"author":[{"embeddable":true,"href":"https:\/\/footdavant.fr\/actualites\/wp-json\/wp\/v2\/users\/1"}],"replies":[{"embeddable":true,"href":"https:\/\/footdavant.fr\/actualites\/wp-json\/wp\/v2\/comments?post=28668"}],"version-history":[{"count":1,"href":"https:\/\/footdavant.fr\/actualites\/wp-json\/wp\/v2\/posts\/28668\/revisions"}],"predecessor-version":[{"id":28669,"href":"https:\/\/footdavant.fr\/actualites\/wp-json\/wp\/v2\/posts\/28668\/revisions\/28669"}],"wp:featuredmedia":[{"embeddable":true,"href":"https:\/\/footdavant.fr\/actualites\/wp-json\/wp\/v2\/media\/27133"}],"wp:attachment":[{"href":"https:\/\/footdavant.fr\/actualites\/wp-json\/wp\/v2\/media?parent=28668"}],"wp:term":[{"taxonomy":"category","embeddable":true,"href":"https:\/\/footdavant.fr\/actualites\/wp-json\/wp\/v2\/categories?post=28668"},{"taxonomy":"post_tag","embeddable":true,"href":"https:\/\/footdavant.fr\/actualites\/wp-json\/wp\/v2\/tags?post=28668"}],"curies":[{"name":"wp","href":"https:\/\/api.w.org\/{rel}","templated":true}]}}