{"id":2867,"date":"2023-12-22T07:49:03","date_gmt":"2023-12-22T06:49:03","guid":{"rendered":"https:\/\/footdavant.fr\/actualites\/tottenham-aston-villa-et-brighton-prennent-contact-avec-samuel-iling-junior-de-la-juventus\/"},"modified":"2023-12-22T07:49:03","modified_gmt":"2023-12-22T06:49:03","slug":"tottenham-aston-villa-et-brighton-prennent-contact-avec-samuel-iling-junior-de-la-juventus","status":"publish","type":"post","link":"https:\/\/footdavant.fr\/actualites\/tottenham-aston-villa-et-brighton-prennent-contact-avec-samuel-iling-junior-de-la-juventus\/","title":{"rendered":"Tottenham, Aston Villa et Brighton \u00ab prennent contact avec Samuel Iling-Junior de la Juventus \u00bb"},"content":{"rendered":"<p>Tottenham Hotspur, Aston Villa et Brighton &#038; Hove Albion auraient pris contact avec l&rsquo;ailier de la Juventus Samuel Iling-Junior avant le mercato de janvier.<\/p>\n<div id=\"article_body\" itemprop=\"articleBody\">\n<h3 class=\"firstPara\">Trio de Premier League <strong class=\"autotag\">Tottenham Hotspur<\/strong>, <strong class=\"autotag\">Aston Villa<\/strong> et <strong class=\"autotag\">Brighton et Hove Albion<\/strong> aurait pris contact avec <strong class=\"autotag\">Juve<\/strong> ailier <strong class=\"autotag\">Samuel Iling-Junior<\/strong>.<\/h3>\n<p>Le joueur de 20 ans est n\u00e9 \u00e0 Londres et a commenc\u00e9 sa carri\u00e8re de jeune \u00e0 Chelsea avant de rejoindre le g\u00e9ant italien de la Juve en septembre 2020.<\/p>\n<p>Apr\u00e8s avoir impressionn\u00e9 l&rsquo;\u00e9quipe des moins de 19 ans de la Juve, marquant 14 buts et fournissant 15 passes d\u00e9cisives en 58 apparitions, Iling-Junior a fait ses d\u00e9buts senior pour le club de Serie A en octobre 2022.<\/p>\n<p>L&rsquo;ailier a ensuite fait 18 apparitions en \u00e9quipe premi\u00e8re sous la direction de son manager. <strong class=\"autotag\">Massimiliano Allegri<\/strong> la saison derni\u00e8re, mais il a depuis eu du mal \u00e0 obtenir un temps de jeu r\u00e9gulier cette saison.<\/p>\n<p>En effet, Iling-Junior n&rsquo;a jou\u00e9 que 129 minutes en six matches de remplacement cette saison, avec notamment <strong class=\"autotag\">Timoth\u00e9e Weah<\/strong>, <strong class=\"autotag\">Filip Kostic<\/strong> et <strong class=\"autotag\">Andrea Cambiaso<\/strong> tous pr\u00e9f\u00e9raient le devancer dans de vastes zones.<\/p>\n<p class=\"imgI\">\n<p>L&rsquo;avenir \u00e0 long terme d&rsquo;Iling-Junior \u00e0 la Juventus semble incertain, le club bas\u00e9 \u00e0 Turin \u00e9tant apparemment dispos\u00e9 \u00e0 vendre le jeune au bon prix en janvier.<\/p>\n<p>Un rapport r\u00e9cent affirme que Tottenham a pris de l&rsquo;avance <strong class=\"autotag\">Newcastle United<\/strong> en course pour recruter Iling-Junior, qui est sous contrat \u00e0 la Juve jusqu&rsquo;en juin 2025. <\/p>\n<p>Cependant, <em>Tutomercatoweb<\/em> affirme qu&rsquo;Aston Villa et Brighton sont sur le point de rivaliser avec les Spurs pour la signature de l&rsquo;international anglais des moins de 21 ans.<\/p>\n<p>Le rapport ajoute que les trois clubs de Premier League envisagent de d\u00e9m\u00e9nager pour Iling-Junior et ont \u00e9tabli un premier contact avec la Juventus, bien qu&rsquo;aucune offre formelle n&rsquo;ait encore \u00e9t\u00e9 d\u00e9pos\u00e9e.<\/p>\n<p class=\"imgI\"><img decoding=\"async\" loading=\"lazy\" class=\"l\" src=\"https:\/\/footdavant.fr\/actualites\/wp-content\/uploads\/2023\/12\/Tottenham-Aston-Villa-et-Brighton-prennent-contact-avec-Samuel.JPG\" title=\"Ange Postecoglou, manager de Tottenham Hotspur, photographi\u00e9 le 10 d\u00e9cembre 2023\" alt=\"Ange Postecoglou, manager de Tottenham Hotspur, photographi\u00e9 le 10 d\u00e9cembre 2023\" width=\"640\" height=\"480\"><\/p>\n<p>La Juve aurait r\u00e9duit son prix demand\u00e9 pour l&rsquo;ailier et serait d\u00e9sormais pr\u00eate \u00e0 accepter des offres de l&rsquo;ordre de 18 millions d&rsquo;euros (15,6 millions de livres sterling).<\/p>\n<p>Le patron de Tottenham <strong class=\"autotag\">Ange Postecoglou<\/strong> On pense qu&rsquo;il souhaite renforcer son \u00e9quipe avec trois nouvelles recrues en janvier, dont un nouvel attaquant en tant que <strong class=\"autotag\">Manoir Salomon<\/strong>, <strong class=\"autotag\">Ryan Sessegnon<\/strong>, <strong class=\"autotag\">Ivan Peri\u0161i\u0107<\/strong> et <strong class=\"autotag\">James Maddison<\/strong> sont actuellement tous mis \u00e0 l\u2019\u00e9cart en raison de blessures.<\/p>\n<p>Quant \u00e0 Villa, <strong class=\"autotag\">Unai Emery<\/strong> a \u00e9t\u00e9 pressenti pour renforcer son attaque afin de concurrencer des joueurs comme <strong class=\"autotag\">Ollie Watkins<\/strong>, <strong class=\"autotag\">Moussa Diaby<\/strong> et <strong class=\"autotag\">L\u00e9on Bailey<\/strong> alors que le club tente de poursuivre sa qu\u00eate surprise du titre en Premier League et de progresser davantage en Europa Conference League.<\/p>\n<p>Brighton, quant \u00e0 lui, participe \u00e9galement \u00e0 des comp\u00e9titions europ\u00e9ennes apr\u00e8s s&rsquo;\u00eatre qualifi\u00e9 pour les huiti\u00e8mes de finale de la Ligue Europa, mais ils ont d\u00fb se d\u00e9brouiller sans trio bless\u00e9. <strong class=\"autotag\">Solly mars<\/strong>, <strong class=\"autotag\">Julio Enciso<\/strong> et <strong class=\"autotag\">Danny Welbeck<\/strong> pendant un certain temps, tandis que <strong class=\"autotag\">Ansu Fati<\/strong> est le dernier nom \u00e0 entrer dans la salle de traitement, donc <strong class=\"autotag\">Roberto De Zerbi<\/strong> pourrait chercher \u00e0 recruter un nouvel attaquant en janvier.<\/p>\n<\/div>\n","protected":false},"excerpt":{"rendered":"<p>Tottenham Hotspur, Aston Villa et Brighton &#038; Hove Albion auraient pris contact avec l&rsquo;ailier de la Juventus Samuel Iling-Junior avant le mercato de janvier. Trio<\/p>\n","protected":false},"author":1,"featured_media":2868,"comment_status":"closed","ping_status":"","sticky":false,"template":"","format":"standard","meta":{"footnotes":""},"categories":[5],"tags":[369,91,349,2370,2433,711,2431,2432,68,370],"yoast_head":"<!-- This site is optimized with the Yoast SEO plugin v21.0 - https:\/\/yoast.com\/wordpress\/plugins\/seo\/ -->\n<title>Tottenham, Aston Villa et Brighton \u00ab prennent contact avec Samuel Iling-Junior de la Juventus \u00bb<\/title>\n<meta name=\"robots\" content=\"index, follow, max-snippet:-1, max-image-preview:large, max-video-preview:-1\" \/>\n<link rel=\"canonical\" href=\"https:\/\/footdavant.fr\/actualites\/tottenham-aston-villa-et-brighton-prennent-contact-avec-samuel-iling-junior-de-la-juventus\/\" \/>\n<meta property=\"og:locale\" content=\"fr_FR\" \/>\n<meta property=\"og:type\" content=\"article\" \/>\n<meta property=\"og:title\" content=\"Tottenham, Aston Villa et Brighton \u00ab prennent contact avec Samuel Iling-Junior de la Juventus \u00bb\" \/>\n<meta property=\"og:description\" content=\"Tottenham Hotspur, Aston Villa et Brighton &#038; Hove Albion auraient pris contact avec l&rsquo;ailier de la Juventus Samuel Iling-Junior avant le mercato de janvier. Trio\" \/>\n<meta property=\"og:url\" content=\"https:\/\/footdavant.fr\/actualites\/tottenham-aston-villa-et-brighton-prennent-contact-avec-samuel-iling-junior-de-la-juventus\/\" \/>\n<meta property=\"og:site_name\" content=\"Foot d&#039;avant\" \/>\n<meta property=\"article:publisher\" content=\"https:\/\/www.facebook.com\/Footdavant\/\" \/>\n<meta property=\"article:published_time\" content=\"2023-12-22T06:49:03+00:00\" \/>\n<meta property=\"og:image\" content=\"https:\/\/footdavant.fr\/actualites\/wp-content\/uploads\/2023\/12\/Tottenham-Aston-Villa-et-Brighton-prennent-contact-avec-Samuel.jpg\" \/>\n\t<meta property=\"og:image:width\" content=\"640\" \/>\n\t<meta property=\"og:image:height\" content=\"480\" \/>\n\t<meta property=\"og:image:type\" content=\"image\/jpeg\" \/>\n<meta name=\"author\" content=\"Cl\u00e9ment\" \/>\n<meta name=\"twitter:card\" content=\"summary_large_image\" \/>\n<meta name=\"twitter:creator\" content=\"@FootdavantFr\" \/>\n<meta name=\"twitter:site\" content=\"@FootdavantFr\" \/>\n<meta name=\"twitter:label1\" content=\"\u00c9crit par\" \/>\n\t<meta name=\"twitter:data1\" content=\"Cl\u00e9ment\" \/>\n\t<meta name=\"twitter:label2\" content=\"Dur\u00e9e de lecture estim\u00e9e\" \/>\n\t<meta name=\"twitter:data2\" content=\"2 minutes\" \/>\n<script type=\"application\/ld+json\" class=\"yoast-schema-graph\">{\"@context\":\"https:\/\/schema.org\",\"@graph\":[{\"@type\":\"Article\",\"@id\":\"https:\/\/footdavant.fr\/actualites\/tottenham-aston-villa-et-brighton-prennent-contact-avec-samuel-iling-junior-de-la-juventus\/#article\",\"isPartOf\":{\"@id\":\"https:\/\/footdavant.fr\/actualites\/tottenham-aston-villa-et-brighton-prennent-contact-avec-samuel-iling-junior-de-la-juventus\/\"},\"author\":{\"name\":\"Cl\u00e9ment\",\"@id\":\"https:\/\/footdavant.fr\/actualites\/#\/schema\/person\/bc222566d95871b37e597b3ed3ba5e1d\"},\"headline\":\"Tottenham, Aston Villa et Brighton \u00ab prennent contact avec Samuel Iling-Junior de la Juventus \u00bb\",\"datePublished\":\"2023-12-22T06:49:03+00:00\",\"dateModified\":\"2023-12-22T06:49:03+00:00\",\"mainEntityOfPage\":{\"@id\":\"https:\/\/footdavant.fr\/actualites\/tottenham-aston-villa-et-brighton-prennent-contact-avec-samuel-iling-junior-de-la-juventus\/\"},\"wordCount\":499,\"publisher\":{\"@id\":\"https:\/\/footdavant.fr\/actualites\/#organization\"},\"keywords\":[\"Aston\",\"avec\",\"Brighton\",\"contact\",\"IlingJunior\",\"Juventus\",\"prennent\",\"Samuel\",\"Tottenham\",\"Villa\"],\"articleSection\":[\"Premier League\"],\"inLanguage\":\"fr-FR\"},{\"@type\":\"WebPage\",\"@id\":\"https:\/\/footdavant.fr\/actualites\/tottenham-aston-villa-et-brighton-prennent-contact-avec-samuel-iling-junior-de-la-juventus\/\",\"url\":\"https:\/\/footdavant.fr\/actualites\/tottenham-aston-villa-et-brighton-prennent-contact-avec-samuel-iling-junior-de-la-juventus\/\",\"name\":\"Tottenham, Aston Villa et Brighton \u00ab prennent contact avec Samuel Iling-Junior de la Juventus \u00bb\",\"isPartOf\":{\"@id\":\"https:\/\/footdavant.fr\/actualites\/#website\"},\"datePublished\":\"2023-12-22T06:49:03+00:00\",\"dateModified\":\"2023-12-22T06:49:03+00:00\",\"breadcrumb\":{\"@id\":\"https:\/\/footdavant.fr\/actualites\/tottenham-aston-villa-et-brighton-prennent-contact-avec-samuel-iling-junior-de-la-juventus\/#breadcrumb\"},\"inLanguage\":\"fr-FR\",\"potentialAction\":[{\"@type\":\"ReadAction\",\"target\":[\"https:\/\/footdavant.fr\/actualites\/tottenham-aston-villa-et-brighton-prennent-contact-avec-samuel-iling-junior-de-la-juventus\/\"]}]},{\"@type\":\"BreadcrumbList\",\"@id\":\"https:\/\/footdavant.fr\/actualites\/tottenham-aston-villa-et-brighton-prennent-contact-avec-samuel-iling-junior-de-la-juventus\/#breadcrumb\",\"itemListElement\":[{\"@type\":\"ListItem\",\"position\":1,\"name\":\"Accueil\",\"item\":\"https:\/\/footdavant.fr\/actualites\/\"},{\"@type\":\"ListItem\",\"position\":2,\"name\":\"Tottenham, Aston Villa et Brighton \u00ab prennent contact avec Samuel Iling-Junior de la Juventus \u00bb\"}]},{\"@type\":\"WebSite\",\"@id\":\"https:\/\/footdavant.fr\/actualites\/#website\",\"url\":\"https:\/\/footdavant.fr\/actualites\/\",\"name\":\"Foot d'avant\",\"description\":\"\",\"publisher\":{\"@id\":\"https:\/\/footdavant.fr\/actualites\/#organization\"},\"potentialAction\":[{\"@type\":\"SearchAction\",\"target\":{\"@type\":\"EntryPoint\",\"urlTemplate\":\"https:\/\/footdavant.fr\/actualites\/?s={search_term_string}\"},\"query-input\":\"required name=search_term_string\"}],\"inLanguage\":\"fr-FR\"},{\"@type\":\"Organization\",\"@id\":\"https:\/\/footdavant.fr\/actualites\/#organization\",\"name\":\"Foot d'avant\",\"url\":\"https:\/\/footdavant.fr\/actualites\/\",\"logo\":{\"@type\":\"ImageObject\",\"inLanguage\":\"fr-FR\",\"@id\":\"https:\/\/footdavant.fr\/actualites\/#\/schema\/logo\/image\/\",\"url\":\"https:\/\/footdavant.fr\/actualites\/wp-content\/uploads\/2023\/09\/Copy-of-FootDavant-Logo.png\",\"contentUrl\":\"https:\/\/footdavant.fr\/actualites\/wp-content\/uploads\/2023\/09\/Copy-of-FootDavant-Logo.png\",\"width\":936,\"height\":549,\"caption\":\"Foot d'avant\"},\"image\":{\"@id\":\"https:\/\/footdavant.fr\/actualites\/#\/schema\/logo\/image\/\"},\"sameAs\":[\"https:\/\/www.facebook.com\/Footdavant\/\",\"https:\/\/twitter.com\/FootdavantFr\",\"https:\/\/www.instagram.com\/footdavant.fr\/\"]},{\"@type\":\"Person\",\"@id\":\"https:\/\/footdavant.fr\/actualites\/#\/schema\/person\/bc222566d95871b37e597b3ed3ba5e1d\",\"name\":\"Cl\u00e9ment\",\"image\":{\"@type\":\"ImageObject\",\"inLanguage\":\"fr-FR\",\"@id\":\"https:\/\/footdavant.fr\/actualites\/#\/schema\/person\/image\/\",\"url\":\"https:\/\/secure.gravatar.com\/avatar\/7728b29aac2719421e1a9159b2254c44?s=96&d=mm&r=g\",\"contentUrl\":\"https:\/\/secure.gravatar.com\/avatar\/7728b29aac2719421e1a9159b2254c44?s=96&d=mm&r=g\",\"caption\":\"Cl\u00e9ment\"},\"sameAs\":[\"https:\/\/footdavant.fr\/\"]}]}<\/script>\n<!-- \/ Yoast SEO plugin. -->","yoast_head_json":{"title":"Tottenham, Aston Villa et Brighton \u00ab prennent contact avec Samuel Iling-Junior de la Juventus \u00bb","robots":{"index":"index","follow":"follow","max-snippet":"max-snippet:-1","max-image-preview":"max-image-preview:large","max-video-preview":"max-video-preview:-1"},"canonical":"https:\/\/footdavant.fr\/actualites\/tottenham-aston-villa-et-brighton-prennent-contact-avec-samuel-iling-junior-de-la-juventus\/","og_locale":"fr_FR","og_type":"article","og_title":"Tottenham, Aston Villa et Brighton \u00ab prennent contact avec Samuel Iling-Junior de la Juventus \u00bb","og_description":"Tottenham Hotspur, Aston Villa et Brighton &#038; Hove Albion auraient pris contact avec l&rsquo;ailier de la Juventus Samuel Iling-Junior avant le mercato de janvier. Trio","og_url":"https:\/\/footdavant.fr\/actualites\/tottenham-aston-villa-et-brighton-prennent-contact-avec-samuel-iling-junior-de-la-juventus\/","og_site_name":"Foot d&#039;avant","article_publisher":"https:\/\/www.facebook.com\/Footdavant\/","article_published_time":"2023-12-22T06:49:03+00:00","og_image":[{"width":640,"height":480,"url":"https:\/\/footdavant.fr\/actualites\/wp-content\/uploads\/2023\/12\/Tottenham-Aston-Villa-et-Brighton-prennent-contact-avec-Samuel.jpg","type":"image\/jpeg"}],"author":"Cl\u00e9ment","twitter_card":"summary_large_image","twitter_creator":"@FootdavantFr","twitter_site":"@FootdavantFr","twitter_misc":{"\u00c9crit par":"Cl\u00e9ment","Dur\u00e9e de lecture estim\u00e9e":"2 minutes"},"schema":{"@context":"https:\/\/schema.org","@graph":[{"@type":"Article","@id":"https:\/\/footdavant.fr\/actualites\/tottenham-aston-villa-et-brighton-prennent-contact-avec-samuel-iling-junior-de-la-juventus\/#article","isPartOf":{"@id":"https:\/\/footdavant.fr\/actualites\/tottenham-aston-villa-et-brighton-prennent-contact-avec-samuel-iling-junior-de-la-juventus\/"},"author":{"name":"Cl\u00e9ment","@id":"https:\/\/footdavant.fr\/actualites\/#\/schema\/person\/bc222566d95871b37e597b3ed3ba5e1d"},"headline":"Tottenham, Aston Villa et Brighton \u00ab prennent contact avec Samuel Iling-Junior de la Juventus \u00bb","datePublished":"2023-12-22T06:49:03+00:00","dateModified":"2023-12-22T06:49:03+00:00","mainEntityOfPage":{"@id":"https:\/\/footdavant.fr\/actualites\/tottenham-aston-villa-et-brighton-prennent-contact-avec-samuel-iling-junior-de-la-juventus\/"},"wordCount":499,"publisher":{"@id":"https:\/\/footdavant.fr\/actualites\/#organization"},"keywords":["Aston","avec","Brighton","contact","IlingJunior","Juventus","prennent","Samuel","Tottenham","Villa"],"articleSection":["Premier League"],"inLanguage":"fr-FR"},{"@type":"WebPage","@id":"https:\/\/footdavant.fr\/actualites\/tottenham-aston-villa-et-brighton-prennent-contact-avec-samuel-iling-junior-de-la-juventus\/","url":"https:\/\/footdavant.fr\/actualites\/tottenham-aston-villa-et-brighton-prennent-contact-avec-samuel-iling-junior-de-la-juventus\/","name":"Tottenham, Aston Villa et Brighton \u00ab prennent contact avec Samuel Iling-Junior de la Juventus \u00bb","isPartOf":{"@id":"https:\/\/footdavant.fr\/actualites\/#website"},"datePublished":"2023-12-22T06:49:03+00:00","dateModified":"2023-12-22T06:49:03+00:00","breadcrumb":{"@id":"https:\/\/footdavant.fr\/actualites\/tottenham-aston-villa-et-brighton-prennent-contact-avec-samuel-iling-junior-de-la-juventus\/#breadcrumb"},"inLanguage":"fr-FR","potentialAction":[{"@type":"ReadAction","target":["https:\/\/footdavant.fr\/actualites\/tottenham-aston-villa-et-brighton-prennent-contact-avec-samuel-iling-junior-de-la-juventus\/"]}]},{"@type":"BreadcrumbList","@id":"https:\/\/footdavant.fr\/actualites\/tottenham-aston-villa-et-brighton-prennent-contact-avec-samuel-iling-junior-de-la-juventus\/#breadcrumb","itemListElement":[{"@type":"ListItem","position":1,"name":"Accueil","item":"https:\/\/footdavant.fr\/actualites\/"},{"@type":"ListItem","position":2,"name":"Tottenham, Aston Villa et Brighton \u00ab prennent contact avec Samuel Iling-Junior de la Juventus \u00bb"}]},{"@type":"WebSite","@id":"https:\/\/footdavant.fr\/actualites\/#website","url":"https:\/\/footdavant.fr\/actualites\/","name":"Foot d'avant","description":"","publisher":{"@id":"https:\/\/footdavant.fr\/actualites\/#organization"},"potentialAction":[{"@type":"SearchAction","target":{"@type":"EntryPoint","urlTemplate":"https:\/\/footdavant.fr\/actualites\/?s={search_term_string}"},"query-input":"required name=search_term_string"}],"inLanguage":"fr-FR"},{"@type":"Organization","@id":"https:\/\/footdavant.fr\/actualites\/#organization","name":"Foot d'avant","url":"https:\/\/footdavant.fr\/actualites\/","logo":{"@type":"ImageObject","inLanguage":"fr-FR","@id":"https:\/\/footdavant.fr\/actualites\/#\/schema\/logo\/image\/","url":"https:\/\/footdavant.fr\/actualites\/wp-content\/uploads\/2023\/09\/Copy-of-FootDavant-Logo.png","contentUrl":"https:\/\/footdavant.fr\/actualites\/wp-content\/uploads\/2023\/09\/Copy-of-FootDavant-Logo.png","width":936,"height":549,"caption":"Foot d'avant"},"image":{"@id":"https:\/\/footdavant.fr\/actualites\/#\/schema\/logo\/image\/"},"sameAs":["https:\/\/www.facebook.com\/Footdavant\/","https:\/\/twitter.com\/FootdavantFr","https:\/\/www.instagram.com\/footdavant.fr\/"]},{"@type":"Person","@id":"https:\/\/footdavant.fr\/actualites\/#\/schema\/person\/bc222566d95871b37e597b3ed3ba5e1d","name":"Cl\u00e9ment","image":{"@type":"ImageObject","inLanguage":"fr-FR","@id":"https:\/\/footdavant.fr\/actualites\/#\/schema\/person\/image\/","url":"https:\/\/secure.gravatar.com\/avatar\/7728b29aac2719421e1a9159b2254c44?s=96&d=mm&r=g","contentUrl":"https:\/\/secure.gravatar.com\/avatar\/7728b29aac2719421e1a9159b2254c44?s=96&d=mm&r=g","caption":"Cl\u00e9ment"},"sameAs":["https:\/\/footdavant.fr\/"]}]}},"_links":{"self":[{"href":"https:\/\/footdavant.fr\/actualites\/wp-json\/wp\/v2\/posts\/2867"}],"collection":[{"href":"https:\/\/footdavant.fr\/actualites\/wp-json\/wp\/v2\/posts"}],"about":[{"href":"https:\/\/footdavant.fr\/actualites\/wp-json\/wp\/v2\/types\/post"}],"author":[{"embeddable":true,"href":"https:\/\/footdavant.fr\/actualites\/wp-json\/wp\/v2\/users\/1"}],"replies":[{"embeddable":true,"href":"https:\/\/footdavant.fr\/actualites\/wp-json\/wp\/v2\/comments?post=2867"}],"version-history":[{"count":1,"href":"https:\/\/footdavant.fr\/actualites\/wp-json\/wp\/v2\/posts\/2867\/revisions"}],"predecessor-version":[{"id":2869,"href":"https:\/\/footdavant.fr\/actualites\/wp-json\/wp\/v2\/posts\/2867\/revisions\/2869"}],"wp:featuredmedia":[{"embeddable":true,"href":"https:\/\/footdavant.fr\/actualites\/wp-json\/wp\/v2\/media\/2868"}],"wp:attachment":[{"href":"https:\/\/footdavant.fr\/actualites\/wp-json\/wp\/v2\/media?parent=2867"}],"wp:term":[{"taxonomy":"category","embeddable":true,"href":"https:\/\/footdavant.fr\/actualites\/wp-json\/wp\/v2\/categories?post=2867"},{"taxonomy":"post_tag","embeddable":true,"href":"https:\/\/footdavant.fr\/actualites\/wp-json\/wp\/v2\/tags?post=2867"}],"curies":[{"name":"wp","href":"https:\/\/api.w.org\/{rel}","templated":true}]}}