{"id":28670,"date":"2025-09-18T21:48:01","date_gmt":"2025-09-18T19:48:01","guid":{"rendered":"https:\/\/footdavant.fr\/actualites\/liverpool-vs-atletico-madrid-record-en-tete-a-tete-et-reunions-passees-avant-le-conflit-de-la-ligue-des-champions\/"},"modified":"2025-09-18T21:48:01","modified_gmt":"2025-09-18T19:48:01","slug":"liverpool-vs-atletico-madrid-record-en-tete-a-tete-et-reunions-passees-avant-le-conflit-de-la-ligue-des-champions","status":"publish","type":"post","link":"https:\/\/footdavant.fr\/actualites\/liverpool-vs-atletico-madrid-record-en-tete-a-tete-et-reunions-passees-avant-le-conflit-de-la-ligue-des-champions\/","title":{"rendered":"Liverpool vs Atletico Madrid: record en t\u00eate-\u00e0-t\u00eate et r\u00e9unions pass\u00e9es avant le conflit de la Ligue des champions"},"content":{"rendered":"<p>Avant le conflit de la Ligue des champions de mercredi entre Liverpool et l&#39;Atletico Madrid, Sports Mole regarde les records en t\u00eate-\u00e0-t\u00eate et les r\u00e9unions pr\u00e9c\u00e9dentes entre les deux clubs.<\/p>\n<div id=\"article_body\" itemprop=\"articleBody\">\n<h2>Enregistrement en t\u00eate-\u00e0-t\u00eate<\/h2>\n<p>R\u00e9unions pr\u00e9c\u00e9dentes: 9<\/p>\n<p>Liverpool gagne: 4<\/p>\n<p>Tire: 2<\/p>\n<p>L&#39;Atletico Madrid gagne: 3<\/p>\n<p>D&#39;anciens ennemis dans les deux <strong class=\"autotag\">Ligue des champions et Ligue Europa, <strong class=\"autotag\">Liverpool et <strong class=\"autotag\">L&#39;Atletico Madrid a travers\u00e9 neuf fois dans un cadre comp\u00e9titif, et peu s\u00e9pare les deux puissances europ\u00e9ennes dans la colonne en t\u00eate-\u00e0-t\u00eate.<\/p>\n<p>Atleti a trois victoires tandis que les Reds en ont quatre. Bien que trois de ces triomphes pour Liverpool se soient produits depuis 2021.<\/p>\n<p><strong class=\"autotag\">Jurgen Klopp a organis\u00e9 une victoire 2-0 \u00e0 Anfield et un succ\u00e8s 3-2 au Wanda Metropolitano cette ann\u00e9e-l\u00e0, avant que les Reds ne progressent jusqu&#39;au match ma\u00eetresse avant d&#39;\u00eatre battu par la ville de l&#39;Atletico, le Real Madrid.<\/p>\n<p>La conqu\u00eate de l&#39;Atletico \u00e0 l&#39;automne de 2021 a vu Liverpool venger partiellement une sortie agonisante de la Ligue des champions du dernier 16 \u00e0 Los Rojiblancos la saison pr\u00e9c\u00e9dente, o\u00f9 une d\u00e9faite spectaculaire 3-2 \u00e0 Anfield &#8211; juste avant le premier verrouillage de Covid-19 &#8211; a mis fin \u00e0 sa d\u00e9fense du titre.<\/p>\n<p>Le dernier affrontement de Liverpool avec les g\u00e9ants espagnols est venu dans la phase de la ligue de la Ligue des champions 2025-26, les Merseysiders \u00e9mergeant comme vainqueurs 3-2 en septembre 2025.<\/p>\n<p>La victoire avait presque \u00e9chapp\u00e9 <strong class=\"autotag\">Les hommes d&#39;Arne Slot \u00e9tant donn\u00e9 qu&#39;ils avaient gaspill\u00e9 une avance de deux buts, mais <strong class=\"autotag\">Le vainqueur de la 92e minute de Virgil Van Dijk a assur\u00e9 la victoire du club \u00e0 Anfield.<\/p>\n<p>Les Reds n&#39;ont r\u00e9ussi \u00e0 l&#39;emporter lors de l&#39;une de leurs six premi\u00e8res rencontres avec l&#39;Atletico dans toutes les comp\u00e9titions, qui est survenue \u00e0 la deuxi\u00e8me \u00e9tape de leur demi-finale 2009-10 Europa League &#8211; une victoire 2-1 apr\u00e8s un temps suppl\u00e9mentaire.<\/p>\n<p>Cependant, en raison de <strong class=\"autotag\">Le but de la 102e minute de Diego Forlan et la victoire 1-0 de l&#39;Atletico dans la jambe \u00e0 domicile &#8211; gr\u00e2ce \u00e0 une autre gr\u00e8ve de l&#39;Uruguayan &#8211; l&#39;\u00e9quipe espagnole a atteint la finale sur les buts avant de devancer Fulham 2-1 en plus de temps pour remporter le troph\u00e9e.<\/p>\n<p>La campagne 2008-09 de la Ligue des champions a marqu\u00e9 les tout premi\u00e8res batailles comp\u00e9titives entre les Reds et les Rojiblancos, qui ont jou\u00e9 une paire de tirages 1-1 dans le groupe D.<\/p>\n<p><strong class=\"autotag\">Robbie Keane et Simao \u00e9taient sur la cible lors de la r\u00e9union inaugurale dans la capitale espagnole, avant que Maxi Rodriguez et Steven Gerrard &#8211; ce dernier ne fasse une p\u00e9nalit\u00e9 de dernier coup &#8211; frapp\u00e9 \u00e0 Anfield quelques semaines plus tard.<\/p>\n<h2>Neuf derni\u00e8res r\u00e9unions<\/h2>\n<p>17 sept. 2025: Liverpool 3-2 Atletico Madrid (Ligue des champions)<\/p>\n<p>03 novembre 2021: Liverpool 2-0 Atletico Madrid (Ligue des champions)<\/p>\n<p>19 octobre 2021: Atletico Madrid 2-3 Liverpool (Ligue des champions)<\/p>\n<p>11 mars 2020: Liverpool 2-3 Atletico Madrid (Ligue des champions)<\/p>\n<p>18 f\u00e9vrier 2020: Atletico Madrid 1-0 Liverpool (Ligue des champions)<\/p>\n<p>29 avril 2010: Liverpool 2-1 Atletico Madrid (Europa League)<\/p>\n<p>22 avril 2010: Atletico Madrid 1-0 Liverpool (Europa League)<\/p>\n<p>04 novembre 2008: Liverpool 1-1 Atletico Madrid (Ligue des champions)<\/p>\n<p>22 octobre 2008: Atletico Madrid 1-1 Liverpool (Ligue des champions)<\/p>\n<hr>\n<p><\/p>\n<h2 title=\"Read more on Liverpool vs. Arsenal\">En savoir plus sur Liverpool vs Atletico Madrid<\/h2>\n<hr>\n<div class=\"author_box\">\n<div class=\"author_box_banner\"> <\/div>\n<\/div>\n<\/div>\n","protected":false},"excerpt":{"rendered":"<p>Avant le conflit de la Ligue des champions de mercredi entre Liverpool et l&#39;Atletico Madrid, Sports Mole regarde les records en t\u00eate-\u00e0-t\u00eate et les r\u00e9unions<\/p>\n","protected":false},"author":1,"featured_media":28671,"comment_status":"closed","ping_status":"","sticky":false,"template":"","format":"standard","meta":{"footnotes":""},"categories":[4],"tags":[414,491,31,7805,12,30,53,303,254,61,1792,7872],"yoast_head":"<!-- This site is optimized with the Yoast SEO plugin v21.0 - https:\/\/yoast.com\/wordpress\/plugins\/seo\/ -->\n<title>Liverpool vs Atletico Madrid: record en t\u00eate-\u00e0-t\u00eate et r\u00e9unions pass\u00e9es avant le conflit de la Ligue des champions<\/title>\n<meta name=\"robots\" content=\"index, follow, max-snippet:-1, max-image-preview:large, max-video-preview:-1\" \/>\n<link rel=\"canonical\" href=\"https:\/\/footdavant.fr\/actualites\/liverpool-vs-atletico-madrid-record-en-tete-a-tete-et-reunions-passees-avant-le-conflit-de-la-ligue-des-champions\/\" \/>\n<meta property=\"og:locale\" content=\"fr_FR\" \/>\n<meta property=\"og:type\" content=\"article\" \/>\n<meta property=\"og:title\" content=\"Liverpool vs Atletico Madrid: record en t\u00eate-\u00e0-t\u00eate et r\u00e9unions pass\u00e9es avant le conflit de la Ligue des champions\" \/>\n<meta property=\"og:description\" content=\"Avant le conflit de la Ligue des champions de mercredi entre Liverpool et l&#039;Atletico Madrid, Sports Mole regarde les records en t\u00eate-\u00e0-t\u00eate et les r\u00e9unions\" \/>\n<meta property=\"og:url\" content=\"https:\/\/footdavant.fr\/actualites\/liverpool-vs-atletico-madrid-record-en-tete-a-tete-et-reunions-passees-avant-le-conflit-de-la-ligue-des-champions\/\" \/>\n<meta property=\"og:site_name\" content=\"Foot d&#039;avant\" \/>\n<meta property=\"article:publisher\" content=\"https:\/\/www.facebook.com\/Footdavant\/\" \/>\n<meta property=\"article:published_time\" content=\"2025-09-18T19:48:01+00:00\" \/>\n<meta property=\"og:image\" content=\"https:\/\/footdavant.fr\/actualites\/wp-content\/uploads\/2025\/09\/Liverpool-vs-Atletico-Madrid-record-en-tete-a-tete-et-reunions-passees.jpg\" \/>\n\t<meta property=\"og:image:width\" content=\"640\" \/>\n\t<meta property=\"og:image:height\" content=\"480\" \/>\n\t<meta property=\"og:image:type\" content=\"image\/jpeg\" \/>\n<meta name=\"author\" content=\"Cl\u00e9ment\" \/>\n<meta name=\"twitter:card\" content=\"summary_large_image\" \/>\n<meta name=\"twitter:creator\" content=\"@FootdavantFr\" \/>\n<meta name=\"twitter:site\" content=\"@FootdavantFr\" \/>\n<meta name=\"twitter:label1\" content=\"\u00c9crit par\" \/>\n\t<meta name=\"twitter:data1\" content=\"Cl\u00e9ment\" \/>\n\t<meta name=\"twitter:label2\" content=\"Dur\u00e9e de lecture estim\u00e9e\" \/>\n\t<meta name=\"twitter:data2\" content=\"3 minutes\" \/>\n<script type=\"application\/ld+json\" class=\"yoast-schema-graph\">{\"@context\":\"https:\/\/schema.org\",\"@graph\":[{\"@type\":\"Article\",\"@id\":\"https:\/\/footdavant.fr\/actualites\/liverpool-vs-atletico-madrid-record-en-tete-a-tete-et-reunions-passees-avant-le-conflit-de-la-ligue-des-champions\/#article\",\"isPartOf\":{\"@id\":\"https:\/\/footdavant.fr\/actualites\/liverpool-vs-atletico-madrid-record-en-tete-a-tete-et-reunions-passees-avant-le-conflit-de-la-ligue-des-champions\/\"},\"author\":{\"name\":\"Cl\u00e9ment\",\"@id\":\"https:\/\/footdavant.fr\/actualites\/#\/schema\/person\/bc222566d95871b37e597b3ed3ba5e1d\"},\"headline\":\"Liverpool vs Atletico Madrid: record en t\u00eate-\u00e0-t\u00eate et r\u00e9unions pass\u00e9es avant le conflit de la Ligue des champions\",\"datePublished\":\"2025-09-18T19:48:01+00:00\",\"dateModified\":\"2025-09-18T19:48:01+00:00\",\"mainEntityOfPage\":{\"@id\":\"https:\/\/footdavant.fr\/actualites\/liverpool-vs-atletico-madrid-record-en-tete-a-tete-et-reunions-passees-avant-le-conflit-de-la-ligue-des-champions\/\"},\"wordCount\":583,\"publisher\":{\"@id\":\"https:\/\/footdavant.fr\/actualites\/#organization\"},\"keywords\":[\"Atletico\",\"avant\",\"champions\",\"conflit\",\"des\",\"Ligue\",\"Liverpool\",\"Madrid\",\"pass\u00e9es\",\"record\",\"r\u00e9unions\",\"t\u00eate\u00e0t\u00eate\"],\"articleSection\":[\"Champions League\"],\"inLanguage\":\"fr-FR\"},{\"@type\":\"WebPage\",\"@id\":\"https:\/\/footdavant.fr\/actualites\/liverpool-vs-atletico-madrid-record-en-tete-a-tete-et-reunions-passees-avant-le-conflit-de-la-ligue-des-champions\/\",\"url\":\"https:\/\/footdavant.fr\/actualites\/liverpool-vs-atletico-madrid-record-en-tete-a-tete-et-reunions-passees-avant-le-conflit-de-la-ligue-des-champions\/\",\"name\":\"Liverpool vs Atletico Madrid: record en t\u00eate-\u00e0-t\u00eate et r\u00e9unions pass\u00e9es avant le conflit de la Ligue des champions\",\"isPartOf\":{\"@id\":\"https:\/\/footdavant.fr\/actualites\/#website\"},\"datePublished\":\"2025-09-18T19:48:01+00:00\",\"dateModified\":\"2025-09-18T19:48:01+00:00\",\"breadcrumb\":{\"@id\":\"https:\/\/footdavant.fr\/actualites\/liverpool-vs-atletico-madrid-record-en-tete-a-tete-et-reunions-passees-avant-le-conflit-de-la-ligue-des-champions\/#breadcrumb\"},\"inLanguage\":\"fr-FR\",\"potentialAction\":[{\"@type\":\"ReadAction\",\"target\":[\"https:\/\/footdavant.fr\/actualites\/liverpool-vs-atletico-madrid-record-en-tete-a-tete-et-reunions-passees-avant-le-conflit-de-la-ligue-des-champions\/\"]}]},{\"@type\":\"BreadcrumbList\",\"@id\":\"https:\/\/footdavant.fr\/actualites\/liverpool-vs-atletico-madrid-record-en-tete-a-tete-et-reunions-passees-avant-le-conflit-de-la-ligue-des-champions\/#breadcrumb\",\"itemListElement\":[{\"@type\":\"ListItem\",\"position\":1,\"name\":\"Accueil\",\"item\":\"https:\/\/footdavant.fr\/actualites\/\"},{\"@type\":\"ListItem\",\"position\":2,\"name\":\"Liverpool vs Atletico Madrid: record en t\u00eate-\u00e0-t\u00eate et r\u00e9unions pass\u00e9es avant le conflit de la Ligue des champions\"}]},{\"@type\":\"WebSite\",\"@id\":\"https:\/\/footdavant.fr\/actualites\/#website\",\"url\":\"https:\/\/footdavant.fr\/actualites\/\",\"name\":\"Foot d'avant\",\"description\":\"\",\"publisher\":{\"@id\":\"https:\/\/footdavant.fr\/actualites\/#organization\"},\"potentialAction\":[{\"@type\":\"SearchAction\",\"target\":{\"@type\":\"EntryPoint\",\"urlTemplate\":\"https:\/\/footdavant.fr\/actualites\/?s={search_term_string}\"},\"query-input\":\"required name=search_term_string\"}],\"inLanguage\":\"fr-FR\"},{\"@type\":\"Organization\",\"@id\":\"https:\/\/footdavant.fr\/actualites\/#organization\",\"name\":\"Foot d'avant\",\"url\":\"https:\/\/footdavant.fr\/actualites\/\",\"logo\":{\"@type\":\"ImageObject\",\"inLanguage\":\"fr-FR\",\"@id\":\"https:\/\/footdavant.fr\/actualites\/#\/schema\/logo\/image\/\",\"url\":\"https:\/\/footdavant.fr\/actualites\/wp-content\/uploads\/2023\/09\/Copy-of-FootDavant-Logo.png\",\"contentUrl\":\"https:\/\/footdavant.fr\/actualites\/wp-content\/uploads\/2023\/09\/Copy-of-FootDavant-Logo.png\",\"width\":936,\"height\":549,\"caption\":\"Foot d'avant\"},\"image\":{\"@id\":\"https:\/\/footdavant.fr\/actualites\/#\/schema\/logo\/image\/\"},\"sameAs\":[\"https:\/\/www.facebook.com\/Footdavant\/\",\"https:\/\/twitter.com\/FootdavantFr\",\"https:\/\/www.instagram.com\/footdavant.fr\/\"]},{\"@type\":\"Person\",\"@id\":\"https:\/\/footdavant.fr\/actualites\/#\/schema\/person\/bc222566d95871b37e597b3ed3ba5e1d\",\"name\":\"Cl\u00e9ment\",\"image\":{\"@type\":\"ImageObject\",\"inLanguage\":\"fr-FR\",\"@id\":\"https:\/\/footdavant.fr\/actualites\/#\/schema\/person\/image\/\",\"url\":\"https:\/\/secure.gravatar.com\/avatar\/7728b29aac2719421e1a9159b2254c44?s=96&d=mm&r=g\",\"contentUrl\":\"https:\/\/secure.gravatar.com\/avatar\/7728b29aac2719421e1a9159b2254c44?s=96&d=mm&r=g\",\"caption\":\"Cl\u00e9ment\"},\"sameAs\":[\"https:\/\/footdavant.fr\/\"]}]}<\/script>\n<!-- \/ Yoast SEO plugin. -->","yoast_head_json":{"title":"Liverpool vs Atletico Madrid: record en t\u00eate-\u00e0-t\u00eate et r\u00e9unions pass\u00e9es avant le conflit de la Ligue des champions","robots":{"index":"index","follow":"follow","max-snippet":"max-snippet:-1","max-image-preview":"max-image-preview:large","max-video-preview":"max-video-preview:-1"},"canonical":"https:\/\/footdavant.fr\/actualites\/liverpool-vs-atletico-madrid-record-en-tete-a-tete-et-reunions-passees-avant-le-conflit-de-la-ligue-des-champions\/","og_locale":"fr_FR","og_type":"article","og_title":"Liverpool vs Atletico Madrid: record en t\u00eate-\u00e0-t\u00eate et r\u00e9unions pass\u00e9es avant le conflit de la Ligue des champions","og_description":"Avant le conflit de la Ligue des champions de mercredi entre Liverpool et l&#39;Atletico Madrid, Sports Mole regarde les records en t\u00eate-\u00e0-t\u00eate et les r\u00e9unions","og_url":"https:\/\/footdavant.fr\/actualites\/liverpool-vs-atletico-madrid-record-en-tete-a-tete-et-reunions-passees-avant-le-conflit-de-la-ligue-des-champions\/","og_site_name":"Foot d&#039;avant","article_publisher":"https:\/\/www.facebook.com\/Footdavant\/","article_published_time":"2025-09-18T19:48:01+00:00","og_image":[{"width":640,"height":480,"url":"https:\/\/footdavant.fr\/actualites\/wp-content\/uploads\/2025\/09\/Liverpool-vs-Atletico-Madrid-record-en-tete-a-tete-et-reunions-passees.jpg","type":"image\/jpeg"}],"author":"Cl\u00e9ment","twitter_card":"summary_large_image","twitter_creator":"@FootdavantFr","twitter_site":"@FootdavantFr","twitter_misc":{"\u00c9crit par":"Cl\u00e9ment","Dur\u00e9e de lecture estim\u00e9e":"3 minutes"},"schema":{"@context":"https:\/\/schema.org","@graph":[{"@type":"Article","@id":"https:\/\/footdavant.fr\/actualites\/liverpool-vs-atletico-madrid-record-en-tete-a-tete-et-reunions-passees-avant-le-conflit-de-la-ligue-des-champions\/#article","isPartOf":{"@id":"https:\/\/footdavant.fr\/actualites\/liverpool-vs-atletico-madrid-record-en-tete-a-tete-et-reunions-passees-avant-le-conflit-de-la-ligue-des-champions\/"},"author":{"name":"Cl\u00e9ment","@id":"https:\/\/footdavant.fr\/actualites\/#\/schema\/person\/bc222566d95871b37e597b3ed3ba5e1d"},"headline":"Liverpool vs Atletico Madrid: record en t\u00eate-\u00e0-t\u00eate et r\u00e9unions pass\u00e9es avant le conflit de la Ligue des champions","datePublished":"2025-09-18T19:48:01+00:00","dateModified":"2025-09-18T19:48:01+00:00","mainEntityOfPage":{"@id":"https:\/\/footdavant.fr\/actualites\/liverpool-vs-atletico-madrid-record-en-tete-a-tete-et-reunions-passees-avant-le-conflit-de-la-ligue-des-champions\/"},"wordCount":583,"publisher":{"@id":"https:\/\/footdavant.fr\/actualites\/#organization"},"keywords":["Atletico","avant","champions","conflit","des","Ligue","Liverpool","Madrid","pass\u00e9es","record","r\u00e9unions","t\u00eate\u00e0t\u00eate"],"articleSection":["Champions League"],"inLanguage":"fr-FR"},{"@type":"WebPage","@id":"https:\/\/footdavant.fr\/actualites\/liverpool-vs-atletico-madrid-record-en-tete-a-tete-et-reunions-passees-avant-le-conflit-de-la-ligue-des-champions\/","url":"https:\/\/footdavant.fr\/actualites\/liverpool-vs-atletico-madrid-record-en-tete-a-tete-et-reunions-passees-avant-le-conflit-de-la-ligue-des-champions\/","name":"Liverpool vs Atletico Madrid: record en t\u00eate-\u00e0-t\u00eate et r\u00e9unions pass\u00e9es avant le conflit de la Ligue des champions","isPartOf":{"@id":"https:\/\/footdavant.fr\/actualites\/#website"},"datePublished":"2025-09-18T19:48:01+00:00","dateModified":"2025-09-18T19:48:01+00:00","breadcrumb":{"@id":"https:\/\/footdavant.fr\/actualites\/liverpool-vs-atletico-madrid-record-en-tete-a-tete-et-reunions-passees-avant-le-conflit-de-la-ligue-des-champions\/#breadcrumb"},"inLanguage":"fr-FR","potentialAction":[{"@type":"ReadAction","target":["https:\/\/footdavant.fr\/actualites\/liverpool-vs-atletico-madrid-record-en-tete-a-tete-et-reunions-passees-avant-le-conflit-de-la-ligue-des-champions\/"]}]},{"@type":"BreadcrumbList","@id":"https:\/\/footdavant.fr\/actualites\/liverpool-vs-atletico-madrid-record-en-tete-a-tete-et-reunions-passees-avant-le-conflit-de-la-ligue-des-champions\/#breadcrumb","itemListElement":[{"@type":"ListItem","position":1,"name":"Accueil","item":"https:\/\/footdavant.fr\/actualites\/"},{"@type":"ListItem","position":2,"name":"Liverpool vs Atletico Madrid: record en t\u00eate-\u00e0-t\u00eate et r\u00e9unions pass\u00e9es avant le conflit de la Ligue des champions"}]},{"@type":"WebSite","@id":"https:\/\/footdavant.fr\/actualites\/#website","url":"https:\/\/footdavant.fr\/actualites\/","name":"Foot d'avant","description":"","publisher":{"@id":"https:\/\/footdavant.fr\/actualites\/#organization"},"potentialAction":[{"@type":"SearchAction","target":{"@type":"EntryPoint","urlTemplate":"https:\/\/footdavant.fr\/actualites\/?s={search_term_string}"},"query-input":"required name=search_term_string"}],"inLanguage":"fr-FR"},{"@type":"Organization","@id":"https:\/\/footdavant.fr\/actualites\/#organization","name":"Foot d'avant","url":"https:\/\/footdavant.fr\/actualites\/","logo":{"@type":"ImageObject","inLanguage":"fr-FR","@id":"https:\/\/footdavant.fr\/actualites\/#\/schema\/logo\/image\/","url":"https:\/\/footdavant.fr\/actualites\/wp-content\/uploads\/2023\/09\/Copy-of-FootDavant-Logo.png","contentUrl":"https:\/\/footdavant.fr\/actualites\/wp-content\/uploads\/2023\/09\/Copy-of-FootDavant-Logo.png","width":936,"height":549,"caption":"Foot d'avant"},"image":{"@id":"https:\/\/footdavant.fr\/actualites\/#\/schema\/logo\/image\/"},"sameAs":["https:\/\/www.facebook.com\/Footdavant\/","https:\/\/twitter.com\/FootdavantFr","https:\/\/www.instagram.com\/footdavant.fr\/"]},{"@type":"Person","@id":"https:\/\/footdavant.fr\/actualites\/#\/schema\/person\/bc222566d95871b37e597b3ed3ba5e1d","name":"Cl\u00e9ment","image":{"@type":"ImageObject","inLanguage":"fr-FR","@id":"https:\/\/footdavant.fr\/actualites\/#\/schema\/person\/image\/","url":"https:\/\/secure.gravatar.com\/avatar\/7728b29aac2719421e1a9159b2254c44?s=96&d=mm&r=g","contentUrl":"https:\/\/secure.gravatar.com\/avatar\/7728b29aac2719421e1a9159b2254c44?s=96&d=mm&r=g","caption":"Cl\u00e9ment"},"sameAs":["https:\/\/footdavant.fr\/"]}]}},"_links":{"self":[{"href":"https:\/\/footdavant.fr\/actualites\/wp-json\/wp\/v2\/posts\/28670"}],"collection":[{"href":"https:\/\/footdavant.fr\/actualites\/wp-json\/wp\/v2\/posts"}],"about":[{"href":"https:\/\/footdavant.fr\/actualites\/wp-json\/wp\/v2\/types\/post"}],"author":[{"embeddable":true,"href":"https:\/\/footdavant.fr\/actualites\/wp-json\/wp\/v2\/users\/1"}],"replies":[{"embeddable":true,"href":"https:\/\/footdavant.fr\/actualites\/wp-json\/wp\/v2\/comments?post=28670"}],"version-history":[{"count":1,"href":"https:\/\/footdavant.fr\/actualites\/wp-json\/wp\/v2\/posts\/28670\/revisions"}],"predecessor-version":[{"id":28672,"href":"https:\/\/footdavant.fr\/actualites\/wp-json\/wp\/v2\/posts\/28670\/revisions\/28672"}],"wp:featuredmedia":[{"embeddable":true,"href":"https:\/\/footdavant.fr\/actualites\/wp-json\/wp\/v2\/media\/28671"}],"wp:attachment":[{"href":"https:\/\/footdavant.fr\/actualites\/wp-json\/wp\/v2\/media?parent=28670"}],"wp:term":[{"taxonomy":"category","embeddable":true,"href":"https:\/\/footdavant.fr\/actualites\/wp-json\/wp\/v2\/categories?post=28670"},{"taxonomy":"post_tag","embeddable":true,"href":"https:\/\/footdavant.fr\/actualites\/wp-json\/wp\/v2\/tags?post=28670"}],"curies":[{"name":"wp","href":"https:\/\/api.w.org\/{rel}","templated":true}]}}