{"id":28676,"date":"2025-09-19T00:48:13","date_gmt":"2025-09-18T22:48:13","guid":{"rendered":"https:\/\/footdavant.fr\/actualites\/simeone-labels-van-dijk-merveilleux-apres-le-chagrin-danalyse-anfield\/"},"modified":"2025-09-19T00:48:15","modified_gmt":"2025-09-18T22:48:15","slug":"simeone-labels-van-dijk-merveilleux-apres-le-chagrin-danalyse-anfield","status":"publish","type":"post","link":"https:\/\/footdavant.fr\/actualites\/simeone-labels-van-dijk-merveilleux-apres-le-chagrin-danalyse-anfield\/","title":{"rendered":"Simeone Labels Van Dijk \u00abMerveilleux\u00bb apr\u00e8s le chagrin d&#39;analyse Anfield"},"content":{"rendered":"<div id=\"article-body\">\n<!-- Article Start --><\/p>\n<p>L&#39;ouvreur de la Ligue des champions de Liverpool s&#39;est transform\u00e9 en une autre soir\u00e9e c\u00e9l\u00e8bre d&#39;Anfield alors que Virgil Van Dijk a scell\u00e9 la victoire avec une t\u00eate de temps d&#39;arr\u00eat imposante contre l&#39;Atletico Madrid.<\/p>\n<p>Le d\u00e9fenseur n\u00e9erlandais \u00e9tait non seulement d\u00e9cisif sur le tableau de bord, mais a \u00e9galement obtenu des \u00e9loges \u00e9logieux de Diego Simeone, qui a vu son c\u00f4t\u00e9 d\u00e9fait par l&#39;\u00e9clat de notre capitaine.<\/p>\n<h2>Simeone loue Virgil van Dijk apr\u00e8s une finition dramatique<\/h2>\n<figure class=\"wp-caption alignnone\"><picture><source type=\"image\/webp\" data- data-><\/source><\/picture><\/figure>\n<p>S&#39;exprimant lors de sa conf\u00e9rence de presse d&#39;apr\u00e8s-match, l&#39;entra\u00eeneur argentin a d\u00e9clar\u00e9: <\/p>\n<\/p>\n<p>Ce tardif instant a fait en sorte que nous ayons pris les trois points, malgr\u00e9 le fait que Marcos Llorente de l&#39;Atletico annule les buts ant\u00e9rieurs de Mohamed Salah et Andrew Robertson &#8211; bien qu&#39;un effort aurait d\u00fb \u00eatre exclu.<\/p>\n<p>Van Dijk \u00e9tait imp\u00e9rieux tout au long du concours, remportant six de ses sept duels a\u00e9riens, compl\u00e9tant 97% de ses passes et touchant le ballon 105 fois (via Sofascore).<\/p>\n<p>Il n&#39;a pas \u00e9t\u00e9 dribbl\u00e9 une fois, nous rappelant pourquoi il reste le fondement de la d\u00e9fense d&#39;Arne Slot.<\/p>\n<h2>L&#39;entra\u00eeneur de l&#39;Atletico met en \u00e9vidence la qualit\u00e9 de Van Dijk avant le match<\/h2>\n<figure class=\"wp-caption alignnone\"><picture><source type=\"image\/webp\" data- data-><img decoding=\"async\" loading=\"lazy\" width=\"1500\" height=\"1000\" src=\"https:\/\/footdavant.fr\/actualites\/wp-content\/uploads\/2025\/09\/1758235693_512_Simeone-Labels-Van-Dijk-Merveilleux-apres-le-chagrin-d39analyse-Anfield.jpg\" class=\"lazyload wp-image-278079 has-webp\" alt=\"Diego Simeone Coaching \u00e0 Anfield\"  data- style=\"aspect-ratio:1500\/1000;max-width:1500px\"><\/source><\/picture><\/figure>\n<p>Fait int\u00e9ressant, Simeone avait d\u00e9j\u00e0 salu\u00e9 notre n \u00b0 4 avant le coup d&#39;envoi, disant Liverpool lors de la discussion de notre style de jeu (via le football TBR).<\/p>\n<p>Cette pr\u00e9diction s&#39;est av\u00e9r\u00e9e, alors que l&#39;International n\u00e9erlandais a \u00e9galement achev\u00e9 trois de ses quatre tentatives de longues passes pour \u00e9tirer les visiteurs.<\/p>\n<p>Cette performance fait suite \u00e0 des commentaires r\u00e9cents de Jamie Carragher, qui a plac\u00e9 Van Dijk parmi les grands de tous les temps de Liverpool, soulignant son statut croissant dans notre histoire.<\/p>\n<p><!-- Article End -->\t\t\t\t<\/div>\n","protected":false},"excerpt":{"rendered":"<p>L&#39;ouvreur de la Ligue des champions de Liverpool s&#39;est transform\u00e9 en une autre soir\u00e9e c\u00e9l\u00e8bre d&#39;Anfield alors que Virgil Van Dijk a scell\u00e9 la victoire<\/p>\n","protected":false},"author":1,"featured_media":28677,"comment_status":"closed","ping_status":"","sticky":false,"template":"","format":"standard","meta":{"footnotes":""},"categories":[3],"tags":[1929,25,4665,10549,784,9024,3998,1063,783],"yoast_head":"<!-- This site is optimized with the Yoast SEO plugin v21.0 - https:\/\/yoast.com\/wordpress\/plugins\/seo\/ -->\n<title>Simeone Labels Van Dijk \u00abMerveilleux\u00bb apr\u00e8s le chagrin d&#039;analyse Anfield<\/title>\n<meta name=\"robots\" content=\"index, follow, max-snippet:-1, max-image-preview:large, max-video-preview:-1\" \/>\n<link rel=\"canonical\" href=\"https:\/\/footdavant.fr\/actualites\/simeone-labels-van-dijk-merveilleux-apres-le-chagrin-danalyse-anfield\/\" \/>\n<meta property=\"og:locale\" content=\"fr_FR\" \/>\n<meta property=\"og:type\" content=\"article\" \/>\n<meta property=\"og:title\" content=\"Simeone Labels Van Dijk \u00abMerveilleux\u00bb apr\u00e8s le chagrin d&#039;analyse Anfield\" \/>\n<meta property=\"og:description\" content=\"L&#039;ouvreur de la Ligue des champions de Liverpool s&#039;est transform\u00e9 en une autre soir\u00e9e c\u00e9l\u00e8bre d&#039;Anfield alors que Virgil Van Dijk a scell\u00e9 la victoire\" \/>\n<meta property=\"og:url\" content=\"https:\/\/footdavant.fr\/actualites\/simeone-labels-van-dijk-merveilleux-apres-le-chagrin-danalyse-anfield\/\" \/>\n<meta property=\"og:site_name\" content=\"Foot d&#039;avant\" \/>\n<meta property=\"article:publisher\" content=\"https:\/\/www.facebook.com\/Footdavant\/\" \/>\n<meta property=\"article:published_time\" content=\"2025-09-18T22:48:13+00:00\" \/>\n<meta property=\"article:modified_time\" content=\"2025-09-18T22:48:15+00:00\" \/>\n<meta property=\"og:image\" content=\"https:\/\/footdavant.fr\/actualites\/wp-content\/uploads\/2025\/09\/1758235694_Simeone-Labels-Van-Dijk-Merveilleux-apres-le-chagrin-d39analyse-Anfield.jpg\" \/>\n\t<meta property=\"og:image:width\" content=\"1200\" \/>\n\t<meta property=\"og:image:height\" content=\"675\" \/>\n\t<meta property=\"og:image:type\" content=\"image\/jpeg\" \/>\n<meta name=\"author\" content=\"Cl\u00e9ment\" \/>\n<meta name=\"twitter:card\" content=\"summary_large_image\" \/>\n<meta name=\"twitter:creator\" content=\"@FootdavantFr\" \/>\n<meta name=\"twitter:site\" content=\"@FootdavantFr\" \/>\n<meta name=\"twitter:label1\" content=\"\u00c9crit par\" \/>\n\t<meta name=\"twitter:data1\" content=\"Cl\u00e9ment\" \/>\n\t<meta name=\"twitter:label2\" content=\"Dur\u00e9e de lecture estim\u00e9e\" \/>\n\t<meta name=\"twitter:data2\" content=\"2 minutes\" \/>\n<script type=\"application\/ld+json\" class=\"yoast-schema-graph\">{\"@context\":\"https:\/\/schema.org\",\"@graph\":[{\"@type\":\"Article\",\"@id\":\"https:\/\/footdavant.fr\/actualites\/simeone-labels-van-dijk-merveilleux-apres-le-chagrin-danalyse-anfield\/#article\",\"isPartOf\":{\"@id\":\"https:\/\/footdavant.fr\/actualites\/simeone-labels-van-dijk-merveilleux-apres-le-chagrin-danalyse-anfield\/\"},\"author\":{\"name\":\"Cl\u00e9ment\",\"@id\":\"https:\/\/footdavant.fr\/actualites\/#\/schema\/person\/bc222566d95871b37e597b3ed3ba5e1d\"},\"headline\":\"Simeone Labels Van Dijk \u00abMerveilleux\u00bb apr\u00e8s le chagrin d&#39;analyse Anfield\",\"datePublished\":\"2025-09-18T22:48:13+00:00\",\"dateModified\":\"2025-09-18T22:48:15+00:00\",\"mainEntityOfPage\":{\"@id\":\"https:\/\/footdavant.fr\/actualites\/simeone-labels-van-dijk-merveilleux-apres-le-chagrin-danalyse-anfield\/\"},\"wordCount\":328,\"publisher\":{\"@id\":\"https:\/\/footdavant.fr\/actualites\/#organization\"},\"keywords\":[\"Anfield\",\"apr\u00e8s\",\"chagrin\",\"d39analyse\",\"Dijk\",\"Labels\",\"merveilleux\",\"Simeone\",\"van\"],\"articleSection\":[\"Football\"],\"inLanguage\":\"fr-FR\"},{\"@type\":\"WebPage\",\"@id\":\"https:\/\/footdavant.fr\/actualites\/simeone-labels-van-dijk-merveilleux-apres-le-chagrin-danalyse-anfield\/\",\"url\":\"https:\/\/footdavant.fr\/actualites\/simeone-labels-van-dijk-merveilleux-apres-le-chagrin-danalyse-anfield\/\",\"name\":\"Simeone Labels Van Dijk \u00abMerveilleux\u00bb apr\u00e8s le chagrin d&#39;analyse Anfield\",\"isPartOf\":{\"@id\":\"https:\/\/footdavant.fr\/actualites\/#website\"},\"datePublished\":\"2025-09-18T22:48:13+00:00\",\"dateModified\":\"2025-09-18T22:48:15+00:00\",\"breadcrumb\":{\"@id\":\"https:\/\/footdavant.fr\/actualites\/simeone-labels-van-dijk-merveilleux-apres-le-chagrin-danalyse-anfield\/#breadcrumb\"},\"inLanguage\":\"fr-FR\",\"potentialAction\":[{\"@type\":\"ReadAction\",\"target\":[\"https:\/\/footdavant.fr\/actualites\/simeone-labels-van-dijk-merveilleux-apres-le-chagrin-danalyse-anfield\/\"]}]},{\"@type\":\"BreadcrumbList\",\"@id\":\"https:\/\/footdavant.fr\/actualites\/simeone-labels-van-dijk-merveilleux-apres-le-chagrin-danalyse-anfield\/#breadcrumb\",\"itemListElement\":[{\"@type\":\"ListItem\",\"position\":1,\"name\":\"Accueil\",\"item\":\"https:\/\/footdavant.fr\/actualites\/\"},{\"@type\":\"ListItem\",\"position\":2,\"name\":\"Simeone Labels Van Dijk \u00abMerveilleux\u00bb apr\u00e8s le chagrin d&#39;analyse Anfield\"}]},{\"@type\":\"WebSite\",\"@id\":\"https:\/\/footdavant.fr\/actualites\/#website\",\"url\":\"https:\/\/footdavant.fr\/actualites\/\",\"name\":\"Foot d'avant\",\"description\":\"\",\"publisher\":{\"@id\":\"https:\/\/footdavant.fr\/actualites\/#organization\"},\"potentialAction\":[{\"@type\":\"SearchAction\",\"target\":{\"@type\":\"EntryPoint\",\"urlTemplate\":\"https:\/\/footdavant.fr\/actualites\/?s={search_term_string}\"},\"query-input\":\"required name=search_term_string\"}],\"inLanguage\":\"fr-FR\"},{\"@type\":\"Organization\",\"@id\":\"https:\/\/footdavant.fr\/actualites\/#organization\",\"name\":\"Foot d'avant\",\"url\":\"https:\/\/footdavant.fr\/actualites\/\",\"logo\":{\"@type\":\"ImageObject\",\"inLanguage\":\"fr-FR\",\"@id\":\"https:\/\/footdavant.fr\/actualites\/#\/schema\/logo\/image\/\",\"url\":\"https:\/\/footdavant.fr\/actualites\/wp-content\/uploads\/2023\/09\/Copy-of-FootDavant-Logo.png\",\"contentUrl\":\"https:\/\/footdavant.fr\/actualites\/wp-content\/uploads\/2023\/09\/Copy-of-FootDavant-Logo.png\",\"width\":936,\"height\":549,\"caption\":\"Foot d'avant\"},\"image\":{\"@id\":\"https:\/\/footdavant.fr\/actualites\/#\/schema\/logo\/image\/\"},\"sameAs\":[\"https:\/\/www.facebook.com\/Footdavant\/\",\"https:\/\/twitter.com\/FootdavantFr\",\"https:\/\/www.instagram.com\/footdavant.fr\/\"]},{\"@type\":\"Person\",\"@id\":\"https:\/\/footdavant.fr\/actualites\/#\/schema\/person\/bc222566d95871b37e597b3ed3ba5e1d\",\"name\":\"Cl\u00e9ment\",\"image\":{\"@type\":\"ImageObject\",\"inLanguage\":\"fr-FR\",\"@id\":\"https:\/\/footdavant.fr\/actualites\/#\/schema\/person\/image\/\",\"url\":\"https:\/\/secure.gravatar.com\/avatar\/7728b29aac2719421e1a9159b2254c44?s=96&d=mm&r=g\",\"contentUrl\":\"https:\/\/secure.gravatar.com\/avatar\/7728b29aac2719421e1a9159b2254c44?s=96&d=mm&r=g\",\"caption\":\"Cl\u00e9ment\"},\"sameAs\":[\"https:\/\/footdavant.fr\/\"]}]}<\/script>\n<!-- \/ Yoast SEO plugin. -->","yoast_head_json":{"title":"Simeone Labels Van Dijk \u00abMerveilleux\u00bb apr\u00e8s le chagrin d&#39;analyse Anfield","robots":{"index":"index","follow":"follow","max-snippet":"max-snippet:-1","max-image-preview":"max-image-preview:large","max-video-preview":"max-video-preview:-1"},"canonical":"https:\/\/footdavant.fr\/actualites\/simeone-labels-van-dijk-merveilleux-apres-le-chagrin-danalyse-anfield\/","og_locale":"fr_FR","og_type":"article","og_title":"Simeone Labels Van Dijk \u00abMerveilleux\u00bb apr\u00e8s le chagrin d&#39;analyse Anfield","og_description":"L&#39;ouvreur de la Ligue des champions de Liverpool s&#39;est transform\u00e9 en une autre soir\u00e9e c\u00e9l\u00e8bre d&#39;Anfield alors que Virgil Van Dijk a scell\u00e9 la victoire","og_url":"https:\/\/footdavant.fr\/actualites\/simeone-labels-van-dijk-merveilleux-apres-le-chagrin-danalyse-anfield\/","og_site_name":"Foot d&#039;avant","article_publisher":"https:\/\/www.facebook.com\/Footdavant\/","article_published_time":"2025-09-18T22:48:13+00:00","article_modified_time":"2025-09-18T22:48:15+00:00","og_image":[{"width":1200,"height":675,"url":"https:\/\/footdavant.fr\/actualites\/wp-content\/uploads\/2025\/09\/1758235694_Simeone-Labels-Van-Dijk-Merveilleux-apres-le-chagrin-d39analyse-Anfield.jpg","type":"image\/jpeg"}],"author":"Cl\u00e9ment","twitter_card":"summary_large_image","twitter_creator":"@FootdavantFr","twitter_site":"@FootdavantFr","twitter_misc":{"\u00c9crit par":"Cl\u00e9ment","Dur\u00e9e de lecture estim\u00e9e":"2 minutes"},"schema":{"@context":"https:\/\/schema.org","@graph":[{"@type":"Article","@id":"https:\/\/footdavant.fr\/actualites\/simeone-labels-van-dijk-merveilleux-apres-le-chagrin-danalyse-anfield\/#article","isPartOf":{"@id":"https:\/\/footdavant.fr\/actualites\/simeone-labels-van-dijk-merveilleux-apres-le-chagrin-danalyse-anfield\/"},"author":{"name":"Cl\u00e9ment","@id":"https:\/\/footdavant.fr\/actualites\/#\/schema\/person\/bc222566d95871b37e597b3ed3ba5e1d"},"headline":"Simeone Labels Van Dijk \u00abMerveilleux\u00bb apr\u00e8s le chagrin d&#39;analyse Anfield","datePublished":"2025-09-18T22:48:13+00:00","dateModified":"2025-09-18T22:48:15+00:00","mainEntityOfPage":{"@id":"https:\/\/footdavant.fr\/actualites\/simeone-labels-van-dijk-merveilleux-apres-le-chagrin-danalyse-anfield\/"},"wordCount":328,"publisher":{"@id":"https:\/\/footdavant.fr\/actualites\/#organization"},"keywords":["Anfield","apr\u00e8s","chagrin","d39analyse","Dijk","Labels","merveilleux","Simeone","van"],"articleSection":["Football"],"inLanguage":"fr-FR"},{"@type":"WebPage","@id":"https:\/\/footdavant.fr\/actualites\/simeone-labels-van-dijk-merveilleux-apres-le-chagrin-danalyse-anfield\/","url":"https:\/\/footdavant.fr\/actualites\/simeone-labels-van-dijk-merveilleux-apres-le-chagrin-danalyse-anfield\/","name":"Simeone Labels Van Dijk \u00abMerveilleux\u00bb apr\u00e8s le chagrin d&#39;analyse Anfield","isPartOf":{"@id":"https:\/\/footdavant.fr\/actualites\/#website"},"datePublished":"2025-09-18T22:48:13+00:00","dateModified":"2025-09-18T22:48:15+00:00","breadcrumb":{"@id":"https:\/\/footdavant.fr\/actualites\/simeone-labels-van-dijk-merveilleux-apres-le-chagrin-danalyse-anfield\/#breadcrumb"},"inLanguage":"fr-FR","potentialAction":[{"@type":"ReadAction","target":["https:\/\/footdavant.fr\/actualites\/simeone-labels-van-dijk-merveilleux-apres-le-chagrin-danalyse-anfield\/"]}]},{"@type":"BreadcrumbList","@id":"https:\/\/footdavant.fr\/actualites\/simeone-labels-van-dijk-merveilleux-apres-le-chagrin-danalyse-anfield\/#breadcrumb","itemListElement":[{"@type":"ListItem","position":1,"name":"Accueil","item":"https:\/\/footdavant.fr\/actualites\/"},{"@type":"ListItem","position":2,"name":"Simeone Labels Van Dijk \u00abMerveilleux\u00bb apr\u00e8s le chagrin d&#39;analyse Anfield"}]},{"@type":"WebSite","@id":"https:\/\/footdavant.fr\/actualites\/#website","url":"https:\/\/footdavant.fr\/actualites\/","name":"Foot d'avant","description":"","publisher":{"@id":"https:\/\/footdavant.fr\/actualites\/#organization"},"potentialAction":[{"@type":"SearchAction","target":{"@type":"EntryPoint","urlTemplate":"https:\/\/footdavant.fr\/actualites\/?s={search_term_string}"},"query-input":"required name=search_term_string"}],"inLanguage":"fr-FR"},{"@type":"Organization","@id":"https:\/\/footdavant.fr\/actualites\/#organization","name":"Foot d'avant","url":"https:\/\/footdavant.fr\/actualites\/","logo":{"@type":"ImageObject","inLanguage":"fr-FR","@id":"https:\/\/footdavant.fr\/actualites\/#\/schema\/logo\/image\/","url":"https:\/\/footdavant.fr\/actualites\/wp-content\/uploads\/2023\/09\/Copy-of-FootDavant-Logo.png","contentUrl":"https:\/\/footdavant.fr\/actualites\/wp-content\/uploads\/2023\/09\/Copy-of-FootDavant-Logo.png","width":936,"height":549,"caption":"Foot d'avant"},"image":{"@id":"https:\/\/footdavant.fr\/actualites\/#\/schema\/logo\/image\/"},"sameAs":["https:\/\/www.facebook.com\/Footdavant\/","https:\/\/twitter.com\/FootdavantFr","https:\/\/www.instagram.com\/footdavant.fr\/"]},{"@type":"Person","@id":"https:\/\/footdavant.fr\/actualites\/#\/schema\/person\/bc222566d95871b37e597b3ed3ba5e1d","name":"Cl\u00e9ment","image":{"@type":"ImageObject","inLanguage":"fr-FR","@id":"https:\/\/footdavant.fr\/actualites\/#\/schema\/person\/image\/","url":"https:\/\/secure.gravatar.com\/avatar\/7728b29aac2719421e1a9159b2254c44?s=96&d=mm&r=g","contentUrl":"https:\/\/secure.gravatar.com\/avatar\/7728b29aac2719421e1a9159b2254c44?s=96&d=mm&r=g","caption":"Cl\u00e9ment"},"sameAs":["https:\/\/footdavant.fr\/"]}]}},"_links":{"self":[{"href":"https:\/\/footdavant.fr\/actualites\/wp-json\/wp\/v2\/posts\/28676"}],"collection":[{"href":"https:\/\/footdavant.fr\/actualites\/wp-json\/wp\/v2\/posts"}],"about":[{"href":"https:\/\/footdavant.fr\/actualites\/wp-json\/wp\/v2\/types\/post"}],"author":[{"embeddable":true,"href":"https:\/\/footdavant.fr\/actualites\/wp-json\/wp\/v2\/users\/1"}],"replies":[{"embeddable":true,"href":"https:\/\/footdavant.fr\/actualites\/wp-json\/wp\/v2\/comments?post=28676"}],"version-history":[{"count":1,"href":"https:\/\/footdavant.fr\/actualites\/wp-json\/wp\/v2\/posts\/28676\/revisions"}],"predecessor-version":[{"id":28678,"href":"https:\/\/footdavant.fr\/actualites\/wp-json\/wp\/v2\/posts\/28676\/revisions\/28678"}],"wp:featuredmedia":[{"embeddable":true,"href":"https:\/\/footdavant.fr\/actualites\/wp-json\/wp\/v2\/media\/28677"}],"wp:attachment":[{"href":"https:\/\/footdavant.fr\/actualites\/wp-json\/wp\/v2\/media?parent=28676"}],"wp:term":[{"taxonomy":"category","embeddable":true,"href":"https:\/\/footdavant.fr\/actualites\/wp-json\/wp\/v2\/categories?post=28676"},{"taxonomy":"post_tag","embeddable":true,"href":"https:\/\/footdavant.fr\/actualites\/wp-json\/wp\/v2\/tags?post=28676"}],"curies":[{"name":"wp","href":"https:\/\/api.w.org\/{rel}","templated":true}]}}