{"id":2876,"date":"2023-12-22T11:54:13","date_gmt":"2023-12-22T10:54:13","guid":{"rendered":"https:\/\/footdavant.fr\/actualites\/la-seule-chose-cle-que-pochettino-doit-faire-contre-les-wolves\/"},"modified":"2023-12-22T11:54:18","modified_gmt":"2023-12-22T10:54:18","slug":"la-seule-chose-cle-que-pochettino-doit-faire-contre-les-wolves","status":"publish","type":"post","link":"https:\/\/footdavant.fr\/actualites\/la-seule-chose-cle-que-pochettino-doit-faire-contre-les-wolves\/","title":{"rendered":"La seule chose cl\u00e9 que Pochettino doit faire contre les Wolves \u2013"},"content":{"rendered":"<div id=\"mvp-content-main\">\n<p>Chelsea affrontera les Wolves dimanche apr\u00e8s-midi au coup d&rsquo;envoi de 13 heures, et c&rsquo;est un match qui est vraiment l\u00e0 pour \u00eatre attaqu\u00e9 d\u00e8s le d\u00e9part et pour que Chelsea soit sur le devant de la sc\u00e8ne.<\/p>\n<p>Nous avons absolument domin\u00e9 nos deux derniers matchs, avec 78 % de possession contre Newcastle et le m\u00eame pourcentage contre Sheffield United.<\/p>\n<p>Il est peu probable que les loups soient \u00e0 la hauteur de la possession de Chelsea, mais ils sont certainement une \u00e9quipe qui aime essayer d&rsquo;\u00eatre sur le ballon autant qu&rsquo;elle le peut, et cela pourrait ouvrir le jeu pour Chelsea.<\/p>\n<p>Lors de notre dernier match, nous avons tous vu \u00e0 quel point les arri\u00e8res lat\u00e9raux naturels ont fait une diff\u00e9rence dans notre performance et dans le r\u00e9sultat final.  Je crois pleinement que c&rsquo;est Malo Gusto qui a \u00e9t\u00e9 la cl\u00e9 de notre victoire mardi soir.<\/p>\n<p>Je comprends pourquoi Pochettino a opt\u00e9 pour des d\u00e9fenseurs centraux comme arri\u00e8res lat\u00e9raux.  Avec Levi Colwill, je pense simplement qu&rsquo;il s&rsquo;agit simplement de vouloir l&rsquo;avoir sur le terrain mais aussi de vouloir titulariser Thiago Silva et Benoit Badiashile, et aussi de favoriser fortement Axel Disasi.<\/p>\n<p>L\u2019autre raison est qu\u2019il veut de la hauteur partout sur le terrain ainsi que du physique.<\/p>\n<p>Ian Maatsen est tr\u00e8s petit et Malo Gusto n&rsquo;est pas le plus grand.  Gusto a \u00e9galement \u00e9t\u00e9 bless\u00e9.<\/p>\n<p>Mais cela dit, contre les Wolves, je crois pleinement que nous devrions leur apporter le jeu en utilisant des arri\u00e8res lat\u00e9raux naturels.  Je pense que notre attaque doit \u00eatre acharn\u00e9e.  Si vous regardez toutes les \u00e9quipes sup\u00e9rieures, elles utiliseront des arri\u00e8res lat\u00e9raux comme attaquants, et c&rsquo;est ce qui nous a manqu\u00e9 en utilisant des arri\u00e8res centraux l\u00e0-bas.<\/p>\n<p>Cela pr\u00e9sente bien s\u00fbr le risque d&rsquo;\u00eatre un peu plus ouvert \u00e0 la contre-attaque ou de perdre des chiffres depuis la ligne arri\u00e8re, mais c&rsquo;est pourquoi la configuration en 4-2-3-1 utilisant un double pivot pour couvrir les arri\u00e8res bombardant vers l&rsquo;avant, peut vraiment \u00eatre la r\u00e9ponse.<\/p>\n<p>Certains d&rsquo;entre vous ont sugg\u00e9r\u00e9 que nous utilisions des arri\u00e8res lat\u00e9raux et des arri\u00e8res \u00e0 trois pendant que nous sommes bless\u00e9s, et c&rsquo;est quelque chose auquel je ne suis pas non plus contre comme mesure temporaire.  Je peux vraiment voir les avantages de cela aussi.<\/p>\n<p>J&rsquo;adorerais voir \u00e7a contre les Wolves (je sais que nous ne le ferons pas)\u00a0:<\/p>\n<\/p>\n<p>Cela pourrait \u00e9galement fonctionner dans un 3-5-2 et en ajoutant un d\u00e9fenseur central suppl\u00e9mentaire.<\/p>\n<p>Je pense qu&rsquo;Armando Broja est BEAUCOUP meilleur que ce que nous avons vu lors des derniers matchs et m\u00eame lui l&rsquo;a admis.  Mais il apporte quand m\u00eame une r\u00e9tention de balle dans les zones avanc\u00e9es et aussi une pr\u00e9sence physique dans la surface.  C&rsquo;est un d\u00e9but incontournable pour moi.<\/p>\n<p>Nicolas Jackson, j&rsquo;ai toujours dit qu&rsquo;il serait bien meilleur en tant qu&rsquo;attaquant large ou deuxi\u00e8me, alors donnez-lui ce r\u00f4le et voyons ce qu&rsquo;il peut faire en venant un peu sur la gauche et en reliant Mykhailo Mudryk.  Cela lib\u00e9rerait \u00e9galement de l&rsquo;espace pour que Mudryk puisse op\u00e9rer et vraiment embrouiller l&rsquo;opposition (ils n&rsquo;auraient aucune id\u00e9e de qui marquer).<\/p>\n<p>Cole Palmer \u00e0 droite mais flottant \u00e0 l&rsquo;int\u00e9rieur.  Palmer et Mudryk devraient \u00e9galement \u00eatre disciplin\u00e9s et conscients sur le plan d\u00e9fensif, et offrir une couverture aux arri\u00e8res lat\u00e9raux.<\/p>\n<p>Les arri\u00e8res lat\u00e9raux qui se chevauchent et bombardent de haut en bas nous donnent plus de menace offensive, plus d&rsquo;options, des centres dans la surface pour DEUX attaquants et la possibilit\u00e9 de surcharger lorsque les Wolves passent \u00e0 un bloc bas.<\/p>\n<p>Conor Gallagher et Moises Caicedo seraient nos deux joueurs les plus importants dans cette configuration (Enzo Fernandez semble \u00eatre bless\u00e9) et devraient avant tout avoir l&rsquo;esprit d\u00e9fensif.  S\u2019ils ne sont pas disciplin\u00e9s et pr\u00eats \u00e0 couvrir les arri\u00e8res lat\u00e9raux, cela pourrait tr\u00e8s mal tourner.  Mais ils l\u2019ont tous les deux dans leur casier, sans aucun doute.  Deux meilleurs gagnants de balle et intercepteurs l\u00e0-dedans.<\/p>\n<p>Benoit Badiashile commence devant Levi Colwill juste pour sa taille, et je ne pense tout simplement pas que vous puissiez encore retirer Thiago Silva de cette \u00e9quipe car il continue d&rsquo;\u00eatre l&rsquo;un de nos joueurs les meilleurs et les plus constants, et son influence est n\u00e9cessaire.<\/p>\n<p>Raheem Sterling me d\u00e9fend parce qu&rsquo;il a \u00e9t\u00e9 pauvre et tr\u00e8s frustrant.  Plus t\u00f4t dans la saison, il \u00e9tait tr\u00e8s bon, et je donnerai toujours des accessoires quand ils le m\u00e9ritent, comme je l&rsquo;ai fait \u00e0 l&rsquo;\u00e9poque.  Mais ses r\u00e9centes performances ont vraiment besoin de le voir abandonn\u00e9 \u00e0 mon avis.<\/p>\n<p>Mudryk est un autre d\u00e9part incontournable alors que nous commen\u00e7ons \u00e0 voir un joueur beaucoup plus confiant, nous devons donc maintenir cet \u00e9lan pour lui.<\/p>\n<p>Je pense simplement que nous devons y aller du bon pied et avec confiance maintenant, c&rsquo;est vraiment la meilleure fa\u00e7on d&rsquo;aborder ce match.  Utilisez notre \u00e9lan, installez-vous de mani\u00e8re offensive et voyons ce que nous pouvons faire.  Si nous marquons un ou deux buts d\u00e8s le d\u00e9but, nous pouvons changer de formation et de personnel si n\u00e9cessaire.<\/p>\n<p>Je ne dis pas non plus que nous devrions nous installer ainsi \u00e0 chaque match, mais contre les Wolves, une \u00e9quipe qui vient de perdre 3-0 contre West Ham et qui est inf\u00e9rieure \u00e0 nous en championnat, nous devrions chercher \u00e0 leur apporter le match et \u00e0 \u00eatre d\u00e9vastateur en attaque.<\/p>\n<p>Je viens \u00e9galement de comprendre que mardi soir, c&rsquo;\u00e9tait la premi\u00e8re fois que Pochettino choisissait Maatsen, un arri\u00e8re gauche naturel qui a \u00e9t\u00e9 nomm\u00e9 joueur de la ligue la saison derni\u00e8re en tant qu&rsquo;arri\u00e8re gauche, arri\u00e8re gauche AT\u00a0!!  Ouah.<\/p>\n<div class=\"feature-box\">Si vous souhaitez figurer sur Talk Chelsea.<\/div>\n<p>\t\t\t\t\t\t\t\t\t<!--mvp-post-tags--><\/p><\/div>\n","protected":false},"excerpt":{"rendered":"<p>Chelsea affrontera les Wolves dimanche apr\u00e8s-midi au coup d&rsquo;envoi de 13 heures, et c&rsquo;est un match qui est vraiment l\u00e0 pour \u00eatre attaqu\u00e9 d\u00e8s le<\/p>\n","protected":false},"author":1,"featured_media":2877,"comment_status":"closed","ping_status":"","sticky":false,"template":"","format":"standard","meta":{"footnotes":""},"categories":[3],"tags":[1817,443,20,578,1423,93,47,2444,1454],"yoast_head":"<!-- This site is optimized with the Yoast SEO plugin v21.0 - https:\/\/yoast.com\/wordpress\/plugins\/seo\/ -->\n<title>La seule chose cl\u00e9 que Pochettino doit faire contre les Wolves \u2013<\/title>\n<meta name=\"robots\" content=\"index, follow, max-snippet:-1, max-image-preview:large, max-video-preview:-1\" \/>\n<link rel=\"canonical\" href=\"https:\/\/footdavant.fr\/actualites\/la-seule-chose-cle-que-pochettino-doit-faire-contre-les-wolves\/\" \/>\n<meta property=\"og:locale\" content=\"fr_FR\" \/>\n<meta property=\"og:type\" content=\"article\" \/>\n<meta property=\"og:title\" content=\"La seule chose cl\u00e9 que Pochettino doit faire contre les Wolves \u2013\" \/>\n<meta property=\"og:description\" content=\"Chelsea affrontera les Wolves dimanche apr\u00e8s-midi au coup d&rsquo;envoi de 13 heures, et c&rsquo;est un match qui est vraiment l\u00e0 pour \u00eatre attaqu\u00e9 d\u00e8s le\" \/>\n<meta property=\"og:url\" content=\"https:\/\/footdavant.fr\/actualites\/la-seule-chose-cle-que-pochettino-doit-faire-contre-les-wolves\/\" \/>\n<meta property=\"og:site_name\" content=\"Foot d&#039;avant\" \/>\n<meta property=\"article:publisher\" content=\"https:\/\/www.facebook.com\/Footdavant\/\" \/>\n<meta property=\"article:published_time\" content=\"2023-12-22T10:54:13+00:00\" \/>\n<meta property=\"article:modified_time\" content=\"2023-12-22T10:54:18+00:00\" \/>\n<meta property=\"og:image\" content=\"https:\/\/footdavant.fr\/actualites\/wp-content\/uploads\/2023\/12\/La-seule-chose-cle-que-Pochettino-doit-faire-contre-les.jpg\" \/>\n\t<meta property=\"og:image:width\" content=\"2251\" \/>\n\t<meta property=\"og:image:height\" content=\"1500\" \/>\n\t<meta property=\"og:image:type\" content=\"image\/jpeg\" \/>\n<meta name=\"author\" content=\"Cl\u00e9ment\" \/>\n<meta name=\"twitter:card\" content=\"summary_large_image\" \/>\n<meta name=\"twitter:creator\" content=\"@FootdavantFr\" \/>\n<meta name=\"twitter:site\" content=\"@FootdavantFr\" \/>\n<meta name=\"twitter:label1\" content=\"\u00c9crit par\" \/>\n\t<meta name=\"twitter:data1\" content=\"Cl\u00e9ment\" \/>\n\t<meta name=\"twitter:label2\" content=\"Dur\u00e9e de lecture estim\u00e9e\" \/>\n\t<meta name=\"twitter:data2\" content=\"5 minutes\" \/>\n<script type=\"application\/ld+json\" class=\"yoast-schema-graph\">{\"@context\":\"https:\/\/schema.org\",\"@graph\":[{\"@type\":\"Article\",\"@id\":\"https:\/\/footdavant.fr\/actualites\/la-seule-chose-cle-que-pochettino-doit-faire-contre-les-wolves\/#article\",\"isPartOf\":{\"@id\":\"https:\/\/footdavant.fr\/actualites\/la-seule-chose-cle-que-pochettino-doit-faire-contre-les-wolves\/\"},\"author\":{\"name\":\"Cl\u00e9ment\",\"@id\":\"https:\/\/footdavant.fr\/actualites\/#\/schema\/person\/bc222566d95871b37e597b3ed3ba5e1d\"},\"headline\":\"La seule chose cl\u00e9 que Pochettino doit faire contre les Wolves \u2013\",\"datePublished\":\"2023-12-22T10:54:13+00:00\",\"dateModified\":\"2023-12-22T10:54:18+00:00\",\"mainEntityOfPage\":{\"@id\":\"https:\/\/footdavant.fr\/actualites\/la-seule-chose-cle-que-pochettino-doit-faire-contre-les-wolves\/\"},\"wordCount\":1000,\"publisher\":{\"@id\":\"https:\/\/footdavant.fr\/actualites\/#organization\"},\"keywords\":[\"chose\",\"cl\u00e9..\",\"contre\",\"doit\",\"faire\",\"les\",\"Pochettino\",\"seule\",\"Wolves\"],\"articleSection\":[\"Football\"],\"inLanguage\":\"fr-FR\"},{\"@type\":\"WebPage\",\"@id\":\"https:\/\/footdavant.fr\/actualites\/la-seule-chose-cle-que-pochettino-doit-faire-contre-les-wolves\/\",\"url\":\"https:\/\/footdavant.fr\/actualites\/la-seule-chose-cle-que-pochettino-doit-faire-contre-les-wolves\/\",\"name\":\"La seule chose cl\u00e9 que Pochettino doit faire contre les Wolves \u2013\",\"isPartOf\":{\"@id\":\"https:\/\/footdavant.fr\/actualites\/#website\"},\"datePublished\":\"2023-12-22T10:54:13+00:00\",\"dateModified\":\"2023-12-22T10:54:18+00:00\",\"breadcrumb\":{\"@id\":\"https:\/\/footdavant.fr\/actualites\/la-seule-chose-cle-que-pochettino-doit-faire-contre-les-wolves\/#breadcrumb\"},\"inLanguage\":\"fr-FR\",\"potentialAction\":[{\"@type\":\"ReadAction\",\"target\":[\"https:\/\/footdavant.fr\/actualites\/la-seule-chose-cle-que-pochettino-doit-faire-contre-les-wolves\/\"]}]},{\"@type\":\"BreadcrumbList\",\"@id\":\"https:\/\/footdavant.fr\/actualites\/la-seule-chose-cle-que-pochettino-doit-faire-contre-les-wolves\/#breadcrumb\",\"itemListElement\":[{\"@type\":\"ListItem\",\"position\":1,\"name\":\"Accueil\",\"item\":\"https:\/\/footdavant.fr\/actualites\/\"},{\"@type\":\"ListItem\",\"position\":2,\"name\":\"La seule chose cl\u00e9 que Pochettino doit faire contre les Wolves \u2013\"}]},{\"@type\":\"WebSite\",\"@id\":\"https:\/\/footdavant.fr\/actualites\/#website\",\"url\":\"https:\/\/footdavant.fr\/actualites\/\",\"name\":\"Foot d'avant\",\"description\":\"\",\"publisher\":{\"@id\":\"https:\/\/footdavant.fr\/actualites\/#organization\"},\"potentialAction\":[{\"@type\":\"SearchAction\",\"target\":{\"@type\":\"EntryPoint\",\"urlTemplate\":\"https:\/\/footdavant.fr\/actualites\/?s={search_term_string}\"},\"query-input\":\"required name=search_term_string\"}],\"inLanguage\":\"fr-FR\"},{\"@type\":\"Organization\",\"@id\":\"https:\/\/footdavant.fr\/actualites\/#organization\",\"name\":\"Foot d'avant\",\"url\":\"https:\/\/footdavant.fr\/actualites\/\",\"logo\":{\"@type\":\"ImageObject\",\"inLanguage\":\"fr-FR\",\"@id\":\"https:\/\/footdavant.fr\/actualites\/#\/schema\/logo\/image\/\",\"url\":\"https:\/\/footdavant.fr\/actualites\/wp-content\/uploads\/2023\/09\/Copy-of-FootDavant-Logo.png\",\"contentUrl\":\"https:\/\/footdavant.fr\/actualites\/wp-content\/uploads\/2023\/09\/Copy-of-FootDavant-Logo.png\",\"width\":936,\"height\":549,\"caption\":\"Foot d'avant\"},\"image\":{\"@id\":\"https:\/\/footdavant.fr\/actualites\/#\/schema\/logo\/image\/\"},\"sameAs\":[\"https:\/\/www.facebook.com\/Footdavant\/\",\"https:\/\/twitter.com\/FootdavantFr\",\"https:\/\/www.instagram.com\/footdavant.fr\/\"]},{\"@type\":\"Person\",\"@id\":\"https:\/\/footdavant.fr\/actualites\/#\/schema\/person\/bc222566d95871b37e597b3ed3ba5e1d\",\"name\":\"Cl\u00e9ment\",\"image\":{\"@type\":\"ImageObject\",\"inLanguage\":\"fr-FR\",\"@id\":\"https:\/\/footdavant.fr\/actualites\/#\/schema\/person\/image\/\",\"url\":\"https:\/\/secure.gravatar.com\/avatar\/7728b29aac2719421e1a9159b2254c44?s=96&d=mm&r=g\",\"contentUrl\":\"https:\/\/secure.gravatar.com\/avatar\/7728b29aac2719421e1a9159b2254c44?s=96&d=mm&r=g\",\"caption\":\"Cl\u00e9ment\"},\"sameAs\":[\"https:\/\/footdavant.fr\/\"]}]}<\/script>\n<!-- \/ Yoast SEO plugin. -->","yoast_head_json":{"title":"La seule chose cl\u00e9 que Pochettino doit faire contre les Wolves \u2013","robots":{"index":"index","follow":"follow","max-snippet":"max-snippet:-1","max-image-preview":"max-image-preview:large","max-video-preview":"max-video-preview:-1"},"canonical":"https:\/\/footdavant.fr\/actualites\/la-seule-chose-cle-que-pochettino-doit-faire-contre-les-wolves\/","og_locale":"fr_FR","og_type":"article","og_title":"La seule chose cl\u00e9 que Pochettino doit faire contre les Wolves \u2013","og_description":"Chelsea affrontera les Wolves dimanche apr\u00e8s-midi au coup d&rsquo;envoi de 13 heures, et c&rsquo;est un match qui est vraiment l\u00e0 pour \u00eatre attaqu\u00e9 d\u00e8s le","og_url":"https:\/\/footdavant.fr\/actualites\/la-seule-chose-cle-que-pochettino-doit-faire-contre-les-wolves\/","og_site_name":"Foot d&#039;avant","article_publisher":"https:\/\/www.facebook.com\/Footdavant\/","article_published_time":"2023-12-22T10:54:13+00:00","article_modified_time":"2023-12-22T10:54:18+00:00","og_image":[{"width":2251,"height":1500,"url":"https:\/\/footdavant.fr\/actualites\/wp-content\/uploads\/2023\/12\/La-seule-chose-cle-que-Pochettino-doit-faire-contre-les.jpg","type":"image\/jpeg"}],"author":"Cl\u00e9ment","twitter_card":"summary_large_image","twitter_creator":"@FootdavantFr","twitter_site":"@FootdavantFr","twitter_misc":{"\u00c9crit par":"Cl\u00e9ment","Dur\u00e9e de lecture estim\u00e9e":"5 minutes"},"schema":{"@context":"https:\/\/schema.org","@graph":[{"@type":"Article","@id":"https:\/\/footdavant.fr\/actualites\/la-seule-chose-cle-que-pochettino-doit-faire-contre-les-wolves\/#article","isPartOf":{"@id":"https:\/\/footdavant.fr\/actualites\/la-seule-chose-cle-que-pochettino-doit-faire-contre-les-wolves\/"},"author":{"name":"Cl\u00e9ment","@id":"https:\/\/footdavant.fr\/actualites\/#\/schema\/person\/bc222566d95871b37e597b3ed3ba5e1d"},"headline":"La seule chose cl\u00e9 que Pochettino doit faire contre les Wolves \u2013","datePublished":"2023-12-22T10:54:13+00:00","dateModified":"2023-12-22T10:54:18+00:00","mainEntityOfPage":{"@id":"https:\/\/footdavant.fr\/actualites\/la-seule-chose-cle-que-pochettino-doit-faire-contre-les-wolves\/"},"wordCount":1000,"publisher":{"@id":"https:\/\/footdavant.fr\/actualites\/#organization"},"keywords":["chose","cl\u00e9..","contre","doit","faire","les","Pochettino","seule","Wolves"],"articleSection":["Football"],"inLanguage":"fr-FR"},{"@type":"WebPage","@id":"https:\/\/footdavant.fr\/actualites\/la-seule-chose-cle-que-pochettino-doit-faire-contre-les-wolves\/","url":"https:\/\/footdavant.fr\/actualites\/la-seule-chose-cle-que-pochettino-doit-faire-contre-les-wolves\/","name":"La seule chose cl\u00e9 que Pochettino doit faire contre les Wolves \u2013","isPartOf":{"@id":"https:\/\/footdavant.fr\/actualites\/#website"},"datePublished":"2023-12-22T10:54:13+00:00","dateModified":"2023-12-22T10:54:18+00:00","breadcrumb":{"@id":"https:\/\/footdavant.fr\/actualites\/la-seule-chose-cle-que-pochettino-doit-faire-contre-les-wolves\/#breadcrumb"},"inLanguage":"fr-FR","potentialAction":[{"@type":"ReadAction","target":["https:\/\/footdavant.fr\/actualites\/la-seule-chose-cle-que-pochettino-doit-faire-contre-les-wolves\/"]}]},{"@type":"BreadcrumbList","@id":"https:\/\/footdavant.fr\/actualites\/la-seule-chose-cle-que-pochettino-doit-faire-contre-les-wolves\/#breadcrumb","itemListElement":[{"@type":"ListItem","position":1,"name":"Accueil","item":"https:\/\/footdavant.fr\/actualites\/"},{"@type":"ListItem","position":2,"name":"La seule chose cl\u00e9 que Pochettino doit faire contre les Wolves \u2013"}]},{"@type":"WebSite","@id":"https:\/\/footdavant.fr\/actualites\/#website","url":"https:\/\/footdavant.fr\/actualites\/","name":"Foot d'avant","description":"","publisher":{"@id":"https:\/\/footdavant.fr\/actualites\/#organization"},"potentialAction":[{"@type":"SearchAction","target":{"@type":"EntryPoint","urlTemplate":"https:\/\/footdavant.fr\/actualites\/?s={search_term_string}"},"query-input":"required name=search_term_string"}],"inLanguage":"fr-FR"},{"@type":"Organization","@id":"https:\/\/footdavant.fr\/actualites\/#organization","name":"Foot d'avant","url":"https:\/\/footdavant.fr\/actualites\/","logo":{"@type":"ImageObject","inLanguage":"fr-FR","@id":"https:\/\/footdavant.fr\/actualites\/#\/schema\/logo\/image\/","url":"https:\/\/footdavant.fr\/actualites\/wp-content\/uploads\/2023\/09\/Copy-of-FootDavant-Logo.png","contentUrl":"https:\/\/footdavant.fr\/actualites\/wp-content\/uploads\/2023\/09\/Copy-of-FootDavant-Logo.png","width":936,"height":549,"caption":"Foot d'avant"},"image":{"@id":"https:\/\/footdavant.fr\/actualites\/#\/schema\/logo\/image\/"},"sameAs":["https:\/\/www.facebook.com\/Footdavant\/","https:\/\/twitter.com\/FootdavantFr","https:\/\/www.instagram.com\/footdavant.fr\/"]},{"@type":"Person","@id":"https:\/\/footdavant.fr\/actualites\/#\/schema\/person\/bc222566d95871b37e597b3ed3ba5e1d","name":"Cl\u00e9ment","image":{"@type":"ImageObject","inLanguage":"fr-FR","@id":"https:\/\/footdavant.fr\/actualites\/#\/schema\/person\/image\/","url":"https:\/\/secure.gravatar.com\/avatar\/7728b29aac2719421e1a9159b2254c44?s=96&d=mm&r=g","contentUrl":"https:\/\/secure.gravatar.com\/avatar\/7728b29aac2719421e1a9159b2254c44?s=96&d=mm&r=g","caption":"Cl\u00e9ment"},"sameAs":["https:\/\/footdavant.fr\/"]}]}},"_links":{"self":[{"href":"https:\/\/footdavant.fr\/actualites\/wp-json\/wp\/v2\/posts\/2876"}],"collection":[{"href":"https:\/\/footdavant.fr\/actualites\/wp-json\/wp\/v2\/posts"}],"about":[{"href":"https:\/\/footdavant.fr\/actualites\/wp-json\/wp\/v2\/types\/post"}],"author":[{"embeddable":true,"href":"https:\/\/footdavant.fr\/actualites\/wp-json\/wp\/v2\/users\/1"}],"replies":[{"embeddable":true,"href":"https:\/\/footdavant.fr\/actualites\/wp-json\/wp\/v2\/comments?post=2876"}],"version-history":[{"count":1,"href":"https:\/\/footdavant.fr\/actualites\/wp-json\/wp\/v2\/posts\/2876\/revisions"}],"predecessor-version":[{"id":2878,"href":"https:\/\/footdavant.fr\/actualites\/wp-json\/wp\/v2\/posts\/2876\/revisions\/2878"}],"wp:featuredmedia":[{"embeddable":true,"href":"https:\/\/footdavant.fr\/actualites\/wp-json\/wp\/v2\/media\/2877"}],"wp:attachment":[{"href":"https:\/\/footdavant.fr\/actualites\/wp-json\/wp\/v2\/media?parent=2876"}],"wp:term":[{"taxonomy":"category","embeddable":true,"href":"https:\/\/footdavant.fr\/actualites\/wp-json\/wp\/v2\/categories?post=2876"},{"taxonomy":"post_tag","embeddable":true,"href":"https:\/\/footdavant.fr\/actualites\/wp-json\/wp\/v2\/tags?post=2876"}],"curies":[{"name":"wp","href":"https:\/\/api.w.org\/{rel}","templated":true}]}}