{"id":28890,"date":"2025-09-23T06:48:54","date_gmt":"2025-09-23T04:48:54","guid":{"rendered":"https:\/\/footdavant.fr\/actualites\/wolves-a-predit-xi-contre-leeds-united-une-programmation-possible-pour-le-match-de-premier-league\/"},"modified":"2025-09-23T06:48:55","modified_gmt":"2025-09-23T04:48:55","slug":"wolves-a-predit-xi-contre-leeds-united-une-programmation-possible-pour-le-match-de-premier-league","status":"publish","type":"post","link":"https:\/\/footdavant.fr\/actualites\/wolves-a-predit-xi-contre-leeds-united-une-programmation-possible-pour-le-match-de-premier-league\/","title":{"rendered":"Wolves a pr\u00e9dit Xi contre Leeds United: une programmation possible pour le match de Premier League"},"content":{"rendered":"<p>Sports Mole examine comment Wolverhampton Wanderers pouvait s&#39;aligner pour l&#39;h\u00e9bergement de Leeds United, par samedi apr\u00e8s-midi, en Premier League.<\/p>\n<div id=\"article_body\" itemprop=\"articleBody\">\n<p><strong class=\"autotag\">Wolverhampton Wanderers devrait \u00eatre sans les services de <strong class=\"autotag\">Jorgen Strand Larsen pour l&#39;h\u00e9bergement de <strong class=\"autotag\">Leeds s&#39;est unis en Premier League ce week-end.<\/p>\n<p>Le imposant norv\u00e9gien a rat\u00e9 les deux derniers matchs de haut vol pour la tenue de country noir alors qu&#39;ils luttent au bas de la division.<\/p>\n<p>Boss des Wolves <strong class=\"autotag\">Vitor Pereira a confirm\u00e9 que Strand Larsen est un doute pour la visite de Leeds en raison de sa bataille continue avec un probl\u00e8me d&#39;Achille.<\/p>\n<p>En cons\u00e9quence, il pourrait y avoir un nouveau visage \u00e0 l&#39;extr\u00e9mit\u00e9 sup\u00e9rieure de la ligne avant des h\u00f4tes, avec arriv\u00e9e d&#39;\u00e9t\u00e9 <strong class=\"autotag\">Jhon Arias gagne potentiellement un d\u00e9part.<\/p>\n<p>Apr\u00e8s avoir \u00e9t\u00e9 remis sa premi\u00e8re place de d\u00e9part du mandat de Premier League, la derni\u00e8re fois, <strong class=\"autotag\">Ladislav Krejci pourrait abandonner le milieu de terrain pour faire de la place pour <strong class=\"autotag\">Jean-R\u00e9rial Bellegarde.<\/p>\n<p>Malgr\u00e9 la conc\u00e9d\u00e9 d&#39;un total all\u00e9chant neuf buts dans les quatre premiers concours de haut vol, <strong class=\"autotag\">Sam Johnstone continuera entre les b\u00e2tons.<\/p>\n<p>Les h\u00f4tes ne peuvent pas faire appel aux talents de <strong class=\"autotag\">Ki-Jana Hoever, qui a pris une blessure au genou deux matchs dans la campagne.<\/p>\n<p>Wolverhampton Wanderers Ligne de d\u00e9part possible: Johnstone; Agbadou, Mosquera, T Gomes; Bueno, Bellegarde, Andre, J Gomes, R Gomes; Hwang, Arias<\/p>\n<p>> Cliquez ici pour voir comment Leeds pourrait s&#39;aligner pour ce match<\/p>\n<div class=\"author_box\">\n<div class=\"author_box_banner\"> <\/div>\n<\/div>\n<\/div>\n","protected":false},"excerpt":{"rendered":"<p>Sports Mole examine comment Wolverhampton Wanderers pouvait s&#39;aligner pour l&#39;h\u00e9bergement de Leeds United, par samedi apr\u00e8s-midi, en Premier League. Wolverhampton Wanderers devrait \u00eatre sans les<\/p>\n","protected":false},"author":1,"featured_media":27834,"comment_status":"closed","ping_status":"","sticky":false,"template":"","format":"standard","meta":{"footnotes":""},"categories":[5],"tags":[20,202,121,257,51,3581,201,7982,92,13,1454],"yoast_head":"<!-- This site is optimized with the Yoast SEO plugin v21.0 - https:\/\/yoast.com\/wordpress\/plugins\/seo\/ -->\n<title>Wolves a pr\u00e9dit Xi contre Leeds United: une programmation possible pour le match de Premier League<\/title>\n<meta name=\"robots\" content=\"index, follow, max-snippet:-1, max-image-preview:large, max-video-preview:-1\" \/>\n<link rel=\"canonical\" href=\"https:\/\/footdavant.fr\/actualites\/wolves-a-predit-xi-contre-leeds-united-une-programmation-possible-pour-le-match-de-premier-league\/\" \/>\n<meta property=\"og:locale\" content=\"fr_FR\" \/>\n<meta property=\"og:type\" content=\"article\" \/>\n<meta property=\"og:title\" content=\"Wolves a pr\u00e9dit Xi contre Leeds United: une programmation possible pour le match de Premier League\" \/>\n<meta property=\"og:description\" content=\"Sports Mole examine comment Wolverhampton Wanderers pouvait s&#039;aligner pour l&#039;h\u00e9bergement de Leeds United, par samedi apr\u00e8s-midi, en Premier League. Wolverhampton Wanderers devrait \u00eatre sans les\" \/>\n<meta property=\"og:url\" content=\"https:\/\/footdavant.fr\/actualites\/wolves-a-predit-xi-contre-leeds-united-une-programmation-possible-pour-le-match-de-premier-league\/\" \/>\n<meta property=\"og:site_name\" content=\"Foot d&#039;avant\" \/>\n<meta property=\"article:publisher\" content=\"https:\/\/www.facebook.com\/Footdavant\/\" \/>\n<meta property=\"article:published_time\" content=\"2025-09-23T04:48:54+00:00\" \/>\n<meta property=\"article:modified_time\" content=\"2025-09-23T04:48:55+00:00\" \/>\n<meta property=\"og:image\" content=\"https:\/\/footdavant.fr\/actualites\/wp-content\/uploads\/2025\/08\/Newcastle-Transfer-News-Jorgen-Strand-Larsen-La-position-devient-claire.jpg\" \/>\n\t<meta property=\"og:image:width\" content=\"640\" \/>\n\t<meta property=\"og:image:height\" content=\"480\" \/>\n\t<meta property=\"og:image:type\" content=\"image\/jpeg\" \/>\n<meta name=\"author\" content=\"Cl\u00e9ment\" \/>\n<meta name=\"twitter:card\" content=\"summary_large_image\" \/>\n<meta name=\"twitter:creator\" content=\"@FootdavantFr\" \/>\n<meta name=\"twitter:site\" content=\"@FootdavantFr\" \/>\n<meta name=\"twitter:label1\" content=\"\u00c9crit par\" \/>\n\t<meta name=\"twitter:data1\" content=\"Cl\u00e9ment\" \/>\n\t<meta name=\"twitter:label2\" content=\"Dur\u00e9e de lecture estim\u00e9e\" \/>\n\t<meta name=\"twitter:data2\" content=\"1 minute\" \/>\n<script type=\"application\/ld+json\" class=\"yoast-schema-graph\">{\"@context\":\"https:\/\/schema.org\",\"@graph\":[{\"@type\":\"Article\",\"@id\":\"https:\/\/footdavant.fr\/actualites\/wolves-a-predit-xi-contre-leeds-united-une-programmation-possible-pour-le-match-de-premier-league\/#article\",\"isPartOf\":{\"@id\":\"https:\/\/footdavant.fr\/actualites\/wolves-a-predit-xi-contre-leeds-united-une-programmation-possible-pour-le-match-de-premier-league\/\"},\"author\":{\"name\":\"Cl\u00e9ment\",\"@id\":\"https:\/\/footdavant.fr\/actualites\/#\/schema\/person\/bc222566d95871b37e597b3ed3ba5e1d\"},\"headline\":\"Wolves a pr\u00e9dit Xi contre Leeds United: une programmation possible pour le match de Premier League\",\"datePublished\":\"2025-09-23T04:48:54+00:00\",\"dateModified\":\"2025-09-23T04:48:55+00:00\",\"mainEntityOfPage\":{\"@id\":\"https:\/\/footdavant.fr\/actualites\/wolves-a-predit-xi-contre-leeds-united-une-programmation-possible-pour-le-match-de-premier-league\/\"},\"wordCount\":279,\"publisher\":{\"@id\":\"https:\/\/footdavant.fr\/actualites\/#organization\"},\"keywords\":[\"contre\",\"League\",\"Leeds\",\"match\",\"pour\",\"pr\u00e9dit\",\"Premier\",\"programmation\",\"une\",\"United\",\"Wolves\"],\"articleSection\":[\"Premier League\"],\"inLanguage\":\"fr-FR\"},{\"@type\":\"WebPage\",\"@id\":\"https:\/\/footdavant.fr\/actualites\/wolves-a-predit-xi-contre-leeds-united-une-programmation-possible-pour-le-match-de-premier-league\/\",\"url\":\"https:\/\/footdavant.fr\/actualites\/wolves-a-predit-xi-contre-leeds-united-une-programmation-possible-pour-le-match-de-premier-league\/\",\"name\":\"Wolves a pr\u00e9dit Xi contre Leeds United: une programmation possible pour le match de Premier League\",\"isPartOf\":{\"@id\":\"https:\/\/footdavant.fr\/actualites\/#website\"},\"datePublished\":\"2025-09-23T04:48:54+00:00\",\"dateModified\":\"2025-09-23T04:48:55+00:00\",\"breadcrumb\":{\"@id\":\"https:\/\/footdavant.fr\/actualites\/wolves-a-predit-xi-contre-leeds-united-une-programmation-possible-pour-le-match-de-premier-league\/#breadcrumb\"},\"inLanguage\":\"fr-FR\",\"potentialAction\":[{\"@type\":\"ReadAction\",\"target\":[\"https:\/\/footdavant.fr\/actualites\/wolves-a-predit-xi-contre-leeds-united-une-programmation-possible-pour-le-match-de-premier-league\/\"]}]},{\"@type\":\"BreadcrumbList\",\"@id\":\"https:\/\/footdavant.fr\/actualites\/wolves-a-predit-xi-contre-leeds-united-une-programmation-possible-pour-le-match-de-premier-league\/#breadcrumb\",\"itemListElement\":[{\"@type\":\"ListItem\",\"position\":1,\"name\":\"Accueil\",\"item\":\"https:\/\/footdavant.fr\/actualites\/\"},{\"@type\":\"ListItem\",\"position\":2,\"name\":\"Wolves a pr\u00e9dit Xi contre Leeds United: une programmation possible pour le match de Premier League\"}]},{\"@type\":\"WebSite\",\"@id\":\"https:\/\/footdavant.fr\/actualites\/#website\",\"url\":\"https:\/\/footdavant.fr\/actualites\/\",\"name\":\"Foot d'avant\",\"description\":\"\",\"publisher\":{\"@id\":\"https:\/\/footdavant.fr\/actualites\/#organization\"},\"potentialAction\":[{\"@type\":\"SearchAction\",\"target\":{\"@type\":\"EntryPoint\",\"urlTemplate\":\"https:\/\/footdavant.fr\/actualites\/?s={search_term_string}\"},\"query-input\":\"required name=search_term_string\"}],\"inLanguage\":\"fr-FR\"},{\"@type\":\"Organization\",\"@id\":\"https:\/\/footdavant.fr\/actualites\/#organization\",\"name\":\"Foot d'avant\",\"url\":\"https:\/\/footdavant.fr\/actualites\/\",\"logo\":{\"@type\":\"ImageObject\",\"inLanguage\":\"fr-FR\",\"@id\":\"https:\/\/footdavant.fr\/actualites\/#\/schema\/logo\/image\/\",\"url\":\"https:\/\/footdavant.fr\/actualites\/wp-content\/uploads\/2023\/09\/Copy-of-FootDavant-Logo.png\",\"contentUrl\":\"https:\/\/footdavant.fr\/actualites\/wp-content\/uploads\/2023\/09\/Copy-of-FootDavant-Logo.png\",\"width\":936,\"height\":549,\"caption\":\"Foot d'avant\"},\"image\":{\"@id\":\"https:\/\/footdavant.fr\/actualites\/#\/schema\/logo\/image\/\"},\"sameAs\":[\"https:\/\/www.facebook.com\/Footdavant\/\",\"https:\/\/twitter.com\/FootdavantFr\",\"https:\/\/www.instagram.com\/footdavant.fr\/\"]},{\"@type\":\"Person\",\"@id\":\"https:\/\/footdavant.fr\/actualites\/#\/schema\/person\/bc222566d95871b37e597b3ed3ba5e1d\",\"name\":\"Cl\u00e9ment\",\"image\":{\"@type\":\"ImageObject\",\"inLanguage\":\"fr-FR\",\"@id\":\"https:\/\/footdavant.fr\/actualites\/#\/schema\/person\/image\/\",\"url\":\"https:\/\/secure.gravatar.com\/avatar\/7728b29aac2719421e1a9159b2254c44?s=96&d=mm&r=g\",\"contentUrl\":\"https:\/\/secure.gravatar.com\/avatar\/7728b29aac2719421e1a9159b2254c44?s=96&d=mm&r=g\",\"caption\":\"Cl\u00e9ment\"},\"sameAs\":[\"https:\/\/footdavant.fr\/\"]}]}<\/script>\n<!-- \/ Yoast SEO plugin. -->","yoast_head_json":{"title":"Wolves a pr\u00e9dit Xi contre Leeds United: une programmation possible pour le match de Premier League","robots":{"index":"index","follow":"follow","max-snippet":"max-snippet:-1","max-image-preview":"max-image-preview:large","max-video-preview":"max-video-preview:-1"},"canonical":"https:\/\/footdavant.fr\/actualites\/wolves-a-predit-xi-contre-leeds-united-une-programmation-possible-pour-le-match-de-premier-league\/","og_locale":"fr_FR","og_type":"article","og_title":"Wolves a pr\u00e9dit Xi contre Leeds United: une programmation possible pour le match de Premier League","og_description":"Sports Mole examine comment Wolverhampton Wanderers pouvait s&#39;aligner pour l&#39;h\u00e9bergement de Leeds United, par samedi apr\u00e8s-midi, en Premier League. Wolverhampton Wanderers devrait \u00eatre sans les","og_url":"https:\/\/footdavant.fr\/actualites\/wolves-a-predit-xi-contre-leeds-united-une-programmation-possible-pour-le-match-de-premier-league\/","og_site_name":"Foot d&#039;avant","article_publisher":"https:\/\/www.facebook.com\/Footdavant\/","article_published_time":"2025-09-23T04:48:54+00:00","article_modified_time":"2025-09-23T04:48:55+00:00","og_image":[{"width":640,"height":480,"url":"https:\/\/footdavant.fr\/actualites\/wp-content\/uploads\/2025\/08\/Newcastle-Transfer-News-Jorgen-Strand-Larsen-La-position-devient-claire.jpg","type":"image\/jpeg"}],"author":"Cl\u00e9ment","twitter_card":"summary_large_image","twitter_creator":"@FootdavantFr","twitter_site":"@FootdavantFr","twitter_misc":{"\u00c9crit par":"Cl\u00e9ment","Dur\u00e9e de lecture estim\u00e9e":"1 minute"},"schema":{"@context":"https:\/\/schema.org","@graph":[{"@type":"Article","@id":"https:\/\/footdavant.fr\/actualites\/wolves-a-predit-xi-contre-leeds-united-une-programmation-possible-pour-le-match-de-premier-league\/#article","isPartOf":{"@id":"https:\/\/footdavant.fr\/actualites\/wolves-a-predit-xi-contre-leeds-united-une-programmation-possible-pour-le-match-de-premier-league\/"},"author":{"name":"Cl\u00e9ment","@id":"https:\/\/footdavant.fr\/actualites\/#\/schema\/person\/bc222566d95871b37e597b3ed3ba5e1d"},"headline":"Wolves a pr\u00e9dit Xi contre Leeds United: une programmation possible pour le match de Premier League","datePublished":"2025-09-23T04:48:54+00:00","dateModified":"2025-09-23T04:48:55+00:00","mainEntityOfPage":{"@id":"https:\/\/footdavant.fr\/actualites\/wolves-a-predit-xi-contre-leeds-united-une-programmation-possible-pour-le-match-de-premier-league\/"},"wordCount":279,"publisher":{"@id":"https:\/\/footdavant.fr\/actualites\/#organization"},"keywords":["contre","League","Leeds","match","pour","pr\u00e9dit","Premier","programmation","une","United","Wolves"],"articleSection":["Premier League"],"inLanguage":"fr-FR"},{"@type":"WebPage","@id":"https:\/\/footdavant.fr\/actualites\/wolves-a-predit-xi-contre-leeds-united-une-programmation-possible-pour-le-match-de-premier-league\/","url":"https:\/\/footdavant.fr\/actualites\/wolves-a-predit-xi-contre-leeds-united-une-programmation-possible-pour-le-match-de-premier-league\/","name":"Wolves a pr\u00e9dit Xi contre Leeds United: une programmation possible pour le match de Premier League","isPartOf":{"@id":"https:\/\/footdavant.fr\/actualites\/#website"},"datePublished":"2025-09-23T04:48:54+00:00","dateModified":"2025-09-23T04:48:55+00:00","breadcrumb":{"@id":"https:\/\/footdavant.fr\/actualites\/wolves-a-predit-xi-contre-leeds-united-une-programmation-possible-pour-le-match-de-premier-league\/#breadcrumb"},"inLanguage":"fr-FR","potentialAction":[{"@type":"ReadAction","target":["https:\/\/footdavant.fr\/actualites\/wolves-a-predit-xi-contre-leeds-united-une-programmation-possible-pour-le-match-de-premier-league\/"]}]},{"@type":"BreadcrumbList","@id":"https:\/\/footdavant.fr\/actualites\/wolves-a-predit-xi-contre-leeds-united-une-programmation-possible-pour-le-match-de-premier-league\/#breadcrumb","itemListElement":[{"@type":"ListItem","position":1,"name":"Accueil","item":"https:\/\/footdavant.fr\/actualites\/"},{"@type":"ListItem","position":2,"name":"Wolves a pr\u00e9dit Xi contre Leeds United: une programmation possible pour le match de Premier League"}]},{"@type":"WebSite","@id":"https:\/\/footdavant.fr\/actualites\/#website","url":"https:\/\/footdavant.fr\/actualites\/","name":"Foot d'avant","description":"","publisher":{"@id":"https:\/\/footdavant.fr\/actualites\/#organization"},"potentialAction":[{"@type":"SearchAction","target":{"@type":"EntryPoint","urlTemplate":"https:\/\/footdavant.fr\/actualites\/?s={search_term_string}"},"query-input":"required name=search_term_string"}],"inLanguage":"fr-FR"},{"@type":"Organization","@id":"https:\/\/footdavant.fr\/actualites\/#organization","name":"Foot d'avant","url":"https:\/\/footdavant.fr\/actualites\/","logo":{"@type":"ImageObject","inLanguage":"fr-FR","@id":"https:\/\/footdavant.fr\/actualites\/#\/schema\/logo\/image\/","url":"https:\/\/footdavant.fr\/actualites\/wp-content\/uploads\/2023\/09\/Copy-of-FootDavant-Logo.png","contentUrl":"https:\/\/footdavant.fr\/actualites\/wp-content\/uploads\/2023\/09\/Copy-of-FootDavant-Logo.png","width":936,"height":549,"caption":"Foot d'avant"},"image":{"@id":"https:\/\/footdavant.fr\/actualites\/#\/schema\/logo\/image\/"},"sameAs":["https:\/\/www.facebook.com\/Footdavant\/","https:\/\/twitter.com\/FootdavantFr","https:\/\/www.instagram.com\/footdavant.fr\/"]},{"@type":"Person","@id":"https:\/\/footdavant.fr\/actualites\/#\/schema\/person\/bc222566d95871b37e597b3ed3ba5e1d","name":"Cl\u00e9ment","image":{"@type":"ImageObject","inLanguage":"fr-FR","@id":"https:\/\/footdavant.fr\/actualites\/#\/schema\/person\/image\/","url":"https:\/\/secure.gravatar.com\/avatar\/7728b29aac2719421e1a9159b2254c44?s=96&d=mm&r=g","contentUrl":"https:\/\/secure.gravatar.com\/avatar\/7728b29aac2719421e1a9159b2254c44?s=96&d=mm&r=g","caption":"Cl\u00e9ment"},"sameAs":["https:\/\/footdavant.fr\/"]}]}},"_links":{"self":[{"href":"https:\/\/footdavant.fr\/actualites\/wp-json\/wp\/v2\/posts\/28890"}],"collection":[{"href":"https:\/\/footdavant.fr\/actualites\/wp-json\/wp\/v2\/posts"}],"about":[{"href":"https:\/\/footdavant.fr\/actualites\/wp-json\/wp\/v2\/types\/post"}],"author":[{"embeddable":true,"href":"https:\/\/footdavant.fr\/actualites\/wp-json\/wp\/v2\/users\/1"}],"replies":[{"embeddable":true,"href":"https:\/\/footdavant.fr\/actualites\/wp-json\/wp\/v2\/comments?post=28890"}],"version-history":[{"count":1,"href":"https:\/\/footdavant.fr\/actualites\/wp-json\/wp\/v2\/posts\/28890\/revisions"}],"predecessor-version":[{"id":28891,"href":"https:\/\/footdavant.fr\/actualites\/wp-json\/wp\/v2\/posts\/28890\/revisions\/28891"}],"wp:featuredmedia":[{"embeddable":true,"href":"https:\/\/footdavant.fr\/actualites\/wp-json\/wp\/v2\/media\/27834"}],"wp:attachment":[{"href":"https:\/\/footdavant.fr\/actualites\/wp-json\/wp\/v2\/media?parent=28890"}],"wp:term":[{"taxonomy":"category","embeddable":true,"href":"https:\/\/footdavant.fr\/actualites\/wp-json\/wp\/v2\/categories?post=28890"},{"taxonomy":"post_tag","embeddable":true,"href":"https:\/\/footdavant.fr\/actualites\/wp-json\/wp\/v2\/tags?post=28890"}],"curies":[{"name":"wp","href":"https:\/\/api.w.org\/{rel}","templated":true}]}}