{"id":28895,"date":"2025-09-23T09:48:06","date_gmt":"2025-09-23T07:48:06","guid":{"rendered":"https:\/\/footdavant.fr\/actualites\/bayern-munich-vs-chelsea-estevao-willian-cherche-a-rejoindre-messi-les-grands-sud-de-louvreur-de-la-ligue-des-champions\/"},"modified":"2025-09-23T09:48:08","modified_gmt":"2025-09-23T07:48:08","slug":"bayern-munich-vs-chelsea-estevao-willian-cherche-a-rejoindre-messi-les-grands-sud-de-louvreur-de-la-ligue-des-champions","status":"publish","type":"post","link":"https:\/\/footdavant.fr\/actualites\/bayern-munich-vs-chelsea-estevao-willian-cherche-a-rejoindre-messi-les-grands-sud-de-louvreur-de-la-ligue-des-champions\/","title":{"rendered":"Bayern Munich vs. Chelsea: Estevao Willian cherche \u00e0 rejoindre Messi, les grands sud de l&#39;ouvreur de la Ligue des champions"},"content":{"rendered":"<p>L&#39;ailier de Chelsea, Estevao Willian, cherchera \u00e0 rejoindre Lionel Messi et d&#39;autres grands sud-am\u00e9ricains lorsque le Blues affrontera le Bayern Munich en Ligue des champions mercredi soir.<\/p>\n<div id=\"article_body\" itemprop=\"articleBody\">\n<h3 class=\"firstPara\"><\/h3>\n<p><strong class=\"autotag\">Ailier de Chelsea <strong class=\"autotag\">Estevao Willian cherchera \u00e0 rejoindre un certain nombre de grands sud-am\u00e9ricains lorsque le Blues affrontera le Bayern Munich.<\/p>\n<p>Les g\u00e9ants de la Premier League se rendent mercredi \u00e0 l&#39;Allianz Arena alors qu&#39;ils commencent leur premier <strong class=\"autotag\">Campagne de la Ligue des champions depuis 2022-23.<\/p>\n<p>Le Bayern est les favoris clairs \u00e0 pr\u00e9valoir dans l&#39;\u00e9preuve de force avec les champions du monde dans un jeu qui est l&#39;un des plus accrocheurs de la journ\u00e9e de match.<\/p>\n<p>Malgr\u00e9 le match nul 2-2 \u00e0 Brentford de samedi \u00e0 Brentford, Estevao a d\u00e9j\u00e0 \u00e9bloui en Premier League avec Chelsea, accumulant plus de temps de jeu que beaucoup ne l&#39;auraient envisag\u00e9.<\/p>\n<p>Bien que <strong class=\"autotag\">Cole Palmer est revenu d&#39;une blessure ce week-end, Estevao est en lice pour faire son retour \u00e0 la programmation de d\u00e9part o\u00f9 il esp\u00e8re gagner une petite tranche d&#39;histoire.<\/p>\n<p class=\"imgI\">\n<h2>Estevao a soumissionner pour rejoindre l&#39;\u00e9lite sud-am\u00e9ricaine en Ligue des champions<\/h2>\n<p>Seuls trois joueurs sud-am\u00e9ricains de l&#39;histoire de la Ligue des champions ont marqu\u00e9 des buts lorsqu&#39;ils sont plus jeunes que l&#39;\u00e2ge actuel d&#39;Estevao de 18 ans et 146 jours.<\/p>\n<p>Real Madrid <strong class=\"autotag\">Endrick avait 18 ans et 58 jours lors du filet de la saison derni\u00e8re, tandis que <strong class=\"autotag\">Lionel Messi \u00e9tait 18 ans et 131 jours lors de son premier but en Ligue des champions pour Barcelone en 2005.<\/p>\n<p>Entre ces noms, <strong class=\"autotag\">Roque Santa Cruz a marqu\u00e9 pour le Bayern Munich en 1999 \u00e0 18 ans et 71 jours.<\/p>\n<p>Quant aux plus jeunes buteurs de Chelsea, il y a d\u00e9j\u00e0 20 joueurs qui ont marqu\u00e9 leur premier but de Blues lorsqu&#39;ils sont plus jeunes qu&#39;Estevao.<\/p>\n<p>Cependant, Estevao a toute la phase de la ligue pour devenir le plus jeune buteur de Chelsea dans un match de la Ligue des champions.<\/p>\n<p class=\"imgI\">\n<h2>Estevao commencera-t-il contre le Bayern?<\/h2>\n<p>Au moins deux des quatre avant de Chelsea seront modifi\u00e9s pour ce luminaire avec <strong class=\"autotag\">Facundo Buonanotte et Jamie Gittens sont tr\u00e8s susceptibles d&#39;abandonner.<\/p>\n<p><strong class=\"autotag\">Joao Pedro est \u00e9galement aux prises avec un probl\u00e8me de fitness et peut \u00eatre remplac\u00e9, laissant Estevao en position privil\u00e9gi\u00e9e pour obtenir un rappel instantan\u00e9.<\/p>\n<p>Qui viendrait probablement sur le bon flanc avec <strong class=\"autotag\">Pedro Neto est commut\u00e9 vers la droite, tandis que <strong class=\"autotag\">Andrey Santos et Palmer sont \u00e9galement en lice pour commencer.<\/p>\n<div class=\"author_box\">\n<div class=\"author_box_banner\"> <\/div>\n<\/div>\n<\/div>\n","protected":false},"excerpt":{"rendered":"<p>L&#39;ailier de Chelsea, Estevao Willian, cherchera \u00e0 rejoindre Lionel Messi et d&#39;autres grands sud-am\u00e9ricains lorsque le Blues affrontera le Bayern Munich en Ligue des champions<\/p>\n","protected":false},"author":1,"featured_media":28896,"comment_status":"closed","ping_status":"","sticky":false,"template":"","format":"standard","meta":{"footnotes":""},"categories":[4],"tags":[340,31,171,1765,12,2966,2204,9171,93,30,451,341,309,1404,1664],"yoast_head":"<!-- This site is optimized with the Yoast SEO plugin v21.0 - https:\/\/yoast.com\/wordpress\/plugins\/seo\/ -->\n<title>Bayern Munich vs. Chelsea: Estevao Willian cherche \u00e0 rejoindre Messi, les grands sud de l&#039;ouvreur de la Ligue des champions<\/title>\n<meta name=\"robots\" content=\"index, follow, max-snippet:-1, max-image-preview:large, max-video-preview:-1\" \/>\n<link rel=\"canonical\" href=\"https:\/\/footdavant.fr\/actualites\/bayern-munich-vs-chelsea-estevao-willian-cherche-a-rejoindre-messi-les-grands-sud-de-louvreur-de-la-ligue-des-champions\/\" \/>\n<meta property=\"og:locale\" content=\"fr_FR\" \/>\n<meta property=\"og:type\" content=\"article\" \/>\n<meta property=\"og:title\" content=\"Bayern Munich vs. Chelsea: Estevao Willian cherche \u00e0 rejoindre Messi, les grands sud de l&#039;ouvreur de la Ligue des champions\" \/>\n<meta property=\"og:description\" content=\"L&#039;ailier de Chelsea, Estevao Willian, cherchera \u00e0 rejoindre Lionel Messi et d&#039;autres grands sud-am\u00e9ricains lorsque le Blues affrontera le Bayern Munich en Ligue des champions\" \/>\n<meta property=\"og:url\" content=\"https:\/\/footdavant.fr\/actualites\/bayern-munich-vs-chelsea-estevao-willian-cherche-a-rejoindre-messi-les-grands-sud-de-louvreur-de-la-ligue-des-champions\/\" \/>\n<meta property=\"og:site_name\" content=\"Foot d&#039;avant\" \/>\n<meta property=\"article:publisher\" content=\"https:\/\/www.facebook.com\/Footdavant\/\" \/>\n<meta property=\"article:published_time\" content=\"2025-09-23T07:48:06+00:00\" \/>\n<meta property=\"article:modified_time\" content=\"2025-09-23T07:48:08+00:00\" \/>\n<meta property=\"og:image\" content=\"https:\/\/footdavant.fr\/actualites\/wp-content\/uploads\/2025\/09\/Bayern-Munich-vs-Chelsea-Estevao-Willian-cherche-a-rejoindre-Messi.jpg\" \/>\n\t<meta property=\"og:image:width\" content=\"640\" \/>\n\t<meta property=\"og:image:height\" content=\"480\" \/>\n\t<meta property=\"og:image:type\" content=\"image\/jpeg\" \/>\n<meta name=\"author\" content=\"Cl\u00e9ment\" \/>\n<meta name=\"twitter:card\" content=\"summary_large_image\" \/>\n<meta name=\"twitter:creator\" content=\"@FootdavantFr\" \/>\n<meta name=\"twitter:site\" content=\"@FootdavantFr\" \/>\n<meta name=\"twitter:label1\" content=\"\u00c9crit par\" \/>\n\t<meta name=\"twitter:data1\" content=\"Cl\u00e9ment\" \/>\n\t<meta name=\"twitter:label2\" content=\"Dur\u00e9e de lecture estim\u00e9e\" \/>\n\t<meta name=\"twitter:data2\" content=\"2 minutes\" \/>\n<script type=\"application\/ld+json\" class=\"yoast-schema-graph\">{\"@context\":\"https:\/\/schema.org\",\"@graph\":[{\"@type\":\"Article\",\"@id\":\"https:\/\/footdavant.fr\/actualites\/bayern-munich-vs-chelsea-estevao-willian-cherche-a-rejoindre-messi-les-grands-sud-de-louvreur-de-la-ligue-des-champions\/#article\",\"isPartOf\":{\"@id\":\"https:\/\/footdavant.fr\/actualites\/bayern-munich-vs-chelsea-estevao-willian-cherche-a-rejoindre-messi-les-grands-sud-de-louvreur-de-la-ligue-des-champions\/\"},\"author\":{\"name\":\"Cl\u00e9ment\",\"@id\":\"https:\/\/footdavant.fr\/actualites\/#\/schema\/person\/bc222566d95871b37e597b3ed3ba5e1d\"},\"headline\":\"Bayern Munich vs. Chelsea: Estevao Willian cherche \u00e0 rejoindre Messi, les grands sud de l&#39;ouvreur de la Ligue des champions\",\"datePublished\":\"2025-09-23T07:48:06+00:00\",\"dateModified\":\"2025-09-23T07:48:08+00:00\",\"mainEntityOfPage\":{\"@id\":\"https:\/\/footdavant.fr\/actualites\/bayern-munich-vs-chelsea-estevao-willian-cherche-a-rejoindre-messi-les-grands-sud-de-louvreur-de-la-ligue-des-champions\/\"},\"wordCount\":431,\"publisher\":{\"@id\":\"https:\/\/footdavant.fr\/actualites\/#organization\"},\"keywords\":[\"Bayern\",\"champions\",\"Chelsea\",\"cherche\",\"des\",\"Estevao\",\"grands\",\"l39ouvreur\",\"les\",\"Ligue\",\"Messi\",\"Munich\",\"rejoindre\",\"Sud\",\"Willian\"],\"articleSection\":[\"Champions League\"],\"inLanguage\":\"fr-FR\"},{\"@type\":\"WebPage\",\"@id\":\"https:\/\/footdavant.fr\/actualites\/bayern-munich-vs-chelsea-estevao-willian-cherche-a-rejoindre-messi-les-grands-sud-de-louvreur-de-la-ligue-des-champions\/\",\"url\":\"https:\/\/footdavant.fr\/actualites\/bayern-munich-vs-chelsea-estevao-willian-cherche-a-rejoindre-messi-les-grands-sud-de-louvreur-de-la-ligue-des-champions\/\",\"name\":\"Bayern Munich vs. Chelsea: Estevao Willian cherche \u00e0 rejoindre Messi, les grands sud de l&#39;ouvreur de la Ligue des champions\",\"isPartOf\":{\"@id\":\"https:\/\/footdavant.fr\/actualites\/#website\"},\"datePublished\":\"2025-09-23T07:48:06+00:00\",\"dateModified\":\"2025-09-23T07:48:08+00:00\",\"breadcrumb\":{\"@id\":\"https:\/\/footdavant.fr\/actualites\/bayern-munich-vs-chelsea-estevao-willian-cherche-a-rejoindre-messi-les-grands-sud-de-louvreur-de-la-ligue-des-champions\/#breadcrumb\"},\"inLanguage\":\"fr-FR\",\"potentialAction\":[{\"@type\":\"ReadAction\",\"target\":[\"https:\/\/footdavant.fr\/actualites\/bayern-munich-vs-chelsea-estevao-willian-cherche-a-rejoindre-messi-les-grands-sud-de-louvreur-de-la-ligue-des-champions\/\"]}]},{\"@type\":\"BreadcrumbList\",\"@id\":\"https:\/\/footdavant.fr\/actualites\/bayern-munich-vs-chelsea-estevao-willian-cherche-a-rejoindre-messi-les-grands-sud-de-louvreur-de-la-ligue-des-champions\/#breadcrumb\",\"itemListElement\":[{\"@type\":\"ListItem\",\"position\":1,\"name\":\"Accueil\",\"item\":\"https:\/\/footdavant.fr\/actualites\/\"},{\"@type\":\"ListItem\",\"position\":2,\"name\":\"Bayern Munich vs. Chelsea: Estevao Willian cherche \u00e0 rejoindre Messi, les grands sud de l&#39;ouvreur de la Ligue des champions\"}]},{\"@type\":\"WebSite\",\"@id\":\"https:\/\/footdavant.fr\/actualites\/#website\",\"url\":\"https:\/\/footdavant.fr\/actualites\/\",\"name\":\"Foot d'avant\",\"description\":\"\",\"publisher\":{\"@id\":\"https:\/\/footdavant.fr\/actualites\/#organization\"},\"potentialAction\":[{\"@type\":\"SearchAction\",\"target\":{\"@type\":\"EntryPoint\",\"urlTemplate\":\"https:\/\/footdavant.fr\/actualites\/?s={search_term_string}\"},\"query-input\":\"required name=search_term_string\"}],\"inLanguage\":\"fr-FR\"},{\"@type\":\"Organization\",\"@id\":\"https:\/\/footdavant.fr\/actualites\/#organization\",\"name\":\"Foot d'avant\",\"url\":\"https:\/\/footdavant.fr\/actualites\/\",\"logo\":{\"@type\":\"ImageObject\",\"inLanguage\":\"fr-FR\",\"@id\":\"https:\/\/footdavant.fr\/actualites\/#\/schema\/logo\/image\/\",\"url\":\"https:\/\/footdavant.fr\/actualites\/wp-content\/uploads\/2023\/09\/Copy-of-FootDavant-Logo.png\",\"contentUrl\":\"https:\/\/footdavant.fr\/actualites\/wp-content\/uploads\/2023\/09\/Copy-of-FootDavant-Logo.png\",\"width\":936,\"height\":549,\"caption\":\"Foot d'avant\"},\"image\":{\"@id\":\"https:\/\/footdavant.fr\/actualites\/#\/schema\/logo\/image\/\"},\"sameAs\":[\"https:\/\/www.facebook.com\/Footdavant\/\",\"https:\/\/twitter.com\/FootdavantFr\",\"https:\/\/www.instagram.com\/footdavant.fr\/\"]},{\"@type\":\"Person\",\"@id\":\"https:\/\/footdavant.fr\/actualites\/#\/schema\/person\/bc222566d95871b37e597b3ed3ba5e1d\",\"name\":\"Cl\u00e9ment\",\"image\":{\"@type\":\"ImageObject\",\"inLanguage\":\"fr-FR\",\"@id\":\"https:\/\/footdavant.fr\/actualites\/#\/schema\/person\/image\/\",\"url\":\"https:\/\/secure.gravatar.com\/avatar\/7728b29aac2719421e1a9159b2254c44?s=96&d=mm&r=g\",\"contentUrl\":\"https:\/\/secure.gravatar.com\/avatar\/7728b29aac2719421e1a9159b2254c44?s=96&d=mm&r=g\",\"caption\":\"Cl\u00e9ment\"},\"sameAs\":[\"https:\/\/footdavant.fr\/\"]}]}<\/script>\n<!-- \/ Yoast SEO plugin. -->","yoast_head_json":{"title":"Bayern Munich vs. Chelsea: Estevao Willian cherche \u00e0 rejoindre Messi, les grands sud de l&#39;ouvreur de la Ligue des champions","robots":{"index":"index","follow":"follow","max-snippet":"max-snippet:-1","max-image-preview":"max-image-preview:large","max-video-preview":"max-video-preview:-1"},"canonical":"https:\/\/footdavant.fr\/actualites\/bayern-munich-vs-chelsea-estevao-willian-cherche-a-rejoindre-messi-les-grands-sud-de-louvreur-de-la-ligue-des-champions\/","og_locale":"fr_FR","og_type":"article","og_title":"Bayern Munich vs. Chelsea: Estevao Willian cherche \u00e0 rejoindre Messi, les grands sud de l&#39;ouvreur de la Ligue des champions","og_description":"L&#39;ailier de Chelsea, Estevao Willian, cherchera \u00e0 rejoindre Lionel Messi et d&#39;autres grands sud-am\u00e9ricains lorsque le Blues affrontera le Bayern Munich en Ligue des champions","og_url":"https:\/\/footdavant.fr\/actualites\/bayern-munich-vs-chelsea-estevao-willian-cherche-a-rejoindre-messi-les-grands-sud-de-louvreur-de-la-ligue-des-champions\/","og_site_name":"Foot d&#039;avant","article_publisher":"https:\/\/www.facebook.com\/Footdavant\/","article_published_time":"2025-09-23T07:48:06+00:00","article_modified_time":"2025-09-23T07:48:08+00:00","og_image":[{"width":640,"height":480,"url":"https:\/\/footdavant.fr\/actualites\/wp-content\/uploads\/2025\/09\/Bayern-Munich-vs-Chelsea-Estevao-Willian-cherche-a-rejoindre-Messi.jpg","type":"image\/jpeg"}],"author":"Cl\u00e9ment","twitter_card":"summary_large_image","twitter_creator":"@FootdavantFr","twitter_site":"@FootdavantFr","twitter_misc":{"\u00c9crit par":"Cl\u00e9ment","Dur\u00e9e de lecture estim\u00e9e":"2 minutes"},"schema":{"@context":"https:\/\/schema.org","@graph":[{"@type":"Article","@id":"https:\/\/footdavant.fr\/actualites\/bayern-munich-vs-chelsea-estevao-willian-cherche-a-rejoindre-messi-les-grands-sud-de-louvreur-de-la-ligue-des-champions\/#article","isPartOf":{"@id":"https:\/\/footdavant.fr\/actualites\/bayern-munich-vs-chelsea-estevao-willian-cherche-a-rejoindre-messi-les-grands-sud-de-louvreur-de-la-ligue-des-champions\/"},"author":{"name":"Cl\u00e9ment","@id":"https:\/\/footdavant.fr\/actualites\/#\/schema\/person\/bc222566d95871b37e597b3ed3ba5e1d"},"headline":"Bayern Munich vs. Chelsea: Estevao Willian cherche \u00e0 rejoindre Messi, les grands sud de l&#39;ouvreur de la Ligue des champions","datePublished":"2025-09-23T07:48:06+00:00","dateModified":"2025-09-23T07:48:08+00:00","mainEntityOfPage":{"@id":"https:\/\/footdavant.fr\/actualites\/bayern-munich-vs-chelsea-estevao-willian-cherche-a-rejoindre-messi-les-grands-sud-de-louvreur-de-la-ligue-des-champions\/"},"wordCount":431,"publisher":{"@id":"https:\/\/footdavant.fr\/actualites\/#organization"},"keywords":["Bayern","champions","Chelsea","cherche","des","Estevao","grands","l39ouvreur","les","Ligue","Messi","Munich","rejoindre","Sud","Willian"],"articleSection":["Champions League"],"inLanguage":"fr-FR"},{"@type":"WebPage","@id":"https:\/\/footdavant.fr\/actualites\/bayern-munich-vs-chelsea-estevao-willian-cherche-a-rejoindre-messi-les-grands-sud-de-louvreur-de-la-ligue-des-champions\/","url":"https:\/\/footdavant.fr\/actualites\/bayern-munich-vs-chelsea-estevao-willian-cherche-a-rejoindre-messi-les-grands-sud-de-louvreur-de-la-ligue-des-champions\/","name":"Bayern Munich vs. Chelsea: Estevao Willian cherche \u00e0 rejoindre Messi, les grands sud de l&#39;ouvreur de la Ligue des champions","isPartOf":{"@id":"https:\/\/footdavant.fr\/actualites\/#website"},"datePublished":"2025-09-23T07:48:06+00:00","dateModified":"2025-09-23T07:48:08+00:00","breadcrumb":{"@id":"https:\/\/footdavant.fr\/actualites\/bayern-munich-vs-chelsea-estevao-willian-cherche-a-rejoindre-messi-les-grands-sud-de-louvreur-de-la-ligue-des-champions\/#breadcrumb"},"inLanguage":"fr-FR","potentialAction":[{"@type":"ReadAction","target":["https:\/\/footdavant.fr\/actualites\/bayern-munich-vs-chelsea-estevao-willian-cherche-a-rejoindre-messi-les-grands-sud-de-louvreur-de-la-ligue-des-champions\/"]}]},{"@type":"BreadcrumbList","@id":"https:\/\/footdavant.fr\/actualites\/bayern-munich-vs-chelsea-estevao-willian-cherche-a-rejoindre-messi-les-grands-sud-de-louvreur-de-la-ligue-des-champions\/#breadcrumb","itemListElement":[{"@type":"ListItem","position":1,"name":"Accueil","item":"https:\/\/footdavant.fr\/actualites\/"},{"@type":"ListItem","position":2,"name":"Bayern Munich vs. Chelsea: Estevao Willian cherche \u00e0 rejoindre Messi, les grands sud de l&#39;ouvreur de la Ligue des champions"}]},{"@type":"WebSite","@id":"https:\/\/footdavant.fr\/actualites\/#website","url":"https:\/\/footdavant.fr\/actualites\/","name":"Foot d'avant","description":"","publisher":{"@id":"https:\/\/footdavant.fr\/actualites\/#organization"},"potentialAction":[{"@type":"SearchAction","target":{"@type":"EntryPoint","urlTemplate":"https:\/\/footdavant.fr\/actualites\/?s={search_term_string}"},"query-input":"required name=search_term_string"}],"inLanguage":"fr-FR"},{"@type":"Organization","@id":"https:\/\/footdavant.fr\/actualites\/#organization","name":"Foot d'avant","url":"https:\/\/footdavant.fr\/actualites\/","logo":{"@type":"ImageObject","inLanguage":"fr-FR","@id":"https:\/\/footdavant.fr\/actualites\/#\/schema\/logo\/image\/","url":"https:\/\/footdavant.fr\/actualites\/wp-content\/uploads\/2023\/09\/Copy-of-FootDavant-Logo.png","contentUrl":"https:\/\/footdavant.fr\/actualites\/wp-content\/uploads\/2023\/09\/Copy-of-FootDavant-Logo.png","width":936,"height":549,"caption":"Foot d'avant"},"image":{"@id":"https:\/\/footdavant.fr\/actualites\/#\/schema\/logo\/image\/"},"sameAs":["https:\/\/www.facebook.com\/Footdavant\/","https:\/\/twitter.com\/FootdavantFr","https:\/\/www.instagram.com\/footdavant.fr\/"]},{"@type":"Person","@id":"https:\/\/footdavant.fr\/actualites\/#\/schema\/person\/bc222566d95871b37e597b3ed3ba5e1d","name":"Cl\u00e9ment","image":{"@type":"ImageObject","inLanguage":"fr-FR","@id":"https:\/\/footdavant.fr\/actualites\/#\/schema\/person\/image\/","url":"https:\/\/secure.gravatar.com\/avatar\/7728b29aac2719421e1a9159b2254c44?s=96&d=mm&r=g","contentUrl":"https:\/\/secure.gravatar.com\/avatar\/7728b29aac2719421e1a9159b2254c44?s=96&d=mm&r=g","caption":"Cl\u00e9ment"},"sameAs":["https:\/\/footdavant.fr\/"]}]}},"_links":{"self":[{"href":"https:\/\/footdavant.fr\/actualites\/wp-json\/wp\/v2\/posts\/28895"}],"collection":[{"href":"https:\/\/footdavant.fr\/actualites\/wp-json\/wp\/v2\/posts"}],"about":[{"href":"https:\/\/footdavant.fr\/actualites\/wp-json\/wp\/v2\/types\/post"}],"author":[{"embeddable":true,"href":"https:\/\/footdavant.fr\/actualites\/wp-json\/wp\/v2\/users\/1"}],"replies":[{"embeddable":true,"href":"https:\/\/footdavant.fr\/actualites\/wp-json\/wp\/v2\/comments?post=28895"}],"version-history":[{"count":1,"href":"https:\/\/footdavant.fr\/actualites\/wp-json\/wp\/v2\/posts\/28895\/revisions"}],"predecessor-version":[{"id":28897,"href":"https:\/\/footdavant.fr\/actualites\/wp-json\/wp\/v2\/posts\/28895\/revisions\/28897"}],"wp:featuredmedia":[{"embeddable":true,"href":"https:\/\/footdavant.fr\/actualites\/wp-json\/wp\/v2\/media\/28896"}],"wp:attachment":[{"href":"https:\/\/footdavant.fr\/actualites\/wp-json\/wp\/v2\/media?parent=28895"}],"wp:term":[{"taxonomy":"category","embeddable":true,"href":"https:\/\/footdavant.fr\/actualites\/wp-json\/wp\/v2\/categories?post=28895"},{"taxonomy":"post_tag","embeddable":true,"href":"https:\/\/footdavant.fr\/actualites\/wp-json\/wp\/v2\/tags?post=28895"}],"curies":[{"name":"wp","href":"https:\/\/api.w.org\/{rel}","templated":true}]}}