{"id":28898,"date":"2025-09-23T10:48:04","date_gmt":"2025-09-23T08:48:04","guid":{"rendered":"https:\/\/footdavant.fr\/actualites\/burnley-a-predit-xi-vs-nottingham-forest-une-gamme-possible-pour-la-bataille-de-la-premier-league\/"},"modified":"2025-09-23T10:48:08","modified_gmt":"2025-09-23T08:48:08","slug":"burnley-a-predit-xi-vs-nottingham-forest-une-gamme-possible-pour-la-bataille-de-la-premier-league","status":"publish","type":"post","link":"https:\/\/footdavant.fr\/actualites\/burnley-a-predit-xi-vs-nottingham-forest-une-gamme-possible-pour-la-bataille-de-la-premier-league\/","title":{"rendered":"Burnley a pr\u00e9dit Xi vs Nottingham Forest: une gamme possible pour la bataille de la Premier League"},"content":{"rendered":"<p>Sports Mole examine comment Burnley pourrait s&#39;aligner pour son match en Premier League contre Nottingham Forest samedi apr\u00e8s-midi.<\/p>\n<div id=\"article_body\" itemprop=\"articleBody\">\n<p>Malgr\u00e9 les d\u00e9faites cons\u00e9cutives dans le temps de blessure, <strong class=\"autotag\">Scott Parker pourrait chercher \u00e0 nommer un c\u00f4t\u00e9 similaire quand <strong class=\"autotag\">H\u00f4te de Burnley <strong class=\"autotag\">Nottingham Forest \u00e0 Turf Moor en Premier League samedi. <\/p>\n<p>Les Clarets ont subi des d\u00e9faites cons\u00e9cutives en temps d&#39;arr\u00eat menant \u00e0 cet affrontement, les p\u00e9nalit\u00e9s de Bruno Fernandes et de Mohamed Salah remportant respectivement les victoires du dernier coup pour Manchester United et Liverpool.<\/p>\n<p>Alors que Burnley sera d\u00e9vast\u00e9 par ces pertes tardives, les hommes de Parker ont montr\u00e9 des signes d&#39;encouragement en poussant les c\u00f4t\u00e9s traditionnels des \u00abBig Six\u00bb jusqu&#39;aux derni\u00e8res secondes de leurs rencontres.<\/p>\n<p>En cons\u00e9quence, Burnley devrait nommer un c\u00f4t\u00e9 largement similaire lorsqu&#39;ils accueillent Nottingham Forest samedi, bien que le manager soit contraint \u00e0 au moins un changement. <\/p>\n<p>Lesley Ugochukwu est suspendue du match de samedi apr\u00e8s avoir re\u00e7u ses ordres de marche pour accumuler deux cartons jaunes dans la d\u00e9faite contre Liverpool, ce qui signifie <strong class=\"autotag\">Josh Laurent pourrait commencer \u00e0 aller plus loin vers le partenaire <strong class=\"autotag\">Josh Cullen au milieu de terrain. <\/p>\n<p>Parker a commenc\u00e9 un arri\u00e8re-cinq contre les champions le week-end dernier, mais devrait revenir \u00e0 son 4-2-3-1 habitu\u00e9 contre la for\u00eat de Nottingham, ce qui signifie <strong class=\"autotag\">Hannibal Mejbri pourrait revenir dans le c\u00f4t\u00e9 de d\u00e9part comme le plus avanc\u00e9 des trois milieux de terrain. <\/p>\n<p>Ailleurs, un c\u00f4t\u00e9 similaire est attendu, avec <strong class=\"autotag\">Kyle Walker, Hjalmar Ekdal, Maxime Esteve et <strong class=\"autotag\">Quilindschy Hartman pr\u00e9voyait de commencer avant Martin Dubravka dans le but.<\/p>\n<p>Jaidon Anthony et Lyle Foster sont susceptibles de conserver leur place en attaque, tandis que <strong class=\"autotag\">Loum Tchaouna &#8211; qui a commenc\u00e9 son premier match de Premier League contre Liverpool &#8211; pourrait \u00e9galement commencer en l&#39;absence continue de Jacob Bruun Larsen, qui reste un doute en raison d&#39;une blessure. <\/p>\n<p>Alors que le retour de Larsen est imminent, Burnley restera sans disponibilit\u00e9 <strong class=\"autotag\">Jordan Beyer, Connor Roberts et Zeki Amdouni dans un avenir pr\u00e9visible en raison de probl\u00e8mes de blessures.<\/p>\n<p>Burnley Possom Deart Linep: Dubravka; Walker, Ekdal, Esteve, Hartman; Cullen, Laurent; Tchaouna, Mejbri, Anthony; Favoriser<\/p>\n<p>> Cliquez ici pour voir comment Nottingham Forest pourrait se pr\u00e9senter pour ce match<\/p>\n<div class=\"author_box\">\n<div class=\"author_box_banner\"> <\/div>\n<\/div>\n<\/div>\n","protected":false},"excerpt":{"rendered":"<p>Sports Mole examine comment Burnley pourrait s&#39;aligner pour son match en Premier League contre Nottingham Forest samedi apr\u00e8s-midi. Malgr\u00e9 les d\u00e9faites cons\u00e9cutives dans le temps<\/p>\n","protected":false},"author":1,"featured_media":28899,"comment_status":"closed","ping_status":"","sticky":false,"template":"","format":"standard","meta":{"footnotes":""},"categories":[5],"tags":[2002,541,358,6863,202,357,51,3581,201,92],"yoast_head":"<!-- This site is optimized with the Yoast SEO plugin v21.0 - https:\/\/yoast.com\/wordpress\/plugins\/seo\/ -->\n<title>Burnley a pr\u00e9dit Xi vs Nottingham Forest: une gamme possible pour la bataille de la Premier League<\/title>\n<meta name=\"robots\" content=\"index, follow, max-snippet:-1, max-image-preview:large, max-video-preview:-1\" \/>\n<link rel=\"canonical\" href=\"https:\/\/footdavant.fr\/actualites\/burnley-a-predit-xi-vs-nottingham-forest-une-gamme-possible-pour-la-bataille-de-la-premier-league\/\" \/>\n<meta property=\"og:locale\" content=\"fr_FR\" \/>\n<meta property=\"og:type\" content=\"article\" \/>\n<meta property=\"og:title\" content=\"Burnley a pr\u00e9dit Xi vs Nottingham Forest: une gamme possible pour la bataille de la Premier League\" \/>\n<meta property=\"og:description\" content=\"Sports Mole examine comment Burnley pourrait s&#039;aligner pour son match en Premier League contre Nottingham Forest samedi apr\u00e8s-midi. Malgr\u00e9 les d\u00e9faites cons\u00e9cutives dans le temps\" \/>\n<meta property=\"og:url\" content=\"https:\/\/footdavant.fr\/actualites\/burnley-a-predit-xi-vs-nottingham-forest-une-gamme-possible-pour-la-bataille-de-la-premier-league\/\" \/>\n<meta property=\"og:site_name\" content=\"Foot d&#039;avant\" \/>\n<meta property=\"article:publisher\" content=\"https:\/\/www.facebook.com\/Footdavant\/\" \/>\n<meta property=\"article:published_time\" content=\"2025-09-23T08:48:04+00:00\" \/>\n<meta property=\"article:modified_time\" content=\"2025-09-23T08:48:08+00:00\" \/>\n<meta property=\"og:image\" content=\"https:\/\/footdavant.fr\/actualites\/wp-content\/uploads\/2025\/08\/Armando-Broja-sur-Verge-de-Chelsea-sortira-en-tant-que.jpg\" \/>\n\t<meta property=\"og:image:width\" content=\"640\" \/>\n\t<meta property=\"og:image:height\" content=\"480\" \/>\n\t<meta property=\"og:image:type\" content=\"image\/jpeg\" \/>\n<meta name=\"author\" content=\"Cl\u00e9ment\" \/>\n<meta name=\"twitter:card\" content=\"summary_large_image\" \/>\n<meta name=\"twitter:creator\" content=\"@FootdavantFr\" \/>\n<meta name=\"twitter:site\" content=\"@FootdavantFr\" \/>\n<meta name=\"twitter:label1\" content=\"\u00c9crit par\" \/>\n\t<meta name=\"twitter:data1\" content=\"Cl\u00e9ment\" \/>\n\t<meta name=\"twitter:label2\" content=\"Dur\u00e9e de lecture estim\u00e9e\" \/>\n\t<meta name=\"twitter:data2\" content=\"2 minutes\" \/>\n<script type=\"application\/ld+json\" class=\"yoast-schema-graph\">{\"@context\":\"https:\/\/schema.org\",\"@graph\":[{\"@type\":\"Article\",\"@id\":\"https:\/\/footdavant.fr\/actualites\/burnley-a-predit-xi-vs-nottingham-forest-une-gamme-possible-pour-la-bataille-de-la-premier-league\/#article\",\"isPartOf\":{\"@id\":\"https:\/\/footdavant.fr\/actualites\/burnley-a-predit-xi-vs-nottingham-forest-une-gamme-possible-pour-la-bataille-de-la-premier-league\/\"},\"author\":{\"name\":\"Cl\u00e9ment\",\"@id\":\"https:\/\/footdavant.fr\/actualites\/#\/schema\/person\/bc222566d95871b37e597b3ed3ba5e1d\"},\"headline\":\"Burnley a pr\u00e9dit Xi vs Nottingham Forest: une gamme possible pour la bataille de la Premier League\",\"datePublished\":\"2025-09-23T08:48:04+00:00\",\"dateModified\":\"2025-09-23T08:48:08+00:00\",\"mainEntityOfPage\":{\"@id\":\"https:\/\/footdavant.fr\/actualites\/burnley-a-predit-xi-vs-nottingham-forest-une-gamme-possible-pour-la-bataille-de-la-premier-league\/\"},\"wordCount\":409,\"publisher\":{\"@id\":\"https:\/\/footdavant.fr\/actualites\/#organization\"},\"keywords\":[\"bataille\",\"Burnley\",\"Forest\",\"gamme\",\"League\",\"Nottingham\",\"pour\",\"pr\u00e9dit\",\"Premier\",\"une\"],\"articleSection\":[\"Premier League\"],\"inLanguage\":\"fr-FR\"},{\"@type\":\"WebPage\",\"@id\":\"https:\/\/footdavant.fr\/actualites\/burnley-a-predit-xi-vs-nottingham-forest-une-gamme-possible-pour-la-bataille-de-la-premier-league\/\",\"url\":\"https:\/\/footdavant.fr\/actualites\/burnley-a-predit-xi-vs-nottingham-forest-une-gamme-possible-pour-la-bataille-de-la-premier-league\/\",\"name\":\"Burnley a pr\u00e9dit Xi vs Nottingham Forest: une gamme possible pour la bataille de la Premier League\",\"isPartOf\":{\"@id\":\"https:\/\/footdavant.fr\/actualites\/#website\"},\"datePublished\":\"2025-09-23T08:48:04+00:00\",\"dateModified\":\"2025-09-23T08:48:08+00:00\",\"breadcrumb\":{\"@id\":\"https:\/\/footdavant.fr\/actualites\/burnley-a-predit-xi-vs-nottingham-forest-une-gamme-possible-pour-la-bataille-de-la-premier-league\/#breadcrumb\"},\"inLanguage\":\"fr-FR\",\"potentialAction\":[{\"@type\":\"ReadAction\",\"target\":[\"https:\/\/footdavant.fr\/actualites\/burnley-a-predit-xi-vs-nottingham-forest-une-gamme-possible-pour-la-bataille-de-la-premier-league\/\"]}]},{\"@type\":\"BreadcrumbList\",\"@id\":\"https:\/\/footdavant.fr\/actualites\/burnley-a-predit-xi-vs-nottingham-forest-une-gamme-possible-pour-la-bataille-de-la-premier-league\/#breadcrumb\",\"itemListElement\":[{\"@type\":\"ListItem\",\"position\":1,\"name\":\"Accueil\",\"item\":\"https:\/\/footdavant.fr\/actualites\/\"},{\"@type\":\"ListItem\",\"position\":2,\"name\":\"Burnley a pr\u00e9dit Xi vs Nottingham Forest: une gamme possible pour la bataille de la Premier League\"}]},{\"@type\":\"WebSite\",\"@id\":\"https:\/\/footdavant.fr\/actualites\/#website\",\"url\":\"https:\/\/footdavant.fr\/actualites\/\",\"name\":\"Foot d'avant\",\"description\":\"\",\"publisher\":{\"@id\":\"https:\/\/footdavant.fr\/actualites\/#organization\"},\"potentialAction\":[{\"@type\":\"SearchAction\",\"target\":{\"@type\":\"EntryPoint\",\"urlTemplate\":\"https:\/\/footdavant.fr\/actualites\/?s={search_term_string}\"},\"query-input\":\"required name=search_term_string\"}],\"inLanguage\":\"fr-FR\"},{\"@type\":\"Organization\",\"@id\":\"https:\/\/footdavant.fr\/actualites\/#organization\",\"name\":\"Foot d'avant\",\"url\":\"https:\/\/footdavant.fr\/actualites\/\",\"logo\":{\"@type\":\"ImageObject\",\"inLanguage\":\"fr-FR\",\"@id\":\"https:\/\/footdavant.fr\/actualites\/#\/schema\/logo\/image\/\",\"url\":\"https:\/\/footdavant.fr\/actualites\/wp-content\/uploads\/2023\/09\/Copy-of-FootDavant-Logo.png\",\"contentUrl\":\"https:\/\/footdavant.fr\/actualites\/wp-content\/uploads\/2023\/09\/Copy-of-FootDavant-Logo.png\",\"width\":936,\"height\":549,\"caption\":\"Foot d'avant\"},\"image\":{\"@id\":\"https:\/\/footdavant.fr\/actualites\/#\/schema\/logo\/image\/\"},\"sameAs\":[\"https:\/\/www.facebook.com\/Footdavant\/\",\"https:\/\/twitter.com\/FootdavantFr\",\"https:\/\/www.instagram.com\/footdavant.fr\/\"]},{\"@type\":\"Person\",\"@id\":\"https:\/\/footdavant.fr\/actualites\/#\/schema\/person\/bc222566d95871b37e597b3ed3ba5e1d\",\"name\":\"Cl\u00e9ment\",\"image\":{\"@type\":\"ImageObject\",\"inLanguage\":\"fr-FR\",\"@id\":\"https:\/\/footdavant.fr\/actualites\/#\/schema\/person\/image\/\",\"url\":\"https:\/\/secure.gravatar.com\/avatar\/7728b29aac2719421e1a9159b2254c44?s=96&d=mm&r=g\",\"contentUrl\":\"https:\/\/secure.gravatar.com\/avatar\/7728b29aac2719421e1a9159b2254c44?s=96&d=mm&r=g\",\"caption\":\"Cl\u00e9ment\"},\"sameAs\":[\"https:\/\/footdavant.fr\/\"]}]}<\/script>\n<!-- \/ Yoast SEO plugin. -->","yoast_head_json":{"title":"Burnley a pr\u00e9dit Xi vs Nottingham Forest: une gamme possible pour la bataille de la Premier League","robots":{"index":"index","follow":"follow","max-snippet":"max-snippet:-1","max-image-preview":"max-image-preview:large","max-video-preview":"max-video-preview:-1"},"canonical":"https:\/\/footdavant.fr\/actualites\/burnley-a-predit-xi-vs-nottingham-forest-une-gamme-possible-pour-la-bataille-de-la-premier-league\/","og_locale":"fr_FR","og_type":"article","og_title":"Burnley a pr\u00e9dit Xi vs Nottingham Forest: une gamme possible pour la bataille de la Premier League","og_description":"Sports Mole examine comment Burnley pourrait s&#39;aligner pour son match en Premier League contre Nottingham Forest samedi apr\u00e8s-midi. Malgr\u00e9 les d\u00e9faites cons\u00e9cutives dans le temps","og_url":"https:\/\/footdavant.fr\/actualites\/burnley-a-predit-xi-vs-nottingham-forest-une-gamme-possible-pour-la-bataille-de-la-premier-league\/","og_site_name":"Foot d&#039;avant","article_publisher":"https:\/\/www.facebook.com\/Footdavant\/","article_published_time":"2025-09-23T08:48:04+00:00","article_modified_time":"2025-09-23T08:48:08+00:00","og_image":[{"width":640,"height":480,"url":"https:\/\/footdavant.fr\/actualites\/wp-content\/uploads\/2025\/08\/Armando-Broja-sur-Verge-de-Chelsea-sortira-en-tant-que.jpg","type":"image\/jpeg"}],"author":"Cl\u00e9ment","twitter_card":"summary_large_image","twitter_creator":"@FootdavantFr","twitter_site":"@FootdavantFr","twitter_misc":{"\u00c9crit par":"Cl\u00e9ment","Dur\u00e9e de lecture estim\u00e9e":"2 minutes"},"schema":{"@context":"https:\/\/schema.org","@graph":[{"@type":"Article","@id":"https:\/\/footdavant.fr\/actualites\/burnley-a-predit-xi-vs-nottingham-forest-une-gamme-possible-pour-la-bataille-de-la-premier-league\/#article","isPartOf":{"@id":"https:\/\/footdavant.fr\/actualites\/burnley-a-predit-xi-vs-nottingham-forest-une-gamme-possible-pour-la-bataille-de-la-premier-league\/"},"author":{"name":"Cl\u00e9ment","@id":"https:\/\/footdavant.fr\/actualites\/#\/schema\/person\/bc222566d95871b37e597b3ed3ba5e1d"},"headline":"Burnley a pr\u00e9dit Xi vs Nottingham Forest: une gamme possible pour la bataille de la Premier League","datePublished":"2025-09-23T08:48:04+00:00","dateModified":"2025-09-23T08:48:08+00:00","mainEntityOfPage":{"@id":"https:\/\/footdavant.fr\/actualites\/burnley-a-predit-xi-vs-nottingham-forest-une-gamme-possible-pour-la-bataille-de-la-premier-league\/"},"wordCount":409,"publisher":{"@id":"https:\/\/footdavant.fr\/actualites\/#organization"},"keywords":["bataille","Burnley","Forest","gamme","League","Nottingham","pour","pr\u00e9dit","Premier","une"],"articleSection":["Premier League"],"inLanguage":"fr-FR"},{"@type":"WebPage","@id":"https:\/\/footdavant.fr\/actualites\/burnley-a-predit-xi-vs-nottingham-forest-une-gamme-possible-pour-la-bataille-de-la-premier-league\/","url":"https:\/\/footdavant.fr\/actualites\/burnley-a-predit-xi-vs-nottingham-forest-une-gamme-possible-pour-la-bataille-de-la-premier-league\/","name":"Burnley a pr\u00e9dit Xi vs Nottingham Forest: une gamme possible pour la bataille de la Premier League","isPartOf":{"@id":"https:\/\/footdavant.fr\/actualites\/#website"},"datePublished":"2025-09-23T08:48:04+00:00","dateModified":"2025-09-23T08:48:08+00:00","breadcrumb":{"@id":"https:\/\/footdavant.fr\/actualites\/burnley-a-predit-xi-vs-nottingham-forest-une-gamme-possible-pour-la-bataille-de-la-premier-league\/#breadcrumb"},"inLanguage":"fr-FR","potentialAction":[{"@type":"ReadAction","target":["https:\/\/footdavant.fr\/actualites\/burnley-a-predit-xi-vs-nottingham-forest-une-gamme-possible-pour-la-bataille-de-la-premier-league\/"]}]},{"@type":"BreadcrumbList","@id":"https:\/\/footdavant.fr\/actualites\/burnley-a-predit-xi-vs-nottingham-forest-une-gamme-possible-pour-la-bataille-de-la-premier-league\/#breadcrumb","itemListElement":[{"@type":"ListItem","position":1,"name":"Accueil","item":"https:\/\/footdavant.fr\/actualites\/"},{"@type":"ListItem","position":2,"name":"Burnley a pr\u00e9dit Xi vs Nottingham Forest: une gamme possible pour la bataille de la Premier League"}]},{"@type":"WebSite","@id":"https:\/\/footdavant.fr\/actualites\/#website","url":"https:\/\/footdavant.fr\/actualites\/","name":"Foot d'avant","description":"","publisher":{"@id":"https:\/\/footdavant.fr\/actualites\/#organization"},"potentialAction":[{"@type":"SearchAction","target":{"@type":"EntryPoint","urlTemplate":"https:\/\/footdavant.fr\/actualites\/?s={search_term_string}"},"query-input":"required name=search_term_string"}],"inLanguage":"fr-FR"},{"@type":"Organization","@id":"https:\/\/footdavant.fr\/actualites\/#organization","name":"Foot d'avant","url":"https:\/\/footdavant.fr\/actualites\/","logo":{"@type":"ImageObject","inLanguage":"fr-FR","@id":"https:\/\/footdavant.fr\/actualites\/#\/schema\/logo\/image\/","url":"https:\/\/footdavant.fr\/actualites\/wp-content\/uploads\/2023\/09\/Copy-of-FootDavant-Logo.png","contentUrl":"https:\/\/footdavant.fr\/actualites\/wp-content\/uploads\/2023\/09\/Copy-of-FootDavant-Logo.png","width":936,"height":549,"caption":"Foot d'avant"},"image":{"@id":"https:\/\/footdavant.fr\/actualites\/#\/schema\/logo\/image\/"},"sameAs":["https:\/\/www.facebook.com\/Footdavant\/","https:\/\/twitter.com\/FootdavantFr","https:\/\/www.instagram.com\/footdavant.fr\/"]},{"@type":"Person","@id":"https:\/\/footdavant.fr\/actualites\/#\/schema\/person\/bc222566d95871b37e597b3ed3ba5e1d","name":"Cl\u00e9ment","image":{"@type":"ImageObject","inLanguage":"fr-FR","@id":"https:\/\/footdavant.fr\/actualites\/#\/schema\/person\/image\/","url":"https:\/\/secure.gravatar.com\/avatar\/7728b29aac2719421e1a9159b2254c44?s=96&d=mm&r=g","contentUrl":"https:\/\/secure.gravatar.com\/avatar\/7728b29aac2719421e1a9159b2254c44?s=96&d=mm&r=g","caption":"Cl\u00e9ment"},"sameAs":["https:\/\/footdavant.fr\/"]}]}},"_links":{"self":[{"href":"https:\/\/footdavant.fr\/actualites\/wp-json\/wp\/v2\/posts\/28898"}],"collection":[{"href":"https:\/\/footdavant.fr\/actualites\/wp-json\/wp\/v2\/posts"}],"about":[{"href":"https:\/\/footdavant.fr\/actualites\/wp-json\/wp\/v2\/types\/post"}],"author":[{"embeddable":true,"href":"https:\/\/footdavant.fr\/actualites\/wp-json\/wp\/v2\/users\/1"}],"replies":[{"embeddable":true,"href":"https:\/\/footdavant.fr\/actualites\/wp-json\/wp\/v2\/comments?post=28898"}],"version-history":[{"count":1,"href":"https:\/\/footdavant.fr\/actualites\/wp-json\/wp\/v2\/posts\/28898\/revisions"}],"predecessor-version":[{"id":28900,"href":"https:\/\/footdavant.fr\/actualites\/wp-json\/wp\/v2\/posts\/28898\/revisions\/28900"}],"wp:featuredmedia":[{"embeddable":true,"href":"https:\/\/footdavant.fr\/actualites\/wp-json\/wp\/v2\/media\/28899"}],"wp:attachment":[{"href":"https:\/\/footdavant.fr\/actualites\/wp-json\/wp\/v2\/media?parent=28898"}],"wp:term":[{"taxonomy":"category","embeddable":true,"href":"https:\/\/footdavant.fr\/actualites\/wp-json\/wp\/v2\/categories?post=28898"},{"taxonomy":"post_tag","embeddable":true,"href":"https:\/\/footdavant.fr\/actualites\/wp-json\/wp\/v2\/tags?post=28898"}],"curies":[{"name":"wp","href":"https:\/\/api.w.org\/{rel}","templated":true}]}}