{"id":28904,"date":"2025-09-23T13:48:00","date_gmt":"2025-09-23T11:48:00","guid":{"rendered":"https:\/\/footdavant.fr\/actualites\/newcastle-contre-barcelone-hansi-flick-confirme-blaugrana-squad-alors-que-la-decision-de-lamin-yamal-est-prise\/"},"modified":"2025-09-23T13:48:01","modified_gmt":"2025-09-23T11:48:01","slug":"newcastle-contre-barcelone-hansi-flick-confirme-blaugrana-squad-alors-que-la-decision-de-lamin-yamal-est-prise","status":"publish","type":"post","link":"https:\/\/footdavant.fr\/actualites\/newcastle-contre-barcelone-hansi-flick-confirme-blaugrana-squad-alors-que-la-decision-de-lamin-yamal-est-prise\/","title":{"rendered":"Newcastle contre Barcelone: \u200b\u200bHansi Flick confirme Blaugrana Squad alors que la d\u00e9cision de lamin yamal est prise"},"content":{"rendered":"<p>Barcelone confirme son \u00e9quipe pour le conflit de la Ligue des champions de jeudi avec Newcastle United, et Lamine Yamal est l&#39;absente notable pour les g\u00e9ants catalans.<\/p>\n<div id=\"article_body\" itemprop=\"articleBody\">\n<h3 class=\"firstPara\"><\/h3>\n<p><strong class=\"autotag\">Barcelone a confirm\u00e9 son \u00e9quipe pour jeudi <strong class=\"autotag\">La Ligue des champions s&#39;affronte avec <strong class=\"autotag\">Newcastle United, et <strong class=\"autotag\">Lamimine Yamal est l&#39;absence notable, l&#39;Espagnol absent par une blessure.<\/p>\n<p>Dimanche, Yamal a rat\u00e9 Valencia en Liga en raison d&#39;un probl\u00e8me de l&#39;aine qu&#39;il a aggrav\u00e9 lors de la pause internationale de septembre.<\/p>\n<p>Le joueur de 18 ans, \u00e0 l&#39;\u00e9poque, \u00e9tait consid\u00e9r\u00e9 comme un doute majeur pour le match europ\u00e9en avec Newcastle \u00e0 St James &#39;Park, et son absence pour le concours en Angleterre a maintenant \u00e9t\u00e9 confirm\u00e9e.<\/p>\n<p>Barcelone manque \u00e9galement \u00e0 nouveau Marc-Andr\u00e9 Ter Stegen (arri\u00e8re), <strong class=\"autotag\">Alejandro Balde (ischio-jambiers) et Gavi (genou) par blessure, mais il y a un retour \u00e0 l&#39;\u00e9quipe pour <strong class=\"autotag\">Frenkie de Jong, qui a subi une question de l&#39;aine en fonction internationale avec les Pays-Bas.<\/p>\n<p>Marcus Rashford est en ligne pour figurer sur le sol anglais pour la premi\u00e8re fois depuis qu&#39;il a rejoint Barcelone en pr\u00eat au cours de l&#39;\u00e9t\u00e9, tandis que sa nouvelle arriv\u00e9e Roony Bardghji, qui a commenc\u00e9 contre Valence, a \u00e9galement \u00e9t\u00e9 s\u00e9lectionn\u00e9e.<\/p>\n<p>Cependant, l&#39;absence de Yamal est un coup majeur pour Barcelone, l&#39;attaquant en excellente forme au d\u00e9but de la campagne 2025-26, marquant deux buts et enregistrant trois passes d\u00e9cisives en trois matches de Liga.<\/p>\n<p class=\"imgI\">\n<h2>Yamal disparu pour Barcelone contre Newcastle<\/h2>\n<p>\u00ab\u00a0Non, il ne sera pas disponible pour demain\u00a0\u00bb, a d\u00e9clar\u00e9 l&#39;entra\u00eeneur-chef de Barcelone <strong class=\"autotag\">Hansi Flick lorsqu&#39;on lui a pos\u00e9 des questions sur Yamal lors de sa conf\u00e9rence de presse avant le match de Valence.<\/p>\n<p>\u00abIl a jou\u00e9 pour l&#39;\u00e9quipe nationale malgr\u00e9 l&#39;inconfort. Il a jou\u00e9 75 \u00e0 78 minutes avec inconfort et sans s&#39;entra\u00eener entre les matchs. Et cela ne s&#39;occupe pas des joueurs.<\/p>\n<p>\u00ab\u00a0Je pense que l&#39;\u00e9quipe nationale espagnole a une grande \u00e9quipe, les meilleurs joueurs du monde, mais ils n&#39;ont pas pris soin de leurs joueurs et c&#39;est une nouvelle qui m&#39;attole.\u00a0\u00bb<\/p>\n<p>Lorsqu&#39;on lui a demand\u00e9 s&#39;il avait parl\u00e9 au patron de l&#39;Espagne Luis de la Fuente de la situation de Yamal, Flick a d\u00e9clar\u00e9: \u00abJe ne lui ai jamais parl\u00e9, je ne lui ai jamais parl\u00e9, mais je ne lui ai jamais parl\u00e9. Mon espagnol n&#39;est pas tr\u00e8s bon, non plus son anglais, mais \u00e0 la fin de la journ\u00e9e, la communication pourrait \u00eatre meilleure, nous n&#39;avons pas seulement un seul joueur, nous n&#39;en avons plus.<\/p>\n<p>\u00abJe suis \u00e9galement dans cette situation, mais la communication avec le club doit \u00eatre bonne, et \u00e7a doit \u00eatre bon.\u00bb<\/p>\n<p>Barcelone sera de retour dans l&#39;action de La Liga contre Getafe dimanche, et il reste \u00e0 voir si Yamal est d\u00e9clar\u00e9 apte au match avec le c\u00f4t\u00e9 capital.<\/p>\n<h3>Barcelone Squad vs Newcastle<\/h3>\n<p>J Garcia, Szczesny, Kochen; Araujo, Cubarsi, Christensen, Martin, Kounde, E Garcia, Jofre; Pedri, F Lopez, Casado, Olmo, de Jong, Bernal; F Torres, Lewandowski, Raphinha, Rashford, Roony, A Fernandez<\/p>\n<div class=\"author_box\">\n<div class=\"author_box_banner\"> <\/div>\n<\/div>\n<\/div>\n","protected":false},"excerpt":{"rendered":"<p>Barcelone confirme son \u00e9quipe pour le conflit de la Ligue des champions de jeudi avec Newcastle United, et Lamine Yamal est l&#39;absente notable pour les<\/p>\n","protected":false},"author":1,"featured_media":28905,"comment_status":"closed","ping_status":"","sticky":false,"template":"","format":"standard","meta":{"footnotes":""},"categories":[4],"tags":[318,130,10581,40,20,497,217,5960,7136,10582,22,5541,7958,4089],"yoast_head":"<!-- This site is optimized with the Yoast SEO plugin v21.0 - https:\/\/yoast.com\/wordpress\/plugins\/seo\/ -->\n<title>Newcastle contre Barcelone: \u200b\u200bHansi Flick confirme Blaugrana Squad alors que la d\u00e9cision de lamin yamal est prise<\/title>\n<meta name=\"robots\" content=\"index, follow, max-snippet:-1, max-image-preview:large, max-video-preview:-1\" \/>\n<link rel=\"canonical\" href=\"https:\/\/footdavant.fr\/actualites\/newcastle-contre-barcelone-hansi-flick-confirme-blaugrana-squad-alors-que-la-decision-de-lamin-yamal-est-prise\/\" \/>\n<meta property=\"og:locale\" content=\"fr_FR\" \/>\n<meta property=\"og:type\" content=\"article\" \/>\n<meta property=\"og:title\" content=\"Newcastle contre Barcelone: \u200b\u200bHansi Flick confirme Blaugrana Squad alors que la d\u00e9cision de lamin yamal est prise\" \/>\n<meta property=\"og:description\" content=\"Barcelone confirme son \u00e9quipe pour le conflit de la Ligue des champions de jeudi avec Newcastle United, et Lamine Yamal est l&#039;absente notable pour les\" \/>\n<meta property=\"og:url\" content=\"https:\/\/footdavant.fr\/actualites\/newcastle-contre-barcelone-hansi-flick-confirme-blaugrana-squad-alors-que-la-decision-de-lamin-yamal-est-prise\/\" \/>\n<meta property=\"og:site_name\" content=\"Foot d&#039;avant\" \/>\n<meta property=\"article:publisher\" content=\"https:\/\/www.facebook.com\/Footdavant\/\" \/>\n<meta property=\"article:published_time\" content=\"2025-09-23T11:48:00+00:00\" \/>\n<meta property=\"article:modified_time\" content=\"2025-09-23T11:48:01+00:00\" \/>\n<meta property=\"og:image\" content=\"https:\/\/footdavant.fr\/actualites\/wp-content\/uploads\/2025\/08\/Nomines-de-Ballon-d39Or-2025-reveles-Scott-McTominay-rejoint-Yamal.webp\" \/>\n\t<meta property=\"og:image:width\" content=\"640\" \/>\n\t<meta property=\"og:image:height\" content=\"480\" \/>\n\t<meta property=\"og:image:type\" content=\"image\/jpeg\" \/>\n<meta name=\"author\" content=\"Cl\u00e9ment\" \/>\n<meta name=\"twitter:card\" content=\"summary_large_image\" \/>\n<meta name=\"twitter:creator\" content=\"@FootdavantFr\" \/>\n<meta name=\"twitter:site\" content=\"@FootdavantFr\" \/>\n<meta name=\"twitter:label1\" content=\"\u00c9crit par\" \/>\n\t<meta name=\"twitter:data1\" content=\"Cl\u00e9ment\" \/>\n\t<meta name=\"twitter:label2\" content=\"Dur\u00e9e de lecture estim\u00e9e\" \/>\n\t<meta name=\"twitter:data2\" content=\"3 minutes\" \/>\n<script type=\"application\/ld+json\" class=\"yoast-schema-graph\">{\"@context\":\"https:\/\/schema.org\",\"@graph\":[{\"@type\":\"Article\",\"@id\":\"https:\/\/footdavant.fr\/actualites\/newcastle-contre-barcelone-hansi-flick-confirme-blaugrana-squad-alors-que-la-decision-de-lamin-yamal-est-prise\/#article\",\"isPartOf\":{\"@id\":\"https:\/\/footdavant.fr\/actualites\/newcastle-contre-barcelone-hansi-flick-confirme-blaugrana-squad-alors-que-la-decision-de-lamin-yamal-est-prise\/\"},\"author\":{\"name\":\"Cl\u00e9ment\",\"@id\":\"https:\/\/footdavant.fr\/actualites\/#\/schema\/person\/bc222566d95871b37e597b3ed3ba5e1d\"},\"headline\":\"Newcastle contre Barcelone: \u200b\u200bHansi Flick confirme Blaugrana Squad alors que la d\u00e9cision de lamin yamal est prise\",\"datePublished\":\"2025-09-23T11:48:00+00:00\",\"dateModified\":\"2025-09-23T11:48:01+00:00\",\"mainEntityOfPage\":{\"@id\":\"https:\/\/footdavant.fr\/actualites\/newcastle-contre-barcelone-hansi-flick-confirme-blaugrana-squad-alors-que-la-decision-de-lamin-yamal-est-prise\/\"},\"wordCount\":544,\"publisher\":{\"@id\":\"https:\/\/footdavant.fr\/actualites\/#organization\"},\"keywords\":[\"alors\",\"Barcelone\",\"Blaugrana\",\"confirme\",\"contre\",\"d\u00e9cision\",\"est\",\"Flick\",\"Hansi\",\"lamin\",\"Newcastle\",\"prise\",\"Squad\",\"Yamal\"],\"articleSection\":[\"Champions League\"],\"inLanguage\":\"fr-FR\"},{\"@type\":\"WebPage\",\"@id\":\"https:\/\/footdavant.fr\/actualites\/newcastle-contre-barcelone-hansi-flick-confirme-blaugrana-squad-alors-que-la-decision-de-lamin-yamal-est-prise\/\",\"url\":\"https:\/\/footdavant.fr\/actualites\/newcastle-contre-barcelone-hansi-flick-confirme-blaugrana-squad-alors-que-la-decision-de-lamin-yamal-est-prise\/\",\"name\":\"Newcastle contre Barcelone: \u200b\u200bHansi Flick confirme Blaugrana Squad alors que la d\u00e9cision de lamin yamal est prise\",\"isPartOf\":{\"@id\":\"https:\/\/footdavant.fr\/actualites\/#website\"},\"datePublished\":\"2025-09-23T11:48:00+00:00\",\"dateModified\":\"2025-09-23T11:48:01+00:00\",\"breadcrumb\":{\"@id\":\"https:\/\/footdavant.fr\/actualites\/newcastle-contre-barcelone-hansi-flick-confirme-blaugrana-squad-alors-que-la-decision-de-lamin-yamal-est-prise\/#breadcrumb\"},\"inLanguage\":\"fr-FR\",\"potentialAction\":[{\"@type\":\"ReadAction\",\"target\":[\"https:\/\/footdavant.fr\/actualites\/newcastle-contre-barcelone-hansi-flick-confirme-blaugrana-squad-alors-que-la-decision-de-lamin-yamal-est-prise\/\"]}]},{\"@type\":\"BreadcrumbList\",\"@id\":\"https:\/\/footdavant.fr\/actualites\/newcastle-contre-barcelone-hansi-flick-confirme-blaugrana-squad-alors-que-la-decision-de-lamin-yamal-est-prise\/#breadcrumb\",\"itemListElement\":[{\"@type\":\"ListItem\",\"position\":1,\"name\":\"Accueil\",\"item\":\"https:\/\/footdavant.fr\/actualites\/\"},{\"@type\":\"ListItem\",\"position\":2,\"name\":\"Newcastle contre Barcelone: \u200b\u200bHansi Flick confirme Blaugrana Squad alors que la d\u00e9cision de lamin yamal est prise\"}]},{\"@type\":\"WebSite\",\"@id\":\"https:\/\/footdavant.fr\/actualites\/#website\",\"url\":\"https:\/\/footdavant.fr\/actualites\/\",\"name\":\"Foot d'avant\",\"description\":\"\",\"publisher\":{\"@id\":\"https:\/\/footdavant.fr\/actualites\/#organization\"},\"potentialAction\":[{\"@type\":\"SearchAction\",\"target\":{\"@type\":\"EntryPoint\",\"urlTemplate\":\"https:\/\/footdavant.fr\/actualites\/?s={search_term_string}\"},\"query-input\":\"required name=search_term_string\"}],\"inLanguage\":\"fr-FR\"},{\"@type\":\"Organization\",\"@id\":\"https:\/\/footdavant.fr\/actualites\/#organization\",\"name\":\"Foot d'avant\",\"url\":\"https:\/\/footdavant.fr\/actualites\/\",\"logo\":{\"@type\":\"ImageObject\",\"inLanguage\":\"fr-FR\",\"@id\":\"https:\/\/footdavant.fr\/actualites\/#\/schema\/logo\/image\/\",\"url\":\"https:\/\/footdavant.fr\/actualites\/wp-content\/uploads\/2023\/09\/Copy-of-FootDavant-Logo.png\",\"contentUrl\":\"https:\/\/footdavant.fr\/actualites\/wp-content\/uploads\/2023\/09\/Copy-of-FootDavant-Logo.png\",\"width\":936,\"height\":549,\"caption\":\"Foot d'avant\"},\"image\":{\"@id\":\"https:\/\/footdavant.fr\/actualites\/#\/schema\/logo\/image\/\"},\"sameAs\":[\"https:\/\/www.facebook.com\/Footdavant\/\",\"https:\/\/twitter.com\/FootdavantFr\",\"https:\/\/www.instagram.com\/footdavant.fr\/\"]},{\"@type\":\"Person\",\"@id\":\"https:\/\/footdavant.fr\/actualites\/#\/schema\/person\/bc222566d95871b37e597b3ed3ba5e1d\",\"name\":\"Cl\u00e9ment\",\"image\":{\"@type\":\"ImageObject\",\"inLanguage\":\"fr-FR\",\"@id\":\"https:\/\/footdavant.fr\/actualites\/#\/schema\/person\/image\/\",\"url\":\"https:\/\/secure.gravatar.com\/avatar\/7728b29aac2719421e1a9159b2254c44?s=96&d=mm&r=g\",\"contentUrl\":\"https:\/\/secure.gravatar.com\/avatar\/7728b29aac2719421e1a9159b2254c44?s=96&d=mm&r=g\",\"caption\":\"Cl\u00e9ment\"},\"sameAs\":[\"https:\/\/footdavant.fr\/\"]}]}<\/script>\n<!-- \/ Yoast SEO plugin. -->","yoast_head_json":{"title":"Newcastle contre Barcelone: \u200b\u200bHansi Flick confirme Blaugrana Squad alors que la d\u00e9cision de lamin yamal est prise","robots":{"index":"index","follow":"follow","max-snippet":"max-snippet:-1","max-image-preview":"max-image-preview:large","max-video-preview":"max-video-preview:-1"},"canonical":"https:\/\/footdavant.fr\/actualites\/newcastle-contre-barcelone-hansi-flick-confirme-blaugrana-squad-alors-que-la-decision-de-lamin-yamal-est-prise\/","og_locale":"fr_FR","og_type":"article","og_title":"Newcastle contre Barcelone: \u200b\u200bHansi Flick confirme Blaugrana Squad alors que la d\u00e9cision de lamin yamal est prise","og_description":"Barcelone confirme son \u00e9quipe pour le conflit de la Ligue des champions de jeudi avec Newcastle United, et Lamine Yamal est l&#39;absente notable pour les","og_url":"https:\/\/footdavant.fr\/actualites\/newcastle-contre-barcelone-hansi-flick-confirme-blaugrana-squad-alors-que-la-decision-de-lamin-yamal-est-prise\/","og_site_name":"Foot d&#039;avant","article_publisher":"https:\/\/www.facebook.com\/Footdavant\/","article_published_time":"2025-09-23T11:48:00+00:00","article_modified_time":"2025-09-23T11:48:01+00:00","og_image":[{"width":640,"height":480,"url":"https:\/\/footdavant.fr\/actualites\/wp-content\/uploads\/2025\/08\/Nomines-de-Ballon-d39Or-2025-reveles-Scott-McTominay-rejoint-Yamal.webp","type":"image\/jpeg"}],"author":"Cl\u00e9ment","twitter_card":"summary_large_image","twitter_creator":"@FootdavantFr","twitter_site":"@FootdavantFr","twitter_misc":{"\u00c9crit par":"Cl\u00e9ment","Dur\u00e9e de lecture estim\u00e9e":"3 minutes"},"schema":{"@context":"https:\/\/schema.org","@graph":[{"@type":"Article","@id":"https:\/\/footdavant.fr\/actualites\/newcastle-contre-barcelone-hansi-flick-confirme-blaugrana-squad-alors-que-la-decision-de-lamin-yamal-est-prise\/#article","isPartOf":{"@id":"https:\/\/footdavant.fr\/actualites\/newcastle-contre-barcelone-hansi-flick-confirme-blaugrana-squad-alors-que-la-decision-de-lamin-yamal-est-prise\/"},"author":{"name":"Cl\u00e9ment","@id":"https:\/\/footdavant.fr\/actualites\/#\/schema\/person\/bc222566d95871b37e597b3ed3ba5e1d"},"headline":"Newcastle contre Barcelone: \u200b\u200bHansi Flick confirme Blaugrana Squad alors que la d\u00e9cision de lamin yamal est prise","datePublished":"2025-09-23T11:48:00+00:00","dateModified":"2025-09-23T11:48:01+00:00","mainEntityOfPage":{"@id":"https:\/\/footdavant.fr\/actualites\/newcastle-contre-barcelone-hansi-flick-confirme-blaugrana-squad-alors-que-la-decision-de-lamin-yamal-est-prise\/"},"wordCount":544,"publisher":{"@id":"https:\/\/footdavant.fr\/actualites\/#organization"},"keywords":["alors","Barcelone","Blaugrana","confirme","contre","d\u00e9cision","est","Flick","Hansi","lamin","Newcastle","prise","Squad","Yamal"],"articleSection":["Champions League"],"inLanguage":"fr-FR"},{"@type":"WebPage","@id":"https:\/\/footdavant.fr\/actualites\/newcastle-contre-barcelone-hansi-flick-confirme-blaugrana-squad-alors-que-la-decision-de-lamin-yamal-est-prise\/","url":"https:\/\/footdavant.fr\/actualites\/newcastle-contre-barcelone-hansi-flick-confirme-blaugrana-squad-alors-que-la-decision-de-lamin-yamal-est-prise\/","name":"Newcastle contre Barcelone: \u200b\u200bHansi Flick confirme Blaugrana Squad alors que la d\u00e9cision de lamin yamal est prise","isPartOf":{"@id":"https:\/\/footdavant.fr\/actualites\/#website"},"datePublished":"2025-09-23T11:48:00+00:00","dateModified":"2025-09-23T11:48:01+00:00","breadcrumb":{"@id":"https:\/\/footdavant.fr\/actualites\/newcastle-contre-barcelone-hansi-flick-confirme-blaugrana-squad-alors-que-la-decision-de-lamin-yamal-est-prise\/#breadcrumb"},"inLanguage":"fr-FR","potentialAction":[{"@type":"ReadAction","target":["https:\/\/footdavant.fr\/actualites\/newcastle-contre-barcelone-hansi-flick-confirme-blaugrana-squad-alors-que-la-decision-de-lamin-yamal-est-prise\/"]}]},{"@type":"BreadcrumbList","@id":"https:\/\/footdavant.fr\/actualites\/newcastle-contre-barcelone-hansi-flick-confirme-blaugrana-squad-alors-que-la-decision-de-lamin-yamal-est-prise\/#breadcrumb","itemListElement":[{"@type":"ListItem","position":1,"name":"Accueil","item":"https:\/\/footdavant.fr\/actualites\/"},{"@type":"ListItem","position":2,"name":"Newcastle contre Barcelone: \u200b\u200bHansi Flick confirme Blaugrana Squad alors que la d\u00e9cision de lamin yamal est prise"}]},{"@type":"WebSite","@id":"https:\/\/footdavant.fr\/actualites\/#website","url":"https:\/\/footdavant.fr\/actualites\/","name":"Foot d'avant","description":"","publisher":{"@id":"https:\/\/footdavant.fr\/actualites\/#organization"},"potentialAction":[{"@type":"SearchAction","target":{"@type":"EntryPoint","urlTemplate":"https:\/\/footdavant.fr\/actualites\/?s={search_term_string}"},"query-input":"required name=search_term_string"}],"inLanguage":"fr-FR"},{"@type":"Organization","@id":"https:\/\/footdavant.fr\/actualites\/#organization","name":"Foot d'avant","url":"https:\/\/footdavant.fr\/actualites\/","logo":{"@type":"ImageObject","inLanguage":"fr-FR","@id":"https:\/\/footdavant.fr\/actualites\/#\/schema\/logo\/image\/","url":"https:\/\/footdavant.fr\/actualites\/wp-content\/uploads\/2023\/09\/Copy-of-FootDavant-Logo.png","contentUrl":"https:\/\/footdavant.fr\/actualites\/wp-content\/uploads\/2023\/09\/Copy-of-FootDavant-Logo.png","width":936,"height":549,"caption":"Foot d'avant"},"image":{"@id":"https:\/\/footdavant.fr\/actualites\/#\/schema\/logo\/image\/"},"sameAs":["https:\/\/www.facebook.com\/Footdavant\/","https:\/\/twitter.com\/FootdavantFr","https:\/\/www.instagram.com\/footdavant.fr\/"]},{"@type":"Person","@id":"https:\/\/footdavant.fr\/actualites\/#\/schema\/person\/bc222566d95871b37e597b3ed3ba5e1d","name":"Cl\u00e9ment","image":{"@type":"ImageObject","inLanguage":"fr-FR","@id":"https:\/\/footdavant.fr\/actualites\/#\/schema\/person\/image\/","url":"https:\/\/secure.gravatar.com\/avatar\/7728b29aac2719421e1a9159b2254c44?s=96&d=mm&r=g","contentUrl":"https:\/\/secure.gravatar.com\/avatar\/7728b29aac2719421e1a9159b2254c44?s=96&d=mm&r=g","caption":"Cl\u00e9ment"},"sameAs":["https:\/\/footdavant.fr\/"]}]}},"_links":{"self":[{"href":"https:\/\/footdavant.fr\/actualites\/wp-json\/wp\/v2\/posts\/28904"}],"collection":[{"href":"https:\/\/footdavant.fr\/actualites\/wp-json\/wp\/v2\/posts"}],"about":[{"href":"https:\/\/footdavant.fr\/actualites\/wp-json\/wp\/v2\/types\/post"}],"author":[{"embeddable":true,"href":"https:\/\/footdavant.fr\/actualites\/wp-json\/wp\/v2\/users\/1"}],"replies":[{"embeddable":true,"href":"https:\/\/footdavant.fr\/actualites\/wp-json\/wp\/v2\/comments?post=28904"}],"version-history":[{"count":1,"href":"https:\/\/footdavant.fr\/actualites\/wp-json\/wp\/v2\/posts\/28904\/revisions"}],"predecessor-version":[{"id":28906,"href":"https:\/\/footdavant.fr\/actualites\/wp-json\/wp\/v2\/posts\/28904\/revisions\/28906"}],"wp:featuredmedia":[{"embeddable":true,"href":"https:\/\/footdavant.fr\/actualites\/wp-json\/wp\/v2\/media\/28905"}],"wp:attachment":[{"href":"https:\/\/footdavant.fr\/actualites\/wp-json\/wp\/v2\/media?parent=28904"}],"wp:term":[{"taxonomy":"category","embeddable":true,"href":"https:\/\/footdavant.fr\/actualites\/wp-json\/wp\/v2\/categories?post=28904"},{"taxonomy":"post_tag","embeddable":true,"href":"https:\/\/footdavant.fr\/actualites\/wp-json\/wp\/v2\/tags?post=28904"}],"curies":[{"name":"wp","href":"https:\/\/api.w.org\/{rel}","templated":true}]}}