{"id":2906,"date":"2023-12-23T04:49:01","date_gmt":"2023-12-23T03:49:01","guid":{"rendered":"https:\/\/footdavant.fr\/actualites\/ismaila-coulibaly-va-t-il-quitter-sheffield-united-en-janvier\/"},"modified":"2023-12-23T04:49:02","modified_gmt":"2023-12-23T03:49:02","slug":"ismaila-coulibaly-va-t-il-quitter-sheffield-united-en-janvier","status":"publish","type":"post","link":"https:\/\/footdavant.fr\/actualites\/ismaila-coulibaly-va-t-il-quitter-sheffield-united-en-janvier\/","title":{"rendered":"Isma\u00efla Coulibaly va-t-il quitter Sheffield United en janvier ?"},"content":{"rendered":"<p>Sheffield United serait pr\u00eat \u00e0 laisser partir le milieu de terrain Ismaila Coulibaly en janvier, le club su\u00e9dois de l&rsquo;AIK Fotboll \u00e9tant attach\u00e9 \u00e0 l&rsquo;international malien.<\/p>\n<div id=\"article_body\" itemprop=\"articleBody\">\n<h3 class=\"firstPara\">\n<strong class=\"autotag\">Sheffield United<\/strong> aurait d\u00e9cid\u00e9 de vendre le milieu de terrain <strong class=\"autotag\">Isma\u00efla Coulibaly<\/strong> lors du prochain mercato de janvier, avec le club su\u00e9dois <strong class=\"autotag\">AIK Football<\/strong> int\u00e9ress\u00e9 par le joueur.<\/h3>\n<p>Le joueur de 22 ans a rejoint Bramall Lane en provenance de l&rsquo;\u00e9quipe norv\u00e9gienne Sarpsborg 08 en septembre 2020 pour une somme modique, mais n&rsquo;a depuis pas r\u00e9ussi \u00e0 avoir un impact massif dans le Yorkshire.<\/p>\n<p>Coulibaly a pass\u00e9 les deux premi\u00e8res saisons en pr\u00eat au club fr\u00e8re des Blades, Beerschot, en Pro League belge avant de jouer un petit r\u00f4le pour <strong class=\"autotag\">Paul Heckingbottom<\/strong>les hommes de la saison derni\u00e8re.<\/p>\n<p>L&rsquo;international malien n&rsquo;a jou\u00e9 qu&rsquo;une seule fois dans l&rsquo;int\u00e9gralit\u00e9 de la campagne de championnat alors que United a obtenu une promotion automatique en Premier League, bien qu&rsquo;il ait fait cinq apparitions en FA Cup, dont une apparition sur le banc \u00e0 Wembley contre <strong class=\"autotag\">Pep Guardiola<\/strong>&lsquo;s Manchester City en demi-finale.<\/p>\n<p>Selon un m\u00e9dia su\u00e9dois <em>Fotboll Direct<\/em>un club op\u00e9rant dans l&rsquo;Allsvenskan souhaite ramener Coulibaly en Scandinavie apr\u00e8s plus de trois ans d&rsquo;absence.<\/p>\n<p class=\"imgI\">\n<p>Le rapport affirme que l&rsquo;AIK souhaite s&rsquo;assurer les services du milieu de terrain, le club bas\u00e9 \u00e0 Solna cherchant \u00e0 renforcer ses rangs apr\u00e8s une d\u00e9cevante 11e place dans l&rsquo;\u00e9lite en 2023.<\/p>\n<p>Il est bien compris que <strong class=\"autotag\">Chris Wilder<\/strong> et Sheffield United ne ferait pas obstacle \u00e0 un transfert de Coulibaly ailleurs, ce qui signifie qu&rsquo;un transfert pour le Nouvel An semble de plus en plus probable.<\/p>\n<p>L\u2019ancien international souhaiterait s\u2019\u00e9loigner de Bramall Lane et de la Premier League, car le jeune recherche une action r\u00e9guli\u00e8re en \u00e9quipe premi\u00e8re.<\/p>\n<p>Les 12 derniers mois de Coulibaly avec les Blades ont \u00e9t\u00e9 marqu\u00e9s par une blessure r\u00e9currente au genou qui l&rsquo;a vu subir une intervention chirurgicale plus t\u00f4t dans l&rsquo;ann\u00e9e civile, avant qu&rsquo;une enflure dans la r\u00e9gion ne l&rsquo;oblige \u00e0 manquer une partie du camp de pr\u00e9-saison de l&rsquo;\u00e9quipe cet \u00e9t\u00e9.<\/p>\n<p>Un match nul au deuxi\u00e8me tour de la Coupe EFL contre Lincoln City, troisi\u00e8me rang, est la seule action comp\u00e9titive dont le milieu de terrain a b\u00e9n\u00e9fici\u00e9 en 2023-24 \u2013 un match que l&rsquo;\u00e9quipe de haut niveau a perdu aux tirs au but.<\/p>\n<p class=\"imgI\"><img decoding=\"async\" loading=\"lazy\" class=\"l\" src=\"https:\/\/footdavant.fr\/actualites\/wp-content\/uploads\/2023\/12\/Ismaila-Coulibaly-va-t-il-quitter-Sheffield-United-en-janvier.jpg\" title=\"Ethan Erhahon et Jack Burroughs de Lincoln City c\u00e9l\u00e8brent apr\u00e8s le match du 30 ao\u00fbt 2023\" alt=\"Ethan Erhahon et Jack Burroughs de Lincoln City c\u00e9l\u00e8brent apr\u00e8s le match du 30 ao\u00fbt 2023\" width=\"640\" height=\"480\"><\/p>\n<p>Bien qu&rsquo;un d\u00e9m\u00e9nagement vers l&rsquo;Europe du Nord soit envisag\u00e9 pour Coulibaly, un certain nombre d&rsquo;autres \u00e9quipes du continent ont \u00e9t\u00e9 cr\u00e9dit\u00e9es d&rsquo;un attachement pour le joueur dans le pass\u00e9.<\/p>\n<p>On pense que les g\u00e9ants turcs Galatasaray \u00e9taient pr\u00eats \u00e0 payer 12,9 millions de livres sterling pour l&rsquo;international malien en 2021, tandis que l&rsquo;AC Milan de Serie A a \u00e9galement \u00e9t\u00e9 int\u00e9ress\u00e9 ces derni\u00e8res ann\u00e9es.<\/p>\n<p>Les \u00e9ventuels transferts \u00e0 San Siro et au Rams Global Stadium ne se sont toutefois pas concr\u00e9tis\u00e9s, et Coulibaly est d\u00e9sormais pr\u00eat \u00e0 revenir au football scandinave.<\/p>\n<p>Sheffield United a r\u00e9colt\u00e9 trois points lors de ses trois premiers matches sous la direction de Wilder, qui emm\u00e8ne son \u00e9quipe des Blades \u00e0 Aston Villa pour le titre vendredi soir.<\/p>\n<\/div>\n","protected":false},"excerpt":{"rendered":"<p>Sheffield United serait pr\u00eat \u00e0 laisser partir le milieu de terrain Ismaila Coulibaly en janvier, le club su\u00e9dois de l&rsquo;AIK Fotboll \u00e9tant attach\u00e9 \u00e0 l&rsquo;international<\/p>\n","protected":false},"author":1,"featured_media":2907,"comment_status":"closed","ping_status":"","sticky":false,"template":"","format":"standard","meta":{"footnotes":""},"categories":[5],"tags":[2469,2468,166,170,179,13,952],"yoast_head":"<!-- This site is optimized with the Yoast SEO plugin v21.0 - https:\/\/yoast.com\/wordpress\/plugins\/seo\/ -->\n<title>Isma\u00efla Coulibaly va-t-il quitter Sheffield United en janvier ?<\/title>\n<meta name=\"robots\" content=\"index, follow, max-snippet:-1, max-image-preview:large, max-video-preview:-1\" \/>\n<link rel=\"canonical\" href=\"https:\/\/footdavant.fr\/actualites\/ismaila-coulibaly-va-t-il-quitter-sheffield-united-en-janvier\/\" \/>\n<meta property=\"og:locale\" content=\"fr_FR\" \/>\n<meta property=\"og:type\" content=\"article\" \/>\n<meta property=\"og:title\" content=\"Isma\u00efla Coulibaly va-t-il quitter Sheffield United en janvier ?\" \/>\n<meta property=\"og:description\" content=\"Sheffield United serait pr\u00eat \u00e0 laisser partir le milieu de terrain Ismaila Coulibaly en janvier, le club su\u00e9dois de l&rsquo;AIK Fotboll \u00e9tant attach\u00e9 \u00e0 l&rsquo;international\" \/>\n<meta property=\"og:url\" content=\"https:\/\/footdavant.fr\/actualites\/ismaila-coulibaly-va-t-il-quitter-sheffield-united-en-janvier\/\" \/>\n<meta property=\"og:site_name\" content=\"Foot d&#039;avant\" \/>\n<meta property=\"article:publisher\" content=\"https:\/\/www.facebook.com\/Footdavant\/\" \/>\n<meta property=\"article:published_time\" content=\"2023-12-23T03:49:01+00:00\" \/>\n<meta property=\"article:modified_time\" content=\"2023-12-23T03:49:02+00:00\" \/>\n<meta property=\"og:image\" content=\"https:\/\/footdavant.fr\/actualites\/wp-content\/uploads\/2023\/12\/Ismaila-Coulibaly-va-t-il-quitter-Sheffield-United-en-janvier.png\" \/>\n\t<meta property=\"og:image:width\" content=\"640\" \/>\n\t<meta property=\"og:image:height\" content=\"480\" \/>\n\t<meta property=\"og:image:type\" content=\"image\/png\" \/>\n<meta name=\"author\" content=\"Cl\u00e9ment\" \/>\n<meta name=\"twitter:card\" content=\"summary_large_image\" \/>\n<meta name=\"twitter:creator\" content=\"@FootdavantFr\" \/>\n<meta name=\"twitter:site\" content=\"@FootdavantFr\" \/>\n<meta name=\"twitter:label1\" content=\"\u00c9crit par\" \/>\n\t<meta name=\"twitter:data1\" content=\"Cl\u00e9ment\" \/>\n\t<meta name=\"twitter:label2\" content=\"Dur\u00e9e de lecture estim\u00e9e\" \/>\n\t<meta name=\"twitter:data2\" content=\"3 minutes\" \/>\n<script type=\"application\/ld+json\" class=\"yoast-schema-graph\">{\"@context\":\"https:\/\/schema.org\",\"@graph\":[{\"@type\":\"Article\",\"@id\":\"https:\/\/footdavant.fr\/actualites\/ismaila-coulibaly-va-t-il-quitter-sheffield-united-en-janvier\/#article\",\"isPartOf\":{\"@id\":\"https:\/\/footdavant.fr\/actualites\/ismaila-coulibaly-va-t-il-quitter-sheffield-united-en-janvier\/\"},\"author\":{\"name\":\"Cl\u00e9ment\",\"@id\":\"https:\/\/footdavant.fr\/actualites\/#\/schema\/person\/bc222566d95871b37e597b3ed3ba5e1d\"},\"headline\":\"Isma\u00efla Coulibaly va-t-il quitter Sheffield United en janvier ?\",\"datePublished\":\"2023-12-23T03:49:01+00:00\",\"dateModified\":\"2023-12-23T03:49:02+00:00\",\"mainEntityOfPage\":{\"@id\":\"https:\/\/footdavant.fr\/actualites\/ismaila-coulibaly-va-t-il-quitter-sheffield-united-en-janvier\/\"},\"wordCount\":541,\"publisher\":{\"@id\":\"https:\/\/footdavant.fr\/actualites\/#organization\"},\"keywords\":[\"Coulibaly\",\"Isma\u00efla\",\"janvier\",\"quitter\",\"Sheffield\",\"United\",\"vatil\"],\"articleSection\":[\"Premier League\"],\"inLanguage\":\"fr-FR\"},{\"@type\":\"WebPage\",\"@id\":\"https:\/\/footdavant.fr\/actualites\/ismaila-coulibaly-va-t-il-quitter-sheffield-united-en-janvier\/\",\"url\":\"https:\/\/footdavant.fr\/actualites\/ismaila-coulibaly-va-t-il-quitter-sheffield-united-en-janvier\/\",\"name\":\"Isma\u00efla Coulibaly va-t-il quitter Sheffield United en janvier ?\",\"isPartOf\":{\"@id\":\"https:\/\/footdavant.fr\/actualites\/#website\"},\"datePublished\":\"2023-12-23T03:49:01+00:00\",\"dateModified\":\"2023-12-23T03:49:02+00:00\",\"breadcrumb\":{\"@id\":\"https:\/\/footdavant.fr\/actualites\/ismaila-coulibaly-va-t-il-quitter-sheffield-united-en-janvier\/#breadcrumb\"},\"inLanguage\":\"fr-FR\",\"potentialAction\":[{\"@type\":\"ReadAction\",\"target\":[\"https:\/\/footdavant.fr\/actualites\/ismaila-coulibaly-va-t-il-quitter-sheffield-united-en-janvier\/\"]}]},{\"@type\":\"BreadcrumbList\",\"@id\":\"https:\/\/footdavant.fr\/actualites\/ismaila-coulibaly-va-t-il-quitter-sheffield-united-en-janvier\/#breadcrumb\",\"itemListElement\":[{\"@type\":\"ListItem\",\"position\":1,\"name\":\"Accueil\",\"item\":\"https:\/\/footdavant.fr\/actualites\/\"},{\"@type\":\"ListItem\",\"position\":2,\"name\":\"Isma\u00efla Coulibaly va-t-il quitter Sheffield United en janvier ?\"}]},{\"@type\":\"WebSite\",\"@id\":\"https:\/\/footdavant.fr\/actualites\/#website\",\"url\":\"https:\/\/footdavant.fr\/actualites\/\",\"name\":\"Foot d'avant\",\"description\":\"\",\"publisher\":{\"@id\":\"https:\/\/footdavant.fr\/actualites\/#organization\"},\"potentialAction\":[{\"@type\":\"SearchAction\",\"target\":{\"@type\":\"EntryPoint\",\"urlTemplate\":\"https:\/\/footdavant.fr\/actualites\/?s={search_term_string}\"},\"query-input\":\"required name=search_term_string\"}],\"inLanguage\":\"fr-FR\"},{\"@type\":\"Organization\",\"@id\":\"https:\/\/footdavant.fr\/actualites\/#organization\",\"name\":\"Foot d'avant\",\"url\":\"https:\/\/footdavant.fr\/actualites\/\",\"logo\":{\"@type\":\"ImageObject\",\"inLanguage\":\"fr-FR\",\"@id\":\"https:\/\/footdavant.fr\/actualites\/#\/schema\/logo\/image\/\",\"url\":\"https:\/\/footdavant.fr\/actualites\/wp-content\/uploads\/2023\/09\/Copy-of-FootDavant-Logo.png\",\"contentUrl\":\"https:\/\/footdavant.fr\/actualites\/wp-content\/uploads\/2023\/09\/Copy-of-FootDavant-Logo.png\",\"width\":936,\"height\":549,\"caption\":\"Foot d'avant\"},\"image\":{\"@id\":\"https:\/\/footdavant.fr\/actualites\/#\/schema\/logo\/image\/\"},\"sameAs\":[\"https:\/\/www.facebook.com\/Footdavant\/\",\"https:\/\/twitter.com\/FootdavantFr\",\"https:\/\/www.instagram.com\/footdavant.fr\/\"]},{\"@type\":\"Person\",\"@id\":\"https:\/\/footdavant.fr\/actualites\/#\/schema\/person\/bc222566d95871b37e597b3ed3ba5e1d\",\"name\":\"Cl\u00e9ment\",\"image\":{\"@type\":\"ImageObject\",\"inLanguage\":\"fr-FR\",\"@id\":\"https:\/\/footdavant.fr\/actualites\/#\/schema\/person\/image\/\",\"url\":\"https:\/\/secure.gravatar.com\/avatar\/7728b29aac2719421e1a9159b2254c44?s=96&d=mm&r=g\",\"contentUrl\":\"https:\/\/secure.gravatar.com\/avatar\/7728b29aac2719421e1a9159b2254c44?s=96&d=mm&r=g\",\"caption\":\"Cl\u00e9ment\"},\"sameAs\":[\"https:\/\/footdavant.fr\/\"]}]}<\/script>\n<!-- \/ Yoast SEO plugin. -->","yoast_head_json":{"title":"Isma\u00efla Coulibaly va-t-il quitter Sheffield United en janvier ?","robots":{"index":"index","follow":"follow","max-snippet":"max-snippet:-1","max-image-preview":"max-image-preview:large","max-video-preview":"max-video-preview:-1"},"canonical":"https:\/\/footdavant.fr\/actualites\/ismaila-coulibaly-va-t-il-quitter-sheffield-united-en-janvier\/","og_locale":"fr_FR","og_type":"article","og_title":"Isma\u00efla Coulibaly va-t-il quitter Sheffield United en janvier ?","og_description":"Sheffield United serait pr\u00eat \u00e0 laisser partir le milieu de terrain Ismaila Coulibaly en janvier, le club su\u00e9dois de l&rsquo;AIK Fotboll \u00e9tant attach\u00e9 \u00e0 l&rsquo;international","og_url":"https:\/\/footdavant.fr\/actualites\/ismaila-coulibaly-va-t-il-quitter-sheffield-united-en-janvier\/","og_site_name":"Foot d&#039;avant","article_publisher":"https:\/\/www.facebook.com\/Footdavant\/","article_published_time":"2023-12-23T03:49:01+00:00","article_modified_time":"2023-12-23T03:49:02+00:00","og_image":[{"width":640,"height":480,"url":"https:\/\/footdavant.fr\/actualites\/wp-content\/uploads\/2023\/12\/Ismaila-Coulibaly-va-t-il-quitter-Sheffield-United-en-janvier.png","type":"image\/png"}],"author":"Cl\u00e9ment","twitter_card":"summary_large_image","twitter_creator":"@FootdavantFr","twitter_site":"@FootdavantFr","twitter_misc":{"\u00c9crit par":"Cl\u00e9ment","Dur\u00e9e de lecture estim\u00e9e":"3 minutes"},"schema":{"@context":"https:\/\/schema.org","@graph":[{"@type":"Article","@id":"https:\/\/footdavant.fr\/actualites\/ismaila-coulibaly-va-t-il-quitter-sheffield-united-en-janvier\/#article","isPartOf":{"@id":"https:\/\/footdavant.fr\/actualites\/ismaila-coulibaly-va-t-il-quitter-sheffield-united-en-janvier\/"},"author":{"name":"Cl\u00e9ment","@id":"https:\/\/footdavant.fr\/actualites\/#\/schema\/person\/bc222566d95871b37e597b3ed3ba5e1d"},"headline":"Isma\u00efla Coulibaly va-t-il quitter Sheffield United en janvier ?","datePublished":"2023-12-23T03:49:01+00:00","dateModified":"2023-12-23T03:49:02+00:00","mainEntityOfPage":{"@id":"https:\/\/footdavant.fr\/actualites\/ismaila-coulibaly-va-t-il-quitter-sheffield-united-en-janvier\/"},"wordCount":541,"publisher":{"@id":"https:\/\/footdavant.fr\/actualites\/#organization"},"keywords":["Coulibaly","Isma\u00efla","janvier","quitter","Sheffield","United","vatil"],"articleSection":["Premier League"],"inLanguage":"fr-FR"},{"@type":"WebPage","@id":"https:\/\/footdavant.fr\/actualites\/ismaila-coulibaly-va-t-il-quitter-sheffield-united-en-janvier\/","url":"https:\/\/footdavant.fr\/actualites\/ismaila-coulibaly-va-t-il-quitter-sheffield-united-en-janvier\/","name":"Isma\u00efla Coulibaly va-t-il quitter Sheffield United en janvier ?","isPartOf":{"@id":"https:\/\/footdavant.fr\/actualites\/#website"},"datePublished":"2023-12-23T03:49:01+00:00","dateModified":"2023-12-23T03:49:02+00:00","breadcrumb":{"@id":"https:\/\/footdavant.fr\/actualites\/ismaila-coulibaly-va-t-il-quitter-sheffield-united-en-janvier\/#breadcrumb"},"inLanguage":"fr-FR","potentialAction":[{"@type":"ReadAction","target":["https:\/\/footdavant.fr\/actualites\/ismaila-coulibaly-va-t-il-quitter-sheffield-united-en-janvier\/"]}]},{"@type":"BreadcrumbList","@id":"https:\/\/footdavant.fr\/actualites\/ismaila-coulibaly-va-t-il-quitter-sheffield-united-en-janvier\/#breadcrumb","itemListElement":[{"@type":"ListItem","position":1,"name":"Accueil","item":"https:\/\/footdavant.fr\/actualites\/"},{"@type":"ListItem","position":2,"name":"Isma\u00efla Coulibaly va-t-il quitter Sheffield United en janvier ?"}]},{"@type":"WebSite","@id":"https:\/\/footdavant.fr\/actualites\/#website","url":"https:\/\/footdavant.fr\/actualites\/","name":"Foot d'avant","description":"","publisher":{"@id":"https:\/\/footdavant.fr\/actualites\/#organization"},"potentialAction":[{"@type":"SearchAction","target":{"@type":"EntryPoint","urlTemplate":"https:\/\/footdavant.fr\/actualites\/?s={search_term_string}"},"query-input":"required name=search_term_string"}],"inLanguage":"fr-FR"},{"@type":"Organization","@id":"https:\/\/footdavant.fr\/actualites\/#organization","name":"Foot d'avant","url":"https:\/\/footdavant.fr\/actualites\/","logo":{"@type":"ImageObject","inLanguage":"fr-FR","@id":"https:\/\/footdavant.fr\/actualites\/#\/schema\/logo\/image\/","url":"https:\/\/footdavant.fr\/actualites\/wp-content\/uploads\/2023\/09\/Copy-of-FootDavant-Logo.png","contentUrl":"https:\/\/footdavant.fr\/actualites\/wp-content\/uploads\/2023\/09\/Copy-of-FootDavant-Logo.png","width":936,"height":549,"caption":"Foot d'avant"},"image":{"@id":"https:\/\/footdavant.fr\/actualites\/#\/schema\/logo\/image\/"},"sameAs":["https:\/\/www.facebook.com\/Footdavant\/","https:\/\/twitter.com\/FootdavantFr","https:\/\/www.instagram.com\/footdavant.fr\/"]},{"@type":"Person","@id":"https:\/\/footdavant.fr\/actualites\/#\/schema\/person\/bc222566d95871b37e597b3ed3ba5e1d","name":"Cl\u00e9ment","image":{"@type":"ImageObject","inLanguage":"fr-FR","@id":"https:\/\/footdavant.fr\/actualites\/#\/schema\/person\/image\/","url":"https:\/\/secure.gravatar.com\/avatar\/7728b29aac2719421e1a9159b2254c44?s=96&d=mm&r=g","contentUrl":"https:\/\/secure.gravatar.com\/avatar\/7728b29aac2719421e1a9159b2254c44?s=96&d=mm&r=g","caption":"Cl\u00e9ment"},"sameAs":["https:\/\/footdavant.fr\/"]}]}},"_links":{"self":[{"href":"https:\/\/footdavant.fr\/actualites\/wp-json\/wp\/v2\/posts\/2906"}],"collection":[{"href":"https:\/\/footdavant.fr\/actualites\/wp-json\/wp\/v2\/posts"}],"about":[{"href":"https:\/\/footdavant.fr\/actualites\/wp-json\/wp\/v2\/types\/post"}],"author":[{"embeddable":true,"href":"https:\/\/footdavant.fr\/actualites\/wp-json\/wp\/v2\/users\/1"}],"replies":[{"embeddable":true,"href":"https:\/\/footdavant.fr\/actualites\/wp-json\/wp\/v2\/comments?post=2906"}],"version-history":[{"count":1,"href":"https:\/\/footdavant.fr\/actualites\/wp-json\/wp\/v2\/posts\/2906\/revisions"}],"predecessor-version":[{"id":2908,"href":"https:\/\/footdavant.fr\/actualites\/wp-json\/wp\/v2\/posts\/2906\/revisions\/2908"}],"wp:featuredmedia":[{"embeddable":true,"href":"https:\/\/footdavant.fr\/actualites\/wp-json\/wp\/v2\/media\/2907"}],"wp:attachment":[{"href":"https:\/\/footdavant.fr\/actualites\/wp-json\/wp\/v2\/media?parent=2906"}],"wp:term":[{"taxonomy":"category","embeddable":true,"href":"https:\/\/footdavant.fr\/actualites\/wp-json\/wp\/v2\/categories?post=2906"},{"taxonomy":"post_tag","embeddable":true,"href":"https:\/\/footdavant.fr\/actualites\/wp-json\/wp\/v2\/tags?post=2906"}],"curies":[{"name":"wp","href":"https:\/\/api.w.org\/{rel}","templated":true}]}}