{"id":29061,"date":"2025-09-27T02:48:36","date_gmt":"2025-09-27T00:48:36","guid":{"rendered":"https:\/\/footdavant.fr\/actualites\/liverpool-pour-ouvrir-des-pourparlers-avec-une-extension-de-contrat-performance-uplift-de-recommandation-de-performance-uplift\/"},"modified":"2025-09-27T02:48:37","modified_gmt":"2025-09-27T00:48:37","slug":"liverpool-pour-ouvrir-des-pourparlers-avec-une-extension-de-contrat-performance-uplift-de-recommandation-de-performance-uplift","status":"publish","type":"post","link":"https:\/\/footdavant.fr\/actualites\/liverpool-pour-ouvrir-des-pourparlers-avec-une-extension-de-contrat-performance-uplift-de-recommandation-de-performance-uplift\/","title":{"rendered":"Liverpool pour ouvrir des pourparlers avec une extension de contrat \u00abPerformance Uplift\u00bb de recommandation de \u00abPerformance Uplift\u00bb"},"content":{"rendered":"<p>Liverpool serait pr\u00eat \u00e0 ouvrir des pourparlers avec l&#39;une de leurs stars du milieu de terrain sur un nouveau contrat, mais il n&#39;y a \u00abaucune urgence\u00bb \u00e0 l&#39;un ou l&#39;autre des deux extr\u00e9mit\u00e9s pour obtenir un accord rapidement.<\/p>\n<div id=\"article_body\" itemprop=\"articleBody\">\n<h3 class=\"firstPara\"><\/h3>\n<p><strong class=\"autotag\">Liverpool serait pr\u00eat \u00e0 participer \u00e0 l&#39;un de leurs briseurs record par rapport \u00e0 un nouveau contrat, mais il n&#39;y a aucune urgence de chaque c\u00f4t\u00e9 pour conclure un accord \u00e0 la h\u00e2te.<\/p>\n<p>Les Reds ont maintenu leur d\u00e9but impeccable pour la saison nationale &#8211; \u00e0 l&#39;exclusion de la d\u00e9faite du bouclier communautaire contre Crystal Palace &#8211; lors de la victoire de troisi\u00e8me tour de la Coupe EFL 2-1 mardi contre Southampton \u00e0 Anfield.<\/p>\n<p><strong class=\"autotag\">Les hommes d&#39;Arne Slot ont \u00e9galement cinq pour cinq en Premier League apr\u00e8s avoir surmont\u00e9 Everton par le m\u00eame score dans le Derby du Merseyside du week-end, o\u00f9 <strong class=\"autotag\">Ryan Gravenberch a obtenu une tranche de l&#39;histoire du football anglaise.<\/p>\n<p>\u00c0 23 ans et 127 jours, le N\u00e9erlandais a marqu\u00e9 l&#39;ouvreur des Reds avant de cr\u00e9er Hugo Ekitike pour le deuxi\u00e8me des d\u00e9tenteurs, battant ainsi le record du plus jeune joueur de Liverpool pour marquer et aider dans un derby de Merseyside de Premier League.<\/p>\n<p>L&#39;ancien homme du Bayern Munich est entr\u00e9 dans l&#39;un des milieux de terrain les plus v\u00e9n\u00e9r\u00e9s de la Premier League depuis que Slot a pris en charge, et selon Ben Jacobs, il est maintenant pr\u00eat pour un tout nouveau contrat sur le Merseyside.<\/p>\n<h2>\u00ab\u00a0 Aucune urgence &#39;&#39; sur le nouveau contrat de Gravenberch Liverpool<\/h2>\n<p class=\"imgI\">\n<p>Gravenberch est toujours dans les m\u00eames termes qu&#39;il a \u00e9crit \u00e0 son arriv\u00e9e \u00e0 Anfield en 2023, et le contrat du milieu de terrain n&#39;expire pas encore trois ans, il n&#39;y a donc pas de pr\u00e9cipitation pour l&#39;attacher rapidement.<\/p>\n<p>Cependant, Jacobs affirme que les discussions sur un nouvel accord devraient commencer dans les mois d&#39;hiver, car Liverpool est d\u00e9sireux de r\u00e9compenser l&#39;international des Pays-Bas avec de nouveaux termes qui refl\u00e8tent son statut dans l&#39;\u00e9quipe.<\/p>\n<p>Une \u00ab\u00a0 extension de remont\u00e9e de la performance &#39;&#39; serait en pr\u00e9paration pour Gravenberch, qui rapporte actuellement 150 000 \u00a3 par semaine \u00e0 Anfield selon <em>Capologie<\/em>faisant de lui le joueur conjoint huiti\u00e8me plus \u00e9lev\u00e9 de l&#39;\u00e9quipe aux c\u00f4t\u00e9s d&#39;Alexis Mac Allister, Federico Chiesa et Alisson Becker.<\/p>\n<p>Le joueur de 23 ans n&#39;\u00e9tait qu&#39;un joueur bit-partie lors de sa premi\u00e8re saison sous <strong class=\"autotag\">Jurgen Klopp, mais il a commenc\u00e9 37 matchs de Premier League lors de la course de Liverpool \u00e0 Glory la saison derni\u00e8re et a \u00e9t\u00e9 r\u00e9compens\u00e9 par le jeune joueur de la saison de la comp\u00e9tition. <\/p>\n<p>Gravenberch a maintenant marqu\u00e9 six buts et huit passes d\u00e9cisives en 92 apparitions pour les champions anglais dans tous les tournois, et il a d\u00e9j\u00e0 contribu\u00e9 \u00e0 quatre buts de cinq matchs aussi.<\/p>\n<h2>Quelles autres situations de contrat doivent-elles r\u00e9gler Liverpool?<\/h2>\n<p class=\"imgI\"><img decoding=\"async\" alt=\"Konate Ibrahima de Liverpool illustr\u00e9 le 9 mars 2025\" class=\"vanilla-lazyload article-image\" src=\"https:\/\/footdavant.fr\/actualites\/wp-content\/uploads\/2025\/07\/Liverpool-39dispose-a-offrir-un-konate-Ibrahima-plus-304-millions.jpg\"><\/p>\n<p>Alors que Gravenberch est toujours li\u00e9 \u00e0 Liverpool pendant encore trois ans et devrait signer une prolongation avec un minimum d&#39;agitation, les Reds ont des questions plus urgentes en termes de contrat.<\/p>\n<p>Tout <strong class=\"autotag\">Ibrahima Konate, Andy Robertson, Trey Nyoni et Rio Ngumoha sont sans contrat \u00e0 la fin de la saison, et bien que les deux premiers se dirigent vers la porte de sortie, garder les jeunes devrait \u00eatre une question de priorit\u00e9.<\/p>\n<p>Liverpool n&#39;a \u00e9galement pas moins de sept joueurs hors contrat en 2027, bien que les discussions ne devraient certainement pas avoir lieu avec Alisson Becker, Virgil Van Dijk, Wataru Endo ou Mohamed Salah imminente.<\/p>\n<p>Joe Gomez est probablement dans le m\u00eame bateau compte tenu de ses probl\u00e8mes de fitness et de son statut dans l&#39;\u00e9quipe, mais Curtis Jones et Stefan Bajcetic devraient \u00e9galement partir dans deux ans, et ce serait une surprise de voir les premiers conditions non am\u00e9lior\u00e9es.<\/p>\n<div class=\"author_box\">\n<div class=\"author_box_banner\"> <img decoding=\"async\" class=\"author_img\" src=\"https:\/\/footdavant.fr\/actualites\/wp-content\/uploads\/2025\/06\/1749127685_316_Equipe-de-la-Ligue-des-champions-du-tournoi-Lamine-Yamal.jpg\"><\/div>\n<\/div>\n<\/div>\n","protected":false},"excerpt":{"rendered":"<p>Liverpool serait pr\u00eat \u00e0 ouvrir des pourparlers avec l&#39;une de leurs stars du milieu de terrain sur un nouveau contrat, mais il n&#39;y a \u00abaucune<\/p>\n","protected":false},"author":1,"featured_media":29062,"comment_status":"closed","ping_status":"","sticky":false,"template":"","format":"standard","meta":{"footnotes":""},"categories":[5],"tags":[91,1218,12,8282,53,6211,81,51,2077,6644,92,10614],"yoast_head":"<!-- This site is optimized with the Yoast SEO plugin v21.0 - https:\/\/yoast.com\/wordpress\/plugins\/seo\/ -->\n<title>Liverpool pour ouvrir des pourparlers avec une extension de contrat \u00abPerformance Uplift\u00bb de recommandation de \u00abPerformance Uplift\u00bb<\/title>\n<meta name=\"robots\" content=\"index, follow, max-snippet:-1, max-image-preview:large, max-video-preview:-1\" \/>\n<link rel=\"canonical\" href=\"https:\/\/footdavant.fr\/actualites\/liverpool-pour-ouvrir-des-pourparlers-avec-une-extension-de-contrat-performance-uplift-de-recommandation-de-performance-uplift\/\" \/>\n<meta property=\"og:locale\" content=\"fr_FR\" \/>\n<meta property=\"og:type\" content=\"article\" \/>\n<meta property=\"og:title\" content=\"Liverpool pour ouvrir des pourparlers avec une extension de contrat \u00abPerformance Uplift\u00bb de recommandation de \u00abPerformance Uplift\u00bb\" \/>\n<meta property=\"og:description\" content=\"Liverpool serait pr\u00eat \u00e0 ouvrir des pourparlers avec l&#039;une de leurs stars du milieu de terrain sur un nouveau contrat, mais il n&#039;y a \u00abaucune\" \/>\n<meta property=\"og:url\" content=\"https:\/\/footdavant.fr\/actualites\/liverpool-pour-ouvrir-des-pourparlers-avec-une-extension-de-contrat-performance-uplift-de-recommandation-de-performance-uplift\/\" \/>\n<meta property=\"og:site_name\" content=\"Foot d&#039;avant\" \/>\n<meta property=\"article:publisher\" content=\"https:\/\/www.facebook.com\/Footdavant\/\" \/>\n<meta property=\"article:published_time\" content=\"2025-09-27T00:48:36+00:00\" \/>\n<meta property=\"article:modified_time\" content=\"2025-09-27T00:48:37+00:00\" \/>\n<meta property=\"og:image\" content=\"https:\/\/footdavant.fr\/actualites\/wp-content\/uploads\/2025\/09\/Liverpool-pour-ouvrir-des-pourparlers-avec-une-extension-de-contrat.jpg\" \/>\n\t<meta property=\"og:image:width\" content=\"640\" \/>\n\t<meta property=\"og:image:height\" content=\"480\" \/>\n\t<meta property=\"og:image:type\" content=\"image\/jpeg\" \/>\n<meta name=\"author\" content=\"Cl\u00e9ment\" \/>\n<meta name=\"twitter:card\" content=\"summary_large_image\" \/>\n<meta name=\"twitter:creator\" content=\"@FootdavantFr\" \/>\n<meta name=\"twitter:site\" content=\"@FootdavantFr\" \/>\n<meta name=\"twitter:label1\" content=\"\u00c9crit par\" \/>\n\t<meta name=\"twitter:data1\" content=\"Cl\u00e9ment\" \/>\n\t<meta name=\"twitter:label2\" content=\"Dur\u00e9e de lecture estim\u00e9e\" \/>\n\t<meta name=\"twitter:data2\" content=\"3 minutes\" \/>\n<script type=\"application\/ld+json\" class=\"yoast-schema-graph\">{\"@context\":\"https:\/\/schema.org\",\"@graph\":[{\"@type\":\"Article\",\"@id\":\"https:\/\/footdavant.fr\/actualites\/liverpool-pour-ouvrir-des-pourparlers-avec-une-extension-de-contrat-performance-uplift-de-recommandation-de-performance-uplift\/#article\",\"isPartOf\":{\"@id\":\"https:\/\/footdavant.fr\/actualites\/liverpool-pour-ouvrir-des-pourparlers-avec-une-extension-de-contrat-performance-uplift-de-recommandation-de-performance-uplift\/\"},\"author\":{\"name\":\"Cl\u00e9ment\",\"@id\":\"https:\/\/footdavant.fr\/actualites\/#\/schema\/person\/bc222566d95871b37e597b3ed3ba5e1d\"},\"headline\":\"Liverpool pour ouvrir des pourparlers avec une extension de contrat \u00abPerformance Uplift\u00bb de recommandation de \u00abPerformance Uplift\u00bb\",\"datePublished\":\"2025-09-27T00:48:36+00:00\",\"dateModified\":\"2025-09-27T00:48:37+00:00\",\"mainEntityOfPage\":{\"@id\":\"https:\/\/footdavant.fr\/actualites\/liverpool-pour-ouvrir-des-pourparlers-avec-une-extension-de-contrat-performance-uplift-de-recommandation-de-performance-uplift\/\"},\"wordCount\":668,\"publisher\":{\"@id\":\"https:\/\/footdavant.fr\/actualites\/#organization\"},\"keywords\":[\"avec\",\"contrat\",\"des\",\"Extension\",\"Liverpool\",\"ouvrir\",\"performance\",\"pour\",\"pourparlers\",\"recommandation\",\"une\",\"Uplift\"],\"articleSection\":[\"Premier League\"],\"inLanguage\":\"fr-FR\"},{\"@type\":\"WebPage\",\"@id\":\"https:\/\/footdavant.fr\/actualites\/liverpool-pour-ouvrir-des-pourparlers-avec-une-extension-de-contrat-performance-uplift-de-recommandation-de-performance-uplift\/\",\"url\":\"https:\/\/footdavant.fr\/actualites\/liverpool-pour-ouvrir-des-pourparlers-avec-une-extension-de-contrat-performance-uplift-de-recommandation-de-performance-uplift\/\",\"name\":\"Liverpool pour ouvrir des pourparlers avec une extension de contrat \u00abPerformance Uplift\u00bb de recommandation de \u00abPerformance Uplift\u00bb\",\"isPartOf\":{\"@id\":\"https:\/\/footdavant.fr\/actualites\/#website\"},\"datePublished\":\"2025-09-27T00:48:36+00:00\",\"dateModified\":\"2025-09-27T00:48:37+00:00\",\"breadcrumb\":{\"@id\":\"https:\/\/footdavant.fr\/actualites\/liverpool-pour-ouvrir-des-pourparlers-avec-une-extension-de-contrat-performance-uplift-de-recommandation-de-performance-uplift\/#breadcrumb\"},\"inLanguage\":\"fr-FR\",\"potentialAction\":[{\"@type\":\"ReadAction\",\"target\":[\"https:\/\/footdavant.fr\/actualites\/liverpool-pour-ouvrir-des-pourparlers-avec-une-extension-de-contrat-performance-uplift-de-recommandation-de-performance-uplift\/\"]}]},{\"@type\":\"BreadcrumbList\",\"@id\":\"https:\/\/footdavant.fr\/actualites\/liverpool-pour-ouvrir-des-pourparlers-avec-une-extension-de-contrat-performance-uplift-de-recommandation-de-performance-uplift\/#breadcrumb\",\"itemListElement\":[{\"@type\":\"ListItem\",\"position\":1,\"name\":\"Accueil\",\"item\":\"https:\/\/footdavant.fr\/actualites\/\"},{\"@type\":\"ListItem\",\"position\":2,\"name\":\"Liverpool pour ouvrir des pourparlers avec une extension de contrat \u00abPerformance Uplift\u00bb de recommandation de \u00abPerformance Uplift\u00bb\"}]},{\"@type\":\"WebSite\",\"@id\":\"https:\/\/footdavant.fr\/actualites\/#website\",\"url\":\"https:\/\/footdavant.fr\/actualites\/\",\"name\":\"Foot d'avant\",\"description\":\"\",\"publisher\":{\"@id\":\"https:\/\/footdavant.fr\/actualites\/#organization\"},\"potentialAction\":[{\"@type\":\"SearchAction\",\"target\":{\"@type\":\"EntryPoint\",\"urlTemplate\":\"https:\/\/footdavant.fr\/actualites\/?s={search_term_string}\"},\"query-input\":\"required name=search_term_string\"}],\"inLanguage\":\"fr-FR\"},{\"@type\":\"Organization\",\"@id\":\"https:\/\/footdavant.fr\/actualites\/#organization\",\"name\":\"Foot d'avant\",\"url\":\"https:\/\/footdavant.fr\/actualites\/\",\"logo\":{\"@type\":\"ImageObject\",\"inLanguage\":\"fr-FR\",\"@id\":\"https:\/\/footdavant.fr\/actualites\/#\/schema\/logo\/image\/\",\"url\":\"https:\/\/footdavant.fr\/actualites\/wp-content\/uploads\/2023\/09\/Copy-of-FootDavant-Logo.png\",\"contentUrl\":\"https:\/\/footdavant.fr\/actualites\/wp-content\/uploads\/2023\/09\/Copy-of-FootDavant-Logo.png\",\"width\":936,\"height\":549,\"caption\":\"Foot d'avant\"},\"image\":{\"@id\":\"https:\/\/footdavant.fr\/actualites\/#\/schema\/logo\/image\/\"},\"sameAs\":[\"https:\/\/www.facebook.com\/Footdavant\/\",\"https:\/\/twitter.com\/FootdavantFr\",\"https:\/\/www.instagram.com\/footdavant.fr\/\"]},{\"@type\":\"Person\",\"@id\":\"https:\/\/footdavant.fr\/actualites\/#\/schema\/person\/bc222566d95871b37e597b3ed3ba5e1d\",\"name\":\"Cl\u00e9ment\",\"image\":{\"@type\":\"ImageObject\",\"inLanguage\":\"fr-FR\",\"@id\":\"https:\/\/footdavant.fr\/actualites\/#\/schema\/person\/image\/\",\"url\":\"https:\/\/secure.gravatar.com\/avatar\/7728b29aac2719421e1a9159b2254c44?s=96&d=mm&r=g\",\"contentUrl\":\"https:\/\/secure.gravatar.com\/avatar\/7728b29aac2719421e1a9159b2254c44?s=96&d=mm&r=g\",\"caption\":\"Cl\u00e9ment\"},\"sameAs\":[\"https:\/\/footdavant.fr\/\"]}]}<\/script>\n<!-- \/ Yoast SEO plugin. -->","yoast_head_json":{"title":"Liverpool pour ouvrir des pourparlers avec une extension de contrat \u00abPerformance Uplift\u00bb de recommandation de \u00abPerformance Uplift\u00bb","robots":{"index":"index","follow":"follow","max-snippet":"max-snippet:-1","max-image-preview":"max-image-preview:large","max-video-preview":"max-video-preview:-1"},"canonical":"https:\/\/footdavant.fr\/actualites\/liverpool-pour-ouvrir-des-pourparlers-avec-une-extension-de-contrat-performance-uplift-de-recommandation-de-performance-uplift\/","og_locale":"fr_FR","og_type":"article","og_title":"Liverpool pour ouvrir des pourparlers avec une extension de contrat \u00abPerformance Uplift\u00bb de recommandation de \u00abPerformance Uplift\u00bb","og_description":"Liverpool serait pr\u00eat \u00e0 ouvrir des pourparlers avec l&#39;une de leurs stars du milieu de terrain sur un nouveau contrat, mais il n&#39;y a \u00abaucune","og_url":"https:\/\/footdavant.fr\/actualites\/liverpool-pour-ouvrir-des-pourparlers-avec-une-extension-de-contrat-performance-uplift-de-recommandation-de-performance-uplift\/","og_site_name":"Foot d&#039;avant","article_publisher":"https:\/\/www.facebook.com\/Footdavant\/","article_published_time":"2025-09-27T00:48:36+00:00","article_modified_time":"2025-09-27T00:48:37+00:00","og_image":[{"width":640,"height":480,"url":"https:\/\/footdavant.fr\/actualites\/wp-content\/uploads\/2025\/09\/Liverpool-pour-ouvrir-des-pourparlers-avec-une-extension-de-contrat.jpg","type":"image\/jpeg"}],"author":"Cl\u00e9ment","twitter_card":"summary_large_image","twitter_creator":"@FootdavantFr","twitter_site":"@FootdavantFr","twitter_misc":{"\u00c9crit par":"Cl\u00e9ment","Dur\u00e9e de lecture estim\u00e9e":"3 minutes"},"schema":{"@context":"https:\/\/schema.org","@graph":[{"@type":"Article","@id":"https:\/\/footdavant.fr\/actualites\/liverpool-pour-ouvrir-des-pourparlers-avec-une-extension-de-contrat-performance-uplift-de-recommandation-de-performance-uplift\/#article","isPartOf":{"@id":"https:\/\/footdavant.fr\/actualites\/liverpool-pour-ouvrir-des-pourparlers-avec-une-extension-de-contrat-performance-uplift-de-recommandation-de-performance-uplift\/"},"author":{"name":"Cl\u00e9ment","@id":"https:\/\/footdavant.fr\/actualites\/#\/schema\/person\/bc222566d95871b37e597b3ed3ba5e1d"},"headline":"Liverpool pour ouvrir des pourparlers avec une extension de contrat \u00abPerformance Uplift\u00bb de recommandation de \u00abPerformance Uplift\u00bb","datePublished":"2025-09-27T00:48:36+00:00","dateModified":"2025-09-27T00:48:37+00:00","mainEntityOfPage":{"@id":"https:\/\/footdavant.fr\/actualites\/liverpool-pour-ouvrir-des-pourparlers-avec-une-extension-de-contrat-performance-uplift-de-recommandation-de-performance-uplift\/"},"wordCount":668,"publisher":{"@id":"https:\/\/footdavant.fr\/actualites\/#organization"},"keywords":["avec","contrat","des","Extension","Liverpool","ouvrir","performance","pour","pourparlers","recommandation","une","Uplift"],"articleSection":["Premier League"],"inLanguage":"fr-FR"},{"@type":"WebPage","@id":"https:\/\/footdavant.fr\/actualites\/liverpool-pour-ouvrir-des-pourparlers-avec-une-extension-de-contrat-performance-uplift-de-recommandation-de-performance-uplift\/","url":"https:\/\/footdavant.fr\/actualites\/liverpool-pour-ouvrir-des-pourparlers-avec-une-extension-de-contrat-performance-uplift-de-recommandation-de-performance-uplift\/","name":"Liverpool pour ouvrir des pourparlers avec une extension de contrat \u00abPerformance Uplift\u00bb de recommandation de \u00abPerformance Uplift\u00bb","isPartOf":{"@id":"https:\/\/footdavant.fr\/actualites\/#website"},"datePublished":"2025-09-27T00:48:36+00:00","dateModified":"2025-09-27T00:48:37+00:00","breadcrumb":{"@id":"https:\/\/footdavant.fr\/actualites\/liverpool-pour-ouvrir-des-pourparlers-avec-une-extension-de-contrat-performance-uplift-de-recommandation-de-performance-uplift\/#breadcrumb"},"inLanguage":"fr-FR","potentialAction":[{"@type":"ReadAction","target":["https:\/\/footdavant.fr\/actualites\/liverpool-pour-ouvrir-des-pourparlers-avec-une-extension-de-contrat-performance-uplift-de-recommandation-de-performance-uplift\/"]}]},{"@type":"BreadcrumbList","@id":"https:\/\/footdavant.fr\/actualites\/liverpool-pour-ouvrir-des-pourparlers-avec-une-extension-de-contrat-performance-uplift-de-recommandation-de-performance-uplift\/#breadcrumb","itemListElement":[{"@type":"ListItem","position":1,"name":"Accueil","item":"https:\/\/footdavant.fr\/actualites\/"},{"@type":"ListItem","position":2,"name":"Liverpool pour ouvrir des pourparlers avec une extension de contrat \u00abPerformance Uplift\u00bb de recommandation de \u00abPerformance Uplift\u00bb"}]},{"@type":"WebSite","@id":"https:\/\/footdavant.fr\/actualites\/#website","url":"https:\/\/footdavant.fr\/actualites\/","name":"Foot d'avant","description":"","publisher":{"@id":"https:\/\/footdavant.fr\/actualites\/#organization"},"potentialAction":[{"@type":"SearchAction","target":{"@type":"EntryPoint","urlTemplate":"https:\/\/footdavant.fr\/actualites\/?s={search_term_string}"},"query-input":"required name=search_term_string"}],"inLanguage":"fr-FR"},{"@type":"Organization","@id":"https:\/\/footdavant.fr\/actualites\/#organization","name":"Foot d'avant","url":"https:\/\/footdavant.fr\/actualites\/","logo":{"@type":"ImageObject","inLanguage":"fr-FR","@id":"https:\/\/footdavant.fr\/actualites\/#\/schema\/logo\/image\/","url":"https:\/\/footdavant.fr\/actualites\/wp-content\/uploads\/2023\/09\/Copy-of-FootDavant-Logo.png","contentUrl":"https:\/\/footdavant.fr\/actualites\/wp-content\/uploads\/2023\/09\/Copy-of-FootDavant-Logo.png","width":936,"height":549,"caption":"Foot d'avant"},"image":{"@id":"https:\/\/footdavant.fr\/actualites\/#\/schema\/logo\/image\/"},"sameAs":["https:\/\/www.facebook.com\/Footdavant\/","https:\/\/twitter.com\/FootdavantFr","https:\/\/www.instagram.com\/footdavant.fr\/"]},{"@type":"Person","@id":"https:\/\/footdavant.fr\/actualites\/#\/schema\/person\/bc222566d95871b37e597b3ed3ba5e1d","name":"Cl\u00e9ment","image":{"@type":"ImageObject","inLanguage":"fr-FR","@id":"https:\/\/footdavant.fr\/actualites\/#\/schema\/person\/image\/","url":"https:\/\/secure.gravatar.com\/avatar\/7728b29aac2719421e1a9159b2254c44?s=96&d=mm&r=g","contentUrl":"https:\/\/secure.gravatar.com\/avatar\/7728b29aac2719421e1a9159b2254c44?s=96&d=mm&r=g","caption":"Cl\u00e9ment"},"sameAs":["https:\/\/footdavant.fr\/"]}]}},"_links":{"self":[{"href":"https:\/\/footdavant.fr\/actualites\/wp-json\/wp\/v2\/posts\/29061"}],"collection":[{"href":"https:\/\/footdavant.fr\/actualites\/wp-json\/wp\/v2\/posts"}],"about":[{"href":"https:\/\/footdavant.fr\/actualites\/wp-json\/wp\/v2\/types\/post"}],"author":[{"embeddable":true,"href":"https:\/\/footdavant.fr\/actualites\/wp-json\/wp\/v2\/users\/1"}],"replies":[{"embeddable":true,"href":"https:\/\/footdavant.fr\/actualites\/wp-json\/wp\/v2\/comments?post=29061"}],"version-history":[{"count":1,"href":"https:\/\/footdavant.fr\/actualites\/wp-json\/wp\/v2\/posts\/29061\/revisions"}],"predecessor-version":[{"id":29063,"href":"https:\/\/footdavant.fr\/actualites\/wp-json\/wp\/v2\/posts\/29061\/revisions\/29063"}],"wp:featuredmedia":[{"embeddable":true,"href":"https:\/\/footdavant.fr\/actualites\/wp-json\/wp\/v2\/media\/29062"}],"wp:attachment":[{"href":"https:\/\/footdavant.fr\/actualites\/wp-json\/wp\/v2\/media?parent=29061"}],"wp:term":[{"taxonomy":"category","embeddable":true,"href":"https:\/\/footdavant.fr\/actualites\/wp-json\/wp\/v2\/categories?post=29061"},{"taxonomy":"post_tag","embeddable":true,"href":"https:\/\/footdavant.fr\/actualites\/wp-json\/wp\/v2\/tags?post=29061"}],"curies":[{"name":"wp","href":"https:\/\/api.w.org\/{rel}","templated":true}]}}