{"id":29075,"date":"2025-09-27T12:48:02","date_gmt":"2025-09-27T10:48:02","guid":{"rendered":"https:\/\/footdavant.fr\/actualites\/manchester-united-a-confirme-xi-ugarte-demarrage-dalot-back-man-united-news-and-transfer-news\/"},"modified":"2025-09-27T12:48:04","modified_gmt":"2025-09-27T10:48:04","slug":"manchester-united-a-confirme-xi-ugarte-demarrage-dalot-back-man-united-news-and-transfer-news","status":"publish","type":"post","link":"https:\/\/footdavant.fr\/actualites\/manchester-united-a-confirme-xi-ugarte-demarrage-dalot-back-man-united-news-and-transfer-news\/","title":{"rendered":"Manchester United a confirm\u00e9 XI: Ugarte D\u00e9marrage, Dalot Back &#8211; Man United News and Transfer News"},"content":{"rendered":"<div id=\"penci-post-entry-inner\">\n<p>\t\t\t<i class=\"penci-post-countview-number-check\" style=\"display:none\">2<\/i><\/p>\n<p><!--Article Start--><br \/>Manchester United a eu une chance glorieuse de remporter des matchs cons\u00e9cutifs pour la premi\u00e8re fois sous Ruben Amorim samedi.<\/p>\n<p>Les Red Devils se sont rendus \u00e0 Londres pour leur match contre Brentford, qui tient l&#39;avantage en termes de r\u00e9sultats r\u00e9cents.<\/p>\n<p>L&#39;entra\u00eeneur-chef a pass\u00e9 quelques appels audacieux avec Diogo Dalot rep\u00each\u00e9 directement dans la formation de d\u00e9part dans l&#39;absence de Amad et Doussair Mazraoui.<\/p>\n<p>\u00c0 l&#39;arri\u00e8re, Harry Maguire conserve sa place au c\u0153ur de la d\u00e9fense, avec Luke Shaw et Matthijs de Ligt commen\u00e7ant \u00e0 ses c\u00f4t\u00e9s.<\/p>\n<h5>Ugarte commence, Mainoo attend \u00e0 nouveau<\/h5>\n<p>Leny Yoro manque \u00e0 nouveau alors que Patrick Dorgu commence \u00e0 gauche avec Diego Leon sur le banc.<\/p>\n<p>Dans le but, Senne Lammens attend toujours ses d\u00e9buts tandis qu&#39;Altay Bayindir conserve sa place de d\u00e9part malgr\u00e9 des performances indiff\u00e9rentes.<\/p>\n<p>Amorim a nomm\u00e9 deux gardiens sur le banc, avec Tom Heaton l\u00e0-bas. Il aurait pu choisir un jeune de l&#39;Acad\u00e9mie \u00e0 la place.<\/p>\n<blockquote class=\"twitter-tweet\" data-width=\"550\" data-dnt=\"true\">\n<p lang=\"en\" dir=\"ltr\">LIGNAGE DE RUBEN dans l&#39;ouest de Londres \u26ab\ufe0f\ud83d\udfe1<\/p>\n<p>&#8211; Manchester United (@manutd) <a rel=\"nofollow\" href=\"https:\/\/twitter.com\/ManUtd\/status\/1971881265117933854?ref_src=twsrc%5Etfw\">27 septembre 2025<\/a><\/p>\n<\/blockquote>\n<p>Au milieu de terrain, avec Casemiro absent, le tacticien portugais a choisi de commencer Manuel Ugarte, avec Kobbie Mainoo attendant le banc pour son premier d\u00e9part en ligue.<\/p>\n<h5>Attaque la plus forte pour la premi\u00e8re fois<\/h5>\n<p>L&#39;Anglais sera d\u00e9\u00e7u de manquer \u00e0 nouveau apr\u00e8s que l&#39;entra\u00eeneur-chef a pass\u00e9 du temps avec lui sur le terrain d&#39;entra\u00eenement.<\/p>\n<p>Amorim a nomm\u00e9 sa plus forte attaque pour la premi\u00e8re fois cette saison avec Matheus Cunha, Bryan Mbeumo et Benjamin Sesko qui commencent tous.<\/p>\n<p>Mason Mount manque, malgr\u00e9 son impressionnant record contre les abeilles depuis son d\u00e9m\u00e9nagement \u00e0 Old Trafford.<\/p>\n<p>  Bayindir, Maguire, de Ligt, Shaw, Dorgu, Dalot, Ugarte, Fernandes, MBEUMO, Sesko, Cunha.<\/p>\n<p> Heaton, Lammens, Fredricson, Heaven, Leon, Yoro, Mainoo, Mount, Zirkzee.<\/p>\n<\/p>\n<hr>\n<p>Suivez-nous sur bluesky: @ PeopleSerson.bsky.social<br \/><!--Article End--><\/p>\n<p><!-- CONTENT END 2 --><\/p><\/div>\n<p><script async src=\"https:\/\/platform.twitter.com\/widgets.js\" charset=\"utf-8\"><\/script><\/p>\n","protected":false},"excerpt":{"rendered":"<p>2 Manchester United a eu une chance glorieuse de remporter des matchs cons\u00e9cutifs pour la premi\u00e8re fois sous Ruben Amorim samedi. Les Red Devils se<\/p>\n","protected":false},"author":1,"featured_media":29076,"comment_status":"closed","ping_status":"","sticky":false,"template":"","format":"standard","meta":{"footnotes":""},"categories":[3],"tags":[40,1356,7775,24,11,409,2732,6073,13],"yoast_head":"<!-- This site is optimized with the Yoast SEO plugin v21.0 - https:\/\/yoast.com\/wordpress\/plugins\/seo\/ -->\n<title>Manchester United a confirm\u00e9 XI: Ugarte D\u00e9marrage, Dalot Back - Man United News and Transfer News<\/title>\n<meta name=\"robots\" content=\"index, follow, max-snippet:-1, max-image-preview:large, max-video-preview:-1\" \/>\n<link rel=\"canonical\" href=\"https:\/\/footdavant.fr\/actualites\/manchester-united-a-confirme-xi-ugarte-demarrage-dalot-back-man-united-news-and-transfer-news\/\" \/>\n<meta property=\"og:locale\" content=\"fr_FR\" \/>\n<meta property=\"og:type\" content=\"article\" \/>\n<meta property=\"og:title\" content=\"Manchester United a confirm\u00e9 XI: Ugarte D\u00e9marrage, Dalot Back - Man United News and Transfer News\" \/>\n<meta property=\"og:description\" content=\"2 Manchester United a eu une chance glorieuse de remporter des matchs cons\u00e9cutifs pour la premi\u00e8re fois sous Ruben Amorim samedi. Les Red Devils se\" \/>\n<meta property=\"og:url\" content=\"https:\/\/footdavant.fr\/actualites\/manchester-united-a-confirme-xi-ugarte-demarrage-dalot-back-man-united-news-and-transfer-news\/\" \/>\n<meta property=\"og:site_name\" content=\"Foot d&#039;avant\" \/>\n<meta property=\"article:publisher\" content=\"https:\/\/www.facebook.com\/Footdavant\/\" \/>\n<meta property=\"article:published_time\" content=\"2025-09-27T10:48:02+00:00\" \/>\n<meta property=\"article:modified_time\" content=\"2025-09-27T10:48:04+00:00\" \/>\n<meta property=\"og:image\" content=\"https:\/\/footdavant.fr\/actualites\/wp-content\/uploads\/2025\/09\/Manchester-United-a-confirme-XI-Ugarte-Demarrage-Dalot-Back.jpg\" \/>\n\t<meta property=\"og:image:width\" content=\"1600\" \/>\n\t<meta property=\"og:image:height\" content=\"717\" \/>\n\t<meta property=\"og:image:type\" content=\"image\/jpeg\" \/>\n<meta name=\"author\" content=\"Cl\u00e9ment\" \/>\n<meta name=\"twitter:card\" content=\"summary_large_image\" \/>\n<meta name=\"twitter:creator\" content=\"@FootdavantFr\" \/>\n<meta name=\"twitter:site\" content=\"@FootdavantFr\" \/>\n<meta name=\"twitter:label1\" content=\"\u00c9crit par\" \/>\n\t<meta name=\"twitter:data1\" content=\"Cl\u00e9ment\" \/>\n\t<meta name=\"twitter:label2\" content=\"Dur\u00e9e de lecture estim\u00e9e\" \/>\n\t<meta name=\"twitter:data2\" content=\"2 minutes\" \/>\n<script type=\"application\/ld+json\" class=\"yoast-schema-graph\">{\"@context\":\"https:\/\/schema.org\",\"@graph\":[{\"@type\":\"Article\",\"@id\":\"https:\/\/footdavant.fr\/actualites\/manchester-united-a-confirme-xi-ugarte-demarrage-dalot-back-man-united-news-and-transfer-news\/#article\",\"isPartOf\":{\"@id\":\"https:\/\/footdavant.fr\/actualites\/manchester-united-a-confirme-xi-ugarte-demarrage-dalot-back-man-united-news-and-transfer-news\/\"},\"author\":{\"name\":\"Cl\u00e9ment\",\"@id\":\"https:\/\/footdavant.fr\/actualites\/#\/schema\/person\/bc222566d95871b37e597b3ed3ba5e1d\"},\"headline\":\"Manchester United a confirm\u00e9 XI: Ugarte D\u00e9marrage, Dalot Back &#8211; Man United News and Transfer News\",\"datePublished\":\"2025-09-27T10:48:02+00:00\",\"dateModified\":\"2025-09-27T10:48:04+00:00\",\"mainEntityOfPage\":{\"@id\":\"https:\/\/footdavant.fr\/actualites\/manchester-united-a-confirme-xi-ugarte-demarrage-dalot-back-man-united-news-and-transfer-news\/\"},\"wordCount\":335,\"publisher\":{\"@id\":\"https:\/\/footdavant.fr\/actualites\/#organization\"},\"keywords\":[\"confirme\",\"Dalot\",\"D\u00e9marrage\",\"Man\",\"Manchester\",\"News\",\"Transfer\",\"Ugarte\",\"United\"],\"articleSection\":[\"Football\"],\"inLanguage\":\"fr-FR\"},{\"@type\":\"WebPage\",\"@id\":\"https:\/\/footdavant.fr\/actualites\/manchester-united-a-confirme-xi-ugarte-demarrage-dalot-back-man-united-news-and-transfer-news\/\",\"url\":\"https:\/\/footdavant.fr\/actualites\/manchester-united-a-confirme-xi-ugarte-demarrage-dalot-back-man-united-news-and-transfer-news\/\",\"name\":\"Manchester United a confirm\u00e9 XI: Ugarte D\u00e9marrage, Dalot Back - Man United News and Transfer News\",\"isPartOf\":{\"@id\":\"https:\/\/footdavant.fr\/actualites\/#website\"},\"datePublished\":\"2025-09-27T10:48:02+00:00\",\"dateModified\":\"2025-09-27T10:48:04+00:00\",\"breadcrumb\":{\"@id\":\"https:\/\/footdavant.fr\/actualites\/manchester-united-a-confirme-xi-ugarte-demarrage-dalot-back-man-united-news-and-transfer-news\/#breadcrumb\"},\"inLanguage\":\"fr-FR\",\"potentialAction\":[{\"@type\":\"ReadAction\",\"target\":[\"https:\/\/footdavant.fr\/actualites\/manchester-united-a-confirme-xi-ugarte-demarrage-dalot-back-man-united-news-and-transfer-news\/\"]}]},{\"@type\":\"BreadcrumbList\",\"@id\":\"https:\/\/footdavant.fr\/actualites\/manchester-united-a-confirme-xi-ugarte-demarrage-dalot-back-man-united-news-and-transfer-news\/#breadcrumb\",\"itemListElement\":[{\"@type\":\"ListItem\",\"position\":1,\"name\":\"Accueil\",\"item\":\"https:\/\/footdavant.fr\/actualites\/\"},{\"@type\":\"ListItem\",\"position\":2,\"name\":\"Manchester United a confirm\u00e9 XI: Ugarte D\u00e9marrage, Dalot Back &#8211; Man United News and Transfer News\"}]},{\"@type\":\"WebSite\",\"@id\":\"https:\/\/footdavant.fr\/actualites\/#website\",\"url\":\"https:\/\/footdavant.fr\/actualites\/\",\"name\":\"Foot d'avant\",\"description\":\"\",\"publisher\":{\"@id\":\"https:\/\/footdavant.fr\/actualites\/#organization\"},\"potentialAction\":[{\"@type\":\"SearchAction\",\"target\":{\"@type\":\"EntryPoint\",\"urlTemplate\":\"https:\/\/footdavant.fr\/actualites\/?s={search_term_string}\"},\"query-input\":\"required name=search_term_string\"}],\"inLanguage\":\"fr-FR\"},{\"@type\":\"Organization\",\"@id\":\"https:\/\/footdavant.fr\/actualites\/#organization\",\"name\":\"Foot d'avant\",\"url\":\"https:\/\/footdavant.fr\/actualites\/\",\"logo\":{\"@type\":\"ImageObject\",\"inLanguage\":\"fr-FR\",\"@id\":\"https:\/\/footdavant.fr\/actualites\/#\/schema\/logo\/image\/\",\"url\":\"https:\/\/footdavant.fr\/actualites\/wp-content\/uploads\/2023\/09\/Copy-of-FootDavant-Logo.png\",\"contentUrl\":\"https:\/\/footdavant.fr\/actualites\/wp-content\/uploads\/2023\/09\/Copy-of-FootDavant-Logo.png\",\"width\":936,\"height\":549,\"caption\":\"Foot d'avant\"},\"image\":{\"@id\":\"https:\/\/footdavant.fr\/actualites\/#\/schema\/logo\/image\/\"},\"sameAs\":[\"https:\/\/www.facebook.com\/Footdavant\/\",\"https:\/\/twitter.com\/FootdavantFr\",\"https:\/\/www.instagram.com\/footdavant.fr\/\"]},{\"@type\":\"Person\",\"@id\":\"https:\/\/footdavant.fr\/actualites\/#\/schema\/person\/bc222566d95871b37e597b3ed3ba5e1d\",\"name\":\"Cl\u00e9ment\",\"image\":{\"@type\":\"ImageObject\",\"inLanguage\":\"fr-FR\",\"@id\":\"https:\/\/footdavant.fr\/actualites\/#\/schema\/person\/image\/\",\"url\":\"https:\/\/secure.gravatar.com\/avatar\/7728b29aac2719421e1a9159b2254c44?s=96&d=mm&r=g\",\"contentUrl\":\"https:\/\/secure.gravatar.com\/avatar\/7728b29aac2719421e1a9159b2254c44?s=96&d=mm&r=g\",\"caption\":\"Cl\u00e9ment\"},\"sameAs\":[\"https:\/\/footdavant.fr\/\"]}]}<\/script>\n<!-- \/ Yoast SEO plugin. -->","yoast_head_json":{"title":"Manchester United a confirm\u00e9 XI: Ugarte D\u00e9marrage, Dalot Back - Man United News and Transfer News","robots":{"index":"index","follow":"follow","max-snippet":"max-snippet:-1","max-image-preview":"max-image-preview:large","max-video-preview":"max-video-preview:-1"},"canonical":"https:\/\/footdavant.fr\/actualites\/manchester-united-a-confirme-xi-ugarte-demarrage-dalot-back-man-united-news-and-transfer-news\/","og_locale":"fr_FR","og_type":"article","og_title":"Manchester United a confirm\u00e9 XI: Ugarte D\u00e9marrage, Dalot Back - Man United News and Transfer News","og_description":"2 Manchester United a eu une chance glorieuse de remporter des matchs cons\u00e9cutifs pour la premi\u00e8re fois sous Ruben Amorim samedi. Les Red Devils se","og_url":"https:\/\/footdavant.fr\/actualites\/manchester-united-a-confirme-xi-ugarte-demarrage-dalot-back-man-united-news-and-transfer-news\/","og_site_name":"Foot d&#039;avant","article_publisher":"https:\/\/www.facebook.com\/Footdavant\/","article_published_time":"2025-09-27T10:48:02+00:00","article_modified_time":"2025-09-27T10:48:04+00:00","og_image":[{"width":1600,"height":717,"url":"https:\/\/footdavant.fr\/actualites\/wp-content\/uploads\/2025\/09\/Manchester-United-a-confirme-XI-Ugarte-Demarrage-Dalot-Back.jpg","type":"image\/jpeg"}],"author":"Cl\u00e9ment","twitter_card":"summary_large_image","twitter_creator":"@FootdavantFr","twitter_site":"@FootdavantFr","twitter_misc":{"\u00c9crit par":"Cl\u00e9ment","Dur\u00e9e de lecture estim\u00e9e":"2 minutes"},"schema":{"@context":"https:\/\/schema.org","@graph":[{"@type":"Article","@id":"https:\/\/footdavant.fr\/actualites\/manchester-united-a-confirme-xi-ugarte-demarrage-dalot-back-man-united-news-and-transfer-news\/#article","isPartOf":{"@id":"https:\/\/footdavant.fr\/actualites\/manchester-united-a-confirme-xi-ugarte-demarrage-dalot-back-man-united-news-and-transfer-news\/"},"author":{"name":"Cl\u00e9ment","@id":"https:\/\/footdavant.fr\/actualites\/#\/schema\/person\/bc222566d95871b37e597b3ed3ba5e1d"},"headline":"Manchester United a confirm\u00e9 XI: Ugarte D\u00e9marrage, Dalot Back &#8211; Man United News and Transfer News","datePublished":"2025-09-27T10:48:02+00:00","dateModified":"2025-09-27T10:48:04+00:00","mainEntityOfPage":{"@id":"https:\/\/footdavant.fr\/actualites\/manchester-united-a-confirme-xi-ugarte-demarrage-dalot-back-man-united-news-and-transfer-news\/"},"wordCount":335,"publisher":{"@id":"https:\/\/footdavant.fr\/actualites\/#organization"},"keywords":["confirme","Dalot","D\u00e9marrage","Man","Manchester","News","Transfer","Ugarte","United"],"articleSection":["Football"],"inLanguage":"fr-FR"},{"@type":"WebPage","@id":"https:\/\/footdavant.fr\/actualites\/manchester-united-a-confirme-xi-ugarte-demarrage-dalot-back-man-united-news-and-transfer-news\/","url":"https:\/\/footdavant.fr\/actualites\/manchester-united-a-confirme-xi-ugarte-demarrage-dalot-back-man-united-news-and-transfer-news\/","name":"Manchester United a confirm\u00e9 XI: Ugarte D\u00e9marrage, Dalot Back - Man United News and Transfer News","isPartOf":{"@id":"https:\/\/footdavant.fr\/actualites\/#website"},"datePublished":"2025-09-27T10:48:02+00:00","dateModified":"2025-09-27T10:48:04+00:00","breadcrumb":{"@id":"https:\/\/footdavant.fr\/actualites\/manchester-united-a-confirme-xi-ugarte-demarrage-dalot-back-man-united-news-and-transfer-news\/#breadcrumb"},"inLanguage":"fr-FR","potentialAction":[{"@type":"ReadAction","target":["https:\/\/footdavant.fr\/actualites\/manchester-united-a-confirme-xi-ugarte-demarrage-dalot-back-man-united-news-and-transfer-news\/"]}]},{"@type":"BreadcrumbList","@id":"https:\/\/footdavant.fr\/actualites\/manchester-united-a-confirme-xi-ugarte-demarrage-dalot-back-man-united-news-and-transfer-news\/#breadcrumb","itemListElement":[{"@type":"ListItem","position":1,"name":"Accueil","item":"https:\/\/footdavant.fr\/actualites\/"},{"@type":"ListItem","position":2,"name":"Manchester United a confirm\u00e9 XI: Ugarte D\u00e9marrage, Dalot Back &#8211; Man United News and Transfer News"}]},{"@type":"WebSite","@id":"https:\/\/footdavant.fr\/actualites\/#website","url":"https:\/\/footdavant.fr\/actualites\/","name":"Foot d'avant","description":"","publisher":{"@id":"https:\/\/footdavant.fr\/actualites\/#organization"},"potentialAction":[{"@type":"SearchAction","target":{"@type":"EntryPoint","urlTemplate":"https:\/\/footdavant.fr\/actualites\/?s={search_term_string}"},"query-input":"required name=search_term_string"}],"inLanguage":"fr-FR"},{"@type":"Organization","@id":"https:\/\/footdavant.fr\/actualites\/#organization","name":"Foot d'avant","url":"https:\/\/footdavant.fr\/actualites\/","logo":{"@type":"ImageObject","inLanguage":"fr-FR","@id":"https:\/\/footdavant.fr\/actualites\/#\/schema\/logo\/image\/","url":"https:\/\/footdavant.fr\/actualites\/wp-content\/uploads\/2023\/09\/Copy-of-FootDavant-Logo.png","contentUrl":"https:\/\/footdavant.fr\/actualites\/wp-content\/uploads\/2023\/09\/Copy-of-FootDavant-Logo.png","width":936,"height":549,"caption":"Foot d'avant"},"image":{"@id":"https:\/\/footdavant.fr\/actualites\/#\/schema\/logo\/image\/"},"sameAs":["https:\/\/www.facebook.com\/Footdavant\/","https:\/\/twitter.com\/FootdavantFr","https:\/\/www.instagram.com\/footdavant.fr\/"]},{"@type":"Person","@id":"https:\/\/footdavant.fr\/actualites\/#\/schema\/person\/bc222566d95871b37e597b3ed3ba5e1d","name":"Cl\u00e9ment","image":{"@type":"ImageObject","inLanguage":"fr-FR","@id":"https:\/\/footdavant.fr\/actualites\/#\/schema\/person\/image\/","url":"https:\/\/secure.gravatar.com\/avatar\/7728b29aac2719421e1a9159b2254c44?s=96&d=mm&r=g","contentUrl":"https:\/\/secure.gravatar.com\/avatar\/7728b29aac2719421e1a9159b2254c44?s=96&d=mm&r=g","caption":"Cl\u00e9ment"},"sameAs":["https:\/\/footdavant.fr\/"]}]}},"_links":{"self":[{"href":"https:\/\/footdavant.fr\/actualites\/wp-json\/wp\/v2\/posts\/29075"}],"collection":[{"href":"https:\/\/footdavant.fr\/actualites\/wp-json\/wp\/v2\/posts"}],"about":[{"href":"https:\/\/footdavant.fr\/actualites\/wp-json\/wp\/v2\/types\/post"}],"author":[{"embeddable":true,"href":"https:\/\/footdavant.fr\/actualites\/wp-json\/wp\/v2\/users\/1"}],"replies":[{"embeddable":true,"href":"https:\/\/footdavant.fr\/actualites\/wp-json\/wp\/v2\/comments?post=29075"}],"version-history":[{"count":1,"href":"https:\/\/footdavant.fr\/actualites\/wp-json\/wp\/v2\/posts\/29075\/revisions"}],"predecessor-version":[{"id":29077,"href":"https:\/\/footdavant.fr\/actualites\/wp-json\/wp\/v2\/posts\/29075\/revisions\/29077"}],"wp:featuredmedia":[{"embeddable":true,"href":"https:\/\/footdavant.fr\/actualites\/wp-json\/wp\/v2\/media\/29076"}],"wp:attachment":[{"href":"https:\/\/footdavant.fr\/actualites\/wp-json\/wp\/v2\/media?parent=29075"}],"wp:term":[{"taxonomy":"category","embeddable":true,"href":"https:\/\/footdavant.fr\/actualites\/wp-json\/wp\/v2\/categories?post=29075"},{"taxonomy":"post_tag","embeddable":true,"href":"https:\/\/footdavant.fr\/actualites\/wp-json\/wp\/v2\/tags?post=29075"}],"curies":[{"name":"wp","href":"https:\/\/api.w.org\/{rel}","templated":true}]}}