{"id":29084,"date":"2025-09-27T16:48:05","date_gmt":"2025-09-27T14:48:05","guid":{"rendered":"https:\/\/footdavant.fr\/actualites\/arteta-parle-de-saliba-je-parle-non-sens\/"},"modified":"2025-09-27T16:48:07","modified_gmt":"2025-09-27T14:48:07","slug":"arteta-parle-de-saliba-je-parle-non-sens","status":"publish","type":"post","link":"https:\/\/footdavant.fr\/actualites\/arteta-parle-de-saliba-je-parle-non-sens\/","title":{"rendered":"Arteta parle de Saliba, je parle non-sens"},"content":{"rendered":"<div>\n<p>Matin.<\/p>\n<p>C&#39;est un samedi assez calme. J&#39;\u00e9tais en ville hier soir pour un d\u00eener, et Dublin est inond\u00e9 de gens de Pittsburgh et du Minnesota. Il y a un match de la NFL \u00e0 Croke Park dimanche. Je ne savais pas \u00e0 quel point ces fans \u00e9taient tribaux. Les Vikings avaient leurs haches et leurs lances, et les gens de Pittsburgh avaient, assez sans imagination \u00e0 mon avis, des barres d&#39;acier.<\/p>\n<p>\u00ab\u00a0Tu as de sucer!\u00a0\u00bb, Cria les Vikings.<\/p>\n<p>\u00ab\u00a0Non Et puis ils descendaient une violence f\u00e9roce tandis que les habitants se tournaient tous avec un amusement ironique.<\/p>\n<p>Juste pour \u00eatre clair. Cela ne s&#39;est pas produit du tout. Les fans de la NFL semblaient tous de bonne humeur, impr\u00e9gn\u00e9s de pas mal de Guinness et peut-\u00eatre de Beamish aussi, mais beaucoup d&#39;entre eux portaient beaucoup de violet. Je pense que c&#39;\u00e9tait les Steelers.<\/p>\n<p>: Il s&#39;av\u00e8re que ce sont les Vikings.<\/p>\n<p>Je vais \u00eatre honn\u00eate avec vous, je ne pense pas que le violet soit une bonne couleur sport. Prince, oui. Rendly large r\u00e9cepteur, pas tellement. Je ne sais m\u00eame pas si les r\u00e9cepteurs larges sont costauds. Je suppose simplement qu&#39;ils le sont parce que ce sont des joueurs de la NFL et que je les attribue tous avec une certaine obstruction. Mais par rapport aux plus courageux d&#39;entre eux, comme les mecs bloquants de la fausse Scrum, ils ne sont probablement pas du tout costaud.<\/p>\n<p>Je ne sais pas si ces gars-l\u00e0 sont particuli\u00e8rement litigieux, mais juste au cas o\u00f9 l&#39;un d&#39;eux lira ceci maintenant et a l&#39;impression que leur physique a \u00e9t\u00e9 soumis \u00e0 ce que ce soit: c&#39;est simplement une observation en uniforme qui n&#39;a aucune incidence sur les \u00e9v\u00e9nements r\u00e9els. Toute similitude avec les r\u00e9cepteurs robustes r\u00e9elles ou non burniques est enti\u00e8rement co\u00efncidente. Pour plus de clarification, veuillez envoyer un e-mail &#39;&#39;<\/p>\n<p>Au fur et \u00e0 mesure que vous vous \u00eates rassembl\u00e9, les choses sont assez silencieuses d&#39;un point de vue de l&#39;arsenal. \u00c9videmment, nous avons un match dimanche, mais ce n&#39;est pas aujourd&#39;hui, donc il n&#39;y a aucun sens en parler maintenant ou je n&#39;aurai rien \u00e0 \u00e9crire demain. Mikel Arteta a parl\u00e9 un peu de William Saliba hier, apr\u00e8s que les nouvelles de son nouveau contrat ont \u00e9merg\u00e9. Interrog\u00e9 sur l&#39;\u00e9mergence de l&#39;international fran\u00e7ais comme l&#39;un des meilleurs d\u00e9fenseurs centraux du monde, il a d\u00e9clar\u00e9:<\/p>\n<blockquote>\n<p>C&#39;est tr\u00e8s impressionnant ce qu&#39;il a fait \u00e0 son \u00e2ge parce que parfois nous avons tendance \u00e0 oublier. Mais sa coh\u00e9rence, je pense, de la fa\u00e7on dont il a progress\u00e9, je pense que la fa\u00e7on dont il a m\u00fbri ainsi qu&#39;une personne et son r\u00f4le dans l&#39;\u00e9quipe ont grandi ann\u00e9e apr\u00e8s ann\u00e9e. Je pense qu&#39;il a \u00e9tabli un partenariat avec Gabi en particulier, mais aussi avec la ligne de backline et le gardien qui a le meilleur record d\u00e9fensif au cours des trois derni\u00e8res ann\u00e9es, je pense. Il a \u00e9t\u00e9 essentiel \u00e0 cela.<\/p>\n<\/blockquote>\n<p>Et il convient de se rappeler qu&#39;il n&#39;a encore que 24 ans, et restera 24 jusqu&#39;\u00e0 ce qu&#39;il ait 25 ans parce que c&#39;est ainsi que cela fonctionne. Le fait est que, \u00e0 partir du moment o\u00f9 il a perc\u00e9 &#8211; quand il avait 21 ans &#8211; il a jou\u00e9 comme un enfant de 28 ans. Ce qui est vraiment un truc d&#39;un truc. Sous le s\u00e9rieux, nous avons vu beaucoup de d\u00e9fenseurs centraux dans les ann\u00e9es qui ont beaucoup de potentiel, mais g\u00e9n\u00e9ralement les jeunes d\u00e9fenseurs font des erreurs. C&#39;est normal. C&#39;est comme \u00e7a qu&#39;ils apprennent.<\/p>\n<p>Regardez m\u00eame comment quelqu&#39;un comme Gabriel s&#39;est d\u00e9velopp\u00e9 au cours de son s\u00e9jour au club. Quand il est arriv\u00e9 pour la premi\u00e8re fois, il \u00e9tait bon, mais parfois un peu imprudent. Il est devenu un colosse absolu d&#39;un d\u00e9fenseur, un pr\u00e9nom sur la feuille de l&#39;\u00e9quipe pour nous et le Br\u00e9sil. Il n&#39;y a pas un seul club au monde qui le refuserait s&#39;il leur \u00e9tait offert. Saliba cependant, il a \u00e9t\u00e9 presque enti\u00e8rement form\u00e9 lorsqu&#39;il est entr\u00e9 dans l&#39;\u00e9quipe d&#39;Arsenal, et malgr\u00e9 une certaine anxi\u00e9t\u00e9 \u00e0 l&#39;\u00e9poque, les sorts de pr\u00eat \u00e9taient clairement une excellente id\u00e9e.<\/p>\n<p>D&#39;une part, nous avons d\u00fb endurer des alternatives inf\u00e9rieures pendant un certain temps, mais de l&#39;autre, lorsque Saliba est revenue de son temps \u00e0 Nice puis \u00e0 Marseille, il \u00e9tait absolument pr\u00eat pour la Premier League. Arteta a dit de ces d\u00e9cisions:<\/p>\n<blockquote>\n<p>Nous avions probablement des attentes ou des id\u00e9es diff\u00e9rentes sur la fa\u00e7on de cr\u00e9er la meilleure voie pour lui afin de r\u00e9aliser son potentiel. Mais je pense qu&#39;\u00e0 un moment donn\u00e9, nous sommes arriv\u00e9s \u00e0 la m\u00eame conclusion, \u00e0 la m\u00eame ligne, et nous avons commenc\u00e9 \u00e0 travailler ensemble. De l\u00e0, avec l&#39;aide de tous les entra\u00eeneurs et des joueurs, tout a commenc\u00e9 \u00e0 s&#39;\u00e9panouir parce qu&#39;il \u00e9tait clair que le potentiel \u00e9tait l\u00e0. Il s&#39;agissait du timing et surtout, \u00e0 mon avis, de cr\u00e9er le bon environnement et les bons joueurs pour lui pour livrer ce qu&#39;il pouvait faire.<\/p>\n<\/blockquote>\n<p>Comme je l&#39;ai dit dans le blog d&#39;hier, des joueurs comme Saliba ne s&#39;inscrivent pas pour leurs meilleures ann\u00e9es s&#39;ils ont un probl\u00e8me avec le club ou le manager. Ainsi, bien qu&#39;il puisse y avoir eu une diff\u00e9rence d&#39;opinion dans le pass\u00e9, ce n&#39;\u00e9tait pas un cas qu&#39;Arteta d\u00e9testait Saliba ou que Saliba d\u00e9testait Arteta. Ils n&#39;\u00e9taient pas comme des fans costauds de la NFL \u00e0 Dublin se dirigeant l&#39;un vers l&#39;autre avec une vengeance.<\/p>\n<p>Et sur ce rappel particulier, je vais le laisser l\u00e0, boire plus de caf\u00e9 et attendre le coup d&#39;un faux Scrum m\u00e9connu \u00e0 ma porte. Je ne porterai pas de violet, c&#39;est tout ce que je peux vous dire.<\/p>\n<p>Le podcast de l&#39;aper\u00e7u de Newcastle est \u00e9galement sur Patreon, si vous avez besoin de quelque chose \u00e0 \u00e9couter ce matin. Byeeeeee.<\/p>\n<\/div>\n","protected":false},"excerpt":{"rendered":"<p>Matin. C&#39;est un samedi assez calme. J&#39;\u00e9tais en ville hier soir pour un d\u00eener, et Dublin est inond\u00e9 de gens de Pittsburgh et du Minnesota.<\/p>\n","protected":false},"author":1,"featured_media":29085,"comment_status":"closed","ping_status":"","sticky":false,"template":"","format":"standard","meta":{"footnotes":""},"categories":[3],"tags":[211,10616,772,4431],"yoast_head":"<!-- This site is optimized with the Yoast SEO plugin v21.0 - https:\/\/yoast.com\/wordpress\/plugins\/seo\/ -->\n<title>Arteta parle de Saliba, je parle non-sens<\/title>\n<meta name=\"robots\" content=\"index, follow, max-snippet:-1, max-image-preview:large, max-video-preview:-1\" \/>\n<link rel=\"canonical\" href=\"https:\/\/footdavant.fr\/actualites\/arteta-parle-de-saliba-je-parle-non-sens\/\" \/>\n<meta property=\"og:locale\" content=\"fr_FR\" \/>\n<meta property=\"og:type\" content=\"article\" \/>\n<meta property=\"og:title\" content=\"Arteta parle de Saliba, je parle non-sens\" \/>\n<meta property=\"og:description\" content=\"Matin. C&#039;est un samedi assez calme. J&#039;\u00e9tais en ville hier soir pour un d\u00eener, et Dublin est inond\u00e9 de gens de Pittsburgh et du Minnesota.\" \/>\n<meta property=\"og:url\" content=\"https:\/\/footdavant.fr\/actualites\/arteta-parle-de-saliba-je-parle-non-sens\/\" \/>\n<meta property=\"og:site_name\" content=\"Foot d&#039;avant\" \/>\n<meta property=\"article:publisher\" content=\"https:\/\/www.facebook.com\/Footdavant\/\" \/>\n<meta property=\"article:published_time\" content=\"2025-09-27T14:48:05+00:00\" \/>\n<meta property=\"article:modified_time\" content=\"2025-09-27T14:48:07+00:00\" \/>\n<meta property=\"og:image\" content=\"https:\/\/footdavant.fr\/actualites\/wp-content\/uploads\/2025\/09\/Arteta-parle-de-Saliba-je-parle-non-sens.jpg\" \/>\n\t<meta property=\"og:image:width\" content=\"1500\" \/>\n\t<meta property=\"og:image:height\" content=\"750\" \/>\n\t<meta property=\"og:image:type\" content=\"image\/jpeg\" \/>\n<meta name=\"author\" content=\"Cl\u00e9ment\" \/>\n<meta name=\"twitter:card\" content=\"summary_large_image\" \/>\n<meta name=\"twitter:creator\" content=\"@FootdavantFr\" \/>\n<meta name=\"twitter:site\" content=\"@FootdavantFr\" \/>\n<meta name=\"twitter:label1\" content=\"\u00c9crit par\" \/>\n\t<meta name=\"twitter:data1\" content=\"Cl\u00e9ment\" \/>\n\t<meta name=\"twitter:label2\" content=\"Dur\u00e9e de lecture estim\u00e9e\" \/>\n\t<meta name=\"twitter:data2\" content=\"5 minutes\" \/>\n<script type=\"application\/ld+json\" class=\"yoast-schema-graph\">{\"@context\":\"https:\/\/schema.org\",\"@graph\":[{\"@type\":\"Article\",\"@id\":\"https:\/\/footdavant.fr\/actualites\/arteta-parle-de-saliba-je-parle-non-sens\/#article\",\"isPartOf\":{\"@id\":\"https:\/\/footdavant.fr\/actualites\/arteta-parle-de-saliba-je-parle-non-sens\/\"},\"author\":{\"name\":\"Cl\u00e9ment\",\"@id\":\"https:\/\/footdavant.fr\/actualites\/#\/schema\/person\/bc222566d95871b37e597b3ed3ba5e1d\"},\"headline\":\"Arteta parle de Saliba, je parle non-sens\",\"datePublished\":\"2025-09-27T14:48:05+00:00\",\"dateModified\":\"2025-09-27T14:48:07+00:00\",\"mainEntityOfPage\":{\"@id\":\"https:\/\/footdavant.fr\/actualites\/arteta-parle-de-saliba-je-parle-non-sens\/\"},\"wordCount\":1072,\"publisher\":{\"@id\":\"https:\/\/footdavant.fr\/actualites\/#organization\"},\"keywords\":[\"Arteta\",\"nonsens\",\"parl\u00e9\",\"Saliba\"],\"articleSection\":[\"Football\"],\"inLanguage\":\"fr-FR\"},{\"@type\":\"WebPage\",\"@id\":\"https:\/\/footdavant.fr\/actualites\/arteta-parle-de-saliba-je-parle-non-sens\/\",\"url\":\"https:\/\/footdavant.fr\/actualites\/arteta-parle-de-saliba-je-parle-non-sens\/\",\"name\":\"Arteta parle de Saliba, je parle non-sens\",\"isPartOf\":{\"@id\":\"https:\/\/footdavant.fr\/actualites\/#website\"},\"datePublished\":\"2025-09-27T14:48:05+00:00\",\"dateModified\":\"2025-09-27T14:48:07+00:00\",\"breadcrumb\":{\"@id\":\"https:\/\/footdavant.fr\/actualites\/arteta-parle-de-saliba-je-parle-non-sens\/#breadcrumb\"},\"inLanguage\":\"fr-FR\",\"potentialAction\":[{\"@type\":\"ReadAction\",\"target\":[\"https:\/\/footdavant.fr\/actualites\/arteta-parle-de-saliba-je-parle-non-sens\/\"]}]},{\"@type\":\"BreadcrumbList\",\"@id\":\"https:\/\/footdavant.fr\/actualites\/arteta-parle-de-saliba-je-parle-non-sens\/#breadcrumb\",\"itemListElement\":[{\"@type\":\"ListItem\",\"position\":1,\"name\":\"Accueil\",\"item\":\"https:\/\/footdavant.fr\/actualites\/\"},{\"@type\":\"ListItem\",\"position\":2,\"name\":\"Arteta parle de Saliba, je parle non-sens\"}]},{\"@type\":\"WebSite\",\"@id\":\"https:\/\/footdavant.fr\/actualites\/#website\",\"url\":\"https:\/\/footdavant.fr\/actualites\/\",\"name\":\"Foot d'avant\",\"description\":\"\",\"publisher\":{\"@id\":\"https:\/\/footdavant.fr\/actualites\/#organization\"},\"potentialAction\":[{\"@type\":\"SearchAction\",\"target\":{\"@type\":\"EntryPoint\",\"urlTemplate\":\"https:\/\/footdavant.fr\/actualites\/?s={search_term_string}\"},\"query-input\":\"required name=search_term_string\"}],\"inLanguage\":\"fr-FR\"},{\"@type\":\"Organization\",\"@id\":\"https:\/\/footdavant.fr\/actualites\/#organization\",\"name\":\"Foot d'avant\",\"url\":\"https:\/\/footdavant.fr\/actualites\/\",\"logo\":{\"@type\":\"ImageObject\",\"inLanguage\":\"fr-FR\",\"@id\":\"https:\/\/footdavant.fr\/actualites\/#\/schema\/logo\/image\/\",\"url\":\"https:\/\/footdavant.fr\/actualites\/wp-content\/uploads\/2023\/09\/Copy-of-FootDavant-Logo.png\",\"contentUrl\":\"https:\/\/footdavant.fr\/actualites\/wp-content\/uploads\/2023\/09\/Copy-of-FootDavant-Logo.png\",\"width\":936,\"height\":549,\"caption\":\"Foot d'avant\"},\"image\":{\"@id\":\"https:\/\/footdavant.fr\/actualites\/#\/schema\/logo\/image\/\"},\"sameAs\":[\"https:\/\/www.facebook.com\/Footdavant\/\",\"https:\/\/twitter.com\/FootdavantFr\",\"https:\/\/www.instagram.com\/footdavant.fr\/\"]},{\"@type\":\"Person\",\"@id\":\"https:\/\/footdavant.fr\/actualites\/#\/schema\/person\/bc222566d95871b37e597b3ed3ba5e1d\",\"name\":\"Cl\u00e9ment\",\"image\":{\"@type\":\"ImageObject\",\"inLanguage\":\"fr-FR\",\"@id\":\"https:\/\/footdavant.fr\/actualites\/#\/schema\/person\/image\/\",\"url\":\"https:\/\/secure.gravatar.com\/avatar\/7728b29aac2719421e1a9159b2254c44?s=96&d=mm&r=g\",\"contentUrl\":\"https:\/\/secure.gravatar.com\/avatar\/7728b29aac2719421e1a9159b2254c44?s=96&d=mm&r=g\",\"caption\":\"Cl\u00e9ment\"},\"sameAs\":[\"https:\/\/footdavant.fr\/\"]}]}<\/script>\n<!-- \/ Yoast SEO plugin. -->","yoast_head_json":{"title":"Arteta parle de Saliba, je parle non-sens","robots":{"index":"index","follow":"follow","max-snippet":"max-snippet:-1","max-image-preview":"max-image-preview:large","max-video-preview":"max-video-preview:-1"},"canonical":"https:\/\/footdavant.fr\/actualites\/arteta-parle-de-saliba-je-parle-non-sens\/","og_locale":"fr_FR","og_type":"article","og_title":"Arteta parle de Saliba, je parle non-sens","og_description":"Matin. C&#39;est un samedi assez calme. J&#39;\u00e9tais en ville hier soir pour un d\u00eener, et Dublin est inond\u00e9 de gens de Pittsburgh et du Minnesota.","og_url":"https:\/\/footdavant.fr\/actualites\/arteta-parle-de-saliba-je-parle-non-sens\/","og_site_name":"Foot d&#039;avant","article_publisher":"https:\/\/www.facebook.com\/Footdavant\/","article_published_time":"2025-09-27T14:48:05+00:00","article_modified_time":"2025-09-27T14:48:07+00:00","og_image":[{"width":1500,"height":750,"url":"https:\/\/footdavant.fr\/actualites\/wp-content\/uploads\/2025\/09\/Arteta-parle-de-Saliba-je-parle-non-sens.jpg","type":"image\/jpeg"}],"author":"Cl\u00e9ment","twitter_card":"summary_large_image","twitter_creator":"@FootdavantFr","twitter_site":"@FootdavantFr","twitter_misc":{"\u00c9crit par":"Cl\u00e9ment","Dur\u00e9e de lecture estim\u00e9e":"5 minutes"},"schema":{"@context":"https:\/\/schema.org","@graph":[{"@type":"Article","@id":"https:\/\/footdavant.fr\/actualites\/arteta-parle-de-saliba-je-parle-non-sens\/#article","isPartOf":{"@id":"https:\/\/footdavant.fr\/actualites\/arteta-parle-de-saliba-je-parle-non-sens\/"},"author":{"name":"Cl\u00e9ment","@id":"https:\/\/footdavant.fr\/actualites\/#\/schema\/person\/bc222566d95871b37e597b3ed3ba5e1d"},"headline":"Arteta parle de Saliba, je parle non-sens","datePublished":"2025-09-27T14:48:05+00:00","dateModified":"2025-09-27T14:48:07+00:00","mainEntityOfPage":{"@id":"https:\/\/footdavant.fr\/actualites\/arteta-parle-de-saliba-je-parle-non-sens\/"},"wordCount":1072,"publisher":{"@id":"https:\/\/footdavant.fr\/actualites\/#organization"},"keywords":["Arteta","nonsens","parl\u00e9","Saliba"],"articleSection":["Football"],"inLanguage":"fr-FR"},{"@type":"WebPage","@id":"https:\/\/footdavant.fr\/actualites\/arteta-parle-de-saliba-je-parle-non-sens\/","url":"https:\/\/footdavant.fr\/actualites\/arteta-parle-de-saliba-je-parle-non-sens\/","name":"Arteta parle de Saliba, je parle non-sens","isPartOf":{"@id":"https:\/\/footdavant.fr\/actualites\/#website"},"datePublished":"2025-09-27T14:48:05+00:00","dateModified":"2025-09-27T14:48:07+00:00","breadcrumb":{"@id":"https:\/\/footdavant.fr\/actualites\/arteta-parle-de-saliba-je-parle-non-sens\/#breadcrumb"},"inLanguage":"fr-FR","potentialAction":[{"@type":"ReadAction","target":["https:\/\/footdavant.fr\/actualites\/arteta-parle-de-saliba-je-parle-non-sens\/"]}]},{"@type":"BreadcrumbList","@id":"https:\/\/footdavant.fr\/actualites\/arteta-parle-de-saliba-je-parle-non-sens\/#breadcrumb","itemListElement":[{"@type":"ListItem","position":1,"name":"Accueil","item":"https:\/\/footdavant.fr\/actualites\/"},{"@type":"ListItem","position":2,"name":"Arteta parle de Saliba, je parle non-sens"}]},{"@type":"WebSite","@id":"https:\/\/footdavant.fr\/actualites\/#website","url":"https:\/\/footdavant.fr\/actualites\/","name":"Foot d'avant","description":"","publisher":{"@id":"https:\/\/footdavant.fr\/actualites\/#organization"},"potentialAction":[{"@type":"SearchAction","target":{"@type":"EntryPoint","urlTemplate":"https:\/\/footdavant.fr\/actualites\/?s={search_term_string}"},"query-input":"required name=search_term_string"}],"inLanguage":"fr-FR"},{"@type":"Organization","@id":"https:\/\/footdavant.fr\/actualites\/#organization","name":"Foot d'avant","url":"https:\/\/footdavant.fr\/actualites\/","logo":{"@type":"ImageObject","inLanguage":"fr-FR","@id":"https:\/\/footdavant.fr\/actualites\/#\/schema\/logo\/image\/","url":"https:\/\/footdavant.fr\/actualites\/wp-content\/uploads\/2023\/09\/Copy-of-FootDavant-Logo.png","contentUrl":"https:\/\/footdavant.fr\/actualites\/wp-content\/uploads\/2023\/09\/Copy-of-FootDavant-Logo.png","width":936,"height":549,"caption":"Foot d'avant"},"image":{"@id":"https:\/\/footdavant.fr\/actualites\/#\/schema\/logo\/image\/"},"sameAs":["https:\/\/www.facebook.com\/Footdavant\/","https:\/\/twitter.com\/FootdavantFr","https:\/\/www.instagram.com\/footdavant.fr\/"]},{"@type":"Person","@id":"https:\/\/footdavant.fr\/actualites\/#\/schema\/person\/bc222566d95871b37e597b3ed3ba5e1d","name":"Cl\u00e9ment","image":{"@type":"ImageObject","inLanguage":"fr-FR","@id":"https:\/\/footdavant.fr\/actualites\/#\/schema\/person\/image\/","url":"https:\/\/secure.gravatar.com\/avatar\/7728b29aac2719421e1a9159b2254c44?s=96&d=mm&r=g","contentUrl":"https:\/\/secure.gravatar.com\/avatar\/7728b29aac2719421e1a9159b2254c44?s=96&d=mm&r=g","caption":"Cl\u00e9ment"},"sameAs":["https:\/\/footdavant.fr\/"]}]}},"_links":{"self":[{"href":"https:\/\/footdavant.fr\/actualites\/wp-json\/wp\/v2\/posts\/29084"}],"collection":[{"href":"https:\/\/footdavant.fr\/actualites\/wp-json\/wp\/v2\/posts"}],"about":[{"href":"https:\/\/footdavant.fr\/actualites\/wp-json\/wp\/v2\/types\/post"}],"author":[{"embeddable":true,"href":"https:\/\/footdavant.fr\/actualites\/wp-json\/wp\/v2\/users\/1"}],"replies":[{"embeddable":true,"href":"https:\/\/footdavant.fr\/actualites\/wp-json\/wp\/v2\/comments?post=29084"}],"version-history":[{"count":1,"href":"https:\/\/footdavant.fr\/actualites\/wp-json\/wp\/v2\/posts\/29084\/revisions"}],"predecessor-version":[{"id":29086,"href":"https:\/\/footdavant.fr\/actualites\/wp-json\/wp\/v2\/posts\/29084\/revisions\/29086"}],"wp:featuredmedia":[{"embeddable":true,"href":"https:\/\/footdavant.fr\/actualites\/wp-json\/wp\/v2\/media\/29085"}],"wp:attachment":[{"href":"https:\/\/footdavant.fr\/actualites\/wp-json\/wp\/v2\/media?parent=29084"}],"wp:term":[{"taxonomy":"category","embeddable":true,"href":"https:\/\/footdavant.fr\/actualites\/wp-json\/wp\/v2\/categories?post=29084"},{"taxonomy":"post_tag","embeddable":true,"href":"https:\/\/footdavant.fr\/actualites\/wp-json\/wp\/v2\/tags?post=29084"}],"curies":[{"name":"wp","href":"https:\/\/api.w.org\/{rel}","templated":true}]}}