{"id":29095,"date":"2025-09-28T00:48:01","date_gmt":"2025-09-27T22:48:01","guid":{"rendered":"https:\/\/footdavant.fr\/actualites\/les-inities-de-la-nfl-sattendent-a-ce-que-marcus-mariota-fasse-son-deuxieme-depart-consecutif-pour-washington\/"},"modified":"2025-09-28T00:48:03","modified_gmt":"2025-09-27T22:48:03","slug":"les-inities-de-la-nfl-sattendent-a-ce-que-marcus-mariota-fasse-son-deuxieme-depart-consecutif-pour-washington","status":"publish","type":"post","link":"https:\/\/footdavant.fr\/actualites\/les-inities-de-la-nfl-sattendent-a-ce-que-marcus-mariota-fasse-son-deuxieme-depart-consecutif-pour-washington\/","title":{"rendered":"Les initi\u00e9s de la NFL s&#39;attendent \u00e0 ce que Marcus Mariota fasse son deuxi\u00e8me d\u00e9part cons\u00e9cutif pour Washington"},"content":{"rendered":"<div>\n<p>Daniels a \u00e9t\u00e9 limit\u00e9 \u00e0 l&#39;entra\u00eenement toute la semaine en raison de la blessure au genou. \u00c0 moins d&#39;une tournure importante des \u00e9v\u00e9nements, l&#39;initi\u00e9 de la NFL, Ian Rapoport, s&#39;attend \u00e0 ce que Marcus Mariota commence dans la semaine 4. Washington adopte l&#39;approche \u00e0 long terme de Daniels. Ils ne veulent pas risquer davantage de blessures et ont un QB de sauvegarde capable \u00e0 Mariota. Ce sera sa deuxi\u00e8me semaine cons\u00e9cutive \u00e0 partir des commandants.<\/p>\n<h2>Marcus Mariota devrait recommencer pour Washington dans la semaine 4<\/h2>\n<blockquote class=\"twitter-tweet\">\n<p dir=\"ltr\" lang=\"en\">De TNF Nightcap sur <a rel=\"nofollow\" href=\"https:\/\/twitter.com\/NFLonPrime?ref_src=twsrc%5Etfw\">@Nflonprime<\/a>: Le dernier sur <a rel=\"nofollow\" href=\"https:\/\/twitter.com\/hashtag\/Commanders?src=hash&amp;ref_src=twsrc%5Etfw\"># Commandes<\/a> QB Jayden Daniels, <a rel=\"nofollow\" href=\"https:\/\/twitter.com\/hashtag\/49ers?src=hash&amp;ref_src=twsrc%5Etfw\"># 49ers<\/a> QB Brock Purdy, et comment le <a rel=\"nofollow\" href=\"https:\/\/twitter.com\/hashtag\/Cowboys?src=hash&amp;ref_src=twsrc%5Etfw\">#Cowboys<\/a> se pr\u00e9parent \u00e0 accueillir <a rel=\"nofollow\" href=\"https:\/\/twitter.com\/hashtag\/Packers?src=hash&amp;ref_src=twsrc%5Etfw\">#Packers<\/a> LB Micah Parsons. <a rel=\"nofollow\" href=\"https:\/\/t.co\/c0Q2Ek1gAa\">pic.twitter.com\/c0q2ek1gaa<\/a><\/p>\n<p>&#8211; Ian Rapoport (@rapsheet) <a rel=\"nofollow\" href=\"https:\/\/twitter.com\/RapSheet\/status\/1971424091207835769?ref_src=twsrc%5Etfw\">26 septembre 2025<\/a><\/p>\n<\/blockquote>\n<p>Au cours de leurs trois premiers matchs en 2025, les commandants sont 2-1. Ils sortent d&#39;une victoire de 41-24 contre les Raiders lors de la semaine 3. Le rempla\u00e7ant Marcus Mariota a commenc\u00e9 pour Washington parce que Jayden Daniels a \u00e9t\u00e9 bless\u00e9 au genou. Il a r\u00e9ussi 15-27 passant pour 207 verges et un touch\u00e9 qui passe. Mariota a ajout\u00e9 six courses pour 40 verges et un touch\u00e9 pr\u00e9cipit\u00e9. C&#39;\u00e9tait son premier d\u00e9part depuis la saison 2022 avec les Falcons d&#39;Atlanta.<\/p>\n<p>Pour la semaine 4, les commandants sont sur la route pour affronter Atlanta. Un autre jeu de vengeance o\u00f9 Marcus Mariota devrait prendre le d\u00e9part. Ian Rapoport du r\u00e9seau NFL a not\u00e9 que Jayden Daniels \u00e9tait limit\u00e9 \u00e0 la pratique toute la semaine. Tous les signes indiquent que Daniels est de nouveau sur la semaine 4. Bien que le pro de deuxi\u00e8me ann\u00e9e veuille \u00eatre sur le terrain, Washington le tient pour son propre bien.<\/p>\n<blockquote class=\"twitter-tweet\">\n<p dir=\"ltr\" lang=\"en\">\u00abCela signifie beaucoup pour moi.\u00bb<\/p>\n<p>Marcus Mariota \u00e9motionnel \u00e0 propos de son voyage de football \u2764\ufe0f (via <a rel=\"nofollow\" href=\"https:\/\/twitter.com\/NFLonFOX?ref_src=twsrc%5Etfw\">@Nflonfox<\/a>) <a rel=\"nofollow\" href=\"https:\/\/t.co\/qwJjWsntoT\">pic.twitter.com\/qwjwwsntot<\/a><\/p>\n<p>&#8211; NFL (@nfl) <a rel=\"nofollow\" href=\"https:\/\/twitter.com\/NFL\/status\/1969873029426720852?ref_src=twsrc%5Etfw\">21 septembre 2025<\/a><\/p>\n<\/blockquote>\n<p>De plus, Marcus Mariota est plus qu&#39;une sauvegarde capable. Si Washington a mal lutt\u00e9 au cours de la semaine 3, ils envisageraient peut-\u00eatre de commencer Daniels. Cependant, ce n&#39;\u00e9tait pas le cas par rapport aux Raiders. Washington a une avance de 34-10 avant le quatri\u00e8me trimestre. Marcus Mariota sera \u00e0 nouveau sous le centre de la semaine 4 pour les commandants. L&#39;\u00e9quipe est sur la route pour jouer aux Falcons.<\/p>\n<p>Avant son d\u00e9part dans la semaine 3, la derni\u00e8re \u00e9quipe que Mariota a commenc\u00e9 \u00e9tait Atlanta. Il a \u00e9t\u00e9 leur partant pour leurs 13 premiers matchs de la saison 2022. Finalement, Mariota a \u00e9t\u00e9 banc pour la recrue QB Desmond Ridder. Le joueur de 31 ans a pass\u00e9 les deux derni\u00e8res saisons avec Washington, apparaissant en quatre matchs au total. Cela comprend son d\u00e9part dans la semaine 3. Washington a un match plus difficile dans la semaine 5 lorsqu&#39;ils sont sur la route pour affronter les Chargers. L&#39;\u00e9quipe adorerait retrouver Jayden Daniels pour ce match.<\/p>\n<\/p><\/div>\n<p><script async src=\"https:\/\/platform.twitter.com\/widgets.js\" charset=\"utf-8\"><\/script><\/p>\n","protected":false},"excerpt":{"rendered":"<p>Daniels a \u00e9t\u00e9 limit\u00e9 \u00e0 l&#39;entra\u00eenement toute la semaine en raison de la blessure au genou. \u00c0 moins d&#39;une tournure importante des \u00e9v\u00e9nements, l&#39;initi\u00e9 de<\/p>\n","protected":false},"author":1,"featured_media":29096,"comment_status":"closed","ping_status":"","sticky":false,"template":"","format":"standard","meta":{"footnotes":""},"categories":[3],"tags":[5438,560,1801,2109,4838,93,422,10553,636,51,5723,86,6654],"yoast_head":"<!-- This site is optimized with the Yoast SEO plugin v21.0 - https:\/\/yoast.com\/wordpress\/plugins\/seo\/ -->\n<title>Les initi\u00e9s de la NFL s&#039;attendent \u00e0 ce que Marcus Mariota fasse son deuxi\u00e8me d\u00e9part cons\u00e9cutif pour Washington<\/title>\n<meta name=\"robots\" content=\"index, follow, max-snippet:-1, max-image-preview:large, max-video-preview:-1\" \/>\n<link rel=\"canonical\" href=\"https:\/\/footdavant.fr\/actualites\/les-inities-de-la-nfl-sattendent-a-ce-que-marcus-mariota-fasse-son-deuxieme-depart-consecutif-pour-washington\/\" \/>\n<meta property=\"og:locale\" content=\"fr_FR\" \/>\n<meta property=\"og:type\" content=\"article\" \/>\n<meta property=\"og:title\" content=\"Les initi\u00e9s de la NFL s&#039;attendent \u00e0 ce que Marcus Mariota fasse son deuxi\u00e8me d\u00e9part cons\u00e9cutif pour Washington\" \/>\n<meta property=\"og:description\" content=\"Daniels a \u00e9t\u00e9 limit\u00e9 \u00e0 l&#039;entra\u00eenement toute la semaine en raison de la blessure au genou. \u00c0 moins d&#039;une tournure importante des \u00e9v\u00e9nements, l&#039;initi\u00e9 de\" \/>\n<meta property=\"og:url\" content=\"https:\/\/footdavant.fr\/actualites\/les-inities-de-la-nfl-sattendent-a-ce-que-marcus-mariota-fasse-son-deuxieme-depart-consecutif-pour-washington\/\" \/>\n<meta property=\"og:site_name\" content=\"Foot d&#039;avant\" \/>\n<meta property=\"article:publisher\" content=\"https:\/\/www.facebook.com\/Footdavant\/\" \/>\n<meta property=\"article:published_time\" content=\"2025-09-27T22:48:01+00:00\" \/>\n<meta property=\"article:modified_time\" content=\"2025-09-27T22:48:03+00:00\" \/>\n<meta property=\"og:image\" content=\"https:\/\/footdavant.fr\/actualites\/wp-content\/uploads\/2025\/09\/Les-inities-de-la-NFL-s39attendent-a-ce-que-Marcus.jpg\" \/>\n\t<meta property=\"og:image:width\" content=\"696\" \/>\n\t<meta property=\"og:image:height\" content=\"390\" \/>\n\t<meta property=\"og:image:type\" content=\"image\/jpeg\" \/>\n<meta name=\"author\" content=\"Cl\u00e9ment\" \/>\n<meta name=\"twitter:card\" content=\"summary_large_image\" \/>\n<meta name=\"twitter:creator\" content=\"@FootdavantFr\" \/>\n<meta name=\"twitter:site\" content=\"@FootdavantFr\" \/>\n<meta name=\"twitter:label1\" content=\"\u00c9crit par\" \/>\n\t<meta name=\"twitter:data1\" content=\"Cl\u00e9ment\" \/>\n\t<meta name=\"twitter:label2\" content=\"Dur\u00e9e de lecture estim\u00e9e\" \/>\n\t<meta name=\"twitter:data2\" content=\"2 minutes\" \/>\n<script type=\"application\/ld+json\" class=\"yoast-schema-graph\">{\"@context\":\"https:\/\/schema.org\",\"@graph\":[{\"@type\":\"Article\",\"@id\":\"https:\/\/footdavant.fr\/actualites\/les-inities-de-la-nfl-sattendent-a-ce-que-marcus-mariota-fasse-son-deuxieme-depart-consecutif-pour-washington\/#article\",\"isPartOf\":{\"@id\":\"https:\/\/footdavant.fr\/actualites\/les-inities-de-la-nfl-sattendent-a-ce-que-marcus-mariota-fasse-son-deuxieme-depart-consecutif-pour-washington\/\"},\"author\":{\"name\":\"Cl\u00e9ment\",\"@id\":\"https:\/\/footdavant.fr\/actualites\/#\/schema\/person\/bc222566d95871b37e597b3ed3ba5e1d\"},\"headline\":\"Les initi\u00e9s de la NFL s&#39;attendent \u00e0 ce que Marcus Mariota fasse son deuxi\u00e8me d\u00e9part cons\u00e9cutif pour Washington\",\"datePublished\":\"2025-09-27T22:48:01+00:00\",\"dateModified\":\"2025-09-27T22:48:03+00:00\",\"mainEntityOfPage\":{\"@id\":\"https:\/\/footdavant.fr\/actualites\/les-inities-de-la-nfl-sattendent-a-ce-que-marcus-mariota-fasse-son-deuxieme-depart-consecutif-pour-washington\/\"},\"wordCount\":498,\"publisher\":{\"@id\":\"https:\/\/footdavant.fr\/actualites\/#organization\"},\"keywords\":[\"cons\u00e9cutif\",\"d\u00e9part\",\"deuxi\u00e8me\",\"fasse\",\"initi\u00e9s\",\"les\",\"Marcus\",\"Mariota\",\"NFL\",\"pour\",\"s39attendent\",\"son\",\"Washington\"],\"articleSection\":[\"Football\"],\"inLanguage\":\"fr-FR\"},{\"@type\":\"WebPage\",\"@id\":\"https:\/\/footdavant.fr\/actualites\/les-inities-de-la-nfl-sattendent-a-ce-que-marcus-mariota-fasse-son-deuxieme-depart-consecutif-pour-washington\/\",\"url\":\"https:\/\/footdavant.fr\/actualites\/les-inities-de-la-nfl-sattendent-a-ce-que-marcus-mariota-fasse-son-deuxieme-depart-consecutif-pour-washington\/\",\"name\":\"Les initi\u00e9s de la NFL s&#39;attendent \u00e0 ce que Marcus Mariota fasse son deuxi\u00e8me d\u00e9part cons\u00e9cutif pour Washington\",\"isPartOf\":{\"@id\":\"https:\/\/footdavant.fr\/actualites\/#website\"},\"datePublished\":\"2025-09-27T22:48:01+00:00\",\"dateModified\":\"2025-09-27T22:48:03+00:00\",\"breadcrumb\":{\"@id\":\"https:\/\/footdavant.fr\/actualites\/les-inities-de-la-nfl-sattendent-a-ce-que-marcus-mariota-fasse-son-deuxieme-depart-consecutif-pour-washington\/#breadcrumb\"},\"inLanguage\":\"fr-FR\",\"potentialAction\":[{\"@type\":\"ReadAction\",\"target\":[\"https:\/\/footdavant.fr\/actualites\/les-inities-de-la-nfl-sattendent-a-ce-que-marcus-mariota-fasse-son-deuxieme-depart-consecutif-pour-washington\/\"]}]},{\"@type\":\"BreadcrumbList\",\"@id\":\"https:\/\/footdavant.fr\/actualites\/les-inities-de-la-nfl-sattendent-a-ce-que-marcus-mariota-fasse-son-deuxieme-depart-consecutif-pour-washington\/#breadcrumb\",\"itemListElement\":[{\"@type\":\"ListItem\",\"position\":1,\"name\":\"Accueil\",\"item\":\"https:\/\/footdavant.fr\/actualites\/\"},{\"@type\":\"ListItem\",\"position\":2,\"name\":\"Les initi\u00e9s de la NFL s&#39;attendent \u00e0 ce que Marcus Mariota fasse son deuxi\u00e8me d\u00e9part cons\u00e9cutif pour Washington\"}]},{\"@type\":\"WebSite\",\"@id\":\"https:\/\/footdavant.fr\/actualites\/#website\",\"url\":\"https:\/\/footdavant.fr\/actualites\/\",\"name\":\"Foot d'avant\",\"description\":\"\",\"publisher\":{\"@id\":\"https:\/\/footdavant.fr\/actualites\/#organization\"},\"potentialAction\":[{\"@type\":\"SearchAction\",\"target\":{\"@type\":\"EntryPoint\",\"urlTemplate\":\"https:\/\/footdavant.fr\/actualites\/?s={search_term_string}\"},\"query-input\":\"required name=search_term_string\"}],\"inLanguage\":\"fr-FR\"},{\"@type\":\"Organization\",\"@id\":\"https:\/\/footdavant.fr\/actualites\/#organization\",\"name\":\"Foot d'avant\",\"url\":\"https:\/\/footdavant.fr\/actualites\/\",\"logo\":{\"@type\":\"ImageObject\",\"inLanguage\":\"fr-FR\",\"@id\":\"https:\/\/footdavant.fr\/actualites\/#\/schema\/logo\/image\/\",\"url\":\"https:\/\/footdavant.fr\/actualites\/wp-content\/uploads\/2023\/09\/Copy-of-FootDavant-Logo.png\",\"contentUrl\":\"https:\/\/footdavant.fr\/actualites\/wp-content\/uploads\/2023\/09\/Copy-of-FootDavant-Logo.png\",\"width\":936,\"height\":549,\"caption\":\"Foot d'avant\"},\"image\":{\"@id\":\"https:\/\/footdavant.fr\/actualites\/#\/schema\/logo\/image\/\"},\"sameAs\":[\"https:\/\/www.facebook.com\/Footdavant\/\",\"https:\/\/twitter.com\/FootdavantFr\",\"https:\/\/www.instagram.com\/footdavant.fr\/\"]},{\"@type\":\"Person\",\"@id\":\"https:\/\/footdavant.fr\/actualites\/#\/schema\/person\/bc222566d95871b37e597b3ed3ba5e1d\",\"name\":\"Cl\u00e9ment\",\"image\":{\"@type\":\"ImageObject\",\"inLanguage\":\"fr-FR\",\"@id\":\"https:\/\/footdavant.fr\/actualites\/#\/schema\/person\/image\/\",\"url\":\"https:\/\/secure.gravatar.com\/avatar\/7728b29aac2719421e1a9159b2254c44?s=96&d=mm&r=g\",\"contentUrl\":\"https:\/\/secure.gravatar.com\/avatar\/7728b29aac2719421e1a9159b2254c44?s=96&d=mm&r=g\",\"caption\":\"Cl\u00e9ment\"},\"sameAs\":[\"https:\/\/footdavant.fr\/\"]}]}<\/script>\n<!-- \/ Yoast SEO plugin. -->","yoast_head_json":{"title":"Les initi\u00e9s de la NFL s&#39;attendent \u00e0 ce que Marcus Mariota fasse son deuxi\u00e8me d\u00e9part cons\u00e9cutif pour Washington","robots":{"index":"index","follow":"follow","max-snippet":"max-snippet:-1","max-image-preview":"max-image-preview:large","max-video-preview":"max-video-preview:-1"},"canonical":"https:\/\/footdavant.fr\/actualites\/les-inities-de-la-nfl-sattendent-a-ce-que-marcus-mariota-fasse-son-deuxieme-depart-consecutif-pour-washington\/","og_locale":"fr_FR","og_type":"article","og_title":"Les initi\u00e9s de la NFL s&#39;attendent \u00e0 ce que Marcus Mariota fasse son deuxi\u00e8me d\u00e9part cons\u00e9cutif pour Washington","og_description":"Daniels a \u00e9t\u00e9 limit\u00e9 \u00e0 l&#39;entra\u00eenement toute la semaine en raison de la blessure au genou. \u00c0 moins d&#39;une tournure importante des \u00e9v\u00e9nements, l&#39;initi\u00e9 de","og_url":"https:\/\/footdavant.fr\/actualites\/les-inities-de-la-nfl-sattendent-a-ce-que-marcus-mariota-fasse-son-deuxieme-depart-consecutif-pour-washington\/","og_site_name":"Foot d&#039;avant","article_publisher":"https:\/\/www.facebook.com\/Footdavant\/","article_published_time":"2025-09-27T22:48:01+00:00","article_modified_time":"2025-09-27T22:48:03+00:00","og_image":[{"width":696,"height":390,"url":"https:\/\/footdavant.fr\/actualites\/wp-content\/uploads\/2025\/09\/Les-inities-de-la-NFL-s39attendent-a-ce-que-Marcus.jpg","type":"image\/jpeg"}],"author":"Cl\u00e9ment","twitter_card":"summary_large_image","twitter_creator":"@FootdavantFr","twitter_site":"@FootdavantFr","twitter_misc":{"\u00c9crit par":"Cl\u00e9ment","Dur\u00e9e de lecture estim\u00e9e":"2 minutes"},"schema":{"@context":"https:\/\/schema.org","@graph":[{"@type":"Article","@id":"https:\/\/footdavant.fr\/actualites\/les-inities-de-la-nfl-sattendent-a-ce-que-marcus-mariota-fasse-son-deuxieme-depart-consecutif-pour-washington\/#article","isPartOf":{"@id":"https:\/\/footdavant.fr\/actualites\/les-inities-de-la-nfl-sattendent-a-ce-que-marcus-mariota-fasse-son-deuxieme-depart-consecutif-pour-washington\/"},"author":{"name":"Cl\u00e9ment","@id":"https:\/\/footdavant.fr\/actualites\/#\/schema\/person\/bc222566d95871b37e597b3ed3ba5e1d"},"headline":"Les initi\u00e9s de la NFL s&#39;attendent \u00e0 ce que Marcus Mariota fasse son deuxi\u00e8me d\u00e9part cons\u00e9cutif pour Washington","datePublished":"2025-09-27T22:48:01+00:00","dateModified":"2025-09-27T22:48:03+00:00","mainEntityOfPage":{"@id":"https:\/\/footdavant.fr\/actualites\/les-inities-de-la-nfl-sattendent-a-ce-que-marcus-mariota-fasse-son-deuxieme-depart-consecutif-pour-washington\/"},"wordCount":498,"publisher":{"@id":"https:\/\/footdavant.fr\/actualites\/#organization"},"keywords":["cons\u00e9cutif","d\u00e9part","deuxi\u00e8me","fasse","initi\u00e9s","les","Marcus","Mariota","NFL","pour","s39attendent","son","Washington"],"articleSection":["Football"],"inLanguage":"fr-FR"},{"@type":"WebPage","@id":"https:\/\/footdavant.fr\/actualites\/les-inities-de-la-nfl-sattendent-a-ce-que-marcus-mariota-fasse-son-deuxieme-depart-consecutif-pour-washington\/","url":"https:\/\/footdavant.fr\/actualites\/les-inities-de-la-nfl-sattendent-a-ce-que-marcus-mariota-fasse-son-deuxieme-depart-consecutif-pour-washington\/","name":"Les initi\u00e9s de la NFL s&#39;attendent \u00e0 ce que Marcus Mariota fasse son deuxi\u00e8me d\u00e9part cons\u00e9cutif pour Washington","isPartOf":{"@id":"https:\/\/footdavant.fr\/actualites\/#website"},"datePublished":"2025-09-27T22:48:01+00:00","dateModified":"2025-09-27T22:48:03+00:00","breadcrumb":{"@id":"https:\/\/footdavant.fr\/actualites\/les-inities-de-la-nfl-sattendent-a-ce-que-marcus-mariota-fasse-son-deuxieme-depart-consecutif-pour-washington\/#breadcrumb"},"inLanguage":"fr-FR","potentialAction":[{"@type":"ReadAction","target":["https:\/\/footdavant.fr\/actualites\/les-inities-de-la-nfl-sattendent-a-ce-que-marcus-mariota-fasse-son-deuxieme-depart-consecutif-pour-washington\/"]}]},{"@type":"BreadcrumbList","@id":"https:\/\/footdavant.fr\/actualites\/les-inities-de-la-nfl-sattendent-a-ce-que-marcus-mariota-fasse-son-deuxieme-depart-consecutif-pour-washington\/#breadcrumb","itemListElement":[{"@type":"ListItem","position":1,"name":"Accueil","item":"https:\/\/footdavant.fr\/actualites\/"},{"@type":"ListItem","position":2,"name":"Les initi\u00e9s de la NFL s&#39;attendent \u00e0 ce que Marcus Mariota fasse son deuxi\u00e8me d\u00e9part cons\u00e9cutif pour Washington"}]},{"@type":"WebSite","@id":"https:\/\/footdavant.fr\/actualites\/#website","url":"https:\/\/footdavant.fr\/actualites\/","name":"Foot d'avant","description":"","publisher":{"@id":"https:\/\/footdavant.fr\/actualites\/#organization"},"potentialAction":[{"@type":"SearchAction","target":{"@type":"EntryPoint","urlTemplate":"https:\/\/footdavant.fr\/actualites\/?s={search_term_string}"},"query-input":"required name=search_term_string"}],"inLanguage":"fr-FR"},{"@type":"Organization","@id":"https:\/\/footdavant.fr\/actualites\/#organization","name":"Foot d'avant","url":"https:\/\/footdavant.fr\/actualites\/","logo":{"@type":"ImageObject","inLanguage":"fr-FR","@id":"https:\/\/footdavant.fr\/actualites\/#\/schema\/logo\/image\/","url":"https:\/\/footdavant.fr\/actualites\/wp-content\/uploads\/2023\/09\/Copy-of-FootDavant-Logo.png","contentUrl":"https:\/\/footdavant.fr\/actualites\/wp-content\/uploads\/2023\/09\/Copy-of-FootDavant-Logo.png","width":936,"height":549,"caption":"Foot d'avant"},"image":{"@id":"https:\/\/footdavant.fr\/actualites\/#\/schema\/logo\/image\/"},"sameAs":["https:\/\/www.facebook.com\/Footdavant\/","https:\/\/twitter.com\/FootdavantFr","https:\/\/www.instagram.com\/footdavant.fr\/"]},{"@type":"Person","@id":"https:\/\/footdavant.fr\/actualites\/#\/schema\/person\/bc222566d95871b37e597b3ed3ba5e1d","name":"Cl\u00e9ment","image":{"@type":"ImageObject","inLanguage":"fr-FR","@id":"https:\/\/footdavant.fr\/actualites\/#\/schema\/person\/image\/","url":"https:\/\/secure.gravatar.com\/avatar\/7728b29aac2719421e1a9159b2254c44?s=96&d=mm&r=g","contentUrl":"https:\/\/secure.gravatar.com\/avatar\/7728b29aac2719421e1a9159b2254c44?s=96&d=mm&r=g","caption":"Cl\u00e9ment"},"sameAs":["https:\/\/footdavant.fr\/"]}]}},"_links":{"self":[{"href":"https:\/\/footdavant.fr\/actualites\/wp-json\/wp\/v2\/posts\/29095"}],"collection":[{"href":"https:\/\/footdavant.fr\/actualites\/wp-json\/wp\/v2\/posts"}],"about":[{"href":"https:\/\/footdavant.fr\/actualites\/wp-json\/wp\/v2\/types\/post"}],"author":[{"embeddable":true,"href":"https:\/\/footdavant.fr\/actualites\/wp-json\/wp\/v2\/users\/1"}],"replies":[{"embeddable":true,"href":"https:\/\/footdavant.fr\/actualites\/wp-json\/wp\/v2\/comments?post=29095"}],"version-history":[{"count":1,"href":"https:\/\/footdavant.fr\/actualites\/wp-json\/wp\/v2\/posts\/29095\/revisions"}],"predecessor-version":[{"id":29097,"href":"https:\/\/footdavant.fr\/actualites\/wp-json\/wp\/v2\/posts\/29095\/revisions\/29097"}],"wp:featuredmedia":[{"embeddable":true,"href":"https:\/\/footdavant.fr\/actualites\/wp-json\/wp\/v2\/media\/29096"}],"wp:attachment":[{"href":"https:\/\/footdavant.fr\/actualites\/wp-json\/wp\/v2\/media?parent=29095"}],"wp:term":[{"taxonomy":"category","embeddable":true,"href":"https:\/\/footdavant.fr\/actualites\/wp-json\/wp\/v2\/categories?post=29095"},{"taxonomy":"post_tag","embeddable":true,"href":"https:\/\/footdavant.fr\/actualites\/wp-json\/wp\/v2\/tags?post=29095"}],"curies":[{"name":"wp","href":"https:\/\/api.w.org\/{rel}","templated":true}]}}