{"id":29326,"date":"2025-10-02T17:48:53","date_gmt":"2025-10-02T15:48:53","guid":{"rendered":"https:\/\/footdavant.fr\/actualites\/barcelona-lignage-vs-psg-xi-predit-pour-le-conflit-de-la-ligue-des-champions-comme-la-decision-lamine-yamal-a-ete-prise\/"},"modified":"2025-10-02T17:48:54","modified_gmt":"2025-10-02T15:48:54","slug":"barcelona-lignage-vs-psg-xi-predit-pour-le-conflit-de-la-ligue-des-champions-comme-la-decision-lamine-yamal-a-ete-prise","status":"publish","type":"post","link":"https:\/\/footdavant.fr\/actualites\/barcelona-lignage-vs-psg-xi-predit-pour-le-conflit-de-la-ligue-des-champions-comme-la-decision-lamine-yamal-a-ete-prise\/","title":{"rendered":"BARCELONA LIGNAGE VS. PSG: XI pr\u00e9dit pour le conflit de la Ligue des champions comme la d\u00e9cision Lamine Yamal a \u00e9t\u00e9 prise"},"content":{"rendered":"<p>Sports Mole jette un aper\u00e7u approfondi de la fa\u00e7on dont Barcelone pourrait s&#39;aligner pour le conflit de la Ligue des champions de mercredi avec le Paris Saint-Germain.<\/p>\n<div id=\"article_body\" itemprop=\"articleBody\">\n<p><strong class=\"autotag\">Boss de Barcelone <strong class=\"autotag\">Le film Hansi devrait r\u00e9introduire <strong class=\"autotag\">Lamine Yamal dans sa programmation de d\u00e9part pour mercredi <strong class=\"autotag\">Blockbuster de la Ligue des champions \u00e0 domicile <strong class=\"autotag\">Paris Saint-Germain dans la phase de la ligue.<\/p>\n<p>Le vainqueur du troph\u00e9e KOPA est sorti du banc pour mettre en place le vainqueur de Robert Lewandowski lors de la victoire 2-1 de la Liga du week-end sur la Real Sociedad apr\u00e8s avoir lutt\u00e9 contre une blessure \u00e0 l&#39;aine, et un retour au premier XI est s\u00fbrement maintenant en ordre.<\/p>\n<p>Cependant, un autre attaquant <strong class=\"autotag\">Raphinha est toujours absent avec un probl\u00e8me des ischio-jambiers, tandis que Marc-Andre Ter Stegen (dos), Gavi (genou), Joan Garcia (genou) et Fermin Lopez (arri\u00e8re) ne seront pas disponibles contre les champions de l&#39;Europe non plus.<\/p>\n<p>L&#39;omission de Raphinha n&#39;est gu\u00e8re d\u00e9sastreuse pour Barcelone si <strong class=\"autotag\">L&#39;accumulation de Marcus Rashford contre Newcastle United est tout ce qui se passe, et l&#39;homme de Manchester United sur le logement devrait bombarder l&#39;aile gauche pour les champions espagnols ici.<\/p>\n<p>Yamal sera \u00e0 la hauteur de ses astuces habituelles \u00e0 droite en faveur de Lewandowski, tandis que Dani Olmo d\u00e9placera s\u00fbrement Dro Fernandez, 17 ans, dans le poste num\u00e9ro 10 apr\u00e8s que l&#39;adolescent a commenc\u00e9 contre la Real Sociedad.<\/p>\n<p>FRANT D&#39;UN AUTRE MAUTRE MIDIELFILD DIFFICAL \u00e0 La Liga, les partenaires de Pedri Frenkie de Jong au base du milieu de terrain, tandis que le compatriote Pau Cubarsi est pr\u00eat \u00e0 revenir en d\u00e9fense aux c\u00f4t\u00e9s de Ronald Araujo.<\/p>\n<p>Arri\u00e8re gauche <strong class=\"autotag\">Alejandro Balde est sur le point de revenir d&#39;une blessure aux ischio-jambiers, mais Gerard Martin devrait tenir sa place pour le moment devant Wojciech Szczesny, un d\u00e9marreur garanti au milieu des absences de Ter Stegen et Garcia.<\/p>\n<p>Barcelone possible la gamme de d\u00e9part:<\/p>\n<p>Szczesny; Kounde, Cubarsi, Araujo, Martin; Pedri, de Jong; Yamal, Olmo, Rashford; Lewandowski<\/p>\n<p>> Cliquez ici pour voir comment le PSG pourrait s&#39;aligner pour ce jeu<\/p>\n<div class=\"author_box\">\n<div class=\"author_box_banner\"> <\/div>\n<\/div>\n<\/div>\n","protected":false},"excerpt":{"rendered":"<p>Sports Mole jette un aper\u00e7u approfondi de la fa\u00e7on dont Barcelone pourrait s&#39;aligner pour le conflit de la Ligue des champions de mercredi avec le<\/p>\n","protected":false},"author":1,"featured_media":29327,"comment_status":"closed","ping_status":"","sticky":false,"template":"","format":"standard","meta":{"footnotes":""},"categories":[4],"tags":[8858,31,990,7805,497,12,776,4088,7814,30,51,3581,5541,1656,4089],"yoast_head":"<!-- This site is optimized with the Yoast SEO plugin v21.0 - https:\/\/yoast.com\/wordpress\/plugins\/seo\/ -->\n<title>BARCELONA LIGNAGE VS. PSG: XI pr\u00e9dit pour le conflit de la Ligue des champions comme la d\u00e9cision Lamine Yamal a \u00e9t\u00e9 prise<\/title>\n<meta name=\"robots\" content=\"index, follow, max-snippet:-1, max-image-preview:large, max-video-preview:-1\" \/>\n<link rel=\"canonical\" href=\"https:\/\/footdavant.fr\/actualites\/barcelona-lignage-vs-psg-xi-predit-pour-le-conflit-de-la-ligue-des-champions-comme-la-decision-lamine-yamal-a-ete-prise\/\" \/>\n<meta property=\"og:locale\" content=\"fr_FR\" \/>\n<meta property=\"og:type\" content=\"article\" \/>\n<meta property=\"og:title\" content=\"BARCELONA LIGNAGE VS. PSG: XI pr\u00e9dit pour le conflit de la Ligue des champions comme la d\u00e9cision Lamine Yamal a \u00e9t\u00e9 prise\" \/>\n<meta property=\"og:description\" content=\"Sports Mole jette un aper\u00e7u approfondi de la fa\u00e7on dont Barcelone pourrait s&#039;aligner pour le conflit de la Ligue des champions de mercredi avec le\" \/>\n<meta property=\"og:url\" content=\"https:\/\/footdavant.fr\/actualites\/barcelona-lignage-vs-psg-xi-predit-pour-le-conflit-de-la-ligue-des-champions-comme-la-decision-lamine-yamal-a-ete-prise\/\" \/>\n<meta property=\"og:site_name\" content=\"Foot d&#039;avant\" \/>\n<meta property=\"article:publisher\" content=\"https:\/\/www.facebook.com\/Footdavant\/\" \/>\n<meta property=\"article:published_time\" content=\"2025-10-02T15:48:53+00:00\" \/>\n<meta property=\"article:modified_time\" content=\"2025-10-02T15:48:54+00:00\" \/>\n<meta property=\"og:image\" content=\"https:\/\/footdavant.fr\/actualites\/wp-content\/uploads\/2025\/10\/BARCELONA-LIGNAGE-VS-PSG-XI-predit-pour-le-conflit-de.jpg\" \/>\n\t<meta property=\"og:image:width\" content=\"640\" \/>\n\t<meta property=\"og:image:height\" content=\"480\" \/>\n\t<meta property=\"og:image:type\" content=\"image\/jpeg\" \/>\n<meta name=\"author\" content=\"Cl\u00e9ment\" \/>\n<meta name=\"twitter:card\" content=\"summary_large_image\" \/>\n<meta name=\"twitter:creator\" content=\"@FootdavantFr\" \/>\n<meta name=\"twitter:site\" content=\"@FootdavantFr\" \/>\n<meta name=\"twitter:label1\" content=\"\u00c9crit par\" \/>\n\t<meta name=\"twitter:data1\" content=\"Cl\u00e9ment\" \/>\n\t<meta name=\"twitter:label2\" content=\"Dur\u00e9e de lecture estim\u00e9e\" \/>\n\t<meta name=\"twitter:data2\" content=\"2 minutes\" \/>\n<script type=\"application\/ld+json\" class=\"yoast-schema-graph\">{\"@context\":\"https:\/\/schema.org\",\"@graph\":[{\"@type\":\"Article\",\"@id\":\"https:\/\/footdavant.fr\/actualites\/barcelona-lignage-vs-psg-xi-predit-pour-le-conflit-de-la-ligue-des-champions-comme-la-decision-lamine-yamal-a-ete-prise\/#article\",\"isPartOf\":{\"@id\":\"https:\/\/footdavant.fr\/actualites\/barcelona-lignage-vs-psg-xi-predit-pour-le-conflit-de-la-ligue-des-champions-comme-la-decision-lamine-yamal-a-ete-prise\/\"},\"author\":{\"name\":\"Cl\u00e9ment\",\"@id\":\"https:\/\/footdavant.fr\/actualites\/#\/schema\/person\/bc222566d95871b37e597b3ed3ba5e1d\"},\"headline\":\"BARCELONA LIGNAGE VS. PSG: XI pr\u00e9dit pour le conflit de la Ligue des champions comme la d\u00e9cision Lamine Yamal a \u00e9t\u00e9 prise\",\"datePublished\":\"2025-10-02T15:48:53+00:00\",\"dateModified\":\"2025-10-02T15:48:54+00:00\",\"mainEntityOfPage\":{\"@id\":\"https:\/\/footdavant.fr\/actualites\/barcelona-lignage-vs-psg-xi-predit-pour-le-conflit-de-la-ligue-des-champions-comme-la-decision-lamine-yamal-a-ete-prise\/\"},\"wordCount\":386,\"publisher\":{\"@id\":\"https:\/\/footdavant.fr\/actualites\/#organization\"},\"keywords\":[\"BARCELONA\",\"champions\",\"comme\",\"conflit\",\"d\u00e9cision\",\"des\",\"\u00e9t\u00e9\",\"Lamine\",\"LIGNAGE\",\"Ligue\",\"pour\",\"pr\u00e9dit\",\"prise\",\"PSG\",\"Yamal\"],\"articleSection\":[\"Champions League\"],\"inLanguage\":\"fr-FR\"},{\"@type\":\"WebPage\",\"@id\":\"https:\/\/footdavant.fr\/actualites\/barcelona-lignage-vs-psg-xi-predit-pour-le-conflit-de-la-ligue-des-champions-comme-la-decision-lamine-yamal-a-ete-prise\/\",\"url\":\"https:\/\/footdavant.fr\/actualites\/barcelona-lignage-vs-psg-xi-predit-pour-le-conflit-de-la-ligue-des-champions-comme-la-decision-lamine-yamal-a-ete-prise\/\",\"name\":\"BARCELONA LIGNAGE VS. PSG: XI pr\u00e9dit pour le conflit de la Ligue des champions comme la d\u00e9cision Lamine Yamal a \u00e9t\u00e9 prise\",\"isPartOf\":{\"@id\":\"https:\/\/footdavant.fr\/actualites\/#website\"},\"datePublished\":\"2025-10-02T15:48:53+00:00\",\"dateModified\":\"2025-10-02T15:48:54+00:00\",\"breadcrumb\":{\"@id\":\"https:\/\/footdavant.fr\/actualites\/barcelona-lignage-vs-psg-xi-predit-pour-le-conflit-de-la-ligue-des-champions-comme-la-decision-lamine-yamal-a-ete-prise\/#breadcrumb\"},\"inLanguage\":\"fr-FR\",\"potentialAction\":[{\"@type\":\"ReadAction\",\"target\":[\"https:\/\/footdavant.fr\/actualites\/barcelona-lignage-vs-psg-xi-predit-pour-le-conflit-de-la-ligue-des-champions-comme-la-decision-lamine-yamal-a-ete-prise\/\"]}]},{\"@type\":\"BreadcrumbList\",\"@id\":\"https:\/\/footdavant.fr\/actualites\/barcelona-lignage-vs-psg-xi-predit-pour-le-conflit-de-la-ligue-des-champions-comme-la-decision-lamine-yamal-a-ete-prise\/#breadcrumb\",\"itemListElement\":[{\"@type\":\"ListItem\",\"position\":1,\"name\":\"Accueil\",\"item\":\"https:\/\/footdavant.fr\/actualites\/\"},{\"@type\":\"ListItem\",\"position\":2,\"name\":\"BARCELONA LIGNAGE VS. PSG: XI pr\u00e9dit pour le conflit de la Ligue des champions comme la d\u00e9cision Lamine Yamal a \u00e9t\u00e9 prise\"}]},{\"@type\":\"WebSite\",\"@id\":\"https:\/\/footdavant.fr\/actualites\/#website\",\"url\":\"https:\/\/footdavant.fr\/actualites\/\",\"name\":\"Foot d'avant\",\"description\":\"\",\"publisher\":{\"@id\":\"https:\/\/footdavant.fr\/actualites\/#organization\"},\"potentialAction\":[{\"@type\":\"SearchAction\",\"target\":{\"@type\":\"EntryPoint\",\"urlTemplate\":\"https:\/\/footdavant.fr\/actualites\/?s={search_term_string}\"},\"query-input\":\"required name=search_term_string\"}],\"inLanguage\":\"fr-FR\"},{\"@type\":\"Organization\",\"@id\":\"https:\/\/footdavant.fr\/actualites\/#organization\",\"name\":\"Foot d'avant\",\"url\":\"https:\/\/footdavant.fr\/actualites\/\",\"logo\":{\"@type\":\"ImageObject\",\"inLanguage\":\"fr-FR\",\"@id\":\"https:\/\/footdavant.fr\/actualites\/#\/schema\/logo\/image\/\",\"url\":\"https:\/\/footdavant.fr\/actualites\/wp-content\/uploads\/2023\/09\/Copy-of-FootDavant-Logo.png\",\"contentUrl\":\"https:\/\/footdavant.fr\/actualites\/wp-content\/uploads\/2023\/09\/Copy-of-FootDavant-Logo.png\",\"width\":936,\"height\":549,\"caption\":\"Foot d'avant\"},\"image\":{\"@id\":\"https:\/\/footdavant.fr\/actualites\/#\/schema\/logo\/image\/\"},\"sameAs\":[\"https:\/\/www.facebook.com\/Footdavant\/\",\"https:\/\/twitter.com\/FootdavantFr\",\"https:\/\/www.instagram.com\/footdavant.fr\/\"]},{\"@type\":\"Person\",\"@id\":\"https:\/\/footdavant.fr\/actualites\/#\/schema\/person\/bc222566d95871b37e597b3ed3ba5e1d\",\"name\":\"Cl\u00e9ment\",\"image\":{\"@type\":\"ImageObject\",\"inLanguage\":\"fr-FR\",\"@id\":\"https:\/\/footdavant.fr\/actualites\/#\/schema\/person\/image\/\",\"url\":\"https:\/\/secure.gravatar.com\/avatar\/7728b29aac2719421e1a9159b2254c44?s=96&d=mm&r=g\",\"contentUrl\":\"https:\/\/secure.gravatar.com\/avatar\/7728b29aac2719421e1a9159b2254c44?s=96&d=mm&r=g\",\"caption\":\"Cl\u00e9ment\"},\"sameAs\":[\"https:\/\/footdavant.fr\/\"]}]}<\/script>\n<!-- \/ Yoast SEO plugin. -->","yoast_head_json":{"title":"BARCELONA LIGNAGE VS. PSG: XI pr\u00e9dit pour le conflit de la Ligue des champions comme la d\u00e9cision Lamine Yamal a \u00e9t\u00e9 prise","robots":{"index":"index","follow":"follow","max-snippet":"max-snippet:-1","max-image-preview":"max-image-preview:large","max-video-preview":"max-video-preview:-1"},"canonical":"https:\/\/footdavant.fr\/actualites\/barcelona-lignage-vs-psg-xi-predit-pour-le-conflit-de-la-ligue-des-champions-comme-la-decision-lamine-yamal-a-ete-prise\/","og_locale":"fr_FR","og_type":"article","og_title":"BARCELONA LIGNAGE VS. PSG: XI pr\u00e9dit pour le conflit de la Ligue des champions comme la d\u00e9cision Lamine Yamal a \u00e9t\u00e9 prise","og_description":"Sports Mole jette un aper\u00e7u approfondi de la fa\u00e7on dont Barcelone pourrait s&#39;aligner pour le conflit de la Ligue des champions de mercredi avec le","og_url":"https:\/\/footdavant.fr\/actualites\/barcelona-lignage-vs-psg-xi-predit-pour-le-conflit-de-la-ligue-des-champions-comme-la-decision-lamine-yamal-a-ete-prise\/","og_site_name":"Foot d&#039;avant","article_publisher":"https:\/\/www.facebook.com\/Footdavant\/","article_published_time":"2025-10-02T15:48:53+00:00","article_modified_time":"2025-10-02T15:48:54+00:00","og_image":[{"width":640,"height":480,"url":"https:\/\/footdavant.fr\/actualites\/wp-content\/uploads\/2025\/10\/BARCELONA-LIGNAGE-VS-PSG-XI-predit-pour-le-conflit-de.jpg","type":"image\/jpeg"}],"author":"Cl\u00e9ment","twitter_card":"summary_large_image","twitter_creator":"@FootdavantFr","twitter_site":"@FootdavantFr","twitter_misc":{"\u00c9crit par":"Cl\u00e9ment","Dur\u00e9e de lecture estim\u00e9e":"2 minutes"},"schema":{"@context":"https:\/\/schema.org","@graph":[{"@type":"Article","@id":"https:\/\/footdavant.fr\/actualites\/barcelona-lignage-vs-psg-xi-predit-pour-le-conflit-de-la-ligue-des-champions-comme-la-decision-lamine-yamal-a-ete-prise\/#article","isPartOf":{"@id":"https:\/\/footdavant.fr\/actualites\/barcelona-lignage-vs-psg-xi-predit-pour-le-conflit-de-la-ligue-des-champions-comme-la-decision-lamine-yamal-a-ete-prise\/"},"author":{"name":"Cl\u00e9ment","@id":"https:\/\/footdavant.fr\/actualites\/#\/schema\/person\/bc222566d95871b37e597b3ed3ba5e1d"},"headline":"BARCELONA LIGNAGE VS. PSG: XI pr\u00e9dit pour le conflit de la Ligue des champions comme la d\u00e9cision Lamine Yamal a \u00e9t\u00e9 prise","datePublished":"2025-10-02T15:48:53+00:00","dateModified":"2025-10-02T15:48:54+00:00","mainEntityOfPage":{"@id":"https:\/\/footdavant.fr\/actualites\/barcelona-lignage-vs-psg-xi-predit-pour-le-conflit-de-la-ligue-des-champions-comme-la-decision-lamine-yamal-a-ete-prise\/"},"wordCount":386,"publisher":{"@id":"https:\/\/footdavant.fr\/actualites\/#organization"},"keywords":["BARCELONA","champions","comme","conflit","d\u00e9cision","des","\u00e9t\u00e9","Lamine","LIGNAGE","Ligue","pour","pr\u00e9dit","prise","PSG","Yamal"],"articleSection":["Champions League"],"inLanguage":"fr-FR"},{"@type":"WebPage","@id":"https:\/\/footdavant.fr\/actualites\/barcelona-lignage-vs-psg-xi-predit-pour-le-conflit-de-la-ligue-des-champions-comme-la-decision-lamine-yamal-a-ete-prise\/","url":"https:\/\/footdavant.fr\/actualites\/barcelona-lignage-vs-psg-xi-predit-pour-le-conflit-de-la-ligue-des-champions-comme-la-decision-lamine-yamal-a-ete-prise\/","name":"BARCELONA LIGNAGE VS. PSG: XI pr\u00e9dit pour le conflit de la Ligue des champions comme la d\u00e9cision Lamine Yamal a \u00e9t\u00e9 prise","isPartOf":{"@id":"https:\/\/footdavant.fr\/actualites\/#website"},"datePublished":"2025-10-02T15:48:53+00:00","dateModified":"2025-10-02T15:48:54+00:00","breadcrumb":{"@id":"https:\/\/footdavant.fr\/actualites\/barcelona-lignage-vs-psg-xi-predit-pour-le-conflit-de-la-ligue-des-champions-comme-la-decision-lamine-yamal-a-ete-prise\/#breadcrumb"},"inLanguage":"fr-FR","potentialAction":[{"@type":"ReadAction","target":["https:\/\/footdavant.fr\/actualites\/barcelona-lignage-vs-psg-xi-predit-pour-le-conflit-de-la-ligue-des-champions-comme-la-decision-lamine-yamal-a-ete-prise\/"]}]},{"@type":"BreadcrumbList","@id":"https:\/\/footdavant.fr\/actualites\/barcelona-lignage-vs-psg-xi-predit-pour-le-conflit-de-la-ligue-des-champions-comme-la-decision-lamine-yamal-a-ete-prise\/#breadcrumb","itemListElement":[{"@type":"ListItem","position":1,"name":"Accueil","item":"https:\/\/footdavant.fr\/actualites\/"},{"@type":"ListItem","position":2,"name":"BARCELONA LIGNAGE VS. PSG: XI pr\u00e9dit pour le conflit de la Ligue des champions comme la d\u00e9cision Lamine Yamal a \u00e9t\u00e9 prise"}]},{"@type":"WebSite","@id":"https:\/\/footdavant.fr\/actualites\/#website","url":"https:\/\/footdavant.fr\/actualites\/","name":"Foot d'avant","description":"","publisher":{"@id":"https:\/\/footdavant.fr\/actualites\/#organization"},"potentialAction":[{"@type":"SearchAction","target":{"@type":"EntryPoint","urlTemplate":"https:\/\/footdavant.fr\/actualites\/?s={search_term_string}"},"query-input":"required name=search_term_string"}],"inLanguage":"fr-FR"},{"@type":"Organization","@id":"https:\/\/footdavant.fr\/actualites\/#organization","name":"Foot d'avant","url":"https:\/\/footdavant.fr\/actualites\/","logo":{"@type":"ImageObject","inLanguage":"fr-FR","@id":"https:\/\/footdavant.fr\/actualites\/#\/schema\/logo\/image\/","url":"https:\/\/footdavant.fr\/actualites\/wp-content\/uploads\/2023\/09\/Copy-of-FootDavant-Logo.png","contentUrl":"https:\/\/footdavant.fr\/actualites\/wp-content\/uploads\/2023\/09\/Copy-of-FootDavant-Logo.png","width":936,"height":549,"caption":"Foot d'avant"},"image":{"@id":"https:\/\/footdavant.fr\/actualites\/#\/schema\/logo\/image\/"},"sameAs":["https:\/\/www.facebook.com\/Footdavant\/","https:\/\/twitter.com\/FootdavantFr","https:\/\/www.instagram.com\/footdavant.fr\/"]},{"@type":"Person","@id":"https:\/\/footdavant.fr\/actualites\/#\/schema\/person\/bc222566d95871b37e597b3ed3ba5e1d","name":"Cl\u00e9ment","image":{"@type":"ImageObject","inLanguage":"fr-FR","@id":"https:\/\/footdavant.fr\/actualites\/#\/schema\/person\/image\/","url":"https:\/\/secure.gravatar.com\/avatar\/7728b29aac2719421e1a9159b2254c44?s=96&d=mm&r=g","contentUrl":"https:\/\/secure.gravatar.com\/avatar\/7728b29aac2719421e1a9159b2254c44?s=96&d=mm&r=g","caption":"Cl\u00e9ment"},"sameAs":["https:\/\/footdavant.fr\/"]}]}},"_links":{"self":[{"href":"https:\/\/footdavant.fr\/actualites\/wp-json\/wp\/v2\/posts\/29326"}],"collection":[{"href":"https:\/\/footdavant.fr\/actualites\/wp-json\/wp\/v2\/posts"}],"about":[{"href":"https:\/\/footdavant.fr\/actualites\/wp-json\/wp\/v2\/types\/post"}],"author":[{"embeddable":true,"href":"https:\/\/footdavant.fr\/actualites\/wp-json\/wp\/v2\/users\/1"}],"replies":[{"embeddable":true,"href":"https:\/\/footdavant.fr\/actualites\/wp-json\/wp\/v2\/comments?post=29326"}],"version-history":[{"count":1,"href":"https:\/\/footdavant.fr\/actualites\/wp-json\/wp\/v2\/posts\/29326\/revisions"}],"predecessor-version":[{"id":29328,"href":"https:\/\/footdavant.fr\/actualites\/wp-json\/wp\/v2\/posts\/29326\/revisions\/29328"}],"wp:featuredmedia":[{"embeddable":true,"href":"https:\/\/footdavant.fr\/actualites\/wp-json\/wp\/v2\/media\/29327"}],"wp:attachment":[{"href":"https:\/\/footdavant.fr\/actualites\/wp-json\/wp\/v2\/media?parent=29326"}],"wp:term":[{"taxonomy":"category","embeddable":true,"href":"https:\/\/footdavant.fr\/actualites\/wp-json\/wp\/v2\/categories?post=29326"},{"taxonomy":"post_tag","embeddable":true,"href":"https:\/\/footdavant.fr\/actualites\/wp-json\/wp\/v2\/tags?post=29326"}],"curies":[{"name":"wp","href":"https:\/\/api.w.org\/{rel}","templated":true}]}}