{"id":29329,"date":"2025-10-02T18:48:03","date_gmt":"2025-10-02T16:48:03","guid":{"rendered":"https:\/\/footdavant.fr\/actualites\/tyrell-malacia-dernier-le-membre-de-man-united-bomb-squad-a-avoir-la-chance-serieuse-sous-ruben-amorim-apres-son-retour-a-la-formation-de-la-premiere-equipe\/"},"modified":"2025-10-02T18:48:04","modified_gmt":"2025-10-02T16:48:04","slug":"tyrell-malacia-dernier-le-membre-de-man-united-bomb-squad-a-avoir-la-chance-serieuse-sous-ruben-amorim-apres-son-retour-a-la-formation-de-la-premiere-equipe","status":"publish","type":"post","link":"https:\/\/footdavant.fr\/actualites\/tyrell-malacia-dernier-le-membre-de-man-united-bomb-squad-a-avoir-la-chance-serieuse-sous-ruben-amorim-apres-son-retour-a-la-formation-de-la-premiere-equipe\/","title":{"rendered":"Tyrell Malacia Dernier: le membre de Man United &#39;Bomb Squad&#39; \u00e0 avoir la \u00abchance s\u00e9rieuse\u00bb sous Ruben Amorim apr\u00e8s son retour \u00e0 la formation de la premi\u00e8re \u00e9quipe"},"content":{"rendered":"<p>Tyrell Malacia revient \u00e0 la formation en premi\u00e8re \u00e9quipe \u00e0 Manchester United apr\u00e8s avoir \u00e9t\u00e9 gel\u00e9 par l&#39;entra\u00eeneur-chef Ruben Amorim.<\/p>\n<div id=\"article_body\" itemprop=\"articleBody\">\n<h3 class=\"firstPara\"><\/h3>\n<p style=\"margin-bottom:11px\"><strong class=\"autotag\">Tyrell Malacia est revenu \u00e0 la formation en premi\u00e8re \u00e9quipe \u00e0 <strong class=\"autotag\">Manchester United ayant d\u00e9j\u00e0 \u00e9t\u00e9 gel\u00e9 par l&#39;entra\u00eeneur-chef <strong class=\"autotag\">Ruben Amorim.<\/p>\n<p>Apr\u00e8s avoir d\u00e9pens\u00e9 la seconde moiti\u00e9 de la saison derni\u00e8re au PSV Eindhoven, Malacia a \u00e9t\u00e9 jug\u00e9 exc\u00e9dentaire aux exigences d&#39;Amorim en \u00e9t\u00e9 et a \u00e9t\u00e9 l&#39;un des soi-disant membres de la \u00abSquad Bomb\u00bb exil\u00e9 de la premi\u00e8re \u00e9quipe avant la pr\u00e9-saison.<\/p>\n<p>Il a \u00e9t\u00e9 pr\u00e9c\u00e9demment signal\u00e9 que Man United avait conclu un accord avec la tenue turque Eyupspor pour envoyer Malacia en pr\u00eat pour la saison 2025-26, mais le d\u00e9m\u00e9nagement temporaire n&#39;a finalement pas r\u00e9ussi \u00e0 se mat\u00e9rialiser.<\/p>\n<p>Un passage \u00e0 l&#39;Elche c\u00f4t\u00e9 espagnol, quant \u00e0 lui, s&#39;est \u00e9galement tomb\u00e9 en panne pour Malacia le jour de la date limite et l&#39;arri\u00e8re gauche de 26 ans a depuis eu du mal \u00e0 trouver un moyen de sortir d&#39;Old Trafford.<\/p>\n<p>D\u00e9but septembre, Malacia a \u00e9t\u00e9 \u00e9tonnamment enregistr\u00e9e dans l&#39;\u00e9quipe de Premier League de Man United pour la saison 2025-26, ce qui a incit\u00e9 Amorim \u00e0 clarifier la situation du N\u00e9erlandais.<\/p>\n<p>\u00ab\u00a0(Malacia) revient en contact avec le ballon avec les moins de 21 ans, alors nous verrons\u00a0\u00bb, a d\u00e9clar\u00e9 Amorim aux journalistes.<\/p>\n<p class=\"imgI\">\n<h2>Malacia pourrait \u00eatre donn\u00e9 \u00e0 Man Utd Lifeline par Amorim alors qu&#39;il revient \u00e0 la formation de la premi\u00e8re \u00e9quipe<\/h2>\n<p>Il semble maintenant que Malacia pourrait \u00eatre pr\u00e9sent\u00e9 avec une bou\u00e9e de sauvetage \u00e0 Man United, car plusieurs rapports affirment que le d\u00e9fenseur est revenu \u00e0 la formation en premi\u00e8re \u00e9quipe cette semaine.<\/p>\n<p>Les sources ont inform\u00e9 <em>BBC Sport<\/em> que le plan avait toujours \u00e9t\u00e9 pour les Red Devils de r\u00e9int\u00e9grer les joueurs encore au club, et le retour de Malacia n&#39;est li\u00e9 \u00e0 aucune blessure ou \u00e0 une tombe en forme.<\/p>\n<p>\u00c0 une \u00e9poque o\u00f9 Man United continue de lutter sous Amorim, le m\u00e9dia n\u00e9erlandais <em>Vi<\/em> affirme que l&#39;entra\u00eeneur portugais donnera \u00e0 Malacia une \u00abchance s\u00e9rieuse\u00bb de revendiquer une demande de premi\u00e8re \u00e9quipe \u00e0 Old Trafford.<\/p>\n<p>Le <em>Courrier quotidien <\/em>affirme que Malacia a \u00e9t\u00e9 \u00abhors des graphiques\u00bb avec son intensit\u00e9 et l&#39;attitude qu&#39;il a \u00e9tablie en s&#39;entra\u00eenant avec les moins de 21 ans de Man United ces derni\u00e8res semaines.<\/p>\n<p>Malacia, qui a \u00e9t\u00e9 sign\u00e9 par Erik Ten Hag en 2022, \u00e9tait initialement un habitu\u00e9 des Red Devils lors de sa premi\u00e8re campagne au club, avant de subir une grave blessure au genou qui l&#39;a forc\u00e9 \u00e0 manquer toute la saison 2023-24.<\/p>\n<p>L&#39;arri\u00e8re gauche est revenu \u00e0 Full Fitness et a pr\u00e9sent\u00e9 huit fois sous Amorim, faisant sa derni\u00e8re apparition United contre le FCSB dans la Ligue Europa le 30 janvier avant de se rendre en pr\u00eat au PSV le mois suivant.<\/p>\n<p>Il reste \u00e0 voir si Malacia sera impliqu\u00e9e dans l&#39;\u00e9quipe de match de Man United pour le match \u00e0 domicile de la Premier League de samedi contre Sunderland, Amorim poss\u00e9dant d\u00e9j\u00e0 trois d\u00e9fenseurs du c\u00f4t\u00e9 gauche dans son \u00e9quipe sous la forme de Patrick Dorgu, Luke Shaw et Diego Leon.<\/p>\n<div class=\"author_box\">\n<div class=\"author_box_banner\"> <img decoding=\"async\" class=\"author_img\" src=\"https:\/\/footdavant.fr\/actualites\/wp-content\/uploads\/2025\/06\/Modric-Carvajal-Ronaldo-Quels-joueurs-ont-remporte-le-plus-de.jpg\"><\/div>\n<\/div>\n<\/div>\n","protected":false},"excerpt":{"rendered":"<p>Tyrell Malacia revient \u00e0 la formation en premi\u00e8re \u00e9quipe \u00e0 Manchester United apr\u00e8s avoir \u00e9t\u00e9 gel\u00e9 par l&#39;entra\u00eeneur-chef Ruben Amorim. Tyrell Malacia est revenu \u00e0<\/p>\n","protected":false},"author":1,"featured_media":28373,"comment_status":"closed","ping_status":"","sticky":false,"template":"","format":"standard","meta":{"footnotes":""},"categories":[5],"tags":[10661,4477,25,156,1708,2317,28,660,1824,24,2455,1024,393,160,8916,86,1301,10662,1823,13],"yoast_head":"<!-- This site is optimized with the Yoast SEO plugin v21.0 - https:\/\/yoast.com\/wordpress\/plugins\/seo\/ -->\n<title>Tyrell Malacia Dernier: le membre de Man United &#039;Bomb Squad&#039; \u00e0 avoir la \u00abchance s\u00e9rieuse\u00bb sous Ruben Amorim apr\u00e8s son retour \u00e0 la formation de la premi\u00e8re \u00e9quipe<\/title>\n<meta name=\"robots\" content=\"index, follow, max-snippet:-1, max-image-preview:large, max-video-preview:-1\" \/>\n<link rel=\"canonical\" href=\"https:\/\/footdavant.fr\/actualites\/tyrell-malacia-dernier-le-membre-de-man-united-bomb-squad-a-avoir-la-chance-serieuse-sous-ruben-amorim-apres-son-retour-a-la-formation-de-la-premiere-equipe\/\" \/>\n<meta property=\"og:locale\" content=\"fr_FR\" \/>\n<meta property=\"og:type\" content=\"article\" \/>\n<meta property=\"og:title\" content=\"Tyrell Malacia Dernier: le membre de Man United &#039;Bomb Squad&#039; \u00e0 avoir la \u00abchance s\u00e9rieuse\u00bb sous Ruben Amorim apr\u00e8s son retour \u00e0 la formation de la premi\u00e8re \u00e9quipe\" \/>\n<meta property=\"og:description\" content=\"Tyrell Malacia revient \u00e0 la formation en premi\u00e8re \u00e9quipe \u00e0 Manchester United apr\u00e8s avoir \u00e9t\u00e9 gel\u00e9 par l&#039;entra\u00eeneur-chef Ruben Amorim. Tyrell Malacia est revenu \u00e0\" \/>\n<meta property=\"og:url\" content=\"https:\/\/footdavant.fr\/actualites\/tyrell-malacia-dernier-le-membre-de-man-united-bomb-squad-a-avoir-la-chance-serieuse-sous-ruben-amorim-apres-son-retour-a-la-formation-de-la-premiere-equipe\/\" \/>\n<meta property=\"og:site_name\" content=\"Foot d&#039;avant\" \/>\n<meta property=\"article:publisher\" content=\"https:\/\/www.facebook.com\/Footdavant\/\" \/>\n<meta property=\"article:published_time\" content=\"2025-10-02T16:48:03+00:00\" \/>\n<meta property=\"article:modified_time\" content=\"2025-10-02T16:48:04+00:00\" \/>\n<meta property=\"og:image\" content=\"https:\/\/footdavant.fr\/actualites\/wp-content\/uploads\/2025\/09\/1757681306_Man-United-Transfer-News-Surprise-Club-emerge-comme-des-principaux.jpg\" \/>\n\t<meta property=\"og:image:width\" content=\"640\" \/>\n\t<meta property=\"og:image:height\" content=\"480\" \/>\n\t<meta property=\"og:image:type\" content=\"image\/jpeg\" \/>\n<meta name=\"author\" content=\"Cl\u00e9ment\" \/>\n<meta name=\"twitter:card\" content=\"summary_large_image\" \/>\n<meta name=\"twitter:creator\" content=\"@FootdavantFr\" \/>\n<meta name=\"twitter:site\" content=\"@FootdavantFr\" \/>\n<meta name=\"twitter:label1\" content=\"\u00c9crit par\" \/>\n\t<meta name=\"twitter:data1\" content=\"Cl\u00e9ment\" \/>\n\t<meta name=\"twitter:label2\" content=\"Dur\u00e9e de lecture estim\u00e9e\" \/>\n\t<meta name=\"twitter:data2\" content=\"3 minutes\" \/>\n<script type=\"application\/ld+json\" class=\"yoast-schema-graph\">{\"@context\":\"https:\/\/schema.org\",\"@graph\":[{\"@type\":\"Article\",\"@id\":\"https:\/\/footdavant.fr\/actualites\/tyrell-malacia-dernier-le-membre-de-man-united-bomb-squad-a-avoir-la-chance-serieuse-sous-ruben-amorim-apres-son-retour-a-la-formation-de-la-premiere-equipe\/#article\",\"isPartOf\":{\"@id\":\"https:\/\/footdavant.fr\/actualites\/tyrell-malacia-dernier-le-membre-de-man-united-bomb-squad-a-avoir-la-chance-serieuse-sous-ruben-amorim-apres-son-retour-a-la-formation-de-la-premiere-equipe\/\"},\"author\":{\"name\":\"Cl\u00e9ment\",\"@id\":\"https:\/\/footdavant.fr\/actualites\/#\/schema\/person\/bc222566d95871b37e597b3ed3ba5e1d\"},\"headline\":\"Tyrell Malacia Dernier: le membre de Man United &#39;Bomb Squad&#39; \u00e0 avoir la \u00abchance s\u00e9rieuse\u00bb sous Ruben Amorim apr\u00e8s son retour \u00e0 la formation de la premi\u00e8re \u00e9quipe\",\"datePublished\":\"2025-10-02T16:48:03+00:00\",\"dateModified\":\"2025-10-02T16:48:04+00:00\",\"mainEntityOfPage\":{\"@id\":\"https:\/\/footdavant.fr\/actualites\/tyrell-malacia-dernier-le-membre-de-man-united-bomb-squad-a-avoir-la-chance-serieuse-sous-ruben-amorim-apres-son-retour-a-la-formation-de-la-premiere-equipe\/\"},\"wordCount\":574,\"publisher\":{\"@id\":\"https:\/\/footdavant.fr\/actualites\/#organization\"},\"keywords\":[\"39Bomb\",\"Amorim\",\"apr\u00e8s\",\"avoir\",\"chance\",\"dernier\",\"\u00c9quipe\",\"formation\",\"Malacia\",\"Man\",\"membre\",\"premi\u00e8re\",\"retour\",\"Ruben\",\"s\u00e9rieuse\",\"son\",\"sous\",\"Squad39\",\"Tyrell\",\"United\"],\"articleSection\":[\"Premier League\"],\"inLanguage\":\"fr-FR\"},{\"@type\":\"WebPage\",\"@id\":\"https:\/\/footdavant.fr\/actualites\/tyrell-malacia-dernier-le-membre-de-man-united-bomb-squad-a-avoir-la-chance-serieuse-sous-ruben-amorim-apres-son-retour-a-la-formation-de-la-premiere-equipe\/\",\"url\":\"https:\/\/footdavant.fr\/actualites\/tyrell-malacia-dernier-le-membre-de-man-united-bomb-squad-a-avoir-la-chance-serieuse-sous-ruben-amorim-apres-son-retour-a-la-formation-de-la-premiere-equipe\/\",\"name\":\"Tyrell Malacia Dernier: le membre de Man United &#39;Bomb Squad&#39; \u00e0 avoir la \u00abchance s\u00e9rieuse\u00bb sous Ruben Amorim apr\u00e8s son retour \u00e0 la formation de la premi\u00e8re \u00e9quipe\",\"isPartOf\":{\"@id\":\"https:\/\/footdavant.fr\/actualites\/#website\"},\"datePublished\":\"2025-10-02T16:48:03+00:00\",\"dateModified\":\"2025-10-02T16:48:04+00:00\",\"breadcrumb\":{\"@id\":\"https:\/\/footdavant.fr\/actualites\/tyrell-malacia-dernier-le-membre-de-man-united-bomb-squad-a-avoir-la-chance-serieuse-sous-ruben-amorim-apres-son-retour-a-la-formation-de-la-premiere-equipe\/#breadcrumb\"},\"inLanguage\":\"fr-FR\",\"potentialAction\":[{\"@type\":\"ReadAction\",\"target\":[\"https:\/\/footdavant.fr\/actualites\/tyrell-malacia-dernier-le-membre-de-man-united-bomb-squad-a-avoir-la-chance-serieuse-sous-ruben-amorim-apres-son-retour-a-la-formation-de-la-premiere-equipe\/\"]}]},{\"@type\":\"BreadcrumbList\",\"@id\":\"https:\/\/footdavant.fr\/actualites\/tyrell-malacia-dernier-le-membre-de-man-united-bomb-squad-a-avoir-la-chance-serieuse-sous-ruben-amorim-apres-son-retour-a-la-formation-de-la-premiere-equipe\/#breadcrumb\",\"itemListElement\":[{\"@type\":\"ListItem\",\"position\":1,\"name\":\"Accueil\",\"item\":\"https:\/\/footdavant.fr\/actualites\/\"},{\"@type\":\"ListItem\",\"position\":2,\"name\":\"Tyrell Malacia Dernier: le membre de Man United &#39;Bomb Squad&#39; \u00e0 avoir la \u00abchance s\u00e9rieuse\u00bb sous Ruben Amorim apr\u00e8s son retour \u00e0 la formation de la premi\u00e8re \u00e9quipe\"}]},{\"@type\":\"WebSite\",\"@id\":\"https:\/\/footdavant.fr\/actualites\/#website\",\"url\":\"https:\/\/footdavant.fr\/actualites\/\",\"name\":\"Foot d'avant\",\"description\":\"\",\"publisher\":{\"@id\":\"https:\/\/footdavant.fr\/actualites\/#organization\"},\"potentialAction\":[{\"@type\":\"SearchAction\",\"target\":{\"@type\":\"EntryPoint\",\"urlTemplate\":\"https:\/\/footdavant.fr\/actualites\/?s={search_term_string}\"},\"query-input\":\"required name=search_term_string\"}],\"inLanguage\":\"fr-FR\"},{\"@type\":\"Organization\",\"@id\":\"https:\/\/footdavant.fr\/actualites\/#organization\",\"name\":\"Foot d'avant\",\"url\":\"https:\/\/footdavant.fr\/actualites\/\",\"logo\":{\"@type\":\"ImageObject\",\"inLanguage\":\"fr-FR\",\"@id\":\"https:\/\/footdavant.fr\/actualites\/#\/schema\/logo\/image\/\",\"url\":\"https:\/\/footdavant.fr\/actualites\/wp-content\/uploads\/2023\/09\/Copy-of-FootDavant-Logo.png\",\"contentUrl\":\"https:\/\/footdavant.fr\/actualites\/wp-content\/uploads\/2023\/09\/Copy-of-FootDavant-Logo.png\",\"width\":936,\"height\":549,\"caption\":\"Foot d'avant\"},\"image\":{\"@id\":\"https:\/\/footdavant.fr\/actualites\/#\/schema\/logo\/image\/\"},\"sameAs\":[\"https:\/\/www.facebook.com\/Footdavant\/\",\"https:\/\/twitter.com\/FootdavantFr\",\"https:\/\/www.instagram.com\/footdavant.fr\/\"]},{\"@type\":\"Person\",\"@id\":\"https:\/\/footdavant.fr\/actualites\/#\/schema\/person\/bc222566d95871b37e597b3ed3ba5e1d\",\"name\":\"Cl\u00e9ment\",\"image\":{\"@type\":\"ImageObject\",\"inLanguage\":\"fr-FR\",\"@id\":\"https:\/\/footdavant.fr\/actualites\/#\/schema\/person\/image\/\",\"url\":\"https:\/\/secure.gravatar.com\/avatar\/7728b29aac2719421e1a9159b2254c44?s=96&d=mm&r=g\",\"contentUrl\":\"https:\/\/secure.gravatar.com\/avatar\/7728b29aac2719421e1a9159b2254c44?s=96&d=mm&r=g\",\"caption\":\"Cl\u00e9ment\"},\"sameAs\":[\"https:\/\/footdavant.fr\/\"]}]}<\/script>\n<!-- \/ Yoast SEO plugin. -->","yoast_head_json":{"title":"Tyrell Malacia Dernier: le membre de Man United &#39;Bomb Squad&#39; \u00e0 avoir la \u00abchance s\u00e9rieuse\u00bb sous Ruben Amorim apr\u00e8s son retour \u00e0 la formation de la premi\u00e8re \u00e9quipe","robots":{"index":"index","follow":"follow","max-snippet":"max-snippet:-1","max-image-preview":"max-image-preview:large","max-video-preview":"max-video-preview:-1"},"canonical":"https:\/\/footdavant.fr\/actualites\/tyrell-malacia-dernier-le-membre-de-man-united-bomb-squad-a-avoir-la-chance-serieuse-sous-ruben-amorim-apres-son-retour-a-la-formation-de-la-premiere-equipe\/","og_locale":"fr_FR","og_type":"article","og_title":"Tyrell Malacia Dernier: le membre de Man United &#39;Bomb Squad&#39; \u00e0 avoir la \u00abchance s\u00e9rieuse\u00bb sous Ruben Amorim apr\u00e8s son retour \u00e0 la formation de la premi\u00e8re \u00e9quipe","og_description":"Tyrell Malacia revient \u00e0 la formation en premi\u00e8re \u00e9quipe \u00e0 Manchester United apr\u00e8s avoir \u00e9t\u00e9 gel\u00e9 par l&#39;entra\u00eeneur-chef Ruben Amorim. Tyrell Malacia est revenu \u00e0","og_url":"https:\/\/footdavant.fr\/actualites\/tyrell-malacia-dernier-le-membre-de-man-united-bomb-squad-a-avoir-la-chance-serieuse-sous-ruben-amorim-apres-son-retour-a-la-formation-de-la-premiere-equipe\/","og_site_name":"Foot d&#039;avant","article_publisher":"https:\/\/www.facebook.com\/Footdavant\/","article_published_time":"2025-10-02T16:48:03+00:00","article_modified_time":"2025-10-02T16:48:04+00:00","og_image":[{"width":640,"height":480,"url":"https:\/\/footdavant.fr\/actualites\/wp-content\/uploads\/2025\/09\/1757681306_Man-United-Transfer-News-Surprise-Club-emerge-comme-des-principaux.jpg","type":"image\/jpeg"}],"author":"Cl\u00e9ment","twitter_card":"summary_large_image","twitter_creator":"@FootdavantFr","twitter_site":"@FootdavantFr","twitter_misc":{"\u00c9crit par":"Cl\u00e9ment","Dur\u00e9e de lecture estim\u00e9e":"3 minutes"},"schema":{"@context":"https:\/\/schema.org","@graph":[{"@type":"Article","@id":"https:\/\/footdavant.fr\/actualites\/tyrell-malacia-dernier-le-membre-de-man-united-bomb-squad-a-avoir-la-chance-serieuse-sous-ruben-amorim-apres-son-retour-a-la-formation-de-la-premiere-equipe\/#article","isPartOf":{"@id":"https:\/\/footdavant.fr\/actualites\/tyrell-malacia-dernier-le-membre-de-man-united-bomb-squad-a-avoir-la-chance-serieuse-sous-ruben-amorim-apres-son-retour-a-la-formation-de-la-premiere-equipe\/"},"author":{"name":"Cl\u00e9ment","@id":"https:\/\/footdavant.fr\/actualites\/#\/schema\/person\/bc222566d95871b37e597b3ed3ba5e1d"},"headline":"Tyrell Malacia Dernier: le membre de Man United &#39;Bomb Squad&#39; \u00e0 avoir la \u00abchance s\u00e9rieuse\u00bb sous Ruben Amorim apr\u00e8s son retour \u00e0 la formation de la premi\u00e8re \u00e9quipe","datePublished":"2025-10-02T16:48:03+00:00","dateModified":"2025-10-02T16:48:04+00:00","mainEntityOfPage":{"@id":"https:\/\/footdavant.fr\/actualites\/tyrell-malacia-dernier-le-membre-de-man-united-bomb-squad-a-avoir-la-chance-serieuse-sous-ruben-amorim-apres-son-retour-a-la-formation-de-la-premiere-equipe\/"},"wordCount":574,"publisher":{"@id":"https:\/\/footdavant.fr\/actualites\/#organization"},"keywords":["39Bomb","Amorim","apr\u00e8s","avoir","chance","dernier","\u00c9quipe","formation","Malacia","Man","membre","premi\u00e8re","retour","Ruben","s\u00e9rieuse","son","sous","Squad39","Tyrell","United"],"articleSection":["Premier League"],"inLanguage":"fr-FR"},{"@type":"WebPage","@id":"https:\/\/footdavant.fr\/actualites\/tyrell-malacia-dernier-le-membre-de-man-united-bomb-squad-a-avoir-la-chance-serieuse-sous-ruben-amorim-apres-son-retour-a-la-formation-de-la-premiere-equipe\/","url":"https:\/\/footdavant.fr\/actualites\/tyrell-malacia-dernier-le-membre-de-man-united-bomb-squad-a-avoir-la-chance-serieuse-sous-ruben-amorim-apres-son-retour-a-la-formation-de-la-premiere-equipe\/","name":"Tyrell Malacia Dernier: le membre de Man United &#39;Bomb Squad&#39; \u00e0 avoir la \u00abchance s\u00e9rieuse\u00bb sous Ruben Amorim apr\u00e8s son retour \u00e0 la formation de la premi\u00e8re \u00e9quipe","isPartOf":{"@id":"https:\/\/footdavant.fr\/actualites\/#website"},"datePublished":"2025-10-02T16:48:03+00:00","dateModified":"2025-10-02T16:48:04+00:00","breadcrumb":{"@id":"https:\/\/footdavant.fr\/actualites\/tyrell-malacia-dernier-le-membre-de-man-united-bomb-squad-a-avoir-la-chance-serieuse-sous-ruben-amorim-apres-son-retour-a-la-formation-de-la-premiere-equipe\/#breadcrumb"},"inLanguage":"fr-FR","potentialAction":[{"@type":"ReadAction","target":["https:\/\/footdavant.fr\/actualites\/tyrell-malacia-dernier-le-membre-de-man-united-bomb-squad-a-avoir-la-chance-serieuse-sous-ruben-amorim-apres-son-retour-a-la-formation-de-la-premiere-equipe\/"]}]},{"@type":"BreadcrumbList","@id":"https:\/\/footdavant.fr\/actualites\/tyrell-malacia-dernier-le-membre-de-man-united-bomb-squad-a-avoir-la-chance-serieuse-sous-ruben-amorim-apres-son-retour-a-la-formation-de-la-premiere-equipe\/#breadcrumb","itemListElement":[{"@type":"ListItem","position":1,"name":"Accueil","item":"https:\/\/footdavant.fr\/actualites\/"},{"@type":"ListItem","position":2,"name":"Tyrell Malacia Dernier: le membre de Man United &#39;Bomb Squad&#39; \u00e0 avoir la \u00abchance s\u00e9rieuse\u00bb sous Ruben Amorim apr\u00e8s son retour \u00e0 la formation de la premi\u00e8re \u00e9quipe"}]},{"@type":"WebSite","@id":"https:\/\/footdavant.fr\/actualites\/#website","url":"https:\/\/footdavant.fr\/actualites\/","name":"Foot d'avant","description":"","publisher":{"@id":"https:\/\/footdavant.fr\/actualites\/#organization"},"potentialAction":[{"@type":"SearchAction","target":{"@type":"EntryPoint","urlTemplate":"https:\/\/footdavant.fr\/actualites\/?s={search_term_string}"},"query-input":"required name=search_term_string"}],"inLanguage":"fr-FR"},{"@type":"Organization","@id":"https:\/\/footdavant.fr\/actualites\/#organization","name":"Foot d'avant","url":"https:\/\/footdavant.fr\/actualites\/","logo":{"@type":"ImageObject","inLanguage":"fr-FR","@id":"https:\/\/footdavant.fr\/actualites\/#\/schema\/logo\/image\/","url":"https:\/\/footdavant.fr\/actualites\/wp-content\/uploads\/2023\/09\/Copy-of-FootDavant-Logo.png","contentUrl":"https:\/\/footdavant.fr\/actualites\/wp-content\/uploads\/2023\/09\/Copy-of-FootDavant-Logo.png","width":936,"height":549,"caption":"Foot d'avant"},"image":{"@id":"https:\/\/footdavant.fr\/actualites\/#\/schema\/logo\/image\/"},"sameAs":["https:\/\/www.facebook.com\/Footdavant\/","https:\/\/twitter.com\/FootdavantFr","https:\/\/www.instagram.com\/footdavant.fr\/"]},{"@type":"Person","@id":"https:\/\/footdavant.fr\/actualites\/#\/schema\/person\/bc222566d95871b37e597b3ed3ba5e1d","name":"Cl\u00e9ment","image":{"@type":"ImageObject","inLanguage":"fr-FR","@id":"https:\/\/footdavant.fr\/actualites\/#\/schema\/person\/image\/","url":"https:\/\/secure.gravatar.com\/avatar\/7728b29aac2719421e1a9159b2254c44?s=96&d=mm&r=g","contentUrl":"https:\/\/secure.gravatar.com\/avatar\/7728b29aac2719421e1a9159b2254c44?s=96&d=mm&r=g","caption":"Cl\u00e9ment"},"sameAs":["https:\/\/footdavant.fr\/"]}]}},"_links":{"self":[{"href":"https:\/\/footdavant.fr\/actualites\/wp-json\/wp\/v2\/posts\/29329"}],"collection":[{"href":"https:\/\/footdavant.fr\/actualites\/wp-json\/wp\/v2\/posts"}],"about":[{"href":"https:\/\/footdavant.fr\/actualites\/wp-json\/wp\/v2\/types\/post"}],"author":[{"embeddable":true,"href":"https:\/\/footdavant.fr\/actualites\/wp-json\/wp\/v2\/users\/1"}],"replies":[{"embeddable":true,"href":"https:\/\/footdavant.fr\/actualites\/wp-json\/wp\/v2\/comments?post=29329"}],"version-history":[{"count":1,"href":"https:\/\/footdavant.fr\/actualites\/wp-json\/wp\/v2\/posts\/29329\/revisions"}],"predecessor-version":[{"id":29330,"href":"https:\/\/footdavant.fr\/actualites\/wp-json\/wp\/v2\/posts\/29329\/revisions\/29330"}],"wp:featuredmedia":[{"embeddable":true,"href":"https:\/\/footdavant.fr\/actualites\/wp-json\/wp\/v2\/media\/28373"}],"wp:attachment":[{"href":"https:\/\/footdavant.fr\/actualites\/wp-json\/wp\/v2\/media?parent=29329"}],"wp:term":[{"taxonomy":"category","embeddable":true,"href":"https:\/\/footdavant.fr\/actualites\/wp-json\/wp\/v2\/categories?post=29329"},{"taxonomy":"post_tag","embeddable":true,"href":"https:\/\/footdavant.fr\/actualites\/wp-json\/wp\/v2\/tags?post=29329"}],"curies":[{"name":"wp","href":"https:\/\/api.w.org\/{rel}","templated":true}]}}