{"id":29331,"date":"2025-10-02T20:48:08","date_gmt":"2025-10-02T18:48:08","guid":{"rendered":"https:\/\/footdavant.fr\/actualites\/les-programmes-confirmes-alors-que-harvey-elliott-est-abandonne\/"},"modified":"2025-10-02T20:48:09","modified_gmt":"2025-10-02T18:48:09","slug":"les-programmes-confirmes-alors-que-harvey-elliott-est-abandonne","status":"publish","type":"post","link":"https:\/\/footdavant.fr\/actualites\/les-programmes-confirmes-alors-que-harvey-elliott-est-abandonne\/","title":{"rendered":"Les programmes confirm\u00e9s alors que Harvey Elliott est abandonn\u00e9"},"content":{"rendered":"<div>\n<p>Aston Villa peut remporter deux victoires de deux matchs de la Ligue Europa ce soir lorsqu&#39;ils affrontent Feyenoord \u00e0 Rotterdam.<\/p>\n<p>Apr\u00e8s un d\u00e9but lent de la saison, l&#39;\u00e9quipe d&#39;Uai Emery a remport\u00e9 ses deux derniers matchs, contre Bologne et Fulham.<\/p>\n<p>Plus important encore, ils semblent avoir retrouv\u00e9 une certaine confiance avec les hommes cl\u00e9s Ollie Watkins et Morgan Rogers qui jouent bien contre les chalets dimanche.<\/p>\n<p>Feyenoord est en t\u00eate de l&#39;Eredivisie et a remport\u00e9 1-0 au FC Groningen ce week-end. Ils ont ouvert leur campagne Europa League avec une d\u00e9faite 1-0 \u00e0 Braga.<\/p>\n<h2 class=\"wp-block-heading\"><span id=\"Feyenoord_Team_News\">NOUVELLES DE L&#39;\u00c9QUIPE DE FEYENOORD<\/span><\/h2>\n<p>Le patron de Feyenoord, Robin Van Persie, a apport\u00e9 quatre modifications \u00e0 l&#39;\u00e9quipe qui a gagn\u00e9 le week-end.<\/p>\n<p>Sem Steijn, Anel Ahmedhodzic, Gijs Smal et Inbeom Hwang viennent tous.<\/p>\n<p>Feyenoord: Wellenreuther, Smal, Watanabe, Ahmedhodzic, Read, Hwang, Steijn, Valente, Sauer, Ueda, Hadj Moussa<\/p>\n<figure class=\"wp-block-embed is-type-rich is-provider-twitter wp-block-embed-twitter\">\n<div class=\"wp-block-embed__wrapper\">\n<blockquote class=\"twitter-tweet\" data-width=\"500\" data-dnt=\"true\">\n<p lang=\"nl\" dir=\"ltr\">\ud835\udc17\ud835\udc08 \ud835\udc05\ud835\udc04\ud835\udc18\ud835\udc04\ud835\udc0d\ud835\udc0e\ud835\udc0e\ud835\udc11\ud835\udc03 \ud83d\udd34\u26aa\ufe0f\u26ab\ufe0f<a rel=\"nofollow\" href=\"https:\/\/twitter.com\/hashtag\/feyavl?src=hash&amp;ref_src=twsrc%5Etfw\" rel=\"nofollow noopener\">#feyavl<\/a> \u2022 <a rel=\"nofollow\" href=\"https:\/\/twitter.com\/hashtag\/UEL?src=hash&amp;ref_src=twsrc%5Etfw\" rel=\"nofollow noopener\">#Uel<\/a><\/p>\n<p>&#8211; Feyenoord Rotterdam (@feyenoord) <a rel=\"nofollow\" href=\"https:\/\/twitter.com\/Feyenoord\/status\/1973808093890035948?ref_src=twsrc%5Etfw\" rel=\"nofollow noopener\">2 octobre 2025<\/a><\/p><\/blockquote>\n<\/div>\n<\/figure>\n<h2 class=\"wp-block-heading\"><span id=\"Aston_Villa_Team_News\">Aston Villa Team News<\/span><\/h2>\n<p>Emery a \u00e9galement apport\u00e9 quatre modifications \u00e0 l&#39;\u00e9quipe qui a battu Fulham.<\/p>\n<p>Pau Torres arrive pour les Mings de Tyrone bless\u00e9s et est rejoint dans les quatre arri\u00e8re par Ian Maatsen, pr\u00e9f\u00e9r\u00e9 \u00e0 Lucas Digne.<\/p>\n<p>Boubacar Kamara est de retour au milieu de terrain \u00e0 la place de Lamare Bogarde et Emi Buendia re\u00e7oit une autre chance aux d\u00e9pens de Harvey Elliott.<\/p>\n<p>Aston Villa: Martinez; Cash, Konsa, Torres, Maatsen; Rogers, Kamara, McGinn; Devinez, Buendia, Watkins<\/p>\n<figure class=\"wp-block-embed is-type-rich is-provider-twitter wp-block-embed-twitter\"><\/figure>\n<\/p><\/div>\n<p><script async src=\"https:\/\/platform.twitter.com\/widgets.js\" charset=\"utf-8\"><\/script><\/p>\n","protected":false},"excerpt":{"rendered":"<p>Aston Villa peut remporter deux victoires de deux matchs de la Ligue Europa ce soir lorsqu&#39;ils affrontent Feyenoord \u00e0 Rotterdam. Apr\u00e8s un d\u00e9but lent de<\/p>\n","protected":false},"author":1,"featured_media":29332,"comment_status":"closed","ping_status":"","sticky":false,"template":"","format":"standard","meta":{"footnotes":""},"categories":[3],"tags":[3889,318,5327,3330,217,8368,93,8512],"yoast_head":"<!-- This site is optimized with the Yoast SEO plugin v21.0 - https:\/\/yoast.com\/wordpress\/plugins\/seo\/ -->\n<title>Les programmes confirm\u00e9s alors que Harvey Elliott est abandonn\u00e9<\/title>\n<meta name=\"robots\" content=\"index, follow, max-snippet:-1, max-image-preview:large, max-video-preview:-1\" \/>\n<link rel=\"canonical\" href=\"https:\/\/footdavant.fr\/actualites\/les-programmes-confirmes-alors-que-harvey-elliott-est-abandonne\/\" \/>\n<meta property=\"og:locale\" content=\"fr_FR\" \/>\n<meta property=\"og:type\" content=\"article\" \/>\n<meta property=\"og:title\" content=\"Les programmes confirm\u00e9s alors que Harvey Elliott est abandonn\u00e9\" \/>\n<meta property=\"og:description\" content=\"Aston Villa peut remporter deux victoires de deux matchs de la Ligue Europa ce soir lorsqu&#039;ils affrontent Feyenoord \u00e0 Rotterdam. Apr\u00e8s un d\u00e9but lent de\" \/>\n<meta property=\"og:url\" content=\"https:\/\/footdavant.fr\/actualites\/les-programmes-confirmes-alors-que-harvey-elliott-est-abandonne\/\" \/>\n<meta property=\"og:site_name\" content=\"Foot d&#039;avant\" \/>\n<meta property=\"article:publisher\" content=\"https:\/\/www.facebook.com\/Footdavant\/\" \/>\n<meta property=\"article:published_time\" content=\"2025-10-02T18:48:08+00:00\" \/>\n<meta property=\"article:modified_time\" content=\"2025-10-02T18:48:09+00:00\" \/>\n<meta property=\"og:image\" content=\"https:\/\/footdavant.fr\/actualites\/wp-content\/uploads\/2025\/10\/Les-programmes-confirmes-alors-que-Harvey-Elliott-est-abandonne.jpg\" \/>\n\t<meta property=\"og:image:width\" content=\"1200\" \/>\n\t<meta property=\"og:image:height\" content=\"800\" \/>\n\t<meta property=\"og:image:type\" content=\"image\/jpeg\" \/>\n<meta name=\"author\" content=\"Cl\u00e9ment\" \/>\n<meta name=\"twitter:card\" content=\"summary_large_image\" \/>\n<meta name=\"twitter:creator\" content=\"@FootdavantFr\" \/>\n<meta name=\"twitter:site\" content=\"@FootdavantFr\" \/>\n<meta name=\"twitter:label1\" content=\"\u00c9crit par\" \/>\n\t<meta name=\"twitter:data1\" content=\"Cl\u00e9ment\" \/>\n\t<meta name=\"twitter:label2\" content=\"Dur\u00e9e de lecture estim\u00e9e\" \/>\n\t<meta name=\"twitter:data2\" content=\"1 minute\" \/>\n<script type=\"application\/ld+json\" class=\"yoast-schema-graph\">{\"@context\":\"https:\/\/schema.org\",\"@graph\":[{\"@type\":\"Article\",\"@id\":\"https:\/\/footdavant.fr\/actualites\/les-programmes-confirmes-alors-que-harvey-elliott-est-abandonne\/#article\",\"isPartOf\":{\"@id\":\"https:\/\/footdavant.fr\/actualites\/les-programmes-confirmes-alors-que-harvey-elliott-est-abandonne\/\"},\"author\":{\"name\":\"Cl\u00e9ment\",\"@id\":\"https:\/\/footdavant.fr\/actualites\/#\/schema\/person\/bc222566d95871b37e597b3ed3ba5e1d\"},\"headline\":\"Les programmes confirm\u00e9s alors que Harvey Elliott est abandonn\u00e9\",\"datePublished\":\"2025-10-02T18:48:08+00:00\",\"dateModified\":\"2025-10-02T18:48:09+00:00\",\"mainEntityOfPage\":{\"@id\":\"https:\/\/footdavant.fr\/actualites\/les-programmes-confirmes-alors-que-harvey-elliott-est-abandonne\/\"},\"wordCount\":249,\"publisher\":{\"@id\":\"https:\/\/footdavant.fr\/actualites\/#organization\"},\"keywords\":[\"abandonne\",\"alors\",\"confirm\u00e9s\",\"Elliott\",\"est\",\"Harvey\",\"les\",\"programmes\"],\"articleSection\":[\"Football\"],\"inLanguage\":\"fr-FR\"},{\"@type\":\"WebPage\",\"@id\":\"https:\/\/footdavant.fr\/actualites\/les-programmes-confirmes-alors-que-harvey-elliott-est-abandonne\/\",\"url\":\"https:\/\/footdavant.fr\/actualites\/les-programmes-confirmes-alors-que-harvey-elliott-est-abandonne\/\",\"name\":\"Les programmes confirm\u00e9s alors que Harvey Elliott est abandonn\u00e9\",\"isPartOf\":{\"@id\":\"https:\/\/footdavant.fr\/actualites\/#website\"},\"datePublished\":\"2025-10-02T18:48:08+00:00\",\"dateModified\":\"2025-10-02T18:48:09+00:00\",\"breadcrumb\":{\"@id\":\"https:\/\/footdavant.fr\/actualites\/les-programmes-confirmes-alors-que-harvey-elliott-est-abandonne\/#breadcrumb\"},\"inLanguage\":\"fr-FR\",\"potentialAction\":[{\"@type\":\"ReadAction\",\"target\":[\"https:\/\/footdavant.fr\/actualites\/les-programmes-confirmes-alors-que-harvey-elliott-est-abandonne\/\"]}]},{\"@type\":\"BreadcrumbList\",\"@id\":\"https:\/\/footdavant.fr\/actualites\/les-programmes-confirmes-alors-que-harvey-elliott-est-abandonne\/#breadcrumb\",\"itemListElement\":[{\"@type\":\"ListItem\",\"position\":1,\"name\":\"Accueil\",\"item\":\"https:\/\/footdavant.fr\/actualites\/\"},{\"@type\":\"ListItem\",\"position\":2,\"name\":\"Les programmes confirm\u00e9s alors que Harvey Elliott est abandonn\u00e9\"}]},{\"@type\":\"WebSite\",\"@id\":\"https:\/\/footdavant.fr\/actualites\/#website\",\"url\":\"https:\/\/footdavant.fr\/actualites\/\",\"name\":\"Foot d'avant\",\"description\":\"\",\"publisher\":{\"@id\":\"https:\/\/footdavant.fr\/actualites\/#organization\"},\"potentialAction\":[{\"@type\":\"SearchAction\",\"target\":{\"@type\":\"EntryPoint\",\"urlTemplate\":\"https:\/\/footdavant.fr\/actualites\/?s={search_term_string}\"},\"query-input\":\"required name=search_term_string\"}],\"inLanguage\":\"fr-FR\"},{\"@type\":\"Organization\",\"@id\":\"https:\/\/footdavant.fr\/actualites\/#organization\",\"name\":\"Foot d'avant\",\"url\":\"https:\/\/footdavant.fr\/actualites\/\",\"logo\":{\"@type\":\"ImageObject\",\"inLanguage\":\"fr-FR\",\"@id\":\"https:\/\/footdavant.fr\/actualites\/#\/schema\/logo\/image\/\",\"url\":\"https:\/\/footdavant.fr\/actualites\/wp-content\/uploads\/2023\/09\/Copy-of-FootDavant-Logo.png\",\"contentUrl\":\"https:\/\/footdavant.fr\/actualites\/wp-content\/uploads\/2023\/09\/Copy-of-FootDavant-Logo.png\",\"width\":936,\"height\":549,\"caption\":\"Foot d'avant\"},\"image\":{\"@id\":\"https:\/\/footdavant.fr\/actualites\/#\/schema\/logo\/image\/\"},\"sameAs\":[\"https:\/\/www.facebook.com\/Footdavant\/\",\"https:\/\/twitter.com\/FootdavantFr\",\"https:\/\/www.instagram.com\/footdavant.fr\/\"]},{\"@type\":\"Person\",\"@id\":\"https:\/\/footdavant.fr\/actualites\/#\/schema\/person\/bc222566d95871b37e597b3ed3ba5e1d\",\"name\":\"Cl\u00e9ment\",\"image\":{\"@type\":\"ImageObject\",\"inLanguage\":\"fr-FR\",\"@id\":\"https:\/\/footdavant.fr\/actualites\/#\/schema\/person\/image\/\",\"url\":\"https:\/\/secure.gravatar.com\/avatar\/7728b29aac2719421e1a9159b2254c44?s=96&d=mm&r=g\",\"contentUrl\":\"https:\/\/secure.gravatar.com\/avatar\/7728b29aac2719421e1a9159b2254c44?s=96&d=mm&r=g\",\"caption\":\"Cl\u00e9ment\"},\"sameAs\":[\"https:\/\/footdavant.fr\/\"]}]}<\/script>\n<!-- \/ Yoast SEO plugin. -->","yoast_head_json":{"title":"Les programmes confirm\u00e9s alors que Harvey Elliott est abandonn\u00e9","robots":{"index":"index","follow":"follow","max-snippet":"max-snippet:-1","max-image-preview":"max-image-preview:large","max-video-preview":"max-video-preview:-1"},"canonical":"https:\/\/footdavant.fr\/actualites\/les-programmes-confirmes-alors-que-harvey-elliott-est-abandonne\/","og_locale":"fr_FR","og_type":"article","og_title":"Les programmes confirm\u00e9s alors que Harvey Elliott est abandonn\u00e9","og_description":"Aston Villa peut remporter deux victoires de deux matchs de la Ligue Europa ce soir lorsqu&#39;ils affrontent Feyenoord \u00e0 Rotterdam. Apr\u00e8s un d\u00e9but lent de","og_url":"https:\/\/footdavant.fr\/actualites\/les-programmes-confirmes-alors-que-harvey-elliott-est-abandonne\/","og_site_name":"Foot d&#039;avant","article_publisher":"https:\/\/www.facebook.com\/Footdavant\/","article_published_time":"2025-10-02T18:48:08+00:00","article_modified_time":"2025-10-02T18:48:09+00:00","og_image":[{"width":1200,"height":800,"url":"https:\/\/footdavant.fr\/actualites\/wp-content\/uploads\/2025\/10\/Les-programmes-confirmes-alors-que-Harvey-Elliott-est-abandonne.jpg","type":"image\/jpeg"}],"author":"Cl\u00e9ment","twitter_card":"summary_large_image","twitter_creator":"@FootdavantFr","twitter_site":"@FootdavantFr","twitter_misc":{"\u00c9crit par":"Cl\u00e9ment","Dur\u00e9e de lecture estim\u00e9e":"1 minute"},"schema":{"@context":"https:\/\/schema.org","@graph":[{"@type":"Article","@id":"https:\/\/footdavant.fr\/actualites\/les-programmes-confirmes-alors-que-harvey-elliott-est-abandonne\/#article","isPartOf":{"@id":"https:\/\/footdavant.fr\/actualites\/les-programmes-confirmes-alors-que-harvey-elliott-est-abandonne\/"},"author":{"name":"Cl\u00e9ment","@id":"https:\/\/footdavant.fr\/actualites\/#\/schema\/person\/bc222566d95871b37e597b3ed3ba5e1d"},"headline":"Les programmes confirm\u00e9s alors que Harvey Elliott est abandonn\u00e9","datePublished":"2025-10-02T18:48:08+00:00","dateModified":"2025-10-02T18:48:09+00:00","mainEntityOfPage":{"@id":"https:\/\/footdavant.fr\/actualites\/les-programmes-confirmes-alors-que-harvey-elliott-est-abandonne\/"},"wordCount":249,"publisher":{"@id":"https:\/\/footdavant.fr\/actualites\/#organization"},"keywords":["abandonne","alors","confirm\u00e9s","Elliott","est","Harvey","les","programmes"],"articleSection":["Football"],"inLanguage":"fr-FR"},{"@type":"WebPage","@id":"https:\/\/footdavant.fr\/actualites\/les-programmes-confirmes-alors-que-harvey-elliott-est-abandonne\/","url":"https:\/\/footdavant.fr\/actualites\/les-programmes-confirmes-alors-que-harvey-elliott-est-abandonne\/","name":"Les programmes confirm\u00e9s alors que Harvey Elliott est abandonn\u00e9","isPartOf":{"@id":"https:\/\/footdavant.fr\/actualites\/#website"},"datePublished":"2025-10-02T18:48:08+00:00","dateModified":"2025-10-02T18:48:09+00:00","breadcrumb":{"@id":"https:\/\/footdavant.fr\/actualites\/les-programmes-confirmes-alors-que-harvey-elliott-est-abandonne\/#breadcrumb"},"inLanguage":"fr-FR","potentialAction":[{"@type":"ReadAction","target":["https:\/\/footdavant.fr\/actualites\/les-programmes-confirmes-alors-que-harvey-elliott-est-abandonne\/"]}]},{"@type":"BreadcrumbList","@id":"https:\/\/footdavant.fr\/actualites\/les-programmes-confirmes-alors-que-harvey-elliott-est-abandonne\/#breadcrumb","itemListElement":[{"@type":"ListItem","position":1,"name":"Accueil","item":"https:\/\/footdavant.fr\/actualites\/"},{"@type":"ListItem","position":2,"name":"Les programmes confirm\u00e9s alors que Harvey Elliott est abandonn\u00e9"}]},{"@type":"WebSite","@id":"https:\/\/footdavant.fr\/actualites\/#website","url":"https:\/\/footdavant.fr\/actualites\/","name":"Foot d'avant","description":"","publisher":{"@id":"https:\/\/footdavant.fr\/actualites\/#organization"},"potentialAction":[{"@type":"SearchAction","target":{"@type":"EntryPoint","urlTemplate":"https:\/\/footdavant.fr\/actualites\/?s={search_term_string}"},"query-input":"required name=search_term_string"}],"inLanguage":"fr-FR"},{"@type":"Organization","@id":"https:\/\/footdavant.fr\/actualites\/#organization","name":"Foot d'avant","url":"https:\/\/footdavant.fr\/actualites\/","logo":{"@type":"ImageObject","inLanguage":"fr-FR","@id":"https:\/\/footdavant.fr\/actualites\/#\/schema\/logo\/image\/","url":"https:\/\/footdavant.fr\/actualites\/wp-content\/uploads\/2023\/09\/Copy-of-FootDavant-Logo.png","contentUrl":"https:\/\/footdavant.fr\/actualites\/wp-content\/uploads\/2023\/09\/Copy-of-FootDavant-Logo.png","width":936,"height":549,"caption":"Foot d'avant"},"image":{"@id":"https:\/\/footdavant.fr\/actualites\/#\/schema\/logo\/image\/"},"sameAs":["https:\/\/www.facebook.com\/Footdavant\/","https:\/\/twitter.com\/FootdavantFr","https:\/\/www.instagram.com\/footdavant.fr\/"]},{"@type":"Person","@id":"https:\/\/footdavant.fr\/actualites\/#\/schema\/person\/bc222566d95871b37e597b3ed3ba5e1d","name":"Cl\u00e9ment","image":{"@type":"ImageObject","inLanguage":"fr-FR","@id":"https:\/\/footdavant.fr\/actualites\/#\/schema\/person\/image\/","url":"https:\/\/secure.gravatar.com\/avatar\/7728b29aac2719421e1a9159b2254c44?s=96&d=mm&r=g","contentUrl":"https:\/\/secure.gravatar.com\/avatar\/7728b29aac2719421e1a9159b2254c44?s=96&d=mm&r=g","caption":"Cl\u00e9ment"},"sameAs":["https:\/\/footdavant.fr\/"]}]}},"_links":{"self":[{"href":"https:\/\/footdavant.fr\/actualites\/wp-json\/wp\/v2\/posts\/29331"}],"collection":[{"href":"https:\/\/footdavant.fr\/actualites\/wp-json\/wp\/v2\/posts"}],"about":[{"href":"https:\/\/footdavant.fr\/actualites\/wp-json\/wp\/v2\/types\/post"}],"author":[{"embeddable":true,"href":"https:\/\/footdavant.fr\/actualites\/wp-json\/wp\/v2\/users\/1"}],"replies":[{"embeddable":true,"href":"https:\/\/footdavant.fr\/actualites\/wp-json\/wp\/v2\/comments?post=29331"}],"version-history":[{"count":1,"href":"https:\/\/footdavant.fr\/actualites\/wp-json\/wp\/v2\/posts\/29331\/revisions"}],"predecessor-version":[{"id":29333,"href":"https:\/\/footdavant.fr\/actualites\/wp-json\/wp\/v2\/posts\/29331\/revisions\/29333"}],"wp:featuredmedia":[{"embeddable":true,"href":"https:\/\/footdavant.fr\/actualites\/wp-json\/wp\/v2\/media\/29332"}],"wp:attachment":[{"href":"https:\/\/footdavant.fr\/actualites\/wp-json\/wp\/v2\/media?parent=29331"}],"wp:term":[{"taxonomy":"category","embeddable":true,"href":"https:\/\/footdavant.fr\/actualites\/wp-json\/wp\/v2\/categories?post=29331"},{"taxonomy":"post_tag","embeddable":true,"href":"https:\/\/footdavant.fr\/actualites\/wp-json\/wp\/v2\/tags?post=29331"}],"curies":[{"name":"wp","href":"https:\/\/api.w.org\/{rel}","templated":true}]}}