{"id":29334,"date":"2025-10-02T21:48:34","date_gmt":"2025-10-02T19:48:34","guid":{"rendered":"https:\/\/footdavant.fr\/actualites\/apercu-bayer-leverkusen-vs-psv-eindhoven-prediction-news-news-lineups\/"},"modified":"2025-10-02T21:48:34","modified_gmt":"2025-10-02T19:48:34","slug":"apercu-bayer-leverkusen-vs-psv-eindhoven-prediction-news-news-lineups","status":"publish","type":"post","link":"https:\/\/footdavant.fr\/actualites\/apercu-bayer-leverkusen-vs-psv-eindhoven-prediction-news-news-lineups\/","title":{"rendered":"Aper\u00e7u: Bayer Leverkusen vs PSV Eindhoven &#8211; Pr\u00e9diction, News News, Lineups"},"content":{"rendered":"<p>Sports Mole pr\u00e9visualise le conflit de la Ligue des champions de mercredi entre Bayer Leverkusen et PSV Eindhoven, y compris les pr\u00e9dictions, les nouvelles de l&#39;\u00e9quipe et les alignements possibles.<\/p>\n<div id=\"article_body\" itemprop=\"articleBody\">\n<p>Tous deux sans victoire apr\u00e8s le match l&#39;un des <strong class=\"autotag\">Ligue des champions, <strong class=\"autotag\">Bayer Leverkusen et <strong class=\"autotag\">PSV Eindhoven Tussle \u00e0 la Bayarena mercredi lors de leur premi\u00e8re r\u00e9union europ\u00e9enne en trois d\u00e9cennies. <\/p>\n<p>Les g\u00e9ants de Bundesliga restent invaincus sous le nouveau boss <strong class=\"autotag\">Kasper Hjulmand, qui les place dans une position forte alors qu&#39;ils visent \u00e0 prolonger leur course invaincue de sept matchs contre les adversaires n\u00e9erlandais; Pendant ce temps, le PSV entre en match deux, visant \u00e0 briser sa s\u00e9cheresse sans victoire \u00e0 48 ans contre les clubs allemands. <\/p>\n<p><\/p>\n<h2>Aper\u00e7u de correspondance<\/h2>\n<p>Le r\u00e9tablissement de Leverkusen apr\u00e8s le bref mandat d&#39;Erik Ten Hag s&#39;est poursuivi avec une victoire durement disput\u00e9e contre St. Pauli ce week-end, prolongeant leur course invaincue depuis la nomination de Hjulmand.<\/p>\n<p>Alors que Die Werkself n&#39;a pas encore conserv\u00e9 de feuille blanche depuis leur victoire 4-0 DFB Pokal contre Grossaspach \u00e0 la mi-ao\u00fbt, les supporters avec une perspective optimiste indiqueront la s\u00e9quence invaincue de leur \u00e9quipe depuis leur d\u00e9faite de Game Week One par Hoffenheim dans la Bundesliga le mois dernier.<\/p>\n<p>En battant St. Pauli, ils entrent le match continental de mercredi contre PSV n&#39;ayant pas perdu en cinq matchs, en remportant trois, bien qu&#39;ils se soient content\u00e9s d&#39;un match nul 2-2 avec Copenhague il y a quinze jours. <\/p>\n<p>Die Schwarzroten, qui n&#39;a jamais perdu contre une \u00e9quipe n\u00e9erlandaise lors de sept rencontres, obtenant quatre victoires et en tirant trois, dont deux matchs contre l&#39;adversaire de cette semaine, lorsqu&#39;ils ont battu Eindhoven en Allemagne et ont attir\u00e9 les Pays-Bas 31 ans auparavant.<\/p>\n<p>Apr\u00e8s avoir remport\u00e9 leur dernier match contre une \u00e9quipe n\u00e9erlandaise &#8211; une victoire 4-0 sur Feyenoord \u00e0 Rotterdam il y a 12 mois &#8211; Leverkusen, qui n&#39;a perdu que deux de ses 11 derniers matchs en phase de groupe ou en phase de ligue, vise \u00e0 \u00e9viter un troisi\u00e8me \u00e9chec \u00e0 ce stade mercredi.<\/p>\n<p class=\"imgI\">\n<p>Cherchant \u00e0 infliger une premi\u00e8re d\u00e9faite \u00e0 Leverkusen de Hjulmand, le PSV doit se remettre de leur perte de choc 3-1 contre Union Saint-Gilloie \u00e0 Eindhoven, o\u00f9 ils ont conc\u00e9d\u00e9 trois fois auparavant <strong class=\"autotag\">Ruben van Bommel a marqu\u00e9 une consolation tardive. <\/p>\n<p>Cette d\u00e9faite par le club belge lors de la journ\u00e9e d&#39;ouverture a marqu\u00e9 des d\u00e9faites cons\u00e9cutives \u00e0 domicile pour <strong class=\"autotag\">L&#39;\u00e9quipe de Peter Bosz dans toutes les comp\u00e9titions. <\/p>\n<p>Les paysans sont revenus \u00e0 la victoire dans l&#39;Eredivisie avec une victoire 2-1 \u00e0 SBV Excelsior samedi, obtenant leur huiti\u00e8me victoire cons\u00e9cutive \u00e0 l&#39;ext\u00e9rieur, un record qui remonte \u00e0 la saison derni\u00e8re.<\/p>\n<p>Invaincu lors de leurs voyages dans toutes les comp\u00e9titions depuis une d\u00e9faite pour aller de l&#39;avant Eagles en mars, la course invaincue en cours du PSV sur la route comprend \u00e9galement un match nul en Ligue des champions 2-2 \u00e0 Arsenal il y a six mois; Cependant, il serait n\u00e9gligent de mentionner ce r\u00e9sultat sans consid\u00e9rer le contexte de leur d\u00e9faite \u00e0 7-1 \u00e0 la premi\u00e8re \u00e9tape \u00e0 Eindhoven en 16 ans. <\/p>\n<p>Depuis cette d\u00e9ception, l&#39;\u00e9quipe de Bosz a maintenant perdu deux de ses trois derniers matchs de la Ligue des champions, et le record historique contre les clubs allemands offre peu d&#39;espoir. <\/p>\n<p>Les g\u00e9ants n\u00e9erlandais ont subi 14 d\u00e9faites et d\u00e9croch\u00e9 trois matchs contre les \u00e9quipes allemandes depuis qu&#39;ils ont battu Eintracht Braunschweig 2-1 dans un match de la Coupe UEFA en d\u00e9cembre 1977 &#8211; une s\u00e9quence de 17 matchs qu&#39;ils visent \u00e0 briser cette semaine. <\/p>\n<p>Cela constitue une rencontre potentiellement intrigante avec Leverkusen, qui est connu pour conc\u00e9der des objectifs; Mais le PSV aussi, dont l&#39;approche tout ou rien sous Bosz devrait persister \u00e0 la Bayarena. <\/p>\n<p class=\"bM8\">Bayer Leverkusen Champions League Form:<\/p>\n<p class=\"bM8\">Formulaire Bayer Leverkusen (toutes les comp\u00e9titions):<\/p>\n<p class=\"bM8\">PSV Eindhoven Champions League Form:<\/p>\n<p class=\"bM8\">PSV Eindhoven Form (toutes les comp\u00e9titions):<\/p>\n<p><\/p>\n<h2>Nouvelles de l&#39;\u00e9quipe<\/h2>\n<p class=\"imgI\">\n<p>Capitaine de Leverkusen <strong class=\"autotag\">Il est peu probable que Robert Andrich (aine) figure apr\u00e8s avoir \u00e9t\u00e9 bless\u00e9 \u00e0 la mi-temps samedi, tandis que <strong class=\"autotag\">Patrik Schick a \u00e9t\u00e9 remplac\u00e9 vers la fin par une blessure suspect\u00e9e aux ischio-jambiers.<\/p>\n<p>En cons\u00e9quence, les deux joueurs pourraient rejoindre <strong class=\"autotag\">EXEQUEL PALACIOS (blessure de l&#39;aine, \u00e9galement in\u00e9ligible), <strong class=\"autotag\">Martin Terrier (Achille) et <strong class=\"autotag\">Nathan Tella (genou) sur la touche.<\/p>\n<p><strong class=\"autotag\">Malik Tillman a marqu\u00e9 deux buts de Bundesliga depuis qu&#39;il a d\u00e9m\u00e9nag\u00e9 \u00e0 Leverkusen du PSV en \u00e9t\u00e9, et l&#39;Am\u00e9ricain esp\u00e8re affronter mercredi de vieux amis.<\/p>\n<p>Devrait figurer pour les h\u00f4tes allemands est <strong class=\"autotag\">Alex Grimaldo, qui a marqu\u00e9 lors du match nul de la journ\u00e9e \u00e0 Copenhague, et a marqu\u00e9 deux fois et a aid\u00e9 une fois sur cinq apparitions en Bundesliga cette saison.<\/p>\n<p>Van Bommel a marqu\u00e9 le seul but de PSV le premier de la porte, mais l&#39;attaquant a depuis subi une grave blessure au genou qui pourrait le garder \u00e0 l&#39;\u00e9cart pour le reste de la saison.<\/p>\n<p>En cons\u00e9quence, la star des paysans manquera le match de mercredi, ainsi que <strong class=\"autotag\">Plaidoyer alassane (genou), <strong class=\"autotag\">Myron Boadu (ischio-jambiers), <strong class=\"autotag\">Kiliann Sildillia (cuisse) et peut-\u00eatre <strong class=\"autotag\">Sergino dest, qui sera \u00e9valu\u00e9 avant le match en milieu de semaine.<\/p>\n<p>D&#39;autres absents potentiels sont <strong class=\"autotag\">Ricardo Pepi, remplac\u00e9 par <strong class=\"autotag\">Guus jusqu&#39;\u00e0 32 minutes contre Excelsior en raison d&#39;une blessure et d&#39;un arri\u00e8re gauche <strong class=\"autotag\">Anass Salah-Eddine, qui a d\u00e9coll\u00e9 avec une blessure suspect\u00e9e \u00e0 la 85e minute du m\u00eame match.<\/p>\n<p>Alors que <strong class=\"autotag\">Ivan Perisic n&#39;a pas pu ajouter \u00e0 ses six contributions de but le week-end, <strong class=\"autotag\">Joey Veerman a d\u00e9croch\u00e9 son sixi\u00e8me dans la victoire (trois buts, trois passes d\u00e9cisives) et le milieu de terrain cherche sa septi\u00e8me implication cette saison \u00e0 la Bayarena.<\/p>\n<p><strong class=\"autotag\">Matej Kovar devrait commencer entre les b\u00e2tons contre son club parent, m\u00eame s&#39;il est sur un pr\u00eat de la saison de la tenue de Bundesliga.<\/p>\n<p>Bayer Leverkusen Possible LIGNAGE DE D\u00c9MARRAGE:<\/p>\n<p>Flekken; Quansah, Bade, Tapsoba; Tape-Kobrissa, Garcia, Fernandez, Grimaldo; Tilman, Ben Seghir; Kofane<\/p>\n<p>PSV Eindhoven Possible LIGNAGE POSSIBLE:<\/p>\n<p>Kovar; Junior, Flamingo, Gasiorowski, Obispo; Schouten, Saibari, Veerman; Wanner, jusqu&#39;\u00e0<\/p>\n<p class=\"sm_center\">\n<h2 class=\"sm_center\">Nous disons: Bayer Leverkusen 2-1 PSV Eindhoven<\/h2>\n<p>Avec Leverkusen qui a du mal \u00e0 garder les draps propres et le PSV favorisant une approche agressive sous Bosz, les deux parties sont susceptibles de trouver le filet mercredi.<\/p>\n<p>Bien que les \u00e9quipes manquent de talents vainqueurs du match, Leverkusen est soutenu pour prolonger sa course invaincue contre les adversaires n\u00e9erlandais \u00e0 huit, poursuivant ainsi l&#39;attente de 48 ans du PSV contre les clubs allemands.<\/p>\n<p>Pour l&#39;analyse des donn\u00e9es des r\u00e9sultats les plus probables, les scores et plus encore pour cette correspondance, veuillez cliquer ici.<\/p>\n<p><\/p>\n<h2>Aper\u00e7u par e-mail<\/h2>\n<div>Cliquez ici pour recevoir les e-mails quotidiens de Sports Mole des aper\u00e7us et des pr\u00e9dictions pour chaque jeu majeur!<\/div>\n<p><\/div>\n","protected":false},"excerpt":{"rendered":"<p>Sports Mole pr\u00e9visualise le conflit de la Ligue des champions de mercredi entre Bayer Leverkusen et PSV Eindhoven, y compris les pr\u00e9dictions, les nouvelles de<\/p>\n","protected":false},"author":1,"featured_media":29335,"comment_status":"closed","ping_status":"","sticky":false,"template":"","format":"standard","meta":{"footnotes":""},"categories":[4],"tags":[284,981,591,982,5145,409,3917,590],"yoast_head":"<!-- This site is optimized with the Yoast SEO plugin v21.0 - https:\/\/yoast.com\/wordpress\/plugins\/seo\/ -->\n<title>Aper\u00e7u: Bayer Leverkusen vs PSV Eindhoven - Pr\u00e9diction, News News, Lineups<\/title>\n<meta name=\"robots\" content=\"index, follow, max-snippet:-1, max-image-preview:large, max-video-preview:-1\" \/>\n<link rel=\"canonical\" href=\"https:\/\/footdavant.fr\/actualites\/apercu-bayer-leverkusen-vs-psv-eindhoven-prediction-news-news-lineups\/\" \/>\n<meta property=\"og:locale\" content=\"fr_FR\" \/>\n<meta property=\"og:type\" content=\"article\" \/>\n<meta property=\"og:title\" content=\"Aper\u00e7u: Bayer Leverkusen vs PSV Eindhoven - Pr\u00e9diction, News News, Lineups\" \/>\n<meta property=\"og:description\" content=\"Sports Mole pr\u00e9visualise le conflit de la Ligue des champions de mercredi entre Bayer Leverkusen et PSV Eindhoven, y compris les pr\u00e9dictions, les nouvelles de\" \/>\n<meta property=\"og:url\" content=\"https:\/\/footdavant.fr\/actualites\/apercu-bayer-leverkusen-vs-psv-eindhoven-prediction-news-news-lineups\/\" \/>\n<meta property=\"og:site_name\" content=\"Foot d&#039;avant\" \/>\n<meta property=\"article:publisher\" content=\"https:\/\/www.facebook.com\/Footdavant\/\" \/>\n<meta property=\"article:published_time\" content=\"2025-10-02T19:48:34+00:00\" \/>\n<meta property=\"og:image\" content=\"https:\/\/footdavant.fr\/actualites\/wp-content\/uploads\/2025\/10\/Apercu-Bayer-Leverkusen-vs-PSV-Eindhoven-Prediction-News-News.jpg\" \/>\n\t<meta property=\"og:image:width\" content=\"640\" \/>\n\t<meta property=\"og:image:height\" content=\"480\" \/>\n\t<meta property=\"og:image:type\" content=\"image\/jpeg\" \/>\n<meta name=\"author\" content=\"Cl\u00e9ment\" \/>\n<meta name=\"twitter:card\" content=\"summary_large_image\" \/>\n<meta name=\"twitter:creator\" content=\"@FootdavantFr\" \/>\n<meta name=\"twitter:site\" content=\"@FootdavantFr\" \/>\n<meta name=\"twitter:label1\" content=\"\u00c9crit par\" \/>\n\t<meta name=\"twitter:data1\" content=\"Cl\u00e9ment\" \/>\n\t<meta name=\"twitter:label2\" content=\"Dur\u00e9e de lecture estim\u00e9e\" \/>\n\t<meta name=\"twitter:data2\" content=\"6 minutes\" \/>\n<script type=\"application\/ld+json\" class=\"yoast-schema-graph\">{\"@context\":\"https:\/\/schema.org\",\"@graph\":[{\"@type\":\"Article\",\"@id\":\"https:\/\/footdavant.fr\/actualites\/apercu-bayer-leverkusen-vs-psv-eindhoven-prediction-news-news-lineups\/#article\",\"isPartOf\":{\"@id\":\"https:\/\/footdavant.fr\/actualites\/apercu-bayer-leverkusen-vs-psv-eindhoven-prediction-news-news-lineups\/\"},\"author\":{\"name\":\"Cl\u00e9ment\",\"@id\":\"https:\/\/footdavant.fr\/actualites\/#\/schema\/person\/bc222566d95871b37e597b3ed3ba5e1d\"},\"headline\":\"Aper\u00e7u: Bayer Leverkusen vs PSV Eindhoven &#8211; Pr\u00e9diction, News News, Lineups\",\"datePublished\":\"2025-10-02T19:48:34+00:00\",\"dateModified\":\"2025-10-02T19:48:34+00:00\",\"mainEntityOfPage\":{\"@id\":\"https:\/\/footdavant.fr\/actualites\/apercu-bayer-leverkusen-vs-psv-eindhoven-prediction-news-news-lineups\/\"},\"wordCount\":1181,\"publisher\":{\"@id\":\"https:\/\/footdavant.fr\/actualites\/#organization\"},\"keywords\":[\"Aper\u00e7u\",\"Bayer\",\"Eindhoven\",\"Leverkusen\",\"lineups\",\"News\",\"pr\u00e9diction\",\"PSV\"],\"articleSection\":[\"Champions League\"],\"inLanguage\":\"fr-FR\"},{\"@type\":\"WebPage\",\"@id\":\"https:\/\/footdavant.fr\/actualites\/apercu-bayer-leverkusen-vs-psv-eindhoven-prediction-news-news-lineups\/\",\"url\":\"https:\/\/footdavant.fr\/actualites\/apercu-bayer-leverkusen-vs-psv-eindhoven-prediction-news-news-lineups\/\",\"name\":\"Aper\u00e7u: Bayer Leverkusen vs PSV Eindhoven - Pr\u00e9diction, News News, Lineups\",\"isPartOf\":{\"@id\":\"https:\/\/footdavant.fr\/actualites\/#website\"},\"datePublished\":\"2025-10-02T19:48:34+00:00\",\"dateModified\":\"2025-10-02T19:48:34+00:00\",\"breadcrumb\":{\"@id\":\"https:\/\/footdavant.fr\/actualites\/apercu-bayer-leverkusen-vs-psv-eindhoven-prediction-news-news-lineups\/#breadcrumb\"},\"inLanguage\":\"fr-FR\",\"potentialAction\":[{\"@type\":\"ReadAction\",\"target\":[\"https:\/\/footdavant.fr\/actualites\/apercu-bayer-leverkusen-vs-psv-eindhoven-prediction-news-news-lineups\/\"]}]},{\"@type\":\"BreadcrumbList\",\"@id\":\"https:\/\/footdavant.fr\/actualites\/apercu-bayer-leverkusen-vs-psv-eindhoven-prediction-news-news-lineups\/#breadcrumb\",\"itemListElement\":[{\"@type\":\"ListItem\",\"position\":1,\"name\":\"Accueil\",\"item\":\"https:\/\/footdavant.fr\/actualites\/\"},{\"@type\":\"ListItem\",\"position\":2,\"name\":\"Aper\u00e7u: Bayer Leverkusen vs PSV Eindhoven &#8211; Pr\u00e9diction, News News, Lineups\"}]},{\"@type\":\"WebSite\",\"@id\":\"https:\/\/footdavant.fr\/actualites\/#website\",\"url\":\"https:\/\/footdavant.fr\/actualites\/\",\"name\":\"Foot d'avant\",\"description\":\"\",\"publisher\":{\"@id\":\"https:\/\/footdavant.fr\/actualites\/#organization\"},\"potentialAction\":[{\"@type\":\"SearchAction\",\"target\":{\"@type\":\"EntryPoint\",\"urlTemplate\":\"https:\/\/footdavant.fr\/actualites\/?s={search_term_string}\"},\"query-input\":\"required name=search_term_string\"}],\"inLanguage\":\"fr-FR\"},{\"@type\":\"Organization\",\"@id\":\"https:\/\/footdavant.fr\/actualites\/#organization\",\"name\":\"Foot d'avant\",\"url\":\"https:\/\/footdavant.fr\/actualites\/\",\"logo\":{\"@type\":\"ImageObject\",\"inLanguage\":\"fr-FR\",\"@id\":\"https:\/\/footdavant.fr\/actualites\/#\/schema\/logo\/image\/\",\"url\":\"https:\/\/footdavant.fr\/actualites\/wp-content\/uploads\/2023\/09\/Copy-of-FootDavant-Logo.png\",\"contentUrl\":\"https:\/\/footdavant.fr\/actualites\/wp-content\/uploads\/2023\/09\/Copy-of-FootDavant-Logo.png\",\"width\":936,\"height\":549,\"caption\":\"Foot d'avant\"},\"image\":{\"@id\":\"https:\/\/footdavant.fr\/actualites\/#\/schema\/logo\/image\/\"},\"sameAs\":[\"https:\/\/www.facebook.com\/Footdavant\/\",\"https:\/\/twitter.com\/FootdavantFr\",\"https:\/\/www.instagram.com\/footdavant.fr\/\"]},{\"@type\":\"Person\",\"@id\":\"https:\/\/footdavant.fr\/actualites\/#\/schema\/person\/bc222566d95871b37e597b3ed3ba5e1d\",\"name\":\"Cl\u00e9ment\",\"image\":{\"@type\":\"ImageObject\",\"inLanguage\":\"fr-FR\",\"@id\":\"https:\/\/footdavant.fr\/actualites\/#\/schema\/person\/image\/\",\"url\":\"https:\/\/secure.gravatar.com\/avatar\/7728b29aac2719421e1a9159b2254c44?s=96&d=mm&r=g\",\"contentUrl\":\"https:\/\/secure.gravatar.com\/avatar\/7728b29aac2719421e1a9159b2254c44?s=96&d=mm&r=g\",\"caption\":\"Cl\u00e9ment\"},\"sameAs\":[\"https:\/\/footdavant.fr\/\"]}]}<\/script>\n<!-- \/ Yoast SEO plugin. -->","yoast_head_json":{"title":"Aper\u00e7u: Bayer Leverkusen vs PSV Eindhoven - Pr\u00e9diction, News News, Lineups","robots":{"index":"index","follow":"follow","max-snippet":"max-snippet:-1","max-image-preview":"max-image-preview:large","max-video-preview":"max-video-preview:-1"},"canonical":"https:\/\/footdavant.fr\/actualites\/apercu-bayer-leverkusen-vs-psv-eindhoven-prediction-news-news-lineups\/","og_locale":"fr_FR","og_type":"article","og_title":"Aper\u00e7u: Bayer Leverkusen vs PSV Eindhoven - Pr\u00e9diction, News News, Lineups","og_description":"Sports Mole pr\u00e9visualise le conflit de la Ligue des champions de mercredi entre Bayer Leverkusen et PSV Eindhoven, y compris les pr\u00e9dictions, les nouvelles de","og_url":"https:\/\/footdavant.fr\/actualites\/apercu-bayer-leverkusen-vs-psv-eindhoven-prediction-news-news-lineups\/","og_site_name":"Foot d&#039;avant","article_publisher":"https:\/\/www.facebook.com\/Footdavant\/","article_published_time":"2025-10-02T19:48:34+00:00","og_image":[{"width":640,"height":480,"url":"https:\/\/footdavant.fr\/actualites\/wp-content\/uploads\/2025\/10\/Apercu-Bayer-Leverkusen-vs-PSV-Eindhoven-Prediction-News-News.jpg","type":"image\/jpeg"}],"author":"Cl\u00e9ment","twitter_card":"summary_large_image","twitter_creator":"@FootdavantFr","twitter_site":"@FootdavantFr","twitter_misc":{"\u00c9crit par":"Cl\u00e9ment","Dur\u00e9e de lecture estim\u00e9e":"6 minutes"},"schema":{"@context":"https:\/\/schema.org","@graph":[{"@type":"Article","@id":"https:\/\/footdavant.fr\/actualites\/apercu-bayer-leverkusen-vs-psv-eindhoven-prediction-news-news-lineups\/#article","isPartOf":{"@id":"https:\/\/footdavant.fr\/actualites\/apercu-bayer-leverkusen-vs-psv-eindhoven-prediction-news-news-lineups\/"},"author":{"name":"Cl\u00e9ment","@id":"https:\/\/footdavant.fr\/actualites\/#\/schema\/person\/bc222566d95871b37e597b3ed3ba5e1d"},"headline":"Aper\u00e7u: Bayer Leverkusen vs PSV Eindhoven &#8211; Pr\u00e9diction, News News, Lineups","datePublished":"2025-10-02T19:48:34+00:00","dateModified":"2025-10-02T19:48:34+00:00","mainEntityOfPage":{"@id":"https:\/\/footdavant.fr\/actualites\/apercu-bayer-leverkusen-vs-psv-eindhoven-prediction-news-news-lineups\/"},"wordCount":1181,"publisher":{"@id":"https:\/\/footdavant.fr\/actualites\/#organization"},"keywords":["Aper\u00e7u","Bayer","Eindhoven","Leverkusen","lineups","News","pr\u00e9diction","PSV"],"articleSection":["Champions League"],"inLanguage":"fr-FR"},{"@type":"WebPage","@id":"https:\/\/footdavant.fr\/actualites\/apercu-bayer-leverkusen-vs-psv-eindhoven-prediction-news-news-lineups\/","url":"https:\/\/footdavant.fr\/actualites\/apercu-bayer-leverkusen-vs-psv-eindhoven-prediction-news-news-lineups\/","name":"Aper\u00e7u: Bayer Leverkusen vs PSV Eindhoven - Pr\u00e9diction, News News, Lineups","isPartOf":{"@id":"https:\/\/footdavant.fr\/actualites\/#website"},"datePublished":"2025-10-02T19:48:34+00:00","dateModified":"2025-10-02T19:48:34+00:00","breadcrumb":{"@id":"https:\/\/footdavant.fr\/actualites\/apercu-bayer-leverkusen-vs-psv-eindhoven-prediction-news-news-lineups\/#breadcrumb"},"inLanguage":"fr-FR","potentialAction":[{"@type":"ReadAction","target":["https:\/\/footdavant.fr\/actualites\/apercu-bayer-leverkusen-vs-psv-eindhoven-prediction-news-news-lineups\/"]}]},{"@type":"BreadcrumbList","@id":"https:\/\/footdavant.fr\/actualites\/apercu-bayer-leverkusen-vs-psv-eindhoven-prediction-news-news-lineups\/#breadcrumb","itemListElement":[{"@type":"ListItem","position":1,"name":"Accueil","item":"https:\/\/footdavant.fr\/actualites\/"},{"@type":"ListItem","position":2,"name":"Aper\u00e7u: Bayer Leverkusen vs PSV Eindhoven &#8211; Pr\u00e9diction, News News, Lineups"}]},{"@type":"WebSite","@id":"https:\/\/footdavant.fr\/actualites\/#website","url":"https:\/\/footdavant.fr\/actualites\/","name":"Foot d'avant","description":"","publisher":{"@id":"https:\/\/footdavant.fr\/actualites\/#organization"},"potentialAction":[{"@type":"SearchAction","target":{"@type":"EntryPoint","urlTemplate":"https:\/\/footdavant.fr\/actualites\/?s={search_term_string}"},"query-input":"required name=search_term_string"}],"inLanguage":"fr-FR"},{"@type":"Organization","@id":"https:\/\/footdavant.fr\/actualites\/#organization","name":"Foot d'avant","url":"https:\/\/footdavant.fr\/actualites\/","logo":{"@type":"ImageObject","inLanguage":"fr-FR","@id":"https:\/\/footdavant.fr\/actualites\/#\/schema\/logo\/image\/","url":"https:\/\/footdavant.fr\/actualites\/wp-content\/uploads\/2023\/09\/Copy-of-FootDavant-Logo.png","contentUrl":"https:\/\/footdavant.fr\/actualites\/wp-content\/uploads\/2023\/09\/Copy-of-FootDavant-Logo.png","width":936,"height":549,"caption":"Foot d'avant"},"image":{"@id":"https:\/\/footdavant.fr\/actualites\/#\/schema\/logo\/image\/"},"sameAs":["https:\/\/www.facebook.com\/Footdavant\/","https:\/\/twitter.com\/FootdavantFr","https:\/\/www.instagram.com\/footdavant.fr\/"]},{"@type":"Person","@id":"https:\/\/footdavant.fr\/actualites\/#\/schema\/person\/bc222566d95871b37e597b3ed3ba5e1d","name":"Cl\u00e9ment","image":{"@type":"ImageObject","inLanguage":"fr-FR","@id":"https:\/\/footdavant.fr\/actualites\/#\/schema\/person\/image\/","url":"https:\/\/secure.gravatar.com\/avatar\/7728b29aac2719421e1a9159b2254c44?s=96&d=mm&r=g","contentUrl":"https:\/\/secure.gravatar.com\/avatar\/7728b29aac2719421e1a9159b2254c44?s=96&d=mm&r=g","caption":"Cl\u00e9ment"},"sameAs":["https:\/\/footdavant.fr\/"]}]}},"_links":{"self":[{"href":"https:\/\/footdavant.fr\/actualites\/wp-json\/wp\/v2\/posts\/29334"}],"collection":[{"href":"https:\/\/footdavant.fr\/actualites\/wp-json\/wp\/v2\/posts"}],"about":[{"href":"https:\/\/footdavant.fr\/actualites\/wp-json\/wp\/v2\/types\/post"}],"author":[{"embeddable":true,"href":"https:\/\/footdavant.fr\/actualites\/wp-json\/wp\/v2\/users\/1"}],"replies":[{"embeddable":true,"href":"https:\/\/footdavant.fr\/actualites\/wp-json\/wp\/v2\/comments?post=29334"}],"version-history":[{"count":1,"href":"https:\/\/footdavant.fr\/actualites\/wp-json\/wp\/v2\/posts\/29334\/revisions"}],"predecessor-version":[{"id":29336,"href":"https:\/\/footdavant.fr\/actualites\/wp-json\/wp\/v2\/posts\/29334\/revisions\/29336"}],"wp:featuredmedia":[{"embeddable":true,"href":"https:\/\/footdavant.fr\/actualites\/wp-json\/wp\/v2\/media\/29335"}],"wp:attachment":[{"href":"https:\/\/footdavant.fr\/actualites\/wp-json\/wp\/v2\/media?parent=29334"}],"wp:term":[{"taxonomy":"category","embeddable":true,"href":"https:\/\/footdavant.fr\/actualites\/wp-json\/wp\/v2\/categories?post=29334"},{"taxonomy":"post_tag","embeddable":true,"href":"https:\/\/footdavant.fr\/actualites\/wp-json\/wp\/v2\/tags?post=29334"}],"curies":[{"name":"wp","href":"https:\/\/api.w.org\/{rel}","templated":true}]}}