{"id":29340,"date":"2025-10-03T00:48:26","date_gmt":"2025-10-02T22:48:26","guid":{"rendered":"https:\/\/footdavant.fr\/actualites\/omar-el-hilali-man-united-planning-raid-en-janvier-sur-espanyol-pour-les-gemmes-defensives-man-united-news-and-transfer-news\/"},"modified":"2025-10-03T00:48:28","modified_gmt":"2025-10-02T22:48:28","slug":"omar-el-hilali-man-united-planning-raid-en-janvier-sur-espanyol-pour-les-gemmes-defensives-man-united-news-and-transfer-news","status":"publish","type":"post","link":"https:\/\/footdavant.fr\/actualites\/omar-el-hilali-man-united-planning-raid-en-janvier-sur-espanyol-pour-les-gemmes-defensives-man-united-news-and-transfer-news\/","title":{"rendered":"Omar El Hilali: Man United Planning Raid en janvier sur Espanyol pour les gemmes d\u00e9fensives &#8211; Man United News and Transfer News"},"content":{"rendered":"<div id=\"penci-post-entry-inner\">\n<p>\t\t\t<i class=\"penci-post-countview-number-check\" style=\"display:none\">2<\/i><\/p>\n<p>Ruben Amorim n&#39;a pas encore trouv\u00e9 son arri\u00e8re de droite pr\u00e9f\u00e9r\u00e9 \u00e0 Manchester United.<\/p>\n<p>Les ailes sont essentielles pour Amorim, qui compte sur eux pour influencer la pi\u00e8ce au tiers du terrain. Ils sont charg\u00e9s de fournir une largeur plus haut sur le terrain, de cr\u00e9er des surcharges num\u00e9riques au milieu de terrain et de soutenir les d\u00e9fenseurs centraux dans leur troisi\u00e8me d\u00e9fenseur.<\/p>\n<p>En tant que tel, ce n&#39;\u00e9tait pas une surprise lorsque l&#39;ex-poste de directeur du CP a prioris\u00e9 la signature de Patrick Dorgu tout de suite apr\u00e8s avoir repris la barre \u00e0 Old Trafford.<\/p>\n<h3>Manchester United veut signer une nouvelle aile droite<\/h3>\n<p>L&#39;ancien ailier de Lecce a ciment\u00e9 sa place sur le flanc gauche sous Amorim. Cependant, il y a un certain degr\u00e9 d&#39;incertitude sur l&#39;aile oppos\u00e9e.<\/p>\n<p>Noussair Mazraoui ne poss\u00e8de pas de moteur pour monter et descendre le terrain, et Amad Diallo manque de sens d\u00e9fensif pour jouer ce r\u00f4le.<\/p>\n<p>Diogo Dalot, quant \u00e0 lui, est une responsabilit\u00e9 en possession et hors de la possession depuis l&#39;arriv\u00e9e d&#39;Amorim.<\/p>\n<p>Un rapport en Espagne sugg\u00e8re que United a fait de la priorit\u00e9 de signer un nouveau retour de droite en janvier.<\/p>\n<h3>Manchester United a envie d&#39;El Hilali<\/h3>\n<p>Selon Fichajes, les Red Devils envisagent d&#39;int\u00e9grer un nouveau joueur dans le poste en janvier et ont r\u00e9dig\u00e9 une liste restreinte de trois hommes. <\/p>\n<p>La star de l&#39;Atletico Madrid, Nahuel Molina,, Jon Aramburu de Real Sociedad et le jeune Espanyol Omar El Hilali sont tous sur le radar des g\u00e9ants de la Premier League.<\/p>\n<p>El Hilali, 22 ans, est devenu l&#39;une des arri\u00e8res les plus prometteuses de La Liga, impressionnant par son plaquage, son rythme de r\u00e9cup\u00e9ration, son gardien de balle et son travers\u00e9e. <\/p>\n<p>Le compatriote de Mazraoui a fait sept apparitions \u00e0 La Liga cette saison et a une passe d\u00e9cisive \u00e0 son nom.<\/p>\n<p>L&#39;Espanyol veut garder leur prodige marocain, qui est li\u00e9 \u00e0 la tenue catalane jusqu&#39;\u00e0 l&#39;\u00e9t\u00e9 2027.<\/p>\n<p>Cependant, le contrat d&#39;El Hilali comprend une clause de lib\u00e9ration d&#39;une valeur de 25 millions d&#39;euros, un chiffre qui est peu susceptible de repousser les int\u00e9r\u00eats de United, qui a accept\u00e9 de payer 30 millions d&#39;euros plus 5 millions d&#39;euros possibles dans les add-ons pour atterrir Dorgu dans la derni\u00e8re fen\u00eatre de transfert d&#39;hiver.<\/p>\n<\/p>\n<hr>\n<p>Suivez-nous sur bluesky: @ PeopleSerson.bsky.social<br \/><!--Article End--><\/p>\n<p><!-- CONTENT END 2 --><\/p><\/div>\n","protected":false},"excerpt":{"rendered":"<p>2 Ruben Amorim n&#39;a pas encore trouv\u00e9 son arri\u00e8re de droite pr\u00e9f\u00e9r\u00e9 \u00e0 Manchester United. Les ailes sont essentielles pour Amorim, qui compte sur eux<\/p>\n","protected":false},"author":1,"featured_media":29341,"comment_status":"closed","ping_status":"","sticky":false,"template":"","format":"standard","meta":{"footnotes":""},"categories":[3],"tags":[4522,9414,10666,10665,166,93,24,409,6815,8708,51,5358,103,2732,13],"yoast_head":"<!-- This site is optimized with the Yoast SEO plugin v21.0 - https:\/\/yoast.com\/wordpress\/plugins\/seo\/ -->\n<title>Omar El Hilali: Man United Planning Raid en janvier sur Espanyol pour les gemmes d\u00e9fensives - Man United News and Transfer News<\/title>\n<meta name=\"robots\" content=\"index, follow, max-snippet:-1, max-image-preview:large, max-video-preview:-1\" \/>\n<link rel=\"canonical\" href=\"https:\/\/footdavant.fr\/actualites\/omar-el-hilali-man-united-planning-raid-en-janvier-sur-espanyol-pour-les-gemmes-defensives-man-united-news-and-transfer-news\/\" \/>\n<meta property=\"og:locale\" content=\"fr_FR\" \/>\n<meta property=\"og:type\" content=\"article\" \/>\n<meta property=\"og:title\" content=\"Omar El Hilali: Man United Planning Raid en janvier sur Espanyol pour les gemmes d\u00e9fensives - Man United News and Transfer News\" \/>\n<meta property=\"og:description\" content=\"2 Ruben Amorim n&#039;a pas encore trouv\u00e9 son arri\u00e8re de droite pr\u00e9f\u00e9r\u00e9 \u00e0 Manchester United. Les ailes sont essentielles pour Amorim, qui compte sur eux\" \/>\n<meta property=\"og:url\" content=\"https:\/\/footdavant.fr\/actualites\/omar-el-hilali-man-united-planning-raid-en-janvier-sur-espanyol-pour-les-gemmes-defensives-man-united-news-and-transfer-news\/\" \/>\n<meta property=\"og:site_name\" content=\"Foot d&#039;avant\" \/>\n<meta property=\"article:publisher\" content=\"https:\/\/www.facebook.com\/Footdavant\/\" \/>\n<meta property=\"article:published_time\" content=\"2025-10-02T22:48:26+00:00\" \/>\n<meta property=\"article:modified_time\" content=\"2025-10-02T22:48:28+00:00\" \/>\n<meta property=\"og:image\" content=\"https:\/\/footdavant.fr\/actualites\/wp-content\/uploads\/2025\/10\/Omar-El-Hilali-Man-United-Planning-Raid-en-janvier-sur.jpg\" \/>\n\t<meta property=\"og:image:width\" content=\"1600\" \/>\n\t<meta property=\"og:image:height\" content=\"700\" \/>\n\t<meta property=\"og:image:type\" content=\"image\/jpeg\" \/>\n<meta name=\"author\" content=\"Cl\u00e9ment\" \/>\n<meta name=\"twitter:card\" content=\"summary_large_image\" \/>\n<meta name=\"twitter:creator\" content=\"@FootdavantFr\" \/>\n<meta name=\"twitter:site\" content=\"@FootdavantFr\" \/>\n<meta name=\"twitter:label1\" content=\"\u00c9crit par\" \/>\n\t<meta name=\"twitter:data1\" content=\"Cl\u00e9ment\" \/>\n\t<meta name=\"twitter:label2\" content=\"Dur\u00e9e de lecture estim\u00e9e\" \/>\n\t<meta name=\"twitter:data2\" content=\"2 minutes\" \/>\n<script type=\"application\/ld+json\" class=\"yoast-schema-graph\">{\"@context\":\"https:\/\/schema.org\",\"@graph\":[{\"@type\":\"Article\",\"@id\":\"https:\/\/footdavant.fr\/actualites\/omar-el-hilali-man-united-planning-raid-en-janvier-sur-espanyol-pour-les-gemmes-defensives-man-united-news-and-transfer-news\/#article\",\"isPartOf\":{\"@id\":\"https:\/\/footdavant.fr\/actualites\/omar-el-hilali-man-united-planning-raid-en-janvier-sur-espanyol-pour-les-gemmes-defensives-man-united-news-and-transfer-news\/\"},\"author\":{\"name\":\"Cl\u00e9ment\",\"@id\":\"https:\/\/footdavant.fr\/actualites\/#\/schema\/person\/bc222566d95871b37e597b3ed3ba5e1d\"},\"headline\":\"Omar El Hilali: Man United Planning Raid en janvier sur Espanyol pour les gemmes d\u00e9fensives &#8211; Man United News and Transfer News\",\"datePublished\":\"2025-10-02T22:48:26+00:00\",\"dateModified\":\"2025-10-02T22:48:28+00:00\",\"mainEntityOfPage\":{\"@id\":\"https:\/\/footdavant.fr\/actualites\/omar-el-hilali-man-united-planning-raid-en-janvier-sur-espanyol-pour-les-gemmes-defensives-man-united-news-and-transfer-news\/\"},\"wordCount\":441,\"publisher\":{\"@id\":\"https:\/\/footdavant.fr\/actualites\/#organization\"},\"keywords\":[\"d\u00e9fensives\",\"espanyol\",\"gemmes\",\"Hilali\",\"janvier\",\"les\",\"Man\",\"News\",\"Omar\",\"Planning\",\"pour\",\"raid\",\"sur\",\"Transfer\",\"United\"],\"articleSection\":[\"Football\"],\"inLanguage\":\"fr-FR\"},{\"@type\":\"WebPage\",\"@id\":\"https:\/\/footdavant.fr\/actualites\/omar-el-hilali-man-united-planning-raid-en-janvier-sur-espanyol-pour-les-gemmes-defensives-man-united-news-and-transfer-news\/\",\"url\":\"https:\/\/footdavant.fr\/actualites\/omar-el-hilali-man-united-planning-raid-en-janvier-sur-espanyol-pour-les-gemmes-defensives-man-united-news-and-transfer-news\/\",\"name\":\"Omar El Hilali: Man United Planning Raid en janvier sur Espanyol pour les gemmes d\u00e9fensives - Man United News and Transfer News\",\"isPartOf\":{\"@id\":\"https:\/\/footdavant.fr\/actualites\/#website\"},\"datePublished\":\"2025-10-02T22:48:26+00:00\",\"dateModified\":\"2025-10-02T22:48:28+00:00\",\"breadcrumb\":{\"@id\":\"https:\/\/footdavant.fr\/actualites\/omar-el-hilali-man-united-planning-raid-en-janvier-sur-espanyol-pour-les-gemmes-defensives-man-united-news-and-transfer-news\/#breadcrumb\"},\"inLanguage\":\"fr-FR\",\"potentialAction\":[{\"@type\":\"ReadAction\",\"target\":[\"https:\/\/footdavant.fr\/actualites\/omar-el-hilali-man-united-planning-raid-en-janvier-sur-espanyol-pour-les-gemmes-defensives-man-united-news-and-transfer-news\/\"]}]},{\"@type\":\"BreadcrumbList\",\"@id\":\"https:\/\/footdavant.fr\/actualites\/omar-el-hilali-man-united-planning-raid-en-janvier-sur-espanyol-pour-les-gemmes-defensives-man-united-news-and-transfer-news\/#breadcrumb\",\"itemListElement\":[{\"@type\":\"ListItem\",\"position\":1,\"name\":\"Accueil\",\"item\":\"https:\/\/footdavant.fr\/actualites\/\"},{\"@type\":\"ListItem\",\"position\":2,\"name\":\"Omar El Hilali: Man United Planning Raid en janvier sur Espanyol pour les gemmes d\u00e9fensives &#8211; Man United News and Transfer News\"}]},{\"@type\":\"WebSite\",\"@id\":\"https:\/\/footdavant.fr\/actualites\/#website\",\"url\":\"https:\/\/footdavant.fr\/actualites\/\",\"name\":\"Foot d'avant\",\"description\":\"\",\"publisher\":{\"@id\":\"https:\/\/footdavant.fr\/actualites\/#organization\"},\"potentialAction\":[{\"@type\":\"SearchAction\",\"target\":{\"@type\":\"EntryPoint\",\"urlTemplate\":\"https:\/\/footdavant.fr\/actualites\/?s={search_term_string}\"},\"query-input\":\"required name=search_term_string\"}],\"inLanguage\":\"fr-FR\"},{\"@type\":\"Organization\",\"@id\":\"https:\/\/footdavant.fr\/actualites\/#organization\",\"name\":\"Foot d'avant\",\"url\":\"https:\/\/footdavant.fr\/actualites\/\",\"logo\":{\"@type\":\"ImageObject\",\"inLanguage\":\"fr-FR\",\"@id\":\"https:\/\/footdavant.fr\/actualites\/#\/schema\/logo\/image\/\",\"url\":\"https:\/\/footdavant.fr\/actualites\/wp-content\/uploads\/2023\/09\/Copy-of-FootDavant-Logo.png\",\"contentUrl\":\"https:\/\/footdavant.fr\/actualites\/wp-content\/uploads\/2023\/09\/Copy-of-FootDavant-Logo.png\",\"width\":936,\"height\":549,\"caption\":\"Foot d'avant\"},\"image\":{\"@id\":\"https:\/\/footdavant.fr\/actualites\/#\/schema\/logo\/image\/\"},\"sameAs\":[\"https:\/\/www.facebook.com\/Footdavant\/\",\"https:\/\/twitter.com\/FootdavantFr\",\"https:\/\/www.instagram.com\/footdavant.fr\/\"]},{\"@type\":\"Person\",\"@id\":\"https:\/\/footdavant.fr\/actualites\/#\/schema\/person\/bc222566d95871b37e597b3ed3ba5e1d\",\"name\":\"Cl\u00e9ment\",\"image\":{\"@type\":\"ImageObject\",\"inLanguage\":\"fr-FR\",\"@id\":\"https:\/\/footdavant.fr\/actualites\/#\/schema\/person\/image\/\",\"url\":\"https:\/\/secure.gravatar.com\/avatar\/7728b29aac2719421e1a9159b2254c44?s=96&d=mm&r=g\",\"contentUrl\":\"https:\/\/secure.gravatar.com\/avatar\/7728b29aac2719421e1a9159b2254c44?s=96&d=mm&r=g\",\"caption\":\"Cl\u00e9ment\"},\"sameAs\":[\"https:\/\/footdavant.fr\/\"]}]}<\/script>\n<!-- \/ Yoast SEO plugin. -->","yoast_head_json":{"title":"Omar El Hilali: Man United Planning Raid en janvier sur Espanyol pour les gemmes d\u00e9fensives - Man United News and Transfer News","robots":{"index":"index","follow":"follow","max-snippet":"max-snippet:-1","max-image-preview":"max-image-preview:large","max-video-preview":"max-video-preview:-1"},"canonical":"https:\/\/footdavant.fr\/actualites\/omar-el-hilali-man-united-planning-raid-en-janvier-sur-espanyol-pour-les-gemmes-defensives-man-united-news-and-transfer-news\/","og_locale":"fr_FR","og_type":"article","og_title":"Omar El Hilali: Man United Planning Raid en janvier sur Espanyol pour les gemmes d\u00e9fensives - Man United News and Transfer News","og_description":"2 Ruben Amorim n&#39;a pas encore trouv\u00e9 son arri\u00e8re de droite pr\u00e9f\u00e9r\u00e9 \u00e0 Manchester United. Les ailes sont essentielles pour Amorim, qui compte sur eux","og_url":"https:\/\/footdavant.fr\/actualites\/omar-el-hilali-man-united-planning-raid-en-janvier-sur-espanyol-pour-les-gemmes-defensives-man-united-news-and-transfer-news\/","og_site_name":"Foot d&#039;avant","article_publisher":"https:\/\/www.facebook.com\/Footdavant\/","article_published_time":"2025-10-02T22:48:26+00:00","article_modified_time":"2025-10-02T22:48:28+00:00","og_image":[{"width":1600,"height":700,"url":"https:\/\/footdavant.fr\/actualites\/wp-content\/uploads\/2025\/10\/Omar-El-Hilali-Man-United-Planning-Raid-en-janvier-sur.jpg","type":"image\/jpeg"}],"author":"Cl\u00e9ment","twitter_card":"summary_large_image","twitter_creator":"@FootdavantFr","twitter_site":"@FootdavantFr","twitter_misc":{"\u00c9crit par":"Cl\u00e9ment","Dur\u00e9e de lecture estim\u00e9e":"2 minutes"},"schema":{"@context":"https:\/\/schema.org","@graph":[{"@type":"Article","@id":"https:\/\/footdavant.fr\/actualites\/omar-el-hilali-man-united-planning-raid-en-janvier-sur-espanyol-pour-les-gemmes-defensives-man-united-news-and-transfer-news\/#article","isPartOf":{"@id":"https:\/\/footdavant.fr\/actualites\/omar-el-hilali-man-united-planning-raid-en-janvier-sur-espanyol-pour-les-gemmes-defensives-man-united-news-and-transfer-news\/"},"author":{"name":"Cl\u00e9ment","@id":"https:\/\/footdavant.fr\/actualites\/#\/schema\/person\/bc222566d95871b37e597b3ed3ba5e1d"},"headline":"Omar El Hilali: Man United Planning Raid en janvier sur Espanyol pour les gemmes d\u00e9fensives &#8211; Man United News and Transfer News","datePublished":"2025-10-02T22:48:26+00:00","dateModified":"2025-10-02T22:48:28+00:00","mainEntityOfPage":{"@id":"https:\/\/footdavant.fr\/actualites\/omar-el-hilali-man-united-planning-raid-en-janvier-sur-espanyol-pour-les-gemmes-defensives-man-united-news-and-transfer-news\/"},"wordCount":441,"publisher":{"@id":"https:\/\/footdavant.fr\/actualites\/#organization"},"keywords":["d\u00e9fensives","espanyol","gemmes","Hilali","janvier","les","Man","News","Omar","Planning","pour","raid","sur","Transfer","United"],"articleSection":["Football"],"inLanguage":"fr-FR"},{"@type":"WebPage","@id":"https:\/\/footdavant.fr\/actualites\/omar-el-hilali-man-united-planning-raid-en-janvier-sur-espanyol-pour-les-gemmes-defensives-man-united-news-and-transfer-news\/","url":"https:\/\/footdavant.fr\/actualites\/omar-el-hilali-man-united-planning-raid-en-janvier-sur-espanyol-pour-les-gemmes-defensives-man-united-news-and-transfer-news\/","name":"Omar El Hilali: Man United Planning Raid en janvier sur Espanyol pour les gemmes d\u00e9fensives - Man United News and Transfer News","isPartOf":{"@id":"https:\/\/footdavant.fr\/actualites\/#website"},"datePublished":"2025-10-02T22:48:26+00:00","dateModified":"2025-10-02T22:48:28+00:00","breadcrumb":{"@id":"https:\/\/footdavant.fr\/actualites\/omar-el-hilali-man-united-planning-raid-en-janvier-sur-espanyol-pour-les-gemmes-defensives-man-united-news-and-transfer-news\/#breadcrumb"},"inLanguage":"fr-FR","potentialAction":[{"@type":"ReadAction","target":["https:\/\/footdavant.fr\/actualites\/omar-el-hilali-man-united-planning-raid-en-janvier-sur-espanyol-pour-les-gemmes-defensives-man-united-news-and-transfer-news\/"]}]},{"@type":"BreadcrumbList","@id":"https:\/\/footdavant.fr\/actualites\/omar-el-hilali-man-united-planning-raid-en-janvier-sur-espanyol-pour-les-gemmes-defensives-man-united-news-and-transfer-news\/#breadcrumb","itemListElement":[{"@type":"ListItem","position":1,"name":"Accueil","item":"https:\/\/footdavant.fr\/actualites\/"},{"@type":"ListItem","position":2,"name":"Omar El Hilali: Man United Planning Raid en janvier sur Espanyol pour les gemmes d\u00e9fensives &#8211; Man United News and Transfer News"}]},{"@type":"WebSite","@id":"https:\/\/footdavant.fr\/actualites\/#website","url":"https:\/\/footdavant.fr\/actualites\/","name":"Foot d'avant","description":"","publisher":{"@id":"https:\/\/footdavant.fr\/actualites\/#organization"},"potentialAction":[{"@type":"SearchAction","target":{"@type":"EntryPoint","urlTemplate":"https:\/\/footdavant.fr\/actualites\/?s={search_term_string}"},"query-input":"required name=search_term_string"}],"inLanguage":"fr-FR"},{"@type":"Organization","@id":"https:\/\/footdavant.fr\/actualites\/#organization","name":"Foot d'avant","url":"https:\/\/footdavant.fr\/actualites\/","logo":{"@type":"ImageObject","inLanguage":"fr-FR","@id":"https:\/\/footdavant.fr\/actualites\/#\/schema\/logo\/image\/","url":"https:\/\/footdavant.fr\/actualites\/wp-content\/uploads\/2023\/09\/Copy-of-FootDavant-Logo.png","contentUrl":"https:\/\/footdavant.fr\/actualites\/wp-content\/uploads\/2023\/09\/Copy-of-FootDavant-Logo.png","width":936,"height":549,"caption":"Foot d'avant"},"image":{"@id":"https:\/\/footdavant.fr\/actualites\/#\/schema\/logo\/image\/"},"sameAs":["https:\/\/www.facebook.com\/Footdavant\/","https:\/\/twitter.com\/FootdavantFr","https:\/\/www.instagram.com\/footdavant.fr\/"]},{"@type":"Person","@id":"https:\/\/footdavant.fr\/actualites\/#\/schema\/person\/bc222566d95871b37e597b3ed3ba5e1d","name":"Cl\u00e9ment","image":{"@type":"ImageObject","inLanguage":"fr-FR","@id":"https:\/\/footdavant.fr\/actualites\/#\/schema\/person\/image\/","url":"https:\/\/secure.gravatar.com\/avatar\/7728b29aac2719421e1a9159b2254c44?s=96&d=mm&r=g","contentUrl":"https:\/\/secure.gravatar.com\/avatar\/7728b29aac2719421e1a9159b2254c44?s=96&d=mm&r=g","caption":"Cl\u00e9ment"},"sameAs":["https:\/\/footdavant.fr\/"]}]}},"_links":{"self":[{"href":"https:\/\/footdavant.fr\/actualites\/wp-json\/wp\/v2\/posts\/29340"}],"collection":[{"href":"https:\/\/footdavant.fr\/actualites\/wp-json\/wp\/v2\/posts"}],"about":[{"href":"https:\/\/footdavant.fr\/actualites\/wp-json\/wp\/v2\/types\/post"}],"author":[{"embeddable":true,"href":"https:\/\/footdavant.fr\/actualites\/wp-json\/wp\/v2\/users\/1"}],"replies":[{"embeddable":true,"href":"https:\/\/footdavant.fr\/actualites\/wp-json\/wp\/v2\/comments?post=29340"}],"version-history":[{"count":1,"href":"https:\/\/footdavant.fr\/actualites\/wp-json\/wp\/v2\/posts\/29340\/revisions"}],"predecessor-version":[{"id":29342,"href":"https:\/\/footdavant.fr\/actualites\/wp-json\/wp\/v2\/posts\/29340\/revisions\/29342"}],"wp:featuredmedia":[{"embeddable":true,"href":"https:\/\/footdavant.fr\/actualites\/wp-json\/wp\/v2\/media\/29341"}],"wp:attachment":[{"href":"https:\/\/footdavant.fr\/actualites\/wp-json\/wp\/v2\/media?parent=29340"}],"wp:term":[{"taxonomy":"category","embeddable":true,"href":"https:\/\/footdavant.fr\/actualites\/wp-json\/wp\/v2\/categories?post=29340"},{"taxonomy":"post_tag","embeddable":true,"href":"https:\/\/footdavant.fr\/actualites\/wp-json\/wp\/v2\/tags?post=29340"}],"curies":[{"name":"wp","href":"https:\/\/api.w.org\/{rel}","templated":true}]}}