{"id":2938,"date":"2023-12-23T22:49:10","date_gmt":"2023-12-23T21:49:10","guid":{"rendered":"https:\/\/footdavant.fr\/actualites\/actualites-de-lequipe-de-manchester-city-blessure-liste-de-suspension-contre-fluminense\/"},"modified":"2023-12-23T22:49:11","modified_gmt":"2023-12-23T21:49:11","slug":"actualites-de-lequipe-de-manchester-city-blessure-liste-de-suspension-contre-fluminense","status":"publish","type":"post","link":"https:\/\/footdavant.fr\/actualites\/actualites-de-lequipe-de-manchester-city-blessure-liste-de-suspension-contre-fluminense\/","title":{"rendered":"Actualit\u00e9s de l&rsquo;\u00e9quipe de Manchester City : Blessure, liste de suspension contre Fluminense"},"content":{"rendered":"<p>Sports Mole fait le point sur les blessures et les suspensions de Manchester City avant la finale de la Coupe du Monde des Clubs de la FIFA contre Fluminense vendredi.<\/p>\n<div id=\"article_body\" itemprop=\"articleBody\">\n<p class=\"firstPara\"><strong class=\"autotag\">Manchester City<\/strong> tentera de gagner la FIFA <strong class=\"autotag\">Coupe du monde des clubs<\/strong> pour la premi\u00e8re fois de leur histoire lorsqu&rsquo;ils s&rsquo;affrontent avec <strong class=\"autotag\">Fluminense<\/strong> en finale \u00e0 Djeddah vendredi soir.<\/p>\n<p><strong class=\"autotag\">Pep Guardiola<\/strong>L&rsquo;\u00e9quipe de s&rsquo;est assur\u00e9e sa place dans l&rsquo;\u00e9preuve phare gr\u00e2ce \u00e0 une victoire 3-0 sur les Urawa Red Diamonds en demi-finale mardi.<\/p>\n<p>Les Citizens ne sont potentiellement qu&rsquo;\u00e0 90 minutes de devenir la quatri\u00e8me \u00e9quipe anglaise \u00e0 remporter la Coupe du Monde des Clubs, mais ils devront se passer de la pr\u00e9sence de quelques joueurs cl\u00e9s contre une \u00e9quipe de Fluminense qui a battu Al Ahly 2-0 lors de son dernier match. quatre matchs nuls lundi. <\/p>\n<p>Ici, <strong>Taupe de sport<\/strong> r\u00e9sume les derni\u00e8res nouvelles sur les blessures et les suspensions de Man City avant la comp\u00e9tition avec <strong class=\"autotag\">Fernando Diniz<\/strong>du c\u00f4t\u00e9.<\/p>\n<hr>\n<p class=\"imgI\">\n<p><strong>Statut:<\/strong> Dehors<br \/><strong>Type de blessure :<\/strong> Tendon<br \/><strong>Date de retour possible :<\/strong> 27 d\u00e9cembre (contre Everton)<\/p>\n<p>Kevin De Bruyne a repris l&rsquo;entra\u00eenement en \u00e9quipe premi\u00e8re lundi pour la premi\u00e8re fois depuis ao\u00fbt, mais le meneur de jeu n&rsquo;est pas encore compl\u00e8tement remis de sa blessure aux ischio-jambiers et n&rsquo;est de toute fa\u00e7on pas \u00e9ligible pour la finale de vendredi en raison du r\u00e8glement du tournoi apr\u00e8s avoir \u00e9t\u00e9 exclu des 23 joueurs de Guardiola. \u00e9quipe pour les demi-finales.<\/p>\n<hr>\n<p class=\"imgI\"><img decoding=\"async\" loading=\"lazy\" class=\"l\" src=\"https:\/\/footdavant.fr\/actualites\/wp-content\/uploads\/2023\/12\/1703368150_789_Actualites-de-lequipe-de-Manchester-City-Blessure-liste-de.jpg\" title=\"Erling Haaland de Manchester City dans les tribunes lors du match du 19 d\u00e9cembre 2023\" alt=\"Erling Haaland de Manchester City dans les tribunes lors du match du 19 d\u00e9cembre 2023\" width=\"640\" height=\"480\"><\/p>\n<p><strong>Statut:<\/strong> Dehors<br \/><strong>Type de blessure :<\/strong> Pied<br \/><strong>Date de retour possible :<\/strong> 27 d\u00e9cembre (contre Everton)<\/p>\n<p>Erling Haaland, qui a rat\u00e9 les quatre derniers matches toutes comp\u00e9titions confondues en raison d&rsquo;une \u00ab\u00a0r\u00e9action de stress osseux\u00a0\u00bb, a repris un entra\u00eenement l\u00e9ger mercredi, mais comme De Bruyne, le Norv\u00e9gien n&rsquo;est de toute fa\u00e7on pas \u00e9ligible pour l&rsquo;\u00e9v\u00e9nement phare en raison du r\u00e8glement du tournoi apr\u00e8s avoir \u00e9t\u00e9 exclu. L&rsquo;\u00e9quipe de 23 joueurs de Guardiola pour les demi-finales.<\/p>\n<hr>\n<p class=\"imgI\"><img decoding=\"async\" loading=\"lazy\" class=\"l\" src=\"https:\/\/footdavant.fr\/actualites\/wp-content\/uploads\/2023\/12\/1703368150_388_Actualites-de-lequipe-de-Manchester-City-Blessure-liste-de.jpg\" title=\"Jeremy Doku c\u00e9l\u00e8bre son but pour Manchester City en novembre 2023\" alt=\"Jeremy Doku c\u00e9l\u00e8bre son but pour Manchester City en novembre 2023\" width=\"640\" height=\"480\"><\/p>\n<p><strong>Statut:<\/strong> Dehors<br \/><strong>Type de blessure :<\/strong> Muscle<br \/><strong>Date de retour possible :<\/strong> 27 d\u00e9cembre (contre Everton)<\/p>\n<p>Jeremy Doku, absent des cinq derniers matches de City en raison d&rsquo;un probl\u00e8me musculaire, a \u00e9galement repris un entra\u00eenement l\u00e9ger mercredi, mais comme De Bruyne et Haaland, l&rsquo;ailier n&rsquo;est de toute fa\u00e7on pas \u00e9ligible pour la finale de vendredi en raison du r\u00e8glement du tournoi apr\u00e8s avoir \u00e9t\u00e9 exclu. L&rsquo;\u00e9quipe de 23 joueurs de Guardiola pour les demi-finales.<\/p>\n<hr>\n<p><strong><\/p>\n<h2>LISTE DE SUSPENSION DE MANCHESTER CITY<\/h2>\n<p><\/strong><\/p>\n<p>Manchester City n&rsquo;a aucun joueur suspendu pour ce match.<\/p>\n<hr>\n<\/div>\n","protected":false},"excerpt":{"rendered":"<p>Sports Mole fait le point sur les blessures et les suspensions de Manchester City avant la finale de la Coupe du Monde des Clubs de<\/p>\n","protected":false},"author":1,"featured_media":2939,"comment_status":"closed","ping_status":"","sticky":false,"template":"","format":"standard","meta":{"footnotes":""},"categories":[5],"tags":[7,15,27,20,2445,9,17,11,18],"yoast_head":"<!-- This site is optimized with the Yoast SEO plugin v21.0 - https:\/\/yoast.com\/wordpress\/plugins\/seo\/ -->\n<title>Actualit\u00e9s de l&#039;\u00e9quipe de Manchester City : Blessure, liste de suspension contre Fluminense<\/title>\n<meta name=\"robots\" content=\"index, follow, max-snippet:-1, max-image-preview:large, max-video-preview:-1\" \/>\n<link rel=\"canonical\" href=\"https:\/\/footdavant.fr\/actualites\/actualites-de-lequipe-de-manchester-city-blessure-liste-de-suspension-contre-fluminense\/\" \/>\n<meta property=\"og:locale\" content=\"fr_FR\" \/>\n<meta property=\"og:type\" content=\"article\" \/>\n<meta property=\"og:title\" content=\"Actualit\u00e9s de l&#039;\u00e9quipe de Manchester City : Blessure, liste de suspension contre Fluminense\" \/>\n<meta property=\"og:description\" content=\"Sports Mole fait le point sur les blessures et les suspensions de Manchester City avant la finale de la Coupe du Monde des Clubs de\" \/>\n<meta property=\"og:url\" content=\"https:\/\/footdavant.fr\/actualites\/actualites-de-lequipe-de-manchester-city-blessure-liste-de-suspension-contre-fluminense\/\" \/>\n<meta property=\"og:site_name\" content=\"Foot d&#039;avant\" \/>\n<meta property=\"article:publisher\" content=\"https:\/\/www.facebook.com\/Footdavant\/\" \/>\n<meta property=\"article:published_time\" content=\"2023-12-23T21:49:10+00:00\" \/>\n<meta property=\"article:modified_time\" content=\"2023-12-23T21:49:11+00:00\" \/>\n<meta property=\"og:image\" content=\"https:\/\/footdavant.fr\/actualites\/wp-content\/uploads\/2023\/12\/1703368151_Actualites-de-lequipe-de-Manchester-City-Blessure-liste-de.jpg\" \/>\n\t<meta property=\"og:image:width\" content=\"640\" \/>\n\t<meta property=\"og:image:height\" content=\"480\" \/>\n\t<meta property=\"og:image:type\" content=\"image\/jpeg\" \/>\n<meta name=\"author\" content=\"Cl\u00e9ment\" \/>\n<meta name=\"twitter:card\" content=\"summary_large_image\" \/>\n<meta name=\"twitter:creator\" content=\"@FootdavantFr\" \/>\n<meta name=\"twitter:site\" content=\"@FootdavantFr\" \/>\n<meta name=\"twitter:label1\" content=\"\u00c9crit par\" \/>\n\t<meta name=\"twitter:data1\" content=\"Cl\u00e9ment\" \/>\n\t<meta name=\"twitter:label2\" content=\"Dur\u00e9e de lecture estim\u00e9e\" \/>\n\t<meta name=\"twitter:data2\" content=\"2 minutes\" \/>\n<script type=\"application\/ld+json\" class=\"yoast-schema-graph\">{\"@context\":\"https:\/\/schema.org\",\"@graph\":[{\"@type\":\"Article\",\"@id\":\"https:\/\/footdavant.fr\/actualites\/actualites-de-lequipe-de-manchester-city-blessure-liste-de-suspension-contre-fluminense\/#article\",\"isPartOf\":{\"@id\":\"https:\/\/footdavant.fr\/actualites\/actualites-de-lequipe-de-manchester-city-blessure-liste-de-suspension-contre-fluminense\/\"},\"author\":{\"name\":\"Cl\u00e9ment\",\"@id\":\"https:\/\/footdavant.fr\/actualites\/#\/schema\/person\/bc222566d95871b37e597b3ed3ba5e1d\"},\"headline\":\"Actualit\u00e9s de l&rsquo;\u00e9quipe de Manchester City : Blessure, liste de suspension contre Fluminense\",\"datePublished\":\"2023-12-23T21:49:10+00:00\",\"dateModified\":\"2023-12-23T21:49:11+00:00\",\"mainEntityOfPage\":{\"@id\":\"https:\/\/footdavant.fr\/actualites\/actualites-de-lequipe-de-manchester-city-blessure-liste-de-suspension-contre-fluminense\/\"},\"wordCount\":441,\"publisher\":{\"@id\":\"https:\/\/footdavant.fr\/actualites\/#organization\"},\"keywords\":[\"Actualit\u00e9s\",\"Blessure\",\"City\",\"contre\",\"Fluminense\",\"l\u00e9quipe\",\"liste\",\"Manchester\",\"suspension\"],\"articleSection\":[\"Premier League\"],\"inLanguage\":\"fr-FR\"},{\"@type\":\"WebPage\",\"@id\":\"https:\/\/footdavant.fr\/actualites\/actualites-de-lequipe-de-manchester-city-blessure-liste-de-suspension-contre-fluminense\/\",\"url\":\"https:\/\/footdavant.fr\/actualites\/actualites-de-lequipe-de-manchester-city-blessure-liste-de-suspension-contre-fluminense\/\",\"name\":\"Actualit\u00e9s de l'\u00e9quipe de Manchester City : Blessure, liste de suspension contre Fluminense\",\"isPartOf\":{\"@id\":\"https:\/\/footdavant.fr\/actualites\/#website\"},\"datePublished\":\"2023-12-23T21:49:10+00:00\",\"dateModified\":\"2023-12-23T21:49:11+00:00\",\"breadcrumb\":{\"@id\":\"https:\/\/footdavant.fr\/actualites\/actualites-de-lequipe-de-manchester-city-blessure-liste-de-suspension-contre-fluminense\/#breadcrumb\"},\"inLanguage\":\"fr-FR\",\"potentialAction\":[{\"@type\":\"ReadAction\",\"target\":[\"https:\/\/footdavant.fr\/actualites\/actualites-de-lequipe-de-manchester-city-blessure-liste-de-suspension-contre-fluminense\/\"]}]},{\"@type\":\"BreadcrumbList\",\"@id\":\"https:\/\/footdavant.fr\/actualites\/actualites-de-lequipe-de-manchester-city-blessure-liste-de-suspension-contre-fluminense\/#breadcrumb\",\"itemListElement\":[{\"@type\":\"ListItem\",\"position\":1,\"name\":\"Accueil\",\"item\":\"https:\/\/footdavant.fr\/actualites\/\"},{\"@type\":\"ListItem\",\"position\":2,\"name\":\"Actualit\u00e9s de l&rsquo;\u00e9quipe de Manchester City : Blessure, liste de suspension contre Fluminense\"}]},{\"@type\":\"WebSite\",\"@id\":\"https:\/\/footdavant.fr\/actualites\/#website\",\"url\":\"https:\/\/footdavant.fr\/actualites\/\",\"name\":\"Foot d'avant\",\"description\":\"\",\"publisher\":{\"@id\":\"https:\/\/footdavant.fr\/actualites\/#organization\"},\"potentialAction\":[{\"@type\":\"SearchAction\",\"target\":{\"@type\":\"EntryPoint\",\"urlTemplate\":\"https:\/\/footdavant.fr\/actualites\/?s={search_term_string}\"},\"query-input\":\"required name=search_term_string\"}],\"inLanguage\":\"fr-FR\"},{\"@type\":\"Organization\",\"@id\":\"https:\/\/footdavant.fr\/actualites\/#organization\",\"name\":\"Foot d'avant\",\"url\":\"https:\/\/footdavant.fr\/actualites\/\",\"logo\":{\"@type\":\"ImageObject\",\"inLanguage\":\"fr-FR\",\"@id\":\"https:\/\/footdavant.fr\/actualites\/#\/schema\/logo\/image\/\",\"url\":\"https:\/\/footdavant.fr\/actualites\/wp-content\/uploads\/2023\/09\/Copy-of-FootDavant-Logo.png\",\"contentUrl\":\"https:\/\/footdavant.fr\/actualites\/wp-content\/uploads\/2023\/09\/Copy-of-FootDavant-Logo.png\",\"width\":936,\"height\":549,\"caption\":\"Foot d'avant\"},\"image\":{\"@id\":\"https:\/\/footdavant.fr\/actualites\/#\/schema\/logo\/image\/\"},\"sameAs\":[\"https:\/\/www.facebook.com\/Footdavant\/\",\"https:\/\/twitter.com\/FootdavantFr\",\"https:\/\/www.instagram.com\/footdavant.fr\/\"]},{\"@type\":\"Person\",\"@id\":\"https:\/\/footdavant.fr\/actualites\/#\/schema\/person\/bc222566d95871b37e597b3ed3ba5e1d\",\"name\":\"Cl\u00e9ment\",\"image\":{\"@type\":\"ImageObject\",\"inLanguage\":\"fr-FR\",\"@id\":\"https:\/\/footdavant.fr\/actualites\/#\/schema\/person\/image\/\",\"url\":\"https:\/\/secure.gravatar.com\/avatar\/7728b29aac2719421e1a9159b2254c44?s=96&d=mm&r=g\",\"contentUrl\":\"https:\/\/secure.gravatar.com\/avatar\/7728b29aac2719421e1a9159b2254c44?s=96&d=mm&r=g\",\"caption\":\"Cl\u00e9ment\"},\"sameAs\":[\"https:\/\/footdavant.fr\/\"]}]}<\/script>\n<!-- \/ Yoast SEO plugin. -->","yoast_head_json":{"title":"Actualit\u00e9s de l'\u00e9quipe de Manchester City : Blessure, liste de suspension contre Fluminense","robots":{"index":"index","follow":"follow","max-snippet":"max-snippet:-1","max-image-preview":"max-image-preview:large","max-video-preview":"max-video-preview:-1"},"canonical":"https:\/\/footdavant.fr\/actualites\/actualites-de-lequipe-de-manchester-city-blessure-liste-de-suspension-contre-fluminense\/","og_locale":"fr_FR","og_type":"article","og_title":"Actualit\u00e9s de l'\u00e9quipe de Manchester City : Blessure, liste de suspension contre Fluminense","og_description":"Sports Mole fait le point sur les blessures et les suspensions de Manchester City avant la finale de la Coupe du Monde des Clubs de","og_url":"https:\/\/footdavant.fr\/actualites\/actualites-de-lequipe-de-manchester-city-blessure-liste-de-suspension-contre-fluminense\/","og_site_name":"Foot d&#039;avant","article_publisher":"https:\/\/www.facebook.com\/Footdavant\/","article_published_time":"2023-12-23T21:49:10+00:00","article_modified_time":"2023-12-23T21:49:11+00:00","og_image":[{"width":640,"height":480,"url":"https:\/\/footdavant.fr\/actualites\/wp-content\/uploads\/2023\/12\/1703368151_Actualites-de-lequipe-de-Manchester-City-Blessure-liste-de.jpg","type":"image\/jpeg"}],"author":"Cl\u00e9ment","twitter_card":"summary_large_image","twitter_creator":"@FootdavantFr","twitter_site":"@FootdavantFr","twitter_misc":{"\u00c9crit par":"Cl\u00e9ment","Dur\u00e9e de lecture estim\u00e9e":"2 minutes"},"schema":{"@context":"https:\/\/schema.org","@graph":[{"@type":"Article","@id":"https:\/\/footdavant.fr\/actualites\/actualites-de-lequipe-de-manchester-city-blessure-liste-de-suspension-contre-fluminense\/#article","isPartOf":{"@id":"https:\/\/footdavant.fr\/actualites\/actualites-de-lequipe-de-manchester-city-blessure-liste-de-suspension-contre-fluminense\/"},"author":{"name":"Cl\u00e9ment","@id":"https:\/\/footdavant.fr\/actualites\/#\/schema\/person\/bc222566d95871b37e597b3ed3ba5e1d"},"headline":"Actualit\u00e9s de l&rsquo;\u00e9quipe de Manchester City : Blessure, liste de suspension contre Fluminense","datePublished":"2023-12-23T21:49:10+00:00","dateModified":"2023-12-23T21:49:11+00:00","mainEntityOfPage":{"@id":"https:\/\/footdavant.fr\/actualites\/actualites-de-lequipe-de-manchester-city-blessure-liste-de-suspension-contre-fluminense\/"},"wordCount":441,"publisher":{"@id":"https:\/\/footdavant.fr\/actualites\/#organization"},"keywords":["Actualit\u00e9s","Blessure","City","contre","Fluminense","l\u00e9quipe","liste","Manchester","suspension"],"articleSection":["Premier League"],"inLanguage":"fr-FR"},{"@type":"WebPage","@id":"https:\/\/footdavant.fr\/actualites\/actualites-de-lequipe-de-manchester-city-blessure-liste-de-suspension-contre-fluminense\/","url":"https:\/\/footdavant.fr\/actualites\/actualites-de-lequipe-de-manchester-city-blessure-liste-de-suspension-contre-fluminense\/","name":"Actualit\u00e9s de l'\u00e9quipe de Manchester City : Blessure, liste de suspension contre Fluminense","isPartOf":{"@id":"https:\/\/footdavant.fr\/actualites\/#website"},"datePublished":"2023-12-23T21:49:10+00:00","dateModified":"2023-12-23T21:49:11+00:00","breadcrumb":{"@id":"https:\/\/footdavant.fr\/actualites\/actualites-de-lequipe-de-manchester-city-blessure-liste-de-suspension-contre-fluminense\/#breadcrumb"},"inLanguage":"fr-FR","potentialAction":[{"@type":"ReadAction","target":["https:\/\/footdavant.fr\/actualites\/actualites-de-lequipe-de-manchester-city-blessure-liste-de-suspension-contre-fluminense\/"]}]},{"@type":"BreadcrumbList","@id":"https:\/\/footdavant.fr\/actualites\/actualites-de-lequipe-de-manchester-city-blessure-liste-de-suspension-contre-fluminense\/#breadcrumb","itemListElement":[{"@type":"ListItem","position":1,"name":"Accueil","item":"https:\/\/footdavant.fr\/actualites\/"},{"@type":"ListItem","position":2,"name":"Actualit\u00e9s de l&rsquo;\u00e9quipe de Manchester City : Blessure, liste de suspension contre Fluminense"}]},{"@type":"WebSite","@id":"https:\/\/footdavant.fr\/actualites\/#website","url":"https:\/\/footdavant.fr\/actualites\/","name":"Foot d'avant","description":"","publisher":{"@id":"https:\/\/footdavant.fr\/actualites\/#organization"},"potentialAction":[{"@type":"SearchAction","target":{"@type":"EntryPoint","urlTemplate":"https:\/\/footdavant.fr\/actualites\/?s={search_term_string}"},"query-input":"required name=search_term_string"}],"inLanguage":"fr-FR"},{"@type":"Organization","@id":"https:\/\/footdavant.fr\/actualites\/#organization","name":"Foot d'avant","url":"https:\/\/footdavant.fr\/actualites\/","logo":{"@type":"ImageObject","inLanguage":"fr-FR","@id":"https:\/\/footdavant.fr\/actualites\/#\/schema\/logo\/image\/","url":"https:\/\/footdavant.fr\/actualites\/wp-content\/uploads\/2023\/09\/Copy-of-FootDavant-Logo.png","contentUrl":"https:\/\/footdavant.fr\/actualites\/wp-content\/uploads\/2023\/09\/Copy-of-FootDavant-Logo.png","width":936,"height":549,"caption":"Foot d'avant"},"image":{"@id":"https:\/\/footdavant.fr\/actualites\/#\/schema\/logo\/image\/"},"sameAs":["https:\/\/www.facebook.com\/Footdavant\/","https:\/\/twitter.com\/FootdavantFr","https:\/\/www.instagram.com\/footdavant.fr\/"]},{"@type":"Person","@id":"https:\/\/footdavant.fr\/actualites\/#\/schema\/person\/bc222566d95871b37e597b3ed3ba5e1d","name":"Cl\u00e9ment","image":{"@type":"ImageObject","inLanguage":"fr-FR","@id":"https:\/\/footdavant.fr\/actualites\/#\/schema\/person\/image\/","url":"https:\/\/secure.gravatar.com\/avatar\/7728b29aac2719421e1a9159b2254c44?s=96&d=mm&r=g","contentUrl":"https:\/\/secure.gravatar.com\/avatar\/7728b29aac2719421e1a9159b2254c44?s=96&d=mm&r=g","caption":"Cl\u00e9ment"},"sameAs":["https:\/\/footdavant.fr\/"]}]}},"_links":{"self":[{"href":"https:\/\/footdavant.fr\/actualites\/wp-json\/wp\/v2\/posts\/2938"}],"collection":[{"href":"https:\/\/footdavant.fr\/actualites\/wp-json\/wp\/v2\/posts"}],"about":[{"href":"https:\/\/footdavant.fr\/actualites\/wp-json\/wp\/v2\/types\/post"}],"author":[{"embeddable":true,"href":"https:\/\/footdavant.fr\/actualites\/wp-json\/wp\/v2\/users\/1"}],"replies":[{"embeddable":true,"href":"https:\/\/footdavant.fr\/actualites\/wp-json\/wp\/v2\/comments?post=2938"}],"version-history":[{"count":1,"href":"https:\/\/footdavant.fr\/actualites\/wp-json\/wp\/v2\/posts\/2938\/revisions"}],"predecessor-version":[{"id":2940,"href":"https:\/\/footdavant.fr\/actualites\/wp-json\/wp\/v2\/posts\/2938\/revisions\/2940"}],"wp:featuredmedia":[{"embeddable":true,"href":"https:\/\/footdavant.fr\/actualites\/wp-json\/wp\/v2\/media\/2939"}],"wp:attachment":[{"href":"https:\/\/footdavant.fr\/actualites\/wp-json\/wp\/v2\/media?parent=2938"}],"wp:term":[{"taxonomy":"category","embeddable":true,"href":"https:\/\/footdavant.fr\/actualites\/wp-json\/wp\/v2\/categories?post=2938"},{"taxonomy":"post_tag","embeddable":true,"href":"https:\/\/footdavant.fr\/actualites\/wp-json\/wp\/v2\/tags?post=2938"}],"curies":[{"name":"wp","href":"https:\/\/api.w.org\/{rel}","templated":true}]}}