{"id":2943,"date":"2023-12-24T02:04:57","date_gmt":"2023-12-24T01:04:57","guid":{"rendered":"https:\/\/footdavant.fr\/actualites\/actualites-de-lequipe-tottenham-hotspur-blessure-liste-de-suspension-contre-everton\/"},"modified":"2023-12-24T02:04:58","modified_gmt":"2023-12-24T01:04:58","slug":"actualites-de-lequipe-tottenham-hotspur-blessure-liste-de-suspension-contre-everton","status":"publish","type":"post","link":"https:\/\/footdavant.fr\/actualites\/actualites-de-lequipe-tottenham-hotspur-blessure-liste-de-suspension-contre-everton\/","title":{"rendered":"Actualit\u00e9s de l\u2019\u00e9quipe Tottenham Hotspur : Blessure, liste de suspension contre Everton"},"content":{"rendered":"<p>Sports Mole fait le point sur les blessures et les suspensions de Tottenham Hotspur avant leur affrontement en Premier League avec Everton.<\/p>\n<div id=\"article_body\" itemprop=\"articleBody\">\n<p class=\"firstPara\"><strong class=\"autotag\">Tottenham Hotspur<\/strong> visera \u00e0 remporter trois victoires cons\u00e9cutives en Premier League lorsqu&rsquo;ils accueilleront <strong class=\"autotag\">Everton<\/strong> samedi apr\u00e8s-midi.<\/p>\n<p>Les Spurs ont battu Newcastle United et Nottingham Forest lors de leurs deux derniers matches de championnat, avec un total de 33 points en 17 matches, ce qui les place en cinqui\u00e8me position du classement.<\/p>\n<p><strong class=\"autotag\">Ange Postecoglou<\/strong>L&rsquo;\u00e9quipe de Manchester City n&rsquo;est qu&rsquo;\u00e0 un point du quatri\u00e8me, tandis qu&rsquo;elle a quatre points d&rsquo;avance sur Newcastle United, sixi\u00e8me.<\/p>\n<p>Ici, <strong>Taupe de sport<\/strong> fait le point sur ses derni\u00e8res nouvelles en mati\u00e8re de blessures et de suspensions avant la comp\u00e9tition avec Everton, qui a remport\u00e9 chacun de ses quatre derniers matches de championnat au cours d&rsquo;un excellent parcours.<\/p>\n<hr>\n<p class=\"imgI\">\n<p><strong>Statut:<\/strong> Dehors<br \/><strong>Type de blessure :<\/strong> Cheville<br \/><strong>Date de retour possible :<\/strong> Inconnu<\/p>\n<p>Bentancur s&rsquo;est bless\u00e9 \u00e0 la cheville lors de la d\u00e9faite contre Aston Villa \u00e0 la fin du mois dernier et le milieu de terrain devrait \u00eatre absent jusqu&rsquo;au d\u00e9but du mois de f\u00e9vrier.<\/p>\n<hr>\n<p class=\"imgI\"><img decoding=\"async\" loading=\"lazy\" class=\"l\" src=\"https:\/\/footdavant.fr\/actualites\/wp-content\/uploads\/2023\/12\/Actualites-de-lequipe-Tottenham-Hotspur-Blessure-liste-de-suspension.JPG\" title=\"Micky van de Ven de Tottenham Hotspur tombe bless\u00e9 le 6 novembre 2023\" alt=\"Micky van de Ven de Tottenham Hotspur tombe bless\u00e9 le 6 novembre 2023\" width=\"640\" height=\"480\"><\/p>\n<p><strong>Statut:<\/strong> Dehors<br \/><strong>Type de blessure :<\/strong> Tendon<br \/><strong>Date de retour possible :<\/strong> Inconnu<\/p>\n<p>Van de Ven est absent en raison d&rsquo;une blessure aux ischio-jambiers depuis d\u00e9but novembre, et il est peu probable que l&rsquo;arriv\u00e9e estivale soit disponible pour la s\u00e9lection avant la fin janvier.<\/p>\n<hr>\n<p class=\"imgI\"><img decoding=\"async\" loading=\"lazy\" class=\"l\" src=\"https:\/\/footdavant.fr\/actualites\/wp-content\/uploads\/2023\/12\/1703379895_151_Actualites-de-lequipe-Tottenham-Hotspur-Blessure-liste-de-suspension.jpg\" title=\"James Maddison de Tottenham Hotspur tombe bless\u00e9 le 6 novembre 2023\" alt=\"James Maddison de Tottenham Hotspur tombe bless\u00e9 le 6 novembre 2023\" width=\"640\" height=\"480\"><\/p>\n<p><strong>Statut:<\/strong> Dehors<br \/><strong>Type de blessure :<\/strong> Cheville<br \/><strong>Date de retour possible :<\/strong> Inconnu<\/p>\n<p>Maddison reste sur la touche avec un probl\u00e8me \u00e0 la cheville, et il est peu probable que l&rsquo;attaquant soit disponible pour la s\u00e9lection avant environ un mois.<\/p>\n<hr>\n<p class=\"imgI\"><img decoding=\"async\" loading=\"lazy\" class=\"l\" src=\"https:\/\/footdavant.fr\/actualites\/wp-content\/uploads\/2023\/12\/1703379896_881_Actualites-de-lequipe-Tottenham-Hotspur-Blessure-liste-de-suspension.jpg\" title=\"Ivan Perisic en action pour Tottenham Hotspur en septembre 2023\" alt=\"Ivan Perisic en action pour Tottenham Hotspur en septembre 2023\" width=\"640\" height=\"480\"><\/p>\n<p><strong>Statut:<\/strong> Dehors<br \/><strong>Type de blessure :<\/strong> Genou<br \/><strong>Date de retour possible :<\/strong> Inconnu<\/p>\n<p>Perisic a subi une intervention chirurgicale pour une blessure au LCA en septembre et le Croate fait d\u00e9sormais face \u00e0 une bataille majeure pour \u00eatre disponible pour la s\u00e9lection avant la fin de la campagne.<\/p>\n<hr>\n<p class=\"imgI\"><img decoding=\"async\" loading=\"lazy\" class=\"l\" src=\"https:\/\/footdavant.fr\/actualites\/wp-content\/uploads\/2023\/12\/Actualites-de-lequipe-Tottenham-Hotspur-Blessure-liste-de-suspension.jpeg\" title=\"Ryan Sessegnon c\u00e9l\u00e8bre le but de Tottenham Hotspur le 6 ao\u00fbt 2022\" alt=\"Ryan Sessegnon c\u00e9l\u00e8bre le but de Tottenham Hotspur le 6 ao\u00fbt 2022\" width=\"640\" height=\"480\"><\/p>\n<p><strong>Statut:<\/strong> Dehors<br \/><strong>Type de blessure :<\/strong> Tendon<br \/><strong>Date de retour possible :<\/strong> Inconnu<\/p>\n<p>Sessegnon n&rsquo;a pas encore jou\u00e9 cette saison en raison d&rsquo;un probl\u00e8me aux ischio-jambiers, et rien n&rsquo;indique actuellement quand il pourrait \u00eatre disponible pour la s\u00e9lection.<\/p>\n<hr>\n<p class=\"imgI\"><img decoding=\"async\" loading=\"lazy\" class=\"l\" src=\"https:\/\/footdavant.fr\/actualites\/wp-content\/uploads\/2023\/12\/1703379896_884_Actualites-de-lequipe-Tottenham-Hotspur-Blessure-liste-de-suspension.jpg\" title=\"Manor Solomon en action pour Tottenham Hotspur en septembre 2023\" alt=\"Manor Solomon en action pour Tottenham Hotspur en septembre 2023\" width=\"640\" height=\"480\"><\/p>\n<p><strong>Statut:<\/strong> Dehors<br \/><strong>Type de blessure :<\/strong> Genou<br \/><strong>Date de retour possible :<\/strong> Inconnu<\/p>\n<p>Salomon est absent depuis octobre en raison d&rsquo;une blessure au genou contract\u00e9e \u00e0 l&rsquo;entra\u00eenement, et l&rsquo;attaquant devra se battre pour revenir avant la fin du mois prochain.<\/p>\n<hr>\n<p class=\"imgI\"><img decoding=\"async\" loading=\"lazy\" class=\"l\" src=\"https:\/\/footdavant.fr\/actualites\/wp-content\/uploads\/2023\/12\/1703379896_658_Actualites-de-lequipe-Tottenham-Hotspur-Blessure-liste-de-suspension.jpg\" title=\"Alfie Whiteman de Tottenham Hotspur photographi\u00e9 en 2019\" alt=\"Alfie Whiteman de Tottenham Hotspur photographi\u00e9 en 2019\" width=\"640\" height=\"480\"><\/p>\n<p><strong>Statut:<\/strong> Dehors<br \/><strong>Type de blessure :<\/strong> Cheville<br \/><strong>Date de retour possible :<\/strong> Inconnu<\/p>\n<p>Whiteman est confront\u00e9 \u00e0 une longue p\u00e9riode d&rsquo;absence en raison d&rsquo;une grave blessure \u00e0 la cheville, le gardien de but se battant pour revenir avant la fin de la campagne.<\/p>\n<hr>\n<p><strong><\/p>\n<h2>LISTE DES SUSPENSIONS DE TOTTENHAM HOTSPUR<\/h2>\n<p><\/strong><\/p>\n<p class=\"imgI\"><img decoding=\"async\" loading=\"lazy\" class=\"l\" src=\"https:\/\/footdavant.fr\/actualites\/wp-content\/uploads\/2023\/12\/1703379897_808_Actualites-de-lequipe-Tottenham-Hotspur-Blessure-liste-de-suspension.jpg\" title=\"Yves Bissouma de Tottenham Hotspur re\u00e7oit un carton rouge par l'arbitre Jarred Gillett le 15 d\u00e9cembre 2023\" alt=\"Yves Bissouma de Tottenham Hotspur re\u00e7oit un carton rouge par l'arbitre Jarred Gillett le 15 d\u00e9cembre 2023\" width=\"640\" height=\"480\"><\/p>\n<p><strong>Statut:<\/strong> Dehors<br \/><strong>Date de retour possible :<\/strong> 14 janvier (contre Manchester United)<\/p>\n<p>Bissouma purgera une suspension de quatre matchs en raison du carton rouge qui lui a \u00e9t\u00e9 inflig\u00e9 contre Forest, ce qui signifie qu&rsquo;il ne sera de retour que le 14 janvier au plus t\u00f4t, mais le milieu de terrain sera probablement absent plus longtemps que cela, car il est devrait repr\u00e9senter le Mali \u00e0 la Coupe d&rsquo;Afrique des Nations.<\/p>\n<hr>\n<p class=\"imgI\"><img decoding=\"async\" loading=\"lazy\" class=\"l\" src=\"https:\/\/footdavant.fr\/actualites\/wp-content\/uploads\/2023\/12\/1703379897_889_Actualites-de-lequipe-Tottenham-Hotspur-Blessure-liste-de-suspension.jpg\" title=\"Destiny Udogie de Tottenham Hotspur c\u00e9l\u00e8bre son premier but avec Dejan Kulusevski le 10 d\u00e9cembre 2023\" alt=\"Destiny Udogie de Tottenham Hotspur c\u00e9l\u00e8bre son premier but avec Dejan Kulusevski le 10 d\u00e9cembre 2023\" width=\"640\" height=\"480\"><\/p>\n<p><strong>Statut:<\/strong> Dehors<br \/><strong>Date de retour possible :<\/strong> 28 d\u00e9cembre (contre Brighton &#038; Hove Albion)<\/p>\n<p>Les Spurs manqueront Udogie pour leur affrontement avec Everton, car le d\u00e9fenseur a re\u00e7u un carton jaune historique lors du succ\u00e8s de deux buts contre Forest la derni\u00e8re fois.<\/p>\n<hr>\n<\/div>\n","protected":false},"excerpt":{"rendered":"<p>Sports Mole fait le point sur les blessures et les suspensions de Tottenham Hotspur avant leur affrontement en Premier League avec Everton. Tottenham Hotspur visera<\/p>\n","protected":false},"author":1,"featured_media":2944,"comment_status":"closed","ping_status":"","sticky":false,"template":"","format":"standard","meta":{"footnotes":""},"categories":[5],"tags":[7,15,20,310,69,9,17,18,68],"yoast_head":"<!-- This site is optimized with the Yoast SEO plugin v21.0 - https:\/\/yoast.com\/wordpress\/plugins\/seo\/ -->\n<title>Actualit\u00e9s de l\u2019\u00e9quipe Tottenham Hotspur : Blessure, liste de suspension contre Everton<\/title>\n<meta name=\"robots\" content=\"index, follow, max-snippet:-1, max-image-preview:large, max-video-preview:-1\" \/>\n<link rel=\"canonical\" href=\"https:\/\/footdavant.fr\/actualites\/actualites-de-lequipe-tottenham-hotspur-blessure-liste-de-suspension-contre-everton\/\" \/>\n<meta property=\"og:locale\" content=\"fr_FR\" \/>\n<meta property=\"og:type\" content=\"article\" \/>\n<meta property=\"og:title\" content=\"Actualit\u00e9s de l\u2019\u00e9quipe Tottenham Hotspur : Blessure, liste de suspension contre Everton\" \/>\n<meta property=\"og:description\" content=\"Sports Mole fait le point sur les blessures et les suspensions de Tottenham Hotspur avant leur affrontement en Premier League avec Everton. Tottenham Hotspur visera\" \/>\n<meta property=\"og:url\" content=\"https:\/\/footdavant.fr\/actualites\/actualites-de-lequipe-tottenham-hotspur-blessure-liste-de-suspension-contre-everton\/\" \/>\n<meta property=\"og:site_name\" content=\"Foot d&#039;avant\" \/>\n<meta property=\"article:publisher\" content=\"https:\/\/www.facebook.com\/Footdavant\/\" \/>\n<meta property=\"article:published_time\" content=\"2023-12-24T01:04:57+00:00\" \/>\n<meta property=\"article:modified_time\" content=\"2023-12-24T01:04:58+00:00\" \/>\n<meta property=\"og:image\" content=\"https:\/\/footdavant.fr\/actualites\/wp-content\/uploads\/2023\/12\/Actualites-de-lequipe-Tottenham-Hotspur-Blessure-liste-de-suspension.jpg\" \/>\n\t<meta property=\"og:image:width\" content=\"640\" \/>\n\t<meta property=\"og:image:height\" content=\"480\" \/>\n\t<meta property=\"og:image:type\" content=\"image\/jpeg\" \/>\n<meta name=\"author\" content=\"Cl\u00e9ment\" \/>\n<meta name=\"twitter:card\" content=\"summary_large_image\" \/>\n<meta name=\"twitter:creator\" content=\"@FootdavantFr\" \/>\n<meta name=\"twitter:site\" content=\"@FootdavantFr\" \/>\n<meta name=\"twitter:label1\" content=\"\u00c9crit par\" \/>\n\t<meta name=\"twitter:data1\" content=\"Cl\u00e9ment\" \/>\n\t<meta name=\"twitter:label2\" content=\"Dur\u00e9e de lecture estim\u00e9e\" \/>\n\t<meta name=\"twitter:data2\" content=\"3 minutes\" \/>\n<script type=\"application\/ld+json\" class=\"yoast-schema-graph\">{\"@context\":\"https:\/\/schema.org\",\"@graph\":[{\"@type\":\"Article\",\"@id\":\"https:\/\/footdavant.fr\/actualites\/actualites-de-lequipe-tottenham-hotspur-blessure-liste-de-suspension-contre-everton\/#article\",\"isPartOf\":{\"@id\":\"https:\/\/footdavant.fr\/actualites\/actualites-de-lequipe-tottenham-hotspur-blessure-liste-de-suspension-contre-everton\/\"},\"author\":{\"name\":\"Cl\u00e9ment\",\"@id\":\"https:\/\/footdavant.fr\/actualites\/#\/schema\/person\/bc222566d95871b37e597b3ed3ba5e1d\"},\"headline\":\"Actualit\u00e9s de l\u2019\u00e9quipe Tottenham Hotspur : Blessure, liste de suspension contre Everton\",\"datePublished\":\"2023-12-24T01:04:57+00:00\",\"dateModified\":\"2023-12-24T01:04:58+00:00\",\"mainEntityOfPage\":{\"@id\":\"https:\/\/footdavant.fr\/actualites\/actualites-de-lequipe-tottenham-hotspur-blessure-liste-de-suspension-contre-everton\/\"},\"wordCount\":565,\"publisher\":{\"@id\":\"https:\/\/footdavant.fr\/actualites\/#organization\"},\"keywords\":[\"Actualit\u00e9s\",\"Blessure\",\"contre\",\"Everton\",\"Hotspur\",\"l\u00e9quipe\",\"liste\",\"suspension\",\"Tottenham\"],\"articleSection\":[\"Premier League\"],\"inLanguage\":\"fr-FR\"},{\"@type\":\"WebPage\",\"@id\":\"https:\/\/footdavant.fr\/actualites\/actualites-de-lequipe-tottenham-hotspur-blessure-liste-de-suspension-contre-everton\/\",\"url\":\"https:\/\/footdavant.fr\/actualites\/actualites-de-lequipe-tottenham-hotspur-blessure-liste-de-suspension-contre-everton\/\",\"name\":\"Actualit\u00e9s de l\u2019\u00e9quipe Tottenham Hotspur : Blessure, liste de suspension contre Everton\",\"isPartOf\":{\"@id\":\"https:\/\/footdavant.fr\/actualites\/#website\"},\"datePublished\":\"2023-12-24T01:04:57+00:00\",\"dateModified\":\"2023-12-24T01:04:58+00:00\",\"breadcrumb\":{\"@id\":\"https:\/\/footdavant.fr\/actualites\/actualites-de-lequipe-tottenham-hotspur-blessure-liste-de-suspension-contre-everton\/#breadcrumb\"},\"inLanguage\":\"fr-FR\",\"potentialAction\":[{\"@type\":\"ReadAction\",\"target\":[\"https:\/\/footdavant.fr\/actualites\/actualites-de-lequipe-tottenham-hotspur-blessure-liste-de-suspension-contre-everton\/\"]}]},{\"@type\":\"BreadcrumbList\",\"@id\":\"https:\/\/footdavant.fr\/actualites\/actualites-de-lequipe-tottenham-hotspur-blessure-liste-de-suspension-contre-everton\/#breadcrumb\",\"itemListElement\":[{\"@type\":\"ListItem\",\"position\":1,\"name\":\"Accueil\",\"item\":\"https:\/\/footdavant.fr\/actualites\/\"},{\"@type\":\"ListItem\",\"position\":2,\"name\":\"Actualit\u00e9s de l\u2019\u00e9quipe Tottenham Hotspur : Blessure, liste de suspension contre Everton\"}]},{\"@type\":\"WebSite\",\"@id\":\"https:\/\/footdavant.fr\/actualites\/#website\",\"url\":\"https:\/\/footdavant.fr\/actualites\/\",\"name\":\"Foot d'avant\",\"description\":\"\",\"publisher\":{\"@id\":\"https:\/\/footdavant.fr\/actualites\/#organization\"},\"potentialAction\":[{\"@type\":\"SearchAction\",\"target\":{\"@type\":\"EntryPoint\",\"urlTemplate\":\"https:\/\/footdavant.fr\/actualites\/?s={search_term_string}\"},\"query-input\":\"required name=search_term_string\"}],\"inLanguage\":\"fr-FR\"},{\"@type\":\"Organization\",\"@id\":\"https:\/\/footdavant.fr\/actualites\/#organization\",\"name\":\"Foot d'avant\",\"url\":\"https:\/\/footdavant.fr\/actualites\/\",\"logo\":{\"@type\":\"ImageObject\",\"inLanguage\":\"fr-FR\",\"@id\":\"https:\/\/footdavant.fr\/actualites\/#\/schema\/logo\/image\/\",\"url\":\"https:\/\/footdavant.fr\/actualites\/wp-content\/uploads\/2023\/09\/Copy-of-FootDavant-Logo.png\",\"contentUrl\":\"https:\/\/footdavant.fr\/actualites\/wp-content\/uploads\/2023\/09\/Copy-of-FootDavant-Logo.png\",\"width\":936,\"height\":549,\"caption\":\"Foot d'avant\"},\"image\":{\"@id\":\"https:\/\/footdavant.fr\/actualites\/#\/schema\/logo\/image\/\"},\"sameAs\":[\"https:\/\/www.facebook.com\/Footdavant\/\",\"https:\/\/twitter.com\/FootdavantFr\",\"https:\/\/www.instagram.com\/footdavant.fr\/\"]},{\"@type\":\"Person\",\"@id\":\"https:\/\/footdavant.fr\/actualites\/#\/schema\/person\/bc222566d95871b37e597b3ed3ba5e1d\",\"name\":\"Cl\u00e9ment\",\"image\":{\"@type\":\"ImageObject\",\"inLanguage\":\"fr-FR\",\"@id\":\"https:\/\/footdavant.fr\/actualites\/#\/schema\/person\/image\/\",\"url\":\"https:\/\/secure.gravatar.com\/avatar\/7728b29aac2719421e1a9159b2254c44?s=96&d=mm&r=g\",\"contentUrl\":\"https:\/\/secure.gravatar.com\/avatar\/7728b29aac2719421e1a9159b2254c44?s=96&d=mm&r=g\",\"caption\":\"Cl\u00e9ment\"},\"sameAs\":[\"https:\/\/footdavant.fr\/\"]}]}<\/script>\n<!-- \/ Yoast SEO plugin. -->","yoast_head_json":{"title":"Actualit\u00e9s de l\u2019\u00e9quipe Tottenham Hotspur : Blessure, liste de suspension contre Everton","robots":{"index":"index","follow":"follow","max-snippet":"max-snippet:-1","max-image-preview":"max-image-preview:large","max-video-preview":"max-video-preview:-1"},"canonical":"https:\/\/footdavant.fr\/actualites\/actualites-de-lequipe-tottenham-hotspur-blessure-liste-de-suspension-contre-everton\/","og_locale":"fr_FR","og_type":"article","og_title":"Actualit\u00e9s de l\u2019\u00e9quipe Tottenham Hotspur : Blessure, liste de suspension contre Everton","og_description":"Sports Mole fait le point sur les blessures et les suspensions de Tottenham Hotspur avant leur affrontement en Premier League avec Everton. Tottenham Hotspur visera","og_url":"https:\/\/footdavant.fr\/actualites\/actualites-de-lequipe-tottenham-hotspur-blessure-liste-de-suspension-contre-everton\/","og_site_name":"Foot d&#039;avant","article_publisher":"https:\/\/www.facebook.com\/Footdavant\/","article_published_time":"2023-12-24T01:04:57+00:00","article_modified_time":"2023-12-24T01:04:58+00:00","og_image":[{"width":640,"height":480,"url":"https:\/\/footdavant.fr\/actualites\/wp-content\/uploads\/2023\/12\/Actualites-de-lequipe-Tottenham-Hotspur-Blessure-liste-de-suspension.jpg","type":"image\/jpeg"}],"author":"Cl\u00e9ment","twitter_card":"summary_large_image","twitter_creator":"@FootdavantFr","twitter_site":"@FootdavantFr","twitter_misc":{"\u00c9crit par":"Cl\u00e9ment","Dur\u00e9e de lecture estim\u00e9e":"3 minutes"},"schema":{"@context":"https:\/\/schema.org","@graph":[{"@type":"Article","@id":"https:\/\/footdavant.fr\/actualites\/actualites-de-lequipe-tottenham-hotspur-blessure-liste-de-suspension-contre-everton\/#article","isPartOf":{"@id":"https:\/\/footdavant.fr\/actualites\/actualites-de-lequipe-tottenham-hotspur-blessure-liste-de-suspension-contre-everton\/"},"author":{"name":"Cl\u00e9ment","@id":"https:\/\/footdavant.fr\/actualites\/#\/schema\/person\/bc222566d95871b37e597b3ed3ba5e1d"},"headline":"Actualit\u00e9s de l\u2019\u00e9quipe Tottenham Hotspur : Blessure, liste de suspension contre Everton","datePublished":"2023-12-24T01:04:57+00:00","dateModified":"2023-12-24T01:04:58+00:00","mainEntityOfPage":{"@id":"https:\/\/footdavant.fr\/actualites\/actualites-de-lequipe-tottenham-hotspur-blessure-liste-de-suspension-contre-everton\/"},"wordCount":565,"publisher":{"@id":"https:\/\/footdavant.fr\/actualites\/#organization"},"keywords":["Actualit\u00e9s","Blessure","contre","Everton","Hotspur","l\u00e9quipe","liste","suspension","Tottenham"],"articleSection":["Premier League"],"inLanguage":"fr-FR"},{"@type":"WebPage","@id":"https:\/\/footdavant.fr\/actualites\/actualites-de-lequipe-tottenham-hotspur-blessure-liste-de-suspension-contre-everton\/","url":"https:\/\/footdavant.fr\/actualites\/actualites-de-lequipe-tottenham-hotspur-blessure-liste-de-suspension-contre-everton\/","name":"Actualit\u00e9s de l\u2019\u00e9quipe Tottenham Hotspur : Blessure, liste de suspension contre Everton","isPartOf":{"@id":"https:\/\/footdavant.fr\/actualites\/#website"},"datePublished":"2023-12-24T01:04:57+00:00","dateModified":"2023-12-24T01:04:58+00:00","breadcrumb":{"@id":"https:\/\/footdavant.fr\/actualites\/actualites-de-lequipe-tottenham-hotspur-blessure-liste-de-suspension-contre-everton\/#breadcrumb"},"inLanguage":"fr-FR","potentialAction":[{"@type":"ReadAction","target":["https:\/\/footdavant.fr\/actualites\/actualites-de-lequipe-tottenham-hotspur-blessure-liste-de-suspension-contre-everton\/"]}]},{"@type":"BreadcrumbList","@id":"https:\/\/footdavant.fr\/actualites\/actualites-de-lequipe-tottenham-hotspur-blessure-liste-de-suspension-contre-everton\/#breadcrumb","itemListElement":[{"@type":"ListItem","position":1,"name":"Accueil","item":"https:\/\/footdavant.fr\/actualites\/"},{"@type":"ListItem","position":2,"name":"Actualit\u00e9s de l\u2019\u00e9quipe Tottenham Hotspur : Blessure, liste de suspension contre Everton"}]},{"@type":"WebSite","@id":"https:\/\/footdavant.fr\/actualites\/#website","url":"https:\/\/footdavant.fr\/actualites\/","name":"Foot d'avant","description":"","publisher":{"@id":"https:\/\/footdavant.fr\/actualites\/#organization"},"potentialAction":[{"@type":"SearchAction","target":{"@type":"EntryPoint","urlTemplate":"https:\/\/footdavant.fr\/actualites\/?s={search_term_string}"},"query-input":"required name=search_term_string"}],"inLanguage":"fr-FR"},{"@type":"Organization","@id":"https:\/\/footdavant.fr\/actualites\/#organization","name":"Foot d'avant","url":"https:\/\/footdavant.fr\/actualites\/","logo":{"@type":"ImageObject","inLanguage":"fr-FR","@id":"https:\/\/footdavant.fr\/actualites\/#\/schema\/logo\/image\/","url":"https:\/\/footdavant.fr\/actualites\/wp-content\/uploads\/2023\/09\/Copy-of-FootDavant-Logo.png","contentUrl":"https:\/\/footdavant.fr\/actualites\/wp-content\/uploads\/2023\/09\/Copy-of-FootDavant-Logo.png","width":936,"height":549,"caption":"Foot d'avant"},"image":{"@id":"https:\/\/footdavant.fr\/actualites\/#\/schema\/logo\/image\/"},"sameAs":["https:\/\/www.facebook.com\/Footdavant\/","https:\/\/twitter.com\/FootdavantFr","https:\/\/www.instagram.com\/footdavant.fr\/"]},{"@type":"Person","@id":"https:\/\/footdavant.fr\/actualites\/#\/schema\/person\/bc222566d95871b37e597b3ed3ba5e1d","name":"Cl\u00e9ment","image":{"@type":"ImageObject","inLanguage":"fr-FR","@id":"https:\/\/footdavant.fr\/actualites\/#\/schema\/person\/image\/","url":"https:\/\/secure.gravatar.com\/avatar\/7728b29aac2719421e1a9159b2254c44?s=96&d=mm&r=g","contentUrl":"https:\/\/secure.gravatar.com\/avatar\/7728b29aac2719421e1a9159b2254c44?s=96&d=mm&r=g","caption":"Cl\u00e9ment"},"sameAs":["https:\/\/footdavant.fr\/"]}]}},"_links":{"self":[{"href":"https:\/\/footdavant.fr\/actualites\/wp-json\/wp\/v2\/posts\/2943"}],"collection":[{"href":"https:\/\/footdavant.fr\/actualites\/wp-json\/wp\/v2\/posts"}],"about":[{"href":"https:\/\/footdavant.fr\/actualites\/wp-json\/wp\/v2\/types\/post"}],"author":[{"embeddable":true,"href":"https:\/\/footdavant.fr\/actualites\/wp-json\/wp\/v2\/users\/1"}],"replies":[{"embeddable":true,"href":"https:\/\/footdavant.fr\/actualites\/wp-json\/wp\/v2\/comments?post=2943"}],"version-history":[{"count":1,"href":"https:\/\/footdavant.fr\/actualites\/wp-json\/wp\/v2\/posts\/2943\/revisions"}],"predecessor-version":[{"id":2945,"href":"https:\/\/footdavant.fr\/actualites\/wp-json\/wp\/v2\/posts\/2943\/revisions\/2945"}],"wp:featuredmedia":[{"embeddable":true,"href":"https:\/\/footdavant.fr\/actualites\/wp-json\/wp\/v2\/media\/2944"}],"wp:attachment":[{"href":"https:\/\/footdavant.fr\/actualites\/wp-json\/wp\/v2\/media?parent=2943"}],"wp:term":[{"taxonomy":"category","embeddable":true,"href":"https:\/\/footdavant.fr\/actualites\/wp-json\/wp\/v2\/categories?post=2943"},{"taxonomy":"post_tag","embeddable":true,"href":"https:\/\/footdavant.fr\/actualites\/wp-json\/wp\/v2\/tags?post=2943"}],"curies":[{"name":"wp","href":"https:\/\/api.w.org\/{rel}","templated":true}]}}