{"id":29447,"date":"2025-10-05T02:48:25","date_gmt":"2025-10-05T00:48:25","guid":{"rendered":"https:\/\/footdavant.fr\/actualites\/leeds-united-transfer-news-whites-rejoint-par-stuttgart-atalanta-bc-dans-race-for-bresilien-star\/"},"modified":"2025-10-05T02:48:27","modified_gmt":"2025-10-05T00:48:27","slug":"leeds-united-transfer-news-whites-rejoint-par-stuttgart-atalanta-bc-dans-race-for-bresilien-star","status":"publish","type":"post","link":"https:\/\/footdavant.fr\/actualites\/leeds-united-transfer-news-whites-rejoint-par-stuttgart-atalanta-bc-dans-race-for-bresilien-star\/","title":{"rendered":"Leeds United Transfer News: Whites &#39;rejoint par Stuttgart, Atalanta BC&#39; dans Race for Br\u00e9silien Star"},"content":{"rendered":"<p>Leeds United serait dans une course contre Stuttgart et Atalanta BC pour les services du jeune internacional Gustavo Prado Alves.<\/p>\n<div id=\"article_body\" itemprop=\"articleBody\">\n<h3 class=\"firstPara\"><\/h3>\n<p><strong class=\"autotag\">Leeds United aurait \u00e9t\u00e9 rejoint dans la course par deux \u00e9quipes europ\u00e9ennes pendant <strong class=\"autotag\">Attaquant internacional <strong class=\"autotag\">Gustavo Prado Alves.<\/p>\n<p>Il a \u00e9t\u00e9 affirm\u00e9 plus t\u00f4t ce mois-ci que la tenue de Premier League gardait un \u0153il sur les progr\u00e8s de l&#39;homme de 20 ans lors de la derni\u00e8re partie de 2025.<\/p>\n<p>Prado a figur\u00e9 \u00e0 13 reprises pour l&#39;internacional dans la Serie A br\u00e9silienne, le club a r\u00e9cemment subi un changement de gestion.<\/p>\n<p>Cherchant \u00e0 renforcer son profil international, l&#39;ailier est actuellement en service avec les moins de 20 ans du Br\u00e9sil lors de la Coupe du monde au Chili, o\u00f9 les scouts devraient \u00eatre pr\u00e9sents.<\/p>\n<p>Depuis qu&#39;il a fait ses d\u00e9buts en premi\u00e8re \u00e9quipe pour Internacional en avril 2023, Prado est apparu \u00e0 63 occasions comp\u00e9titives, trouvant le filet trois fois.<\/p>\n<p class=\"imgI\">\n<h2>Leeds rejoint par <strong class=\"autotag\">Stuttgart, Atalanta dans Prado Race?<\/h2>\n<p>Selon le point de vente br\u00e9silien <em>Correio do Povo<\/em>Leeds conna\u00eet d\u00e9sormais une partie de leur comp\u00e9tition dans la course \u00e0 Prado avant la fen\u00eatre de transfert de janvier.<\/p>\n<p>Premi\u00e8rement, le rapport indique que les g\u00e9ants de Bundesliga Stuttgart souhaitent assurer les services de l&#39;attaque de 20 ans dans un avenir proche.<\/p>\n<p>Repr\u00e9sentant la Serie A de l&#39;Italie dans la chasse \u00e0 Prado, <strong class=\"autotag\">Atalanta BC devrait \u00e9galement rechercher le jeune internacional lors de la Coupe du monde des moins de 20 ans ce mois-ci.<\/p>\n<p>Le joueur a soi-disant une clause de lib\u00e9ration de 51 millions de livres sterling dans son contrat actuel, bien qu&#39;il soit entendu qu&#39;il pourrait \u00eatre disponible pour beaucoup moins que ce chiffre.<\/p>\n<p>Internacional est parfaitement conscient de l&#39;int\u00e9r\u00eat croissant pour le joueur \u00e0 la suite de demandes de renseignements en \u00e9t\u00e9, mais n&#39;a pas encore re\u00e7u d&#39;offres officielles pour Prado.<\/p>\n<p class=\"imgI\"><img decoding=\"async\" alt=\"L&#39;ailier d&#39;Atalanta BC Ademola Lookman en f\u00e9vrier 2025.\" class=\"vanilla-lazyload article-image\" src=\"https:\/\/footdavant.fr\/actualites\/wp-content\/uploads\/2025\/09\/Tottenham-Transfer-News-les-conferences-commencent-pour-43-millions-d39attaquants.jpg\"><\/p>\n<h2>Garanties de haut vol<\/h2>\n<p>P\u00eachant maintenant sur les march\u00e9s de haut vol apr\u00e8s la promotion de la Premier League, Leeds risque d&#39;\u00eatre d\u00e9pass\u00e9 dans la lutte pour Prado.<\/p>\n<p>\u00c0 20 ans, l&#39;ailier examinera les implications \u00e0 long terme d&#39;un d\u00e9m\u00e9nagement \u00e0 Elland Road, o\u00f9 le football de championnat pourrait \u00eatre \u00e0 l&#39;ordre du jour la saison prochaine.<\/p>\n<p>Au contraire, Stuttgart et Atalanta sont des \u00e9quipes \u00e9tablies dans la Bundesliga et la Serie A respectivement, ce qui signifie qu&#39;un passage \u00e0 l&#39;un de ces clubs pourrait \u00eatre consid\u00e9r\u00e9 comme moins risqu\u00e9.<\/p>\n<div class=\"author_box\">\n<div class=\"author_box_banner\"> <img decoding=\"async\" class=\"author_img\" src=\"https:\/\/footdavant.fr\/actualites\/wp-content\/uploads\/2025\/06\/1749131286_285_Transfert-Roundup-Mathias-Kvistgaarden-a-West-Ham-United-Danny-Ings.jpg\"><\/div>\n<\/div>\n<\/div>\n","protected":false},"excerpt":{"rendered":"<p>Leeds United serait dans une course contre Stuttgart et Atalanta BC pour les services du jeune internacional Gustavo Prado Alves. Leeds United aurait \u00e9t\u00e9 rejoint<\/p>\n","protected":false},"author":1,"featured_media":29448,"comment_status":"closed","ping_status":"","sticky":false,"template":"","format":"standard","meta":{"footnotes":""},"categories":[5],"tags":[10687,4565,10688,3419,19,121,409,75,3161,1621,1760,2732,13,10686],"yoast_head":"<!-- This site is optimized with the Yoast SEO plugin v21.0 - https:\/\/yoast.com\/wordpress\/plugins\/seo\/ -->\n<title>Leeds United Transfer News: Whites &#039;rejoint par Stuttgart, Atalanta BC&#039; dans Race for Br\u00e9silien Star<\/title>\n<meta name=\"robots\" content=\"index, follow, max-snippet:-1, max-image-preview:large, max-video-preview:-1\" \/>\n<link rel=\"canonical\" href=\"https:\/\/footdavant.fr\/actualites\/leeds-united-transfer-news-whites-rejoint-par-stuttgart-atalanta-bc-dans-race-for-bresilien-star\/\" \/>\n<meta property=\"og:locale\" content=\"fr_FR\" \/>\n<meta property=\"og:type\" content=\"article\" \/>\n<meta property=\"og:title\" content=\"Leeds United Transfer News: Whites &#039;rejoint par Stuttgart, Atalanta BC&#039; dans Race for Br\u00e9silien Star\" \/>\n<meta property=\"og:description\" content=\"Leeds United serait dans une course contre Stuttgart et Atalanta BC pour les services du jeune internacional Gustavo Prado Alves. Leeds United aurait \u00e9t\u00e9 rejoint\" \/>\n<meta property=\"og:url\" content=\"https:\/\/footdavant.fr\/actualites\/leeds-united-transfer-news-whites-rejoint-par-stuttgart-atalanta-bc-dans-race-for-bresilien-star\/\" \/>\n<meta property=\"og:site_name\" content=\"Foot d&#039;avant\" \/>\n<meta property=\"article:publisher\" content=\"https:\/\/www.facebook.com\/Footdavant\/\" \/>\n<meta property=\"article:published_time\" content=\"2025-10-05T00:48:25+00:00\" \/>\n<meta property=\"article:modified_time\" content=\"2025-10-05T00:48:27+00:00\" \/>\n<meta property=\"og:image\" content=\"https:\/\/footdavant.fr\/actualites\/wp-content\/uploads\/2025\/10\/Leeds-United-Transfer-News-Whites-39rejoint-par-Stuttgart-Atalanta-BC39.jpg\" \/>\n\t<meta property=\"og:image:width\" content=\"640\" \/>\n\t<meta property=\"og:image:height\" content=\"480\" \/>\n\t<meta property=\"og:image:type\" content=\"image\/jpeg\" \/>\n<meta name=\"author\" content=\"Cl\u00e9ment\" \/>\n<meta name=\"twitter:card\" content=\"summary_large_image\" \/>\n<meta name=\"twitter:creator\" content=\"@FootdavantFr\" \/>\n<meta name=\"twitter:site\" content=\"@FootdavantFr\" \/>\n<meta name=\"twitter:label1\" content=\"\u00c9crit par\" \/>\n\t<meta name=\"twitter:data1\" content=\"Cl\u00e9ment\" \/>\n\t<meta name=\"twitter:label2\" content=\"Dur\u00e9e de lecture estim\u00e9e\" \/>\n\t<meta name=\"twitter:data2\" content=\"2 minutes\" \/>\n<script type=\"application\/ld+json\" class=\"yoast-schema-graph\">{\"@context\":\"https:\/\/schema.org\",\"@graph\":[{\"@type\":\"Article\",\"@id\":\"https:\/\/footdavant.fr\/actualites\/leeds-united-transfer-news-whites-rejoint-par-stuttgart-atalanta-bc-dans-race-for-bresilien-star\/#article\",\"isPartOf\":{\"@id\":\"https:\/\/footdavant.fr\/actualites\/leeds-united-transfer-news-whites-rejoint-par-stuttgart-atalanta-bc-dans-race-for-bresilien-star\/\"},\"author\":{\"name\":\"Cl\u00e9ment\",\"@id\":\"https:\/\/footdavant.fr\/actualites\/#\/schema\/person\/bc222566d95871b37e597b3ed3ba5e1d\"},\"headline\":\"Leeds United Transfer News: Whites &#39;rejoint par Stuttgart, Atalanta BC&#39; dans Race for Br\u00e9silien Star\",\"datePublished\":\"2025-10-05T00:48:25+00:00\",\"dateModified\":\"2025-10-05T00:48:27+00:00\",\"mainEntityOfPage\":{\"@id\":\"https:\/\/footdavant.fr\/actualites\/leeds-united-transfer-news-whites-rejoint-par-stuttgart-atalanta-bc-dans-race-for-bresilien-star\/\"},\"wordCount\":434,\"publisher\":{\"@id\":\"https:\/\/footdavant.fr\/actualites\/#organization\"},\"keywords\":[\"39rejoint\",\"Atalanta\",\"BC39\",\"br\u00e9silien\",\"dans\",\"Leeds\",\"News\",\"par\",\"Race\",\"Star\",\"Stuttgart\",\"Transfer\",\"United\",\"Whites\"],\"articleSection\":[\"Premier League\"],\"inLanguage\":\"fr-FR\"},{\"@type\":\"WebPage\",\"@id\":\"https:\/\/footdavant.fr\/actualites\/leeds-united-transfer-news-whites-rejoint-par-stuttgart-atalanta-bc-dans-race-for-bresilien-star\/\",\"url\":\"https:\/\/footdavant.fr\/actualites\/leeds-united-transfer-news-whites-rejoint-par-stuttgart-atalanta-bc-dans-race-for-bresilien-star\/\",\"name\":\"Leeds United Transfer News: Whites &#39;rejoint par Stuttgart, Atalanta BC&#39; dans Race for Br\u00e9silien Star\",\"isPartOf\":{\"@id\":\"https:\/\/footdavant.fr\/actualites\/#website\"},\"datePublished\":\"2025-10-05T00:48:25+00:00\",\"dateModified\":\"2025-10-05T00:48:27+00:00\",\"breadcrumb\":{\"@id\":\"https:\/\/footdavant.fr\/actualites\/leeds-united-transfer-news-whites-rejoint-par-stuttgart-atalanta-bc-dans-race-for-bresilien-star\/#breadcrumb\"},\"inLanguage\":\"fr-FR\",\"potentialAction\":[{\"@type\":\"ReadAction\",\"target\":[\"https:\/\/footdavant.fr\/actualites\/leeds-united-transfer-news-whites-rejoint-par-stuttgart-atalanta-bc-dans-race-for-bresilien-star\/\"]}]},{\"@type\":\"BreadcrumbList\",\"@id\":\"https:\/\/footdavant.fr\/actualites\/leeds-united-transfer-news-whites-rejoint-par-stuttgart-atalanta-bc-dans-race-for-bresilien-star\/#breadcrumb\",\"itemListElement\":[{\"@type\":\"ListItem\",\"position\":1,\"name\":\"Accueil\",\"item\":\"https:\/\/footdavant.fr\/actualites\/\"},{\"@type\":\"ListItem\",\"position\":2,\"name\":\"Leeds United Transfer News: Whites &#39;rejoint par Stuttgart, Atalanta BC&#39; dans Race for Br\u00e9silien Star\"}]},{\"@type\":\"WebSite\",\"@id\":\"https:\/\/footdavant.fr\/actualites\/#website\",\"url\":\"https:\/\/footdavant.fr\/actualites\/\",\"name\":\"Foot d'avant\",\"description\":\"\",\"publisher\":{\"@id\":\"https:\/\/footdavant.fr\/actualites\/#organization\"},\"potentialAction\":[{\"@type\":\"SearchAction\",\"target\":{\"@type\":\"EntryPoint\",\"urlTemplate\":\"https:\/\/footdavant.fr\/actualites\/?s={search_term_string}\"},\"query-input\":\"required name=search_term_string\"}],\"inLanguage\":\"fr-FR\"},{\"@type\":\"Organization\",\"@id\":\"https:\/\/footdavant.fr\/actualites\/#organization\",\"name\":\"Foot d'avant\",\"url\":\"https:\/\/footdavant.fr\/actualites\/\",\"logo\":{\"@type\":\"ImageObject\",\"inLanguage\":\"fr-FR\",\"@id\":\"https:\/\/footdavant.fr\/actualites\/#\/schema\/logo\/image\/\",\"url\":\"https:\/\/footdavant.fr\/actualites\/wp-content\/uploads\/2023\/09\/Copy-of-FootDavant-Logo.png\",\"contentUrl\":\"https:\/\/footdavant.fr\/actualites\/wp-content\/uploads\/2023\/09\/Copy-of-FootDavant-Logo.png\",\"width\":936,\"height\":549,\"caption\":\"Foot d'avant\"},\"image\":{\"@id\":\"https:\/\/footdavant.fr\/actualites\/#\/schema\/logo\/image\/\"},\"sameAs\":[\"https:\/\/www.facebook.com\/Footdavant\/\",\"https:\/\/twitter.com\/FootdavantFr\",\"https:\/\/www.instagram.com\/footdavant.fr\/\"]},{\"@type\":\"Person\",\"@id\":\"https:\/\/footdavant.fr\/actualites\/#\/schema\/person\/bc222566d95871b37e597b3ed3ba5e1d\",\"name\":\"Cl\u00e9ment\",\"image\":{\"@type\":\"ImageObject\",\"inLanguage\":\"fr-FR\",\"@id\":\"https:\/\/footdavant.fr\/actualites\/#\/schema\/person\/image\/\",\"url\":\"https:\/\/secure.gravatar.com\/avatar\/7728b29aac2719421e1a9159b2254c44?s=96&d=mm&r=g\",\"contentUrl\":\"https:\/\/secure.gravatar.com\/avatar\/7728b29aac2719421e1a9159b2254c44?s=96&d=mm&r=g\",\"caption\":\"Cl\u00e9ment\"},\"sameAs\":[\"https:\/\/footdavant.fr\/\"]}]}<\/script>\n<!-- \/ Yoast SEO plugin. -->","yoast_head_json":{"title":"Leeds United Transfer News: Whites &#39;rejoint par Stuttgart, Atalanta BC&#39; dans Race for Br\u00e9silien Star","robots":{"index":"index","follow":"follow","max-snippet":"max-snippet:-1","max-image-preview":"max-image-preview:large","max-video-preview":"max-video-preview:-1"},"canonical":"https:\/\/footdavant.fr\/actualites\/leeds-united-transfer-news-whites-rejoint-par-stuttgart-atalanta-bc-dans-race-for-bresilien-star\/","og_locale":"fr_FR","og_type":"article","og_title":"Leeds United Transfer News: Whites &#39;rejoint par Stuttgart, Atalanta BC&#39; dans Race for Br\u00e9silien Star","og_description":"Leeds United serait dans une course contre Stuttgart et Atalanta BC pour les services du jeune internacional Gustavo Prado Alves. Leeds United aurait \u00e9t\u00e9 rejoint","og_url":"https:\/\/footdavant.fr\/actualites\/leeds-united-transfer-news-whites-rejoint-par-stuttgart-atalanta-bc-dans-race-for-bresilien-star\/","og_site_name":"Foot d&#039;avant","article_publisher":"https:\/\/www.facebook.com\/Footdavant\/","article_published_time":"2025-10-05T00:48:25+00:00","article_modified_time":"2025-10-05T00:48:27+00:00","og_image":[{"width":640,"height":480,"url":"https:\/\/footdavant.fr\/actualites\/wp-content\/uploads\/2025\/10\/Leeds-United-Transfer-News-Whites-39rejoint-par-Stuttgart-Atalanta-BC39.jpg","type":"image\/jpeg"}],"author":"Cl\u00e9ment","twitter_card":"summary_large_image","twitter_creator":"@FootdavantFr","twitter_site":"@FootdavantFr","twitter_misc":{"\u00c9crit par":"Cl\u00e9ment","Dur\u00e9e de lecture estim\u00e9e":"2 minutes"},"schema":{"@context":"https:\/\/schema.org","@graph":[{"@type":"Article","@id":"https:\/\/footdavant.fr\/actualites\/leeds-united-transfer-news-whites-rejoint-par-stuttgart-atalanta-bc-dans-race-for-bresilien-star\/#article","isPartOf":{"@id":"https:\/\/footdavant.fr\/actualites\/leeds-united-transfer-news-whites-rejoint-par-stuttgart-atalanta-bc-dans-race-for-bresilien-star\/"},"author":{"name":"Cl\u00e9ment","@id":"https:\/\/footdavant.fr\/actualites\/#\/schema\/person\/bc222566d95871b37e597b3ed3ba5e1d"},"headline":"Leeds United Transfer News: Whites &#39;rejoint par Stuttgart, Atalanta BC&#39; dans Race for Br\u00e9silien Star","datePublished":"2025-10-05T00:48:25+00:00","dateModified":"2025-10-05T00:48:27+00:00","mainEntityOfPage":{"@id":"https:\/\/footdavant.fr\/actualites\/leeds-united-transfer-news-whites-rejoint-par-stuttgart-atalanta-bc-dans-race-for-bresilien-star\/"},"wordCount":434,"publisher":{"@id":"https:\/\/footdavant.fr\/actualites\/#organization"},"keywords":["39rejoint","Atalanta","BC39","br\u00e9silien","dans","Leeds","News","par","Race","Star","Stuttgart","Transfer","United","Whites"],"articleSection":["Premier League"],"inLanguage":"fr-FR"},{"@type":"WebPage","@id":"https:\/\/footdavant.fr\/actualites\/leeds-united-transfer-news-whites-rejoint-par-stuttgart-atalanta-bc-dans-race-for-bresilien-star\/","url":"https:\/\/footdavant.fr\/actualites\/leeds-united-transfer-news-whites-rejoint-par-stuttgart-atalanta-bc-dans-race-for-bresilien-star\/","name":"Leeds United Transfer News: Whites &#39;rejoint par Stuttgart, Atalanta BC&#39; dans Race for Br\u00e9silien Star","isPartOf":{"@id":"https:\/\/footdavant.fr\/actualites\/#website"},"datePublished":"2025-10-05T00:48:25+00:00","dateModified":"2025-10-05T00:48:27+00:00","breadcrumb":{"@id":"https:\/\/footdavant.fr\/actualites\/leeds-united-transfer-news-whites-rejoint-par-stuttgart-atalanta-bc-dans-race-for-bresilien-star\/#breadcrumb"},"inLanguage":"fr-FR","potentialAction":[{"@type":"ReadAction","target":["https:\/\/footdavant.fr\/actualites\/leeds-united-transfer-news-whites-rejoint-par-stuttgart-atalanta-bc-dans-race-for-bresilien-star\/"]}]},{"@type":"BreadcrumbList","@id":"https:\/\/footdavant.fr\/actualites\/leeds-united-transfer-news-whites-rejoint-par-stuttgart-atalanta-bc-dans-race-for-bresilien-star\/#breadcrumb","itemListElement":[{"@type":"ListItem","position":1,"name":"Accueil","item":"https:\/\/footdavant.fr\/actualites\/"},{"@type":"ListItem","position":2,"name":"Leeds United Transfer News: Whites &#39;rejoint par Stuttgart, Atalanta BC&#39; dans Race for Br\u00e9silien Star"}]},{"@type":"WebSite","@id":"https:\/\/footdavant.fr\/actualites\/#website","url":"https:\/\/footdavant.fr\/actualites\/","name":"Foot d'avant","description":"","publisher":{"@id":"https:\/\/footdavant.fr\/actualites\/#organization"},"potentialAction":[{"@type":"SearchAction","target":{"@type":"EntryPoint","urlTemplate":"https:\/\/footdavant.fr\/actualites\/?s={search_term_string}"},"query-input":"required name=search_term_string"}],"inLanguage":"fr-FR"},{"@type":"Organization","@id":"https:\/\/footdavant.fr\/actualites\/#organization","name":"Foot d'avant","url":"https:\/\/footdavant.fr\/actualites\/","logo":{"@type":"ImageObject","inLanguage":"fr-FR","@id":"https:\/\/footdavant.fr\/actualites\/#\/schema\/logo\/image\/","url":"https:\/\/footdavant.fr\/actualites\/wp-content\/uploads\/2023\/09\/Copy-of-FootDavant-Logo.png","contentUrl":"https:\/\/footdavant.fr\/actualites\/wp-content\/uploads\/2023\/09\/Copy-of-FootDavant-Logo.png","width":936,"height":549,"caption":"Foot d'avant"},"image":{"@id":"https:\/\/footdavant.fr\/actualites\/#\/schema\/logo\/image\/"},"sameAs":["https:\/\/www.facebook.com\/Footdavant\/","https:\/\/twitter.com\/FootdavantFr","https:\/\/www.instagram.com\/footdavant.fr\/"]},{"@type":"Person","@id":"https:\/\/footdavant.fr\/actualites\/#\/schema\/person\/bc222566d95871b37e597b3ed3ba5e1d","name":"Cl\u00e9ment","image":{"@type":"ImageObject","inLanguage":"fr-FR","@id":"https:\/\/footdavant.fr\/actualites\/#\/schema\/person\/image\/","url":"https:\/\/secure.gravatar.com\/avatar\/7728b29aac2719421e1a9159b2254c44?s=96&d=mm&r=g","contentUrl":"https:\/\/secure.gravatar.com\/avatar\/7728b29aac2719421e1a9159b2254c44?s=96&d=mm&r=g","caption":"Cl\u00e9ment"},"sameAs":["https:\/\/footdavant.fr\/"]}]}},"_links":{"self":[{"href":"https:\/\/footdavant.fr\/actualites\/wp-json\/wp\/v2\/posts\/29447"}],"collection":[{"href":"https:\/\/footdavant.fr\/actualites\/wp-json\/wp\/v2\/posts"}],"about":[{"href":"https:\/\/footdavant.fr\/actualites\/wp-json\/wp\/v2\/types\/post"}],"author":[{"embeddable":true,"href":"https:\/\/footdavant.fr\/actualites\/wp-json\/wp\/v2\/users\/1"}],"replies":[{"embeddable":true,"href":"https:\/\/footdavant.fr\/actualites\/wp-json\/wp\/v2\/comments?post=29447"}],"version-history":[{"count":1,"href":"https:\/\/footdavant.fr\/actualites\/wp-json\/wp\/v2\/posts\/29447\/revisions"}],"predecessor-version":[{"id":29449,"href":"https:\/\/footdavant.fr\/actualites\/wp-json\/wp\/v2\/posts\/29447\/revisions\/29449"}],"wp:featuredmedia":[{"embeddable":true,"href":"https:\/\/footdavant.fr\/actualites\/wp-json\/wp\/v2\/media\/29448"}],"wp:attachment":[{"href":"https:\/\/footdavant.fr\/actualites\/wp-json\/wp\/v2\/media?parent=29447"}],"wp:term":[{"taxonomy":"category","embeddable":true,"href":"https:\/\/footdavant.fr\/actualites\/wp-json\/wp\/v2\/categories?post=29447"},{"taxonomy":"post_tag","embeddable":true,"href":"https:\/\/footdavant.fr\/actualites\/wp-json\/wp\/v2\/tags?post=29447"}],"curies":[{"name":"wp","href":"https:\/\/api.w.org\/{rel}","templated":true}]}}