{"id":29453,"date":"2025-10-05T05:48:10","date_gmt":"2025-10-05T03:48:10","guid":{"rendered":"https:\/\/footdavant.fr\/actualites\/homme-city-blessur-list-de-suspension-et-dates-de-retour-pour-monaco-rodri-dernier-khusanov-doute\/"},"modified":"2025-10-05T05:48:10","modified_gmt":"2025-10-05T03:48:10","slug":"homme-city-blessur-list-de-suspension-et-dates-de-retour-pour-monaco-rodri-dernier-khusanov-doute","status":"publish","type":"post","link":"https:\/\/footdavant.fr\/actualites\/homme-city-blessur-list-de-suspension-et-dates-de-retour-pour-monaco-rodri-dernier-khusanov-doute\/","title":{"rendered":"Homme City Blessur, List de suspension et dates de retour pour Monaco: Rodri Dernier, Khusanov doute"},"content":{"rendered":"<p>Sports Mole rassemble les derni\u00e8res nouvelles de la blessure et de la suspension de Man City avant le conflit de phase de la Ligue des champions de mercredi avec Monaco.<\/p>\n<div id=\"article_body\" itemprop=\"articleBody\">\n<p><strong class=\"autotag\">Manchester City commence \u00e0 frapper leur rainure alors qu&#39;ils se pr\u00e9parent aux t\u00e2ches continentales ce mercredi soir, faisant le court vol vers le sud de la France pour un affrontement avec <strong class=\"autotag\">Monaco dans le <strong class=\"autotag\">Ligue des champions.<\/p>\n<p><strong class=\"autotag\">Les hommes de Pep Guardiola ont remport\u00e9 une impressionnante victoire de la Premier League 5-1 contre Burnley au cours du week-end, d\u00e9pla\u00e7ant les citoyens \u00e0 moins de cinq points des champions en titre Liverpool dans la table de Premier League.<\/p>\n<p>Cependant, City mettra leurs ambitions domestiques d&#39;un c\u00f4t\u00e9, en se concentrant plut\u00f4t sur leur campagne europ\u00e9enne, qui a commenc\u00e9 \u00e0 un d\u00e9but de quinzaine alors que le c\u00f4t\u00e9 de Guardiola battait Napoli 2-0.<\/p>\n<p>Ici, Sports Mole rassemble toutes les derni\u00e8res nouvelles des blessures et suspensions de Man City avant l&#39;affrontement avec Monaco, qui a \u00e9t\u00e9 humili\u00e9 4-1 par le club Brugge dans Matchweek One.<\/p>\n<hr>\n<p class=\"imgI\">\n<p>Statut: doute majeur<\/p>\n<p>Type de blessure: genou<\/p>\n<p>Date de retour possible: 1er octobre (contre Monaco)<\/p>\n<p>Rodri a rat\u00e9 la victoire de samedi contre Burnley, avec Guardiola disant aux journalistes apr\u00e8s le match: \u00ab\u00a0Je ne sais pas pour le moment comment la douleur est au genou. Il nous a dit qu&#39;il n&#39;\u00e9tait pas pr\u00eat \u00e0 jouer.\u00a0\u00bb<\/p>\n<p>Bien qu&#39;il y ait un espoir qu&#39;il puisse r\u00e9cup\u00e9rer \u00e0 temps pour jouer en France mercredi, Rodri reste un doute alors que nous attendons plus d&#39;informations sur son statut.<\/p>\n<hr>\n<p class=\"imgI\">\n<p>Statut: Out<\/p>\n<p>Type de blessure: cheville \/ pied<\/p>\n<p>Date de retour possible: 5 octobre (contre Brentford)<\/p>\n<p>Abdukodir Khusanov s&#39;est impos\u00e9 comme l&#39;homme principal \u00e0 l&#39;arri\u00e8re droit au cours des derni\u00e8res semaines, faisant quatre d\u00e9parts successifs dans la position dans toutes les comp\u00e9titions.<\/p>\n<p>Malheureusement pour l&#39;international ouzb\u00e9kistan, cette course a pris fin lorsqu&#39;il a \u00e9t\u00e9 contraint de se blesser \u00e0 la mi-temps dans le tirage au sort avec Arsenal.<\/p>\n<p>Le joueur de 21 ans est sur la gu\u00e9rison et devrait revenir d\u00e8s le match de dimanche avec Brentford, ce qui marquerait potentiellement un gros coup de pouce pour les options d\u00e9fensives de Guardiola.<\/p>\n<hr>\n<p class=\"imgI\">\n<p>Statut: Out<\/p>\n<p>Type de blessure: genou<\/p>\n<p>Date de retour possible: 5 octobre (contre Brentford)<\/p>\n<p>Omar Marmoush a pris sa blessure alors qu&#39;il \u00e9tait en service international pour l&#39;\u00c9gypte, sortant du terrain \u00e0 la quatri\u00e8me minute de leur affrontement contre le Burkina Faso plus t\u00f4t ce mois-ci. <\/p>\n<p>L&#39;homme de 26 ans a subi un scan en \u00c9gypte pour \u00e9valuer l&#39;\u00e9tendue des d\u00e9g\u00e2ts, et City a depuis confirm\u00e9 que Marmoush pourrait faire son retour en octobre &#8211; m\u00eame d\u00e8s la rencontre de dimanche avec Brentford.<\/p>\n<hr>\n<p class=\"imgI\">\n<p>Statut: Out<\/p>\n<p>Type de blessure: cuisse<\/p>\n<p>Date de retour possible: 18 octobre (contre Everton)<\/p>\n<p>Rayan Cherki a rat\u00e9 les six derniers matchs de Man City dans toutes les comp\u00e9titions apr\u00e8s avoir fait une blessure \u00e0 la cuisse, et bien que le joueur progresse r\u00e9guli\u00e8rement dans sa r\u00e9tablissement, il est peu probable qu&#39;il soit \u00e0 la disposition de Guardiola jusqu&#39;\u00e0 la mi-octobre.<\/p>\n<hr>\n<p class=\"imgI\">\n<p>Statut: Out<\/p>\n<p>Type de blessure: la cheville<\/p>\n<p>Date de retour possible: 18 octobre (contre Everton)<\/p>\n<p>Rayan Ait-Nouri a fait une blessure \u00e0 la cheville dans les premiers stades de ses d\u00e9buts au stade Etihad contre Tottenham Hotspur en ao\u00fbt. <\/p>\n<p>La signature estivale de 31 millions de livres sterling de Wolves a continu\u00e9 \u00e0 jouer un match complet contre Brighton, mais n&#39;a pas rejoint l&#39;\u00e9quipe d&#39;Alg\u00e9rie pour ses qualifications en Coupe du monde, et il a rat\u00e9 les cinq derniers matchs de City.<\/p>\n<hr>\n<p><\/p>\n<h2>Liste de suspension de l&#39;homme City<\/h2>\n<p>Man City n&#39;a aucun joueur suspendu pour le conflit de la Ligue des champions de mercredi avec Monaco.<\/p>\n<\/div>\n","protected":false},"excerpt":{"rendered":"<p>Sports Mole rassemble les derni\u00e8res nouvelles de la blessure et de la suspension de Man City avant le conflit de phase de la Ligue des<\/p>\n","protected":false},"author":1,"featured_media":29236,"comment_status":"closed","ping_status":"","sticky":false,"template":"","format":"standard","meta":{"footnotes":""},"categories":[4],"tags":[7945,27,2867,2317,2054,1245,7606,8262,2808,51,393,1225,18],"yoast_head":"<!-- This site is optimized with the Yoast SEO plugin v21.0 - https:\/\/yoast.com\/wordpress\/plugins\/seo\/ -->\n<title>Homme City Blessur, List de suspension et dates de retour pour Monaco: Rodri Dernier, Khusanov doute<\/title>\n<meta name=\"robots\" content=\"index, follow, max-snippet:-1, max-image-preview:large, max-video-preview:-1\" \/>\n<link rel=\"canonical\" href=\"https:\/\/footdavant.fr\/actualites\/homme-city-blessur-list-de-suspension-et-dates-de-retour-pour-monaco-rodri-dernier-khusanov-doute\/\" \/>\n<meta property=\"og:locale\" content=\"fr_FR\" \/>\n<meta property=\"og:type\" content=\"article\" \/>\n<meta property=\"og:title\" content=\"Homme City Blessur, List de suspension et dates de retour pour Monaco: Rodri Dernier, Khusanov doute\" \/>\n<meta property=\"og:description\" content=\"Sports Mole rassemble les derni\u00e8res nouvelles de la blessure et de la suspension de Man City avant le conflit de phase de la Ligue des\" \/>\n<meta property=\"og:url\" content=\"https:\/\/footdavant.fr\/actualites\/homme-city-blessur-list-de-suspension-et-dates-de-retour-pour-monaco-rodri-dernier-khusanov-doute\/\" \/>\n<meta property=\"og:site_name\" content=\"Foot d&#039;avant\" \/>\n<meta property=\"article:publisher\" content=\"https:\/\/www.facebook.com\/Footdavant\/\" \/>\n<meta property=\"article:published_time\" content=\"2025-10-05T03:48:10+00:00\" \/>\n<meta property=\"og:image\" content=\"https:\/\/footdavant.fr\/actualites\/wp-content\/uploads\/2025\/09\/Homme-City-Bleshury-News-Rodri-Disponibilite-Confirme-Fresh-Rayan-Cherki.jpg\" \/>\n\t<meta property=\"og:image:width\" content=\"640\" \/>\n\t<meta property=\"og:image:height\" content=\"480\" \/>\n\t<meta property=\"og:image:type\" content=\"image\/jpeg\" \/>\n<meta name=\"author\" content=\"Cl\u00e9ment\" \/>\n<meta name=\"twitter:card\" content=\"summary_large_image\" \/>\n<meta name=\"twitter:creator\" content=\"@FootdavantFr\" \/>\n<meta name=\"twitter:site\" content=\"@FootdavantFr\" \/>\n<meta name=\"twitter:label1\" content=\"\u00c9crit par\" \/>\n\t<meta name=\"twitter:data1\" content=\"Cl\u00e9ment\" \/>\n\t<meta name=\"twitter:label2\" content=\"Dur\u00e9e de lecture estim\u00e9e\" \/>\n\t<meta name=\"twitter:data2\" content=\"3 minutes\" \/>\n<script type=\"application\/ld+json\" class=\"yoast-schema-graph\">{\"@context\":\"https:\/\/schema.org\",\"@graph\":[{\"@type\":\"Article\",\"@id\":\"https:\/\/footdavant.fr\/actualites\/homme-city-blessur-list-de-suspension-et-dates-de-retour-pour-monaco-rodri-dernier-khusanov-doute\/#article\",\"isPartOf\":{\"@id\":\"https:\/\/footdavant.fr\/actualites\/homme-city-blessur-list-de-suspension-et-dates-de-retour-pour-monaco-rodri-dernier-khusanov-doute\/\"},\"author\":{\"name\":\"Cl\u00e9ment\",\"@id\":\"https:\/\/footdavant.fr\/actualites\/#\/schema\/person\/bc222566d95871b37e597b3ed3ba5e1d\"},\"headline\":\"Homme City Blessur, List de suspension et dates de retour pour Monaco: Rodri Dernier, Khusanov doute\",\"datePublished\":\"2025-10-05T03:48:10+00:00\",\"dateModified\":\"2025-10-05T03:48:10+00:00\",\"mainEntityOfPage\":{\"@id\":\"https:\/\/footdavant.fr\/actualites\/homme-city-blessur-list-de-suspension-et-dates-de-retour-pour-monaco-rodri-dernier-khusanov-doute\/\"},\"wordCount\":663,\"publisher\":{\"@id\":\"https:\/\/footdavant.fr\/actualites\/#organization\"},\"keywords\":[\"Blessur\",\"City\",\"Dates\",\"dernier\",\"doute\",\"homme\",\"Khusanov\",\"List\",\"Monaco\",\"pour\",\"retour\",\"Rodri\",\"suspension\"],\"articleSection\":[\"Champions League\"],\"inLanguage\":\"fr-FR\"},{\"@type\":\"WebPage\",\"@id\":\"https:\/\/footdavant.fr\/actualites\/homme-city-blessur-list-de-suspension-et-dates-de-retour-pour-monaco-rodri-dernier-khusanov-doute\/\",\"url\":\"https:\/\/footdavant.fr\/actualites\/homme-city-blessur-list-de-suspension-et-dates-de-retour-pour-monaco-rodri-dernier-khusanov-doute\/\",\"name\":\"Homme City Blessur, List de suspension et dates de retour pour Monaco: Rodri Dernier, Khusanov doute\",\"isPartOf\":{\"@id\":\"https:\/\/footdavant.fr\/actualites\/#website\"},\"datePublished\":\"2025-10-05T03:48:10+00:00\",\"dateModified\":\"2025-10-05T03:48:10+00:00\",\"breadcrumb\":{\"@id\":\"https:\/\/footdavant.fr\/actualites\/homme-city-blessur-list-de-suspension-et-dates-de-retour-pour-monaco-rodri-dernier-khusanov-doute\/#breadcrumb\"},\"inLanguage\":\"fr-FR\",\"potentialAction\":[{\"@type\":\"ReadAction\",\"target\":[\"https:\/\/footdavant.fr\/actualites\/homme-city-blessur-list-de-suspension-et-dates-de-retour-pour-monaco-rodri-dernier-khusanov-doute\/\"]}]},{\"@type\":\"BreadcrumbList\",\"@id\":\"https:\/\/footdavant.fr\/actualites\/homme-city-blessur-list-de-suspension-et-dates-de-retour-pour-monaco-rodri-dernier-khusanov-doute\/#breadcrumb\",\"itemListElement\":[{\"@type\":\"ListItem\",\"position\":1,\"name\":\"Accueil\",\"item\":\"https:\/\/footdavant.fr\/actualites\/\"},{\"@type\":\"ListItem\",\"position\":2,\"name\":\"Homme City Blessur, List de suspension et dates de retour pour Monaco: Rodri Dernier, Khusanov doute\"}]},{\"@type\":\"WebSite\",\"@id\":\"https:\/\/footdavant.fr\/actualites\/#website\",\"url\":\"https:\/\/footdavant.fr\/actualites\/\",\"name\":\"Foot d'avant\",\"description\":\"\",\"publisher\":{\"@id\":\"https:\/\/footdavant.fr\/actualites\/#organization\"},\"potentialAction\":[{\"@type\":\"SearchAction\",\"target\":{\"@type\":\"EntryPoint\",\"urlTemplate\":\"https:\/\/footdavant.fr\/actualites\/?s={search_term_string}\"},\"query-input\":\"required name=search_term_string\"}],\"inLanguage\":\"fr-FR\"},{\"@type\":\"Organization\",\"@id\":\"https:\/\/footdavant.fr\/actualites\/#organization\",\"name\":\"Foot d'avant\",\"url\":\"https:\/\/footdavant.fr\/actualites\/\",\"logo\":{\"@type\":\"ImageObject\",\"inLanguage\":\"fr-FR\",\"@id\":\"https:\/\/footdavant.fr\/actualites\/#\/schema\/logo\/image\/\",\"url\":\"https:\/\/footdavant.fr\/actualites\/wp-content\/uploads\/2023\/09\/Copy-of-FootDavant-Logo.png\",\"contentUrl\":\"https:\/\/footdavant.fr\/actualites\/wp-content\/uploads\/2023\/09\/Copy-of-FootDavant-Logo.png\",\"width\":936,\"height\":549,\"caption\":\"Foot d'avant\"},\"image\":{\"@id\":\"https:\/\/footdavant.fr\/actualites\/#\/schema\/logo\/image\/\"},\"sameAs\":[\"https:\/\/www.facebook.com\/Footdavant\/\",\"https:\/\/twitter.com\/FootdavantFr\",\"https:\/\/www.instagram.com\/footdavant.fr\/\"]},{\"@type\":\"Person\",\"@id\":\"https:\/\/footdavant.fr\/actualites\/#\/schema\/person\/bc222566d95871b37e597b3ed3ba5e1d\",\"name\":\"Cl\u00e9ment\",\"image\":{\"@type\":\"ImageObject\",\"inLanguage\":\"fr-FR\",\"@id\":\"https:\/\/footdavant.fr\/actualites\/#\/schema\/person\/image\/\",\"url\":\"https:\/\/secure.gravatar.com\/avatar\/7728b29aac2719421e1a9159b2254c44?s=96&d=mm&r=g\",\"contentUrl\":\"https:\/\/secure.gravatar.com\/avatar\/7728b29aac2719421e1a9159b2254c44?s=96&d=mm&r=g\",\"caption\":\"Cl\u00e9ment\"},\"sameAs\":[\"https:\/\/footdavant.fr\/\"]}]}<\/script>\n<!-- \/ Yoast SEO plugin. -->","yoast_head_json":{"title":"Homme City Blessur, List de suspension et dates de retour pour Monaco: Rodri Dernier, Khusanov doute","robots":{"index":"index","follow":"follow","max-snippet":"max-snippet:-1","max-image-preview":"max-image-preview:large","max-video-preview":"max-video-preview:-1"},"canonical":"https:\/\/footdavant.fr\/actualites\/homme-city-blessur-list-de-suspension-et-dates-de-retour-pour-monaco-rodri-dernier-khusanov-doute\/","og_locale":"fr_FR","og_type":"article","og_title":"Homme City Blessur, List de suspension et dates de retour pour Monaco: Rodri Dernier, Khusanov doute","og_description":"Sports Mole rassemble les derni\u00e8res nouvelles de la blessure et de la suspension de Man City avant le conflit de phase de la Ligue des","og_url":"https:\/\/footdavant.fr\/actualites\/homme-city-blessur-list-de-suspension-et-dates-de-retour-pour-monaco-rodri-dernier-khusanov-doute\/","og_site_name":"Foot d&#039;avant","article_publisher":"https:\/\/www.facebook.com\/Footdavant\/","article_published_time":"2025-10-05T03:48:10+00:00","og_image":[{"width":640,"height":480,"url":"https:\/\/footdavant.fr\/actualites\/wp-content\/uploads\/2025\/09\/Homme-City-Bleshury-News-Rodri-Disponibilite-Confirme-Fresh-Rayan-Cherki.jpg","type":"image\/jpeg"}],"author":"Cl\u00e9ment","twitter_card":"summary_large_image","twitter_creator":"@FootdavantFr","twitter_site":"@FootdavantFr","twitter_misc":{"\u00c9crit par":"Cl\u00e9ment","Dur\u00e9e de lecture estim\u00e9e":"3 minutes"},"schema":{"@context":"https:\/\/schema.org","@graph":[{"@type":"Article","@id":"https:\/\/footdavant.fr\/actualites\/homme-city-blessur-list-de-suspension-et-dates-de-retour-pour-monaco-rodri-dernier-khusanov-doute\/#article","isPartOf":{"@id":"https:\/\/footdavant.fr\/actualites\/homme-city-blessur-list-de-suspension-et-dates-de-retour-pour-monaco-rodri-dernier-khusanov-doute\/"},"author":{"name":"Cl\u00e9ment","@id":"https:\/\/footdavant.fr\/actualites\/#\/schema\/person\/bc222566d95871b37e597b3ed3ba5e1d"},"headline":"Homme City Blessur, List de suspension et dates de retour pour Monaco: Rodri Dernier, Khusanov doute","datePublished":"2025-10-05T03:48:10+00:00","dateModified":"2025-10-05T03:48:10+00:00","mainEntityOfPage":{"@id":"https:\/\/footdavant.fr\/actualites\/homme-city-blessur-list-de-suspension-et-dates-de-retour-pour-monaco-rodri-dernier-khusanov-doute\/"},"wordCount":663,"publisher":{"@id":"https:\/\/footdavant.fr\/actualites\/#organization"},"keywords":["Blessur","City","Dates","dernier","doute","homme","Khusanov","List","Monaco","pour","retour","Rodri","suspension"],"articleSection":["Champions League"],"inLanguage":"fr-FR"},{"@type":"WebPage","@id":"https:\/\/footdavant.fr\/actualites\/homme-city-blessur-list-de-suspension-et-dates-de-retour-pour-monaco-rodri-dernier-khusanov-doute\/","url":"https:\/\/footdavant.fr\/actualites\/homme-city-blessur-list-de-suspension-et-dates-de-retour-pour-monaco-rodri-dernier-khusanov-doute\/","name":"Homme City Blessur, List de suspension et dates de retour pour Monaco: Rodri Dernier, Khusanov doute","isPartOf":{"@id":"https:\/\/footdavant.fr\/actualites\/#website"},"datePublished":"2025-10-05T03:48:10+00:00","dateModified":"2025-10-05T03:48:10+00:00","breadcrumb":{"@id":"https:\/\/footdavant.fr\/actualites\/homme-city-blessur-list-de-suspension-et-dates-de-retour-pour-monaco-rodri-dernier-khusanov-doute\/#breadcrumb"},"inLanguage":"fr-FR","potentialAction":[{"@type":"ReadAction","target":["https:\/\/footdavant.fr\/actualites\/homme-city-blessur-list-de-suspension-et-dates-de-retour-pour-monaco-rodri-dernier-khusanov-doute\/"]}]},{"@type":"BreadcrumbList","@id":"https:\/\/footdavant.fr\/actualites\/homme-city-blessur-list-de-suspension-et-dates-de-retour-pour-monaco-rodri-dernier-khusanov-doute\/#breadcrumb","itemListElement":[{"@type":"ListItem","position":1,"name":"Accueil","item":"https:\/\/footdavant.fr\/actualites\/"},{"@type":"ListItem","position":2,"name":"Homme City Blessur, List de suspension et dates de retour pour Monaco: Rodri Dernier, Khusanov doute"}]},{"@type":"WebSite","@id":"https:\/\/footdavant.fr\/actualites\/#website","url":"https:\/\/footdavant.fr\/actualites\/","name":"Foot d'avant","description":"","publisher":{"@id":"https:\/\/footdavant.fr\/actualites\/#organization"},"potentialAction":[{"@type":"SearchAction","target":{"@type":"EntryPoint","urlTemplate":"https:\/\/footdavant.fr\/actualites\/?s={search_term_string}"},"query-input":"required name=search_term_string"}],"inLanguage":"fr-FR"},{"@type":"Organization","@id":"https:\/\/footdavant.fr\/actualites\/#organization","name":"Foot d'avant","url":"https:\/\/footdavant.fr\/actualites\/","logo":{"@type":"ImageObject","inLanguage":"fr-FR","@id":"https:\/\/footdavant.fr\/actualites\/#\/schema\/logo\/image\/","url":"https:\/\/footdavant.fr\/actualites\/wp-content\/uploads\/2023\/09\/Copy-of-FootDavant-Logo.png","contentUrl":"https:\/\/footdavant.fr\/actualites\/wp-content\/uploads\/2023\/09\/Copy-of-FootDavant-Logo.png","width":936,"height":549,"caption":"Foot d'avant"},"image":{"@id":"https:\/\/footdavant.fr\/actualites\/#\/schema\/logo\/image\/"},"sameAs":["https:\/\/www.facebook.com\/Footdavant\/","https:\/\/twitter.com\/FootdavantFr","https:\/\/www.instagram.com\/footdavant.fr\/"]},{"@type":"Person","@id":"https:\/\/footdavant.fr\/actualites\/#\/schema\/person\/bc222566d95871b37e597b3ed3ba5e1d","name":"Cl\u00e9ment","image":{"@type":"ImageObject","inLanguage":"fr-FR","@id":"https:\/\/footdavant.fr\/actualites\/#\/schema\/person\/image\/","url":"https:\/\/secure.gravatar.com\/avatar\/7728b29aac2719421e1a9159b2254c44?s=96&d=mm&r=g","contentUrl":"https:\/\/secure.gravatar.com\/avatar\/7728b29aac2719421e1a9159b2254c44?s=96&d=mm&r=g","caption":"Cl\u00e9ment"},"sameAs":["https:\/\/footdavant.fr\/"]}]}},"_links":{"self":[{"href":"https:\/\/footdavant.fr\/actualites\/wp-json\/wp\/v2\/posts\/29453"}],"collection":[{"href":"https:\/\/footdavant.fr\/actualites\/wp-json\/wp\/v2\/posts"}],"about":[{"href":"https:\/\/footdavant.fr\/actualites\/wp-json\/wp\/v2\/types\/post"}],"author":[{"embeddable":true,"href":"https:\/\/footdavant.fr\/actualites\/wp-json\/wp\/v2\/users\/1"}],"replies":[{"embeddable":true,"href":"https:\/\/footdavant.fr\/actualites\/wp-json\/wp\/v2\/comments?post=29453"}],"version-history":[{"count":1,"href":"https:\/\/footdavant.fr\/actualites\/wp-json\/wp\/v2\/posts\/29453\/revisions"}],"predecessor-version":[{"id":29454,"href":"https:\/\/footdavant.fr\/actualites\/wp-json\/wp\/v2\/posts\/29453\/revisions\/29454"}],"wp:featuredmedia":[{"embeddable":true,"href":"https:\/\/footdavant.fr\/actualites\/wp-json\/wp\/v2\/media\/29236"}],"wp:attachment":[{"href":"https:\/\/footdavant.fr\/actualites\/wp-json\/wp\/v2\/media?parent=29453"}],"wp:term":[{"taxonomy":"category","embeddable":true,"href":"https:\/\/footdavant.fr\/actualites\/wp-json\/wp\/v2\/categories?post=29453"},{"taxonomy":"post_tag","embeddable":true,"href":"https:\/\/footdavant.fr\/actualites\/wp-json\/wp\/v2\/tags?post=29453"}],"curies":[{"name":"wp","href":"https:\/\/api.w.org\/{rel}","templated":true}]}}